{"id":5728,"date":"2014-12-28T11:40:46","date_gmt":"2014-12-28T10:40:46","guid":{"rendered":"https:\/\/blog.myvideomedia.com\/?p=5728"},"modified":"2020-06-13T08:46:42","modified_gmt":"2020-06-13T07:46:42","slug":"apollontempel-bassae","status":"publish","type":"post","link":"https:\/\/blog.myvideomedia.com\/de\/apollontempel-bassae\/","title":{"rendered":"Apollontempel \u2013 Bassae"},"content":{"rendered":"\n<p>Der Apollontempel bei Bassae liegt in 1.130 m H\u00f6he und ist \u00fcber gebirgige Stra\u00dfen zu erreichen. Der ca. 430 v. Chr. erbaute Apollontempel wurde zum Dank an Apollon Epikourios errichtet, der die Einwohner des Ortes w\u00e4hrend des Peloponnesischen Krieges angeblich mit einer Heilpflanze vor der Pest bewahrte.<\/p>\n\n\n\n<h3 class=\"has-text-align-center wp-block-heading\"><a href=\"https:\/\/youtu.be\/4M28KDUuW9g\" target=\"_blank\" rel=\"noopener nofollow noreferrer\">Hier sehen Sie das zugeh\u00f6rige Video<\/a><\/h3>\n\n\n\n<figure> <div class=\"brlbs-cmpnt-container brlbs-cmpnt-content-blocker brlbs-cmpnt-with-individual-styles\" data-borlabs-cookie-content-blocker-id=\"youtube-content-blocker\" data-borlabs-cookie-content=\"PGlmcmFtZSBzcmM9Ii8vd3d3LnlvdXR1YmUtbm9jb29raWUuY29tL2VtYmVkLzRNMjhLRFV1VzlnIiB3aWR0aD0iNTYwIiBoZWlnaHQ9IjMxNSI+PC9pZnJhbWU+\"><div class=\"brlbs-cmpnt-cb-preset-c brlbs-cmpnt-cb-youtube\"> <div class=\"brlbs-cmpnt-cb-thumbnail\" style=\"background-image: url('https:\/\/blog.myvideomedia.com\/wp-content\/uploads\/borlabs-cookie\/1\/yt_4M28KDUuW9g_hqdefault.jpg')\"><\/div> <div class=\"brlbs-cmpnt-cb-main\"> <div class=\"brlbs-cmpnt-cb-play-button\"><\/div> <div class=\"brlbs-cmpnt-cb-content\"> <p class=\"brlbs-cmpnt-cb-description\">Sie sehen gerade einen Platzhalterinhalt von <strong>YouTube<\/strong>. Um auf den eigentlichen Inhalt zuzugreifen, klicken Sie auf die Schaltfl\u00e4che unten. Bitte beachten Sie, dass dabei Daten an Drittanbieter weitergegeben werden.<\/p> <a class=\"brlbs-cmpnt-cb-provider-toggle\" href=\"#\" data-borlabs-cookie-show-provider-information role=\"button\">Mehr Informationen<\/a> <\/div> <div class=\"brlbs-cmpnt-cb-buttons\"> <a class=\"brlbs-cmpnt-cb-btn\" href=\"#\" data-borlabs-cookie-unblock role=\"button\">Inhalt entsperren<\/a> <a class=\"brlbs-cmpnt-cb-btn\" href=\"#\" data-borlabs-cookie-accept-service role=\"button\" style=\"display: inherit\">Erforderlichen Service akzeptieren und Inhalte entsperren<\/a> <\/div> <\/div> <\/div><\/div><\/figure>\n\n\n\n<p>Unsere H\u00fcndin findet eine Katze allerdings interessanter.<\/p>\n\n\n\n<figure class=\"wp-block-image size-large\"><img loading=\"lazy\" decoding=\"async\" width=\"1024\" height=\"576\" src=\"https:\/\/blog.myvideomedia.com\/wp-content\/uploads\/2014\/07\/bassae_dog_1-1024x576.jpg\" alt=\"ApollonTempel Bassae\" class=\"wp-image-4688\" srcset=\"https:\/\/blog.myvideomedia.com\/wp-content\/uploads\/2014\/07\/bassae_dog_1-1024x576.jpg 1024w, https:\/\/blog.myvideomedia.com\/wp-content\/uploads\/2014\/07\/bassae_dog_1-300x168.jpg 300w, https:\/\/blog.myvideomedia.com\/wp-content\/uploads\/2014\/07\/bassae_dog_1-600x337.jpg 600w, https:\/\/blog.myvideomedia.com\/wp-content\/uploads\/2014\/07\/bassae_dog_1.jpg 1080w\" sizes=\"auto, (max-width: 1024px) 100vw, 1024px\" \/><\/figure>\n\n\n\n<p>Der Tempel war vollst\u00e4ndig eingest\u00fcrzt und wurde von Arch\u00e4ologen wieder aufgerichtet. Seit 1989 befindet er sich unter einer Zeltkonstruktion, die nach Abschluss der Renovierungsarbeiten aber wieder entfernt werden soll.<\/p>\n\n\n\n<div class=\"wp-block-image\"><figure class=\"aligncenter size-large\"><img loading=\"lazy\" decoding=\"async\" width=\"1260\" height=\"840\" src=\"https:\/\/blog.myvideomedia.com\/wp-content\/uploads\/2020\/06\/Bassae_3596.jpg\" alt=\"Temple of Apollo - Bassae\" class=\"wp-image-26527\" srcset=\"https:\/\/blog.myvideomedia.com\/wp-content\/uploads\/2020\/06\/Bassae_3596.jpg 1260w, https:\/\/blog.myvideomedia.com\/wp-content\/uploads\/2020\/06\/Bassae_3596-600x400.jpg 600w, https:\/\/blog.myvideomedia.com\/wp-content\/uploads\/2020\/06\/Bassae_3596-768x512.jpg 768w\" sizes=\"auto, (max-width: 1260px) 100vw, 1260px\" \/><\/figure><\/div>\n\n\n\n<p>Er vereinigt die drei griechischen Stilelemente \u2013 dorisch, ionisch und korinthisch in sich. Er ist der zweitbeste erhaltenen Tempel des griechischen Mutterlandes und wegen seiner Steine auch einer der sch\u00f6nsten. Ungew\u00f6hnlich ist seine Lage in Nord \u2013 S\u00fcd Richtung.<\/p>\n\n\n\n<div class=\"wp-block-image\"><figure class=\"aligncenter\"><img loading=\"lazy\" decoding=\"async\" width=\"1024\" height=\"682\" src=\"https:\/\/blog.myvideomedia.com\/wp-content\/uploads\/2014\/07\/bassae_3597-1024x682.jpg\" alt=\"Apollontempel Bassae\" class=\"wp-image-3044\" srcset=\"https:\/\/blog.myvideomedia.com\/wp-content\/uploads\/2014\/07\/bassae_3597-1024x682.jpg 1024w, https:\/\/blog.myvideomedia.com\/wp-content\/uploads\/2014\/07\/bassae_3597-300x200.jpg 300w, https:\/\/blog.myvideomedia.com\/wp-content\/uploads\/2014\/07\/bassae_3597-600x400.jpg 600w, https:\/\/blog.myvideomedia.com\/wp-content\/uploads\/2014\/07\/bassae_3597.jpg 1080w\" sizes=\"auto, (max-width: 1024px) 100vw, 1024px\" \/><\/figure><\/div>\n\n\n\n<p>Von der angrenzenden Siedlung sind nur noch Fragmente vorhanden.<\/p>\n\n\n\n<div class=\"wp-block-image\"><figure class=\"aligncenter\"><img loading=\"lazy\" decoding=\"async\" width=\"1024\" height=\"682\" src=\"https:\/\/blog.myvideomedia.com\/wp-content\/uploads\/2014\/07\/Bassae_3603-1024x682.jpg\" alt=\"Reste der Siedlung in Bassae\" class=\"wp-image-3045\" srcset=\"https:\/\/blog.myvideomedia.com\/wp-content\/uploads\/2014\/07\/Bassae_3603-1024x682.jpg 1024w, https:\/\/blog.myvideomedia.com\/wp-content\/uploads\/2014\/07\/Bassae_3603-300x200.jpg 300w, https:\/\/blog.myvideomedia.com\/wp-content\/uploads\/2014\/07\/Bassae_3603-600x400.jpg 600w, https:\/\/blog.myvideomedia.com\/wp-content\/uploads\/2014\/07\/Bassae_3603.jpg 1080w\" sizes=\"auto, (max-width: 1024px) 100vw, 1024px\" \/><\/figure><\/div>\n\n\n\n<p>Seit 1986 z\u00e4hlt der Apollontempel bei Bassae zum UNESCO Weltkulturerbe.<\/p>\n\n\n\n<p>Bitte lesen Sie weiter &gt; <a href=\"https:\/\/blog.myvideomedia.com\/de\/nemea-platees-dervenakia\/\">Nemea und die Ebene von Dervenakia<\/a><\/p>\n\n\n\n<p>Text, Fotos und Video: Copyright \u00a9 <a title=\"myVideoMedia Homepage\" href=\"https:\/\/www.myvideomedia.com\/de\" target=\"_blank\" rel=\"noopener noreferrer\">myVideoMedia<\/a><\/p>\n","protected":false},"excerpt":{"rendered":"<p>Der Apollontempel bei Bassae liegt in 1.130 m H\u00f6he und ist \u00fcber gebirgige Stra\u00dfen zu erreichen. Der ca. 430 v. Chr. erbaute Apollontempel wurde zum Dank an Apollon Epikourios errichtet, der die Einwohner des Ortes w\u00e4hrend des Peloponnesischen Krieges angeblich mit einer Heilpflanze vor der Pest bewahrte. Hier sehen Sie das zugeh\u00f6rige Video Sie sehen [&hellip;]<\/p>\n","protected":false},"author":1,"featured_media":26527,"comment_status":"open","ping_status":"closed","sticky":false,"template":"","format":"standard","meta":{"_genesis_hide_title":false,"_genesis_hide_breadcrumbs":false,"_genesis_hide_singular_image":false,"_genesis_hide_footer_widgets":false,"_genesis_custom_body_class":"","_genesis_custom_post_class":"","_genesis_layout":"","footnotes":""},"categories":[1550,506,515],"tags":[446,476],"class_list":{"0":"post-5728","1":"post","2":"type-post","3":"status-publish","4":"format-standard","5":"has-post-thumbnail","7":"category-europa","8":"category-griechenland","9":"category-peloponnes","10":"tag-archaeologie","11":"tag-unesco-weltkulturerbe","12":"entry"},"yoast_head":"<!-- This site is optimized with the Yoast SEO plugin v27.4 - https:\/\/yoast.com\/product\/yoast-seo-wordpress\/ -->\n<title>Apollontempel \u2013 Bassae - Peloponnes - Reise Video Blog<\/title>\n<meta name=\"description\" content=\"Der Apollontempel bei Bassae liegt in 1.130 m H\u00f6he und ist \u00fcber gebirgige Stra\u00dfen zu erreichen. Seit 1986 z\u00e4hlt er zum UNESCO Weltkulturerbe.\" \/>\n<meta name=\"robots\" content=\"index, follow, max-snippet:-1, max-image-preview:large, max-video-preview:-1\" \/>\n<link rel=\"canonical\" href=\"https:\/\/blog.myvideomedia.com\/de\/apollontempel-bassae\/\" \/>\n<meta property=\"og:locale\" content=\"de_DE\" \/>\n<meta property=\"og:type\" content=\"article\" \/>\n<meta property=\"og:title\" content=\"Apollontempel \u2013 Bassae - Peloponnes - Reise Video Blog\" \/>\n<meta property=\"og:description\" content=\"Der Apollontempel bei Bassae liegt in 1.130 m H\u00f6he und ist \u00fcber gebirgige Stra\u00dfen zu erreichen. Seit 1986 z\u00e4hlt er zum UNESCO Weltkulturerbe.\" \/>\n<meta property=\"og:url\" content=\"https:\/\/blog.myvideomedia.com\/de\/apollontempel-bassae\/\" \/>\n<meta property=\"og:site_name\" content=\"Reise Video Blog\" \/>\n<meta property=\"article:publisher\" content=\"https:\/\/www.facebook.com\/ursula.streit.520\" \/>\n<meta property=\"article:author\" content=\"https:\/\/www.facebook.com\/ursula.streit.520\" \/>\n<meta property=\"article:published_time\" content=\"2014-12-28T10:40:46+00:00\" \/>\n<meta property=\"article:modified_time\" content=\"2020-06-13T07:46:42+00:00\" \/>\n<meta property=\"og:image\" content=\"https:\/\/blog.myvideomedia.com\/wp-content\/uploads\/2020\/06\/Bassae_3596.jpg\" \/>\n\t<meta property=\"og:image:width\" content=\"1260\" \/>\n\t<meta property=\"og:image:height\" content=\"840\" \/>\n\t<meta property=\"og:image:type\" content=\"image\/jpeg\" \/>\n<meta name=\"author\" content=\"myVideoMedia\" \/>\n<meta name=\"twitter:card\" content=\"summary_large_image\" \/>\n<meta name=\"twitter:creator\" content=\"@myvideomedia\" \/>\n<meta name=\"twitter:site\" content=\"@myvideomedia\" \/>\n<meta name=\"twitter:label1\" content=\"Verfasst von\" \/>\n\t<meta name=\"twitter:data1\" content=\"myVideoMedia\" \/>\n\t<meta name=\"twitter:label2\" content=\"Gesch\u00e4tzte Lesezeit\" \/>\n\t<meta name=\"twitter:data2\" content=\"1\u00a0Minute\" \/>\n<script type=\"application\/ld+json\" class=\"yoast-schema-graph\">{\"@context\":\"https:\\\/\\\/schema.org\",\"@graph\":[{\"@type\":\"Article\",\"@id\":\"https:\\\/\\\/blog.myvideomedia.com\\\/de\\\/apollontempel-bassae\\\/#article\",\"isPartOf\":{\"@id\":\"https:\\\/\\\/blog.myvideomedia.com\\\/de\\\/apollontempel-bassae\\\/\"},\"author\":{\"name\":\"myVideoMedia\",\"@id\":\"https:\\\/\\\/blog.myvideomedia.com\\\/de\\\/#\\\/schema\\\/person\\\/87be8fbbed69b1562242448c1c3dcbec\"},\"headline\":\"Apollontempel \u2013 Bassae\",\"datePublished\":\"2014-12-28T10:40:46+00:00\",\"dateModified\":\"2020-06-13T07:46:42+00:00\",\"mainEntityOfPage\":{\"@id\":\"https:\\\/\\\/blog.myvideomedia.com\\\/de\\\/apollontempel-bassae\\\/\"},\"wordCount\":172,\"commentCount\":0,\"publisher\":{\"@id\":\"https:\\\/\\\/blog.myvideomedia.com\\\/de\\\/#\\\/schema\\\/person\\\/87be8fbbed69b1562242448c1c3dcbec\"},\"image\":{\"@id\":\"https:\\\/\\\/blog.myvideomedia.com\\\/de\\\/apollontempel-bassae\\\/#primaryimage\"},\"thumbnailUrl\":\"https:\\\/\\\/blog.myvideomedia.com\\\/wp-content\\\/uploads\\\/2020\\\/06\\\/Bassae_3596.jpg\",\"keywords\":[\"Arch\u00e4ologie\",\"UNESCO Weltkulturerbe\"],\"articleSection\":[\"Europa\",\"Griechenland\",\"Peloponnes\"],\"inLanguage\":\"de\",\"potentialAction\":[{\"@type\":\"CommentAction\",\"name\":\"Comment\",\"target\":[\"https:\\\/\\\/blog.myvideomedia.com\\\/de\\\/apollontempel-bassae\\\/#respond\"]}]},{\"@type\":\"WebPage\",\"@id\":\"https:\\\/\\\/blog.myvideomedia.com\\\/de\\\/apollontempel-bassae\\\/\",\"url\":\"https:\\\/\\\/blog.myvideomedia.com\\\/de\\\/apollontempel-bassae\\\/\",\"name\":\"Apollontempel \u2013 Bassae - Peloponnes - Reise Video Blog\",\"isPartOf\":{\"@id\":\"https:\\\/\\\/blog.myvideomedia.com\\\/de\\\/#website\"},\"primaryImageOfPage\":{\"@id\":\"https:\\\/\\\/blog.myvideomedia.com\\\/de\\\/apollontempel-bassae\\\/#primaryimage\"},\"image\":{\"@id\":\"https:\\\/\\\/blog.myvideomedia.com\\\/de\\\/apollontempel-bassae\\\/#primaryimage\"},\"thumbnailUrl\":\"https:\\\/\\\/blog.myvideomedia.com\\\/wp-content\\\/uploads\\\/2020\\\/06\\\/Bassae_3596.jpg\",\"datePublished\":\"2014-12-28T10:40:46+00:00\",\"dateModified\":\"2020-06-13T07:46:42+00:00\",\"description\":\"Der Apollontempel bei Bassae liegt in 1.130 m H\u00f6he und ist \u00fcber gebirgige Stra\u00dfen zu erreichen. Seit 1986 z\u00e4hlt er zum UNESCO Weltkulturerbe.\",\"breadcrumb\":{\"@id\":\"https:\\\/\\\/blog.myvideomedia.com\\\/de\\\/apollontempel-bassae\\\/#breadcrumb\"},\"inLanguage\":\"de\",\"potentialAction\":[{\"@type\":\"ReadAction\",\"target\":[\"https:\\\/\\\/blog.myvideomedia.com\\\/de\\\/apollontempel-bassae\\\/\"]}]},{\"@type\":\"ImageObject\",\"inLanguage\":\"de\",\"@id\":\"https:\\\/\\\/blog.myvideomedia.com\\\/de\\\/apollontempel-bassae\\\/#primaryimage\",\"url\":\"https:\\\/\\\/blog.myvideomedia.com\\\/wp-content\\\/uploads\\\/2020\\\/06\\\/Bassae_3596.jpg\",\"contentUrl\":\"https:\\\/\\\/blog.myvideomedia.com\\\/wp-content\\\/uploads\\\/2020\\\/06\\\/Bassae_3596.jpg\",\"width\":1260,\"height\":840,\"caption\":\"Temple of Apollo - Bassae\"},{\"@type\":\"BreadcrumbList\",\"@id\":\"https:\\\/\\\/blog.myvideomedia.com\\\/de\\\/apollontempel-bassae\\\/#breadcrumb\",\"itemListElement\":[{\"@type\":\"ListItem\",\"position\":1,\"name\":\"Home\",\"item\":\"https:\\\/\\\/blog.myvideomedia.com\\\/de\\\/\"},{\"@type\":\"ListItem\",\"position\":2,\"name\":\"Apollontempel \u2013 Bassae\"}]},{\"@type\":\"WebSite\",\"@id\":\"https:\\\/\\\/blog.myvideomedia.com\\\/de\\\/#website\",\"url\":\"https:\\\/\\\/blog.myvideomedia.com\\\/de\\\/\",\"name\":\"Travel Video Blog\",\"description\":\"myVideoMedia Reisetipps und Reisevideos\",\"publisher\":{\"@id\":\"https:\\\/\\\/blog.myvideomedia.com\\\/de\\\/#\\\/schema\\\/person\\\/87be8fbbed69b1562242448c1c3dcbec\"},\"potentialAction\":[{\"@type\":\"SearchAction\",\"target\":{\"@type\":\"EntryPoint\",\"urlTemplate\":\"https:\\\/\\\/blog.myvideomedia.com\\\/de\\\/?s={search_term_string}\"},\"query-input\":{\"@type\":\"PropertyValueSpecification\",\"valueRequired\":true,\"valueName\":\"search_term_string\"}}],\"inLanguage\":\"de\"},{\"@type\":[\"Person\",\"Organization\"],\"@id\":\"https:\\\/\\\/blog.myvideomedia.com\\\/de\\\/#\\\/schema\\\/person\\\/87be8fbbed69b1562242448c1c3dcbec\",\"name\":\"myVideoMedia\",\"image\":{\"@type\":\"ImageObject\",\"inLanguage\":\"de\",\"@id\":\"https:\\\/\\\/secure.gravatar.com\\\/avatar\\\/460720160715ef8975b781abd1b6985e55ce2f01567bb6757bebd73e7cf74c97?s=96&d=mm&r=g\",\"url\":\"https:\\\/\\\/secure.gravatar.com\\\/avatar\\\/460720160715ef8975b781abd1b6985e55ce2f01567bb6757bebd73e7cf74c97?s=96&d=mm&r=g\",\"contentUrl\":\"https:\\\/\\\/secure.gravatar.com\\\/avatar\\\/460720160715ef8975b781abd1b6985e55ce2f01567bb6757bebd73e7cf74c97?s=96&d=mm&r=g\",\"caption\":\"myVideoMedia\"},\"logo\":{\"@id\":\"https:\\\/\\\/secure.gravatar.com\\\/avatar\\\/460720160715ef8975b781abd1b6985e55ce2f01567bb6757bebd73e7cf74c97?s=96&d=mm&r=g\"},\"description\":\"\\\"The World is a book, and those who do not travel read only a page\\\" - Aurelius Augustinus (354 - 430 AD) Travel is our passion. With our posts and videos we like to inspire people who are planning or preparing for holidays as well as people who simply want to escape from everyday life and dream of faraway countries.\",\"sameAs\":[\"https:\\\/\\\/www.myvideomedia.com\",\"https:\\\/\\\/www.facebook.com\\\/ursula.streit.520\"],\"url\":\"https:\\\/\\\/blog.myvideomedia.com\\\/de\\\/author\\\/traveladm\\\/\"}]}<\/script>\n<!-- \/ Yoast SEO plugin. -->","yoast_head_json":{"title":"Apollontempel \u2013 Bassae - Peloponnes - Reise Video Blog","description":"Der Apollontempel bei Bassae liegt in 1.130 m H\u00f6he und ist \u00fcber gebirgige Stra\u00dfen zu erreichen. Seit 1986 z\u00e4hlt er zum UNESCO Weltkulturerbe.","robots":{"index":"index","follow":"follow","max-snippet":"max-snippet:-1","max-image-preview":"max-image-preview:large","max-video-preview":"max-video-preview:-1"},"canonical":"https:\/\/blog.myvideomedia.com\/de\/apollontempel-bassae\/","og_locale":"de_DE","og_type":"article","og_title":"Apollontempel \u2013 Bassae - Peloponnes - Reise Video Blog","og_description":"Der Apollontempel bei Bassae liegt in 1.130 m H\u00f6he und ist \u00fcber gebirgige Stra\u00dfen zu erreichen. Seit 1986 z\u00e4hlt er zum UNESCO Weltkulturerbe.","og_url":"https:\/\/blog.myvideomedia.com\/de\/apollontempel-bassae\/","og_site_name":"Reise Video Blog","article_publisher":"https:\/\/www.facebook.com\/ursula.streit.520","article_author":"https:\/\/www.facebook.com\/ursula.streit.520","article_published_time":"2014-12-28T10:40:46+00:00","article_modified_time":"2020-06-13T07:46:42+00:00","og_image":[{"width":1260,"height":840,"url":"https:\/\/blog.myvideomedia.com\/wp-content\/uploads\/2020\/06\/Bassae_3596.jpg","type":"image\/jpeg"}],"author":"myVideoMedia","twitter_card":"summary_large_image","twitter_creator":"@myvideomedia","twitter_site":"@myvideomedia","twitter_misc":{"Verfasst von":"myVideoMedia","Gesch\u00e4tzte Lesezeit":"1\u00a0Minute"},"schema":{"@context":"https:\/\/schema.org","@graph":[{"@type":"Article","@id":"https:\/\/blog.myvideomedia.com\/de\/apollontempel-bassae\/#article","isPartOf":{"@id":"https:\/\/blog.myvideomedia.com\/de\/apollontempel-bassae\/"},"author":{"name":"myVideoMedia","@id":"https:\/\/blog.myvideomedia.com\/de\/#\/schema\/person\/87be8fbbed69b1562242448c1c3dcbec"},"headline":"Apollontempel \u2013 Bassae","datePublished":"2014-12-28T10:40:46+00:00","dateModified":"2020-06-13T07:46:42+00:00","mainEntityOfPage":{"@id":"https:\/\/blog.myvideomedia.com\/de\/apollontempel-bassae\/"},"wordCount":172,"commentCount":0,"publisher":{"@id":"https:\/\/blog.myvideomedia.com\/de\/#\/schema\/person\/87be8fbbed69b1562242448c1c3dcbec"},"image":{"@id":"https:\/\/blog.myvideomedia.com\/de\/apollontempel-bassae\/#primaryimage"},"thumbnailUrl":"https:\/\/blog.myvideomedia.com\/wp-content\/uploads\/2020\/06\/Bassae_3596.jpg","keywords":["Arch\u00e4ologie","UNESCO Weltkulturerbe"],"articleSection":["Europa","Griechenland","Peloponnes"],"inLanguage":"de","potentialAction":[{"@type":"CommentAction","name":"Comment","target":["https:\/\/blog.myvideomedia.com\/de\/apollontempel-bassae\/#respond"]}]},{"@type":"WebPage","@id":"https:\/\/blog.myvideomedia.com\/de\/apollontempel-bassae\/","url":"https:\/\/blog.myvideomedia.com\/de\/apollontempel-bassae\/","name":"Apollontempel \u2013 Bassae - Peloponnes - Reise Video Blog","isPartOf":{"@id":"https:\/\/blog.myvideomedia.com\/de\/#website"},"primaryImageOfPage":{"@id":"https:\/\/blog.myvideomedia.com\/de\/apollontempel-bassae\/#primaryimage"},"image":{"@id":"https:\/\/blog.myvideomedia.com\/de\/apollontempel-bassae\/#primaryimage"},"thumbnailUrl":"https:\/\/blog.myvideomedia.com\/wp-content\/uploads\/2020\/06\/Bassae_3596.jpg","datePublished":"2014-12-28T10:40:46+00:00","dateModified":"2020-06-13T07:46:42+00:00","description":"Der Apollontempel bei Bassae liegt in 1.130 m H\u00f6he und ist \u00fcber gebirgige Stra\u00dfen zu erreichen. Seit 1986 z\u00e4hlt er zum UNESCO Weltkulturerbe.","breadcrumb":{"@id":"https:\/\/blog.myvideomedia.com\/de\/apollontempel-bassae\/#breadcrumb"},"inLanguage":"de","potentialAction":[{"@type":"ReadAction","target":["https:\/\/blog.myvideomedia.com\/de\/apollontempel-bassae\/"]}]},{"@type":"ImageObject","inLanguage":"de","@id":"https:\/\/blog.myvideomedia.com\/de\/apollontempel-bassae\/#primaryimage","url":"https:\/\/blog.myvideomedia.com\/wp-content\/uploads\/2020\/06\/Bassae_3596.jpg","contentUrl":"https:\/\/blog.myvideomedia.com\/wp-content\/uploads\/2020\/06\/Bassae_3596.jpg","width":1260,"height":840,"caption":"Temple of Apollo - Bassae"},{"@type":"BreadcrumbList","@id":"https:\/\/blog.myvideomedia.com\/de\/apollontempel-bassae\/#breadcrumb","itemListElement":[{"@type":"ListItem","position":1,"name":"Home","item":"https:\/\/blog.myvideomedia.com\/de\/"},{"@type":"ListItem","position":2,"name":"Apollontempel \u2013 Bassae"}]},{"@type":"WebSite","@id":"https:\/\/blog.myvideomedia.com\/de\/#website","url":"https:\/\/blog.myvideomedia.com\/de\/","name":"Travel Video Blog","description":"myVideoMedia Reisetipps und Reisevideos","publisher":{"@id":"https:\/\/blog.myvideomedia.com\/de\/#\/schema\/person\/87be8fbbed69b1562242448c1c3dcbec"},"potentialAction":[{"@type":"SearchAction","target":{"@type":"EntryPoint","urlTemplate":"https:\/\/blog.myvideomedia.com\/de\/?s={search_term_string}"},"query-input":{"@type":"PropertyValueSpecification","valueRequired":true,"valueName":"search_term_string"}}],"inLanguage":"de"},{"@type":["Person","Organization"],"@id":"https:\/\/blog.myvideomedia.com\/de\/#\/schema\/person\/87be8fbbed69b1562242448c1c3dcbec","name":"myVideoMedia","image":{"@type":"ImageObject","inLanguage":"de","@id":"https:\/\/secure.gravatar.com\/avatar\/460720160715ef8975b781abd1b6985e55ce2f01567bb6757bebd73e7cf74c97?s=96&d=mm&r=g","url":"https:\/\/secure.gravatar.com\/avatar\/460720160715ef8975b781abd1b6985e55ce2f01567bb6757bebd73e7cf74c97?s=96&d=mm&r=g","contentUrl":"https:\/\/secure.gravatar.com\/avatar\/460720160715ef8975b781abd1b6985e55ce2f01567bb6757bebd73e7cf74c97?s=96&d=mm&r=g","caption":"myVideoMedia"},"logo":{"@id":"https:\/\/secure.gravatar.com\/avatar\/460720160715ef8975b781abd1b6985e55ce2f01567bb6757bebd73e7cf74c97?s=96&d=mm&r=g"},"description":"\"The World is a book, and those who do not travel read only a page\" - Aurelius Augustinus (354 - 430 AD) Travel is our passion. With our posts and videos we like to inspire people who are planning or preparing for holidays as well as people who simply want to escape from everyday life and dream of faraway countries.","sameAs":["https:\/\/www.myvideomedia.com","https:\/\/www.facebook.com\/ursula.streit.520"],"url":"https:\/\/blog.myvideomedia.com\/de\/author\/traveladm\/"}]}},"featured_image_src":"https:\/\/blog.myvideomedia.com\/wp-content\/uploads\/2020\/06\/Bassae_3596.jpg","featured_image_src_square":"https:\/\/blog.myvideomedia.com\/wp-content\/uploads\/2020\/06\/Bassae_3596.jpg","author_info":{"display_name":"myVideoMedia","author_link":"https:\/\/blog.myvideomedia.com\/de\/author\/traveladm\/"},"_links":{"self":[{"href":"https:\/\/blog.myvideomedia.com\/de\/wp-json\/wp\/v2\/posts\/5728","targetHints":{"allow":["GET"]}}],"collection":[{"href":"https:\/\/blog.myvideomedia.com\/de\/wp-json\/wp\/v2\/posts"}],"about":[{"href":"https:\/\/blog.myvideomedia.com\/de\/wp-json\/wp\/v2\/types\/post"}],"author":[{"embeddable":true,"href":"https:\/\/blog.myvideomedia.com\/de\/wp-json\/wp\/v2\/users\/1"}],"replies":[{"embeddable":true,"href":"https:\/\/blog.myvideomedia.com\/de\/wp-json\/wp\/v2\/comments?post=5728"}],"version-history":[{"count":0,"href":"https:\/\/blog.myvideomedia.com\/de\/wp-json\/wp\/v2\/posts\/5728\/revisions"}],"wp:featuredmedia":[{"embeddable":true,"href":"https:\/\/blog.myvideomedia.com\/de\/wp-json\/wp\/v2\/media\/26527"}],"wp:attachment":[{"href":"https:\/\/blog.myvideomedia.com\/de\/wp-json\/wp\/v2\/media?parent=5728"}],"wp:term":[{"taxonomy":"category","embeddable":true,"href":"https:\/\/blog.myvideomedia.com\/de\/wp-json\/wp\/v2\/categories?post=5728"},{"taxonomy":"post_tag","embeddable":true,"href":"https:\/\/blog.myvideomedia.com\/de\/wp-json\/wp\/v2\/tags?post=5728"}],"curies":[{"name":"wp","href":"https:\/\/api.w.org\/{rel}","templated":true}]}}