{"id":5762,"date":"2014-12-29T09:10:35","date_gmt":"2014-12-29T08:10:35","guid":{"rendered":"https:\/\/blog.myvideomedia.com\/?p=5762"},"modified":"2020-05-04T09:08:21","modified_gmt":"2020-05-04T08:08:21","slug":"amsterdam-impressionen","status":"publish","type":"post","link":"https:\/\/blog.myvideomedia.com\/de\/amsterdam-impressionen\/","title":{"rendered":"Amsterdam &#8211; Impressionen"},"content":{"rendered":"\n<p>Ausgehend vom Kaashuis in der Fu\u00dfg\u00e4ngerzone Nieuwendijk in Amsterdam, Niederlande, sammelten wir am Vortag des <a href=\"https:\/\/blog.myvideomedia.com\/de\/thronwechsel-amsterdam\/\">Koninginnedag<\/a> neue Impressionen in dieser wundersch\u00f6nen Stadt.<\/p>\n\n\n\n<div class=\"wp-block-image\"><figure class=\"aligncenter size-full\"><a href=\"https:\/\/blog.myvideomedia.com\/wp-content\/uploads\/2013\/05\/Amsterdam_i_Kaashuis.jpg\"><img loading=\"lazy\" decoding=\"async\" width=\"600\" height=\"800\" src=\"https:\/\/blog.myvideomedia.com\/wp-content\/uploads\/2013\/05\/Amsterdam_i_Kaashuis.jpg\" alt=\"Amsterdam_i_Kaashuis\" class=\"wp-image-4150\" srcset=\"https:\/\/blog.myvideomedia.com\/wp-content\/uploads\/2013\/05\/Amsterdam_i_Kaashuis.jpg 600w, https:\/\/blog.myvideomedia.com\/wp-content\/uploads\/2013\/05\/Amsterdam_i_Kaashuis-225x300.jpg 225w\" sizes=\"auto, (max-width: 600px) 100vw, 600px\" \/><\/a><\/figure><\/div>\n\n\n\n<p> Amsterdams Stadtbild wird dominiert von den vielen Grachten. Seit 2010 ist der Grachtenring auf der Liste der UNESCO-Weltkulturerbe.<\/p>\n\n\n\n<h3 class=\"wp-block-heading\"><a href=\"https:\/\/youtu.be\/Uz6UrYY2rjc\" target=\"_blank\" rel=\"noopener nofollow noreferrer\">Hier sehen Sie das zugeh\u00f6rige Video<\/a><\/h3>\n\n\n\n<figure> <div class=\"brlbs-cmpnt-container brlbs-cmpnt-content-blocker brlbs-cmpnt-with-individual-styles\" data-borlabs-cookie-content-blocker-id=\"youtube-content-blocker\" data-borlabs-cookie-content=\"PGlmcmFtZSBzcmM9Ii8vd3d3LnlvdXR1YmUtbm9jb29raWUuY29tL2VtYmVkL1V6NlVyWVkycmpjIiB3aWR0aD0iNjAwIiBoZWlnaHQ9IjMzOCI+PC9pZnJhbWU+\"><div class=\"brlbs-cmpnt-cb-preset-c brlbs-cmpnt-cb-youtube\"> <div class=\"brlbs-cmpnt-cb-thumbnail\" style=\"background-image: url('https:\/\/blog.myvideomedia.com\/wp-content\/uploads\/borlabs-cookie\/1\/yt_Uz6UrYY2rjc_hqdefault.jpg')\"><\/div> <div class=\"brlbs-cmpnt-cb-main\"> <div class=\"brlbs-cmpnt-cb-play-button\"><\/div> <div class=\"brlbs-cmpnt-cb-content\"> <p class=\"brlbs-cmpnt-cb-description\">Sie sehen gerade einen Platzhalterinhalt von <strong>YouTube<\/strong>. Um auf den eigentlichen Inhalt zuzugreifen, klicken Sie auf die Schaltfl\u00e4che unten. Bitte beachten Sie, dass dabei Daten an Drittanbieter weitergegeben werden.<\/p> <a class=\"brlbs-cmpnt-cb-provider-toggle\" href=\"#\" data-borlabs-cookie-show-provider-information role=\"button\">Mehr Informationen<\/a> <\/div> <div class=\"brlbs-cmpnt-cb-buttons\"> <a class=\"brlbs-cmpnt-cb-btn\" href=\"#\" data-borlabs-cookie-unblock role=\"button\">Inhalt entsperren<\/a> <a class=\"brlbs-cmpnt-cb-btn\" href=\"#\" data-borlabs-cookie-accept-service role=\"button\" style=\"display: inherit\">Erforderlichen Service akzeptieren und Inhalte entsperren<\/a> <\/div> <\/div> <\/div><\/div><\/figure>\n\n\n\n<div class=\"wp-block-image\"><figure class=\"aligncenter size-large\"><a href=\"https:\/\/blog.myvideomedia.com\/wp-content\/uploads\/2013\/05\/amsterdam_i_Anne-Frank-Huis.jpg\"><img loading=\"lazy\" decoding=\"async\" width=\"1260\" height=\"945\" src=\"https:\/\/blog.myvideomedia.com\/wp-content\/uploads\/2020\/04\/Amsterdam_1213.jpg\" alt=\"Amsterdam Impressions\" class=\"wp-image-25988\" srcset=\"https:\/\/blog.myvideomedia.com\/wp-content\/uploads\/2020\/04\/Amsterdam_1213.jpg 1260w, https:\/\/blog.myvideomedia.com\/wp-content\/uploads\/2020\/04\/Amsterdam_1213-600x450.jpg 600w, https:\/\/blog.myvideomedia.com\/wp-content\/uploads\/2020\/04\/Amsterdam_1213-768x576.jpg 768w\" sizes=\"auto, (max-width: 1260px) 100vw, 1260px\" \/><\/a><\/figure><\/div>\n\n\n\n<p>Wir \u00fcberqueren die Singel-, die Heren- und die Keizersgracht und sto\u00dfen auf die Prinsengracht in der sich das Anne Frank Huis befindet. Wir passieren dabei die Blauwburggracht und die Bloemgracht im Jordaanviertel, die als die Sch\u00f6nste gilt.<\/p>\n\n\n\n\n\n<p>Im Nieuwezijds Voorburgwal, einer der ersten Grachten, die zur Stra\u00dfe umfunktioniert wurde und damit heftige B\u00fcrgerproteste ausl\u00f6ste, bewundern wir die herrlichen Fassaden.<\/p>\n\n\n\n<div class=\"wp-block-image\"><figure class=\"aligncenter\"><a href=\"https:\/\/blog.myvideomedia.com\/wp-content\/uploads\/2013\/05\/Amsterdam_i_Begijnhof.jpg\"><img loading=\"lazy\" decoding=\"async\" width=\"800\" height=\"600\" src=\"https:\/\/blog.myvideomedia.com\/wp-content\/uploads\/2013\/05\/Amsterdam_i_Begijnhof.jpg\" alt=\"Amsterdam_i_Begijnhof\" class=\"wp-image-4152\" srcset=\"https:\/\/blog.myvideomedia.com\/wp-content\/uploads\/2013\/05\/Amsterdam_i_Begijnhof.jpg 800w, https:\/\/blog.myvideomedia.com\/wp-content\/uploads\/2013\/05\/Amsterdam_i_Begijnhof-300x225.jpg 300w\" sizes=\"auto, (max-width: 800px) 100vw, 800px\" \/><\/a><\/figure><\/div>\n\n\n\n<p>Vom Spui, einem Platz der nach dem ehemaligen Fluss benannt ist, betritt man den Begijnhof. Die Beginen waren die weiblichen Mitglieder von ordens\u00e4hnlichen Hausgemeinschaften die ein eheloses Leben f\u00fchrten und teilweise von der katholischen Kirche verfolgt wurden.<\/p>\n\n\n\n<div class=\"wp-block-image\"><figure class=\"aligncenter\"><a href=\"https:\/\/blog.myvideomedia.com\/wp-content\/uploads\/2013\/05\/Amsterdam_i_Chinese-Temple.jpg\"><img loading=\"lazy\" decoding=\"async\" width=\"800\" height=\"600\" src=\"https:\/\/blog.myvideomedia.com\/wp-content\/uploads\/2013\/05\/Amsterdam_i_Chinese-Temple.jpg\" alt=\"Amsterdam Chinesischer Tempel\" class=\"wp-image-4153\" srcset=\"https:\/\/blog.myvideomedia.com\/wp-content\/uploads\/2013\/05\/Amsterdam_i_Chinese-Temple.jpg 800w, https:\/\/blog.myvideomedia.com\/wp-content\/uploads\/2013\/05\/Amsterdam_i_Chinese-Temple-300x225.jpg 300w\" sizes=\"auto, (max-width: 800px) 100vw, 800px\" \/><\/a><\/figure><\/div>\n\n\n\n<p>Im und um den Palast am Dam liefen die Vorbereitungen f\u00fcr den am kommenden Tag geplanten Thronwechsel, w\u00e4hrend Jugendliche bereits mit dem Feiern begannen.<br>\n<\/p>\n\n\n\n<p>Am \u00fcbern\u00e4chsten Tag besuchten wir noch kurz das Chinesenviertel, den Red Light District und die Damrak, die Stra\u00dfe die vom Dam zur Centraal Station mit ihrer sehenswerten Eingangshalle, f\u00fchrt.<\/p>\n\n\n\n<p>Das k\u00f6nnte Sie auch interessieren:<\/p>\n\n\n\n<ul class=\"wp-block-list\"><li><a href=\"https:\/\/blog.myvideomedia.com\/de\/amsterdam-grachtentour\/\">Grachtentour in Amsterdam<\/a><\/li><li><a href=\"https:\/\/blog.myvideomedia.com\/de\/innenstadt-amsterdam\/\">Spaziergang durch die Innenstadt von Amsterdam<\/a><\/li><li><a href=\"https:\/\/blog.myvideomedia.com\/de\/amsterdam-kanal-tour\/\">Amsterdam Kanal Tour<\/a><\/li><\/ul>\n\n\n\n<p>Text, Fotos und Video: Coypright \u00a9 <a href=\"https:\/\/www.myvideomedia.de\/\" target=\"_blank\" rel=\"noopener noreferrer\">myVideoMedia<\/a><\/p>\n","protected":false},"excerpt":{"rendered":"<p>Ausgehend vom Kaashuis in der Fu\u00dfg\u00e4ngerzone Nieuwendijk in Amsterdam, Niederlande, sammelten wir am Vortag des Koninginnedag neue Impressionen in dieser wundersch\u00f6nen Stadt. Amsterdams Stadtbild wird dominiert von den vielen Grachten. Seit 2010 ist der Grachtenring auf der Liste der UNESCO-Weltkulturerbe. Hier sehen Sie das zugeh\u00f6rige Video Sie sehen gerade einen Platzhalterinhalt von YouTube. Um auf [&hellip;]<\/p>\n","protected":false},"author":1,"featured_media":25988,"comment_status":"open","ping_status":"closed","sticky":false,"template":"","format":"standard","meta":{"_genesis_hide_title":false,"_genesis_hide_breadcrumbs":false,"_genesis_hide_singular_image":false,"_genesis_hide_footer_widgets":false,"_genesis_custom_body_class":"","_genesis_custom_post_class":"","_genesis_layout":"","footnotes":""},"categories":[524,1550,523],"tags":[447,455,453,476],"class_list":{"0":"post-5762","1":"post","2":"type-post","3":"status-publish","4":"format-standard","5":"has-post-thumbnail","7":"category-amsterdam_d","8":"category-europa","9":"category-niederlande","10":"tag-architektur","11":"tag-kultur","12":"tag-stadt","13":"tag-unesco-weltkulturerbe","14":"entry"},"yoast_head":"<!-- This site is optimized with the Yoast SEO plugin v27.4 - https:\/\/yoast.com\/product\/yoast-seo-wordpress\/ -->\n<title>Amsterdam - Impressionen - Niederlande - Reise Video Blog<\/title>\n<meta name=\"description\" content=\"Ausgehend vom Kaashuis in der Fu\u00dfg\u00e4ngerzone Nieuwendijk in Amsterdam, sammelten wir neue Impressionen dieser wundersch\u00f6nen Stadt.\" \/>\n<meta name=\"robots\" content=\"index, follow, max-snippet:-1, max-image-preview:large, max-video-preview:-1\" \/>\n<link rel=\"canonical\" href=\"https:\/\/blog.myvideomedia.com\/de\/amsterdam-impressionen\/\" \/>\n<meta property=\"og:locale\" content=\"de_DE\" \/>\n<meta property=\"og:type\" content=\"article\" \/>\n<meta property=\"og:title\" content=\"Amsterdam - Impressionen - Niederlande - Reise Video Blog\" \/>\n<meta property=\"og:description\" content=\"Ausgehend vom Kaashuis in der Fu\u00dfg\u00e4ngerzone Nieuwendijk in Amsterdam, sammelten wir neue Impressionen dieser wundersch\u00f6nen Stadt.\" \/>\n<meta property=\"og:url\" content=\"https:\/\/blog.myvideomedia.com\/de\/amsterdam-impressionen\/\" \/>\n<meta property=\"og:site_name\" content=\"Reise Video Blog\" \/>\n<meta property=\"article:publisher\" content=\"https:\/\/www.facebook.com\/ursula.streit.520\" \/>\n<meta property=\"article:author\" content=\"https:\/\/www.facebook.com\/ursula.streit.520\" \/>\n<meta property=\"article:published_time\" content=\"2014-12-29T08:10:35+00:00\" \/>\n<meta property=\"article:modified_time\" content=\"2020-05-04T08:08:21+00:00\" \/>\n<meta property=\"og:image\" content=\"https:\/\/blog.myvideomedia.com\/wp-content\/uploads\/2020\/04\/Amsterdam_1213.jpg\" \/>\n\t<meta property=\"og:image:width\" content=\"1260\" \/>\n\t<meta property=\"og:image:height\" content=\"945\" \/>\n\t<meta property=\"og:image:type\" content=\"image\/jpeg\" \/>\n<meta name=\"author\" content=\"myVideoMedia\" \/>\n<meta name=\"twitter:card\" content=\"summary_large_image\" \/>\n<meta name=\"twitter:creator\" content=\"@myvideomedia\" \/>\n<meta name=\"twitter:site\" content=\"@myvideomedia\" \/>\n<meta name=\"twitter:label1\" content=\"Verfasst von\" \/>\n\t<meta name=\"twitter:data1\" content=\"myVideoMedia\" \/>\n\t<meta name=\"twitter:label2\" content=\"Gesch\u00e4tzte Lesezeit\" \/>\n\t<meta name=\"twitter:data2\" content=\"1\u00a0Minute\" \/>\n<script type=\"application\/ld+json\" class=\"yoast-schema-graph\">{\"@context\":\"https:\\\/\\\/schema.org\",\"@graph\":[{\"@type\":\"Article\",\"@id\":\"https:\\\/\\\/blog.myvideomedia.com\\\/de\\\/amsterdam-impressionen\\\/#article\",\"isPartOf\":{\"@id\":\"https:\\\/\\\/blog.myvideomedia.com\\\/de\\\/amsterdam-impressionen\\\/\"},\"author\":{\"name\":\"myVideoMedia\",\"@id\":\"https:\\\/\\\/blog.myvideomedia.com\\\/de\\\/#\\\/schema\\\/person\\\/87be8fbbed69b1562242448c1c3dcbec\"},\"headline\":\"Amsterdam &#8211; Impressionen\",\"datePublished\":\"2014-12-29T08:10:35+00:00\",\"dateModified\":\"2020-05-04T08:08:21+00:00\",\"mainEntityOfPage\":{\"@id\":\"https:\\\/\\\/blog.myvideomedia.com\\\/de\\\/amsterdam-impressionen\\\/\"},\"wordCount\":237,\"commentCount\":0,\"publisher\":{\"@id\":\"https:\\\/\\\/blog.myvideomedia.com\\\/de\\\/#\\\/schema\\\/person\\\/87be8fbbed69b1562242448c1c3dcbec\"},\"image\":{\"@id\":\"https:\\\/\\\/blog.myvideomedia.com\\\/de\\\/amsterdam-impressionen\\\/#primaryimage\"},\"thumbnailUrl\":\"https:\\\/\\\/blog.myvideomedia.com\\\/wp-content\\\/uploads\\\/2020\\\/04\\\/Amsterdam_1213.jpg\",\"keywords\":[\"Architektur\",\"Kultur\",\"Stadt\",\"UNESCO Weltkulturerbe\"],\"articleSection\":[\"Amsterdam\",\"Europa\",\"Niederlande\"],\"inLanguage\":\"de\",\"potentialAction\":[{\"@type\":\"CommentAction\",\"name\":\"Comment\",\"target\":[\"https:\\\/\\\/blog.myvideomedia.com\\\/de\\\/amsterdam-impressionen\\\/#respond\"]}]},{\"@type\":\"WebPage\",\"@id\":\"https:\\\/\\\/blog.myvideomedia.com\\\/de\\\/amsterdam-impressionen\\\/\",\"url\":\"https:\\\/\\\/blog.myvideomedia.com\\\/de\\\/amsterdam-impressionen\\\/\",\"name\":\"Amsterdam - Impressionen - Niederlande - Reise Video Blog\",\"isPartOf\":{\"@id\":\"https:\\\/\\\/blog.myvideomedia.com\\\/de\\\/#website\"},\"primaryImageOfPage\":{\"@id\":\"https:\\\/\\\/blog.myvideomedia.com\\\/de\\\/amsterdam-impressionen\\\/#primaryimage\"},\"image\":{\"@id\":\"https:\\\/\\\/blog.myvideomedia.com\\\/de\\\/amsterdam-impressionen\\\/#primaryimage\"},\"thumbnailUrl\":\"https:\\\/\\\/blog.myvideomedia.com\\\/wp-content\\\/uploads\\\/2020\\\/04\\\/Amsterdam_1213.jpg\",\"datePublished\":\"2014-12-29T08:10:35+00:00\",\"dateModified\":\"2020-05-04T08:08:21+00:00\",\"description\":\"Ausgehend vom Kaashuis in der Fu\u00dfg\u00e4ngerzone Nieuwendijk in Amsterdam, sammelten wir neue Impressionen dieser wundersch\u00f6nen Stadt.\",\"breadcrumb\":{\"@id\":\"https:\\\/\\\/blog.myvideomedia.com\\\/de\\\/amsterdam-impressionen\\\/#breadcrumb\"},\"inLanguage\":\"de\",\"potentialAction\":[{\"@type\":\"ReadAction\",\"target\":[\"https:\\\/\\\/blog.myvideomedia.com\\\/de\\\/amsterdam-impressionen\\\/\"]}]},{\"@type\":\"ImageObject\",\"inLanguage\":\"de\",\"@id\":\"https:\\\/\\\/blog.myvideomedia.com\\\/de\\\/amsterdam-impressionen\\\/#primaryimage\",\"url\":\"https:\\\/\\\/blog.myvideomedia.com\\\/wp-content\\\/uploads\\\/2020\\\/04\\\/Amsterdam_1213.jpg\",\"contentUrl\":\"https:\\\/\\\/blog.myvideomedia.com\\\/wp-content\\\/uploads\\\/2020\\\/04\\\/Amsterdam_1213.jpg\",\"width\":1260,\"height\":945,\"caption\":\"Amsterdam Impressions\"},{\"@type\":\"BreadcrumbList\",\"@id\":\"https:\\\/\\\/blog.myvideomedia.com\\\/de\\\/amsterdam-impressionen\\\/#breadcrumb\",\"itemListElement\":[{\"@type\":\"ListItem\",\"position\":1,\"name\":\"Home\",\"item\":\"https:\\\/\\\/blog.myvideomedia.com\\\/de\\\/\"},{\"@type\":\"ListItem\",\"position\":2,\"name\":\"Amsterdam &#8211; Impressionen\"}]},{\"@type\":\"WebSite\",\"@id\":\"https:\\\/\\\/blog.myvideomedia.com\\\/de\\\/#website\",\"url\":\"https:\\\/\\\/blog.myvideomedia.com\\\/de\\\/\",\"name\":\"Travel Video Blog\",\"description\":\"myVideoMedia Reisetipps und Reisevideos\",\"publisher\":{\"@id\":\"https:\\\/\\\/blog.myvideomedia.com\\\/de\\\/#\\\/schema\\\/person\\\/87be8fbbed69b1562242448c1c3dcbec\"},\"potentialAction\":[{\"@type\":\"SearchAction\",\"target\":{\"@type\":\"EntryPoint\",\"urlTemplate\":\"https:\\\/\\\/blog.myvideomedia.com\\\/de\\\/?s={search_term_string}\"},\"query-input\":{\"@type\":\"PropertyValueSpecification\",\"valueRequired\":true,\"valueName\":\"search_term_string\"}}],\"inLanguage\":\"de\"},{\"@type\":[\"Person\",\"Organization\"],\"@id\":\"https:\\\/\\\/blog.myvideomedia.com\\\/de\\\/#\\\/schema\\\/person\\\/87be8fbbed69b1562242448c1c3dcbec\",\"name\":\"myVideoMedia\",\"image\":{\"@type\":\"ImageObject\",\"inLanguage\":\"de\",\"@id\":\"https:\\\/\\\/secure.gravatar.com\\\/avatar\\\/460720160715ef8975b781abd1b6985e55ce2f01567bb6757bebd73e7cf74c97?s=96&d=mm&r=g\",\"url\":\"https:\\\/\\\/secure.gravatar.com\\\/avatar\\\/460720160715ef8975b781abd1b6985e55ce2f01567bb6757bebd73e7cf74c97?s=96&d=mm&r=g\",\"contentUrl\":\"https:\\\/\\\/secure.gravatar.com\\\/avatar\\\/460720160715ef8975b781abd1b6985e55ce2f01567bb6757bebd73e7cf74c97?s=96&d=mm&r=g\",\"caption\":\"myVideoMedia\"},\"logo\":{\"@id\":\"https:\\\/\\\/secure.gravatar.com\\\/avatar\\\/460720160715ef8975b781abd1b6985e55ce2f01567bb6757bebd73e7cf74c97?s=96&d=mm&r=g\"},\"description\":\"\\\"The World is a book, and those who do not travel read only a page\\\" - Aurelius Augustinus (354 - 430 AD) Travel is our passion. With our posts and videos we like to inspire people who are planning or preparing for holidays as well as people who simply want to escape from everyday life and dream of faraway countries.\",\"sameAs\":[\"https:\\\/\\\/www.myvideomedia.com\",\"https:\\\/\\\/www.facebook.com\\\/ursula.streit.520\"],\"url\":\"https:\\\/\\\/blog.myvideomedia.com\\\/de\\\/author\\\/traveladm\\\/\"}]}<\/script>\n<!-- \/ Yoast SEO plugin. -->","yoast_head_json":{"title":"Amsterdam - Impressionen - Niederlande - Reise Video Blog","description":"Ausgehend vom Kaashuis in der Fu\u00dfg\u00e4ngerzone Nieuwendijk in Amsterdam, sammelten wir neue Impressionen dieser wundersch\u00f6nen Stadt.","robots":{"index":"index","follow":"follow","max-snippet":"max-snippet:-1","max-image-preview":"max-image-preview:large","max-video-preview":"max-video-preview:-1"},"canonical":"https:\/\/blog.myvideomedia.com\/de\/amsterdam-impressionen\/","og_locale":"de_DE","og_type":"article","og_title":"Amsterdam - Impressionen - Niederlande - Reise Video Blog","og_description":"Ausgehend vom Kaashuis in der Fu\u00dfg\u00e4ngerzone Nieuwendijk in Amsterdam, sammelten wir neue Impressionen dieser wundersch\u00f6nen Stadt.","og_url":"https:\/\/blog.myvideomedia.com\/de\/amsterdam-impressionen\/","og_site_name":"Reise Video Blog","article_publisher":"https:\/\/www.facebook.com\/ursula.streit.520","article_author":"https:\/\/www.facebook.com\/ursula.streit.520","article_published_time":"2014-12-29T08:10:35+00:00","article_modified_time":"2020-05-04T08:08:21+00:00","og_image":[{"width":1260,"height":945,"url":"https:\/\/blog.myvideomedia.com\/wp-content\/uploads\/2020\/04\/Amsterdam_1213.jpg","type":"image\/jpeg"}],"author":"myVideoMedia","twitter_card":"summary_large_image","twitter_creator":"@myvideomedia","twitter_site":"@myvideomedia","twitter_misc":{"Verfasst von":"myVideoMedia","Gesch\u00e4tzte Lesezeit":"1\u00a0Minute"},"schema":{"@context":"https:\/\/schema.org","@graph":[{"@type":"Article","@id":"https:\/\/blog.myvideomedia.com\/de\/amsterdam-impressionen\/#article","isPartOf":{"@id":"https:\/\/blog.myvideomedia.com\/de\/amsterdam-impressionen\/"},"author":{"name":"myVideoMedia","@id":"https:\/\/blog.myvideomedia.com\/de\/#\/schema\/person\/87be8fbbed69b1562242448c1c3dcbec"},"headline":"Amsterdam &#8211; Impressionen","datePublished":"2014-12-29T08:10:35+00:00","dateModified":"2020-05-04T08:08:21+00:00","mainEntityOfPage":{"@id":"https:\/\/blog.myvideomedia.com\/de\/amsterdam-impressionen\/"},"wordCount":237,"commentCount":0,"publisher":{"@id":"https:\/\/blog.myvideomedia.com\/de\/#\/schema\/person\/87be8fbbed69b1562242448c1c3dcbec"},"image":{"@id":"https:\/\/blog.myvideomedia.com\/de\/amsterdam-impressionen\/#primaryimage"},"thumbnailUrl":"https:\/\/blog.myvideomedia.com\/wp-content\/uploads\/2020\/04\/Amsterdam_1213.jpg","keywords":["Architektur","Kultur","Stadt","UNESCO Weltkulturerbe"],"articleSection":["Amsterdam","Europa","Niederlande"],"inLanguage":"de","potentialAction":[{"@type":"CommentAction","name":"Comment","target":["https:\/\/blog.myvideomedia.com\/de\/amsterdam-impressionen\/#respond"]}]},{"@type":"WebPage","@id":"https:\/\/blog.myvideomedia.com\/de\/amsterdam-impressionen\/","url":"https:\/\/blog.myvideomedia.com\/de\/amsterdam-impressionen\/","name":"Amsterdam - Impressionen - Niederlande - Reise Video Blog","isPartOf":{"@id":"https:\/\/blog.myvideomedia.com\/de\/#website"},"primaryImageOfPage":{"@id":"https:\/\/blog.myvideomedia.com\/de\/amsterdam-impressionen\/#primaryimage"},"image":{"@id":"https:\/\/blog.myvideomedia.com\/de\/amsterdam-impressionen\/#primaryimage"},"thumbnailUrl":"https:\/\/blog.myvideomedia.com\/wp-content\/uploads\/2020\/04\/Amsterdam_1213.jpg","datePublished":"2014-12-29T08:10:35+00:00","dateModified":"2020-05-04T08:08:21+00:00","description":"Ausgehend vom Kaashuis in der Fu\u00dfg\u00e4ngerzone Nieuwendijk in Amsterdam, sammelten wir neue Impressionen dieser wundersch\u00f6nen Stadt.","breadcrumb":{"@id":"https:\/\/blog.myvideomedia.com\/de\/amsterdam-impressionen\/#breadcrumb"},"inLanguage":"de","potentialAction":[{"@type":"ReadAction","target":["https:\/\/blog.myvideomedia.com\/de\/amsterdam-impressionen\/"]}]},{"@type":"ImageObject","inLanguage":"de","@id":"https:\/\/blog.myvideomedia.com\/de\/amsterdam-impressionen\/#primaryimage","url":"https:\/\/blog.myvideomedia.com\/wp-content\/uploads\/2020\/04\/Amsterdam_1213.jpg","contentUrl":"https:\/\/blog.myvideomedia.com\/wp-content\/uploads\/2020\/04\/Amsterdam_1213.jpg","width":1260,"height":945,"caption":"Amsterdam Impressions"},{"@type":"BreadcrumbList","@id":"https:\/\/blog.myvideomedia.com\/de\/amsterdam-impressionen\/#breadcrumb","itemListElement":[{"@type":"ListItem","position":1,"name":"Home","item":"https:\/\/blog.myvideomedia.com\/de\/"},{"@type":"ListItem","position":2,"name":"Amsterdam &#8211; Impressionen"}]},{"@type":"WebSite","@id":"https:\/\/blog.myvideomedia.com\/de\/#website","url":"https:\/\/blog.myvideomedia.com\/de\/","name":"Travel Video Blog","description":"myVideoMedia Reisetipps und Reisevideos","publisher":{"@id":"https:\/\/blog.myvideomedia.com\/de\/#\/schema\/person\/87be8fbbed69b1562242448c1c3dcbec"},"potentialAction":[{"@type":"SearchAction","target":{"@type":"EntryPoint","urlTemplate":"https:\/\/blog.myvideomedia.com\/de\/?s={search_term_string}"},"query-input":{"@type":"PropertyValueSpecification","valueRequired":true,"valueName":"search_term_string"}}],"inLanguage":"de"},{"@type":["Person","Organization"],"@id":"https:\/\/blog.myvideomedia.com\/de\/#\/schema\/person\/87be8fbbed69b1562242448c1c3dcbec","name":"myVideoMedia","image":{"@type":"ImageObject","inLanguage":"de","@id":"https:\/\/secure.gravatar.com\/avatar\/460720160715ef8975b781abd1b6985e55ce2f01567bb6757bebd73e7cf74c97?s=96&d=mm&r=g","url":"https:\/\/secure.gravatar.com\/avatar\/460720160715ef8975b781abd1b6985e55ce2f01567bb6757bebd73e7cf74c97?s=96&d=mm&r=g","contentUrl":"https:\/\/secure.gravatar.com\/avatar\/460720160715ef8975b781abd1b6985e55ce2f01567bb6757bebd73e7cf74c97?s=96&d=mm&r=g","caption":"myVideoMedia"},"logo":{"@id":"https:\/\/secure.gravatar.com\/avatar\/460720160715ef8975b781abd1b6985e55ce2f01567bb6757bebd73e7cf74c97?s=96&d=mm&r=g"},"description":"\"The World is a book, and those who do not travel read only a page\" - Aurelius Augustinus (354 - 430 AD) Travel is our passion. With our posts and videos we like to inspire people who are planning or preparing for holidays as well as people who simply want to escape from everyday life and dream of faraway countries.","sameAs":["https:\/\/www.myvideomedia.com","https:\/\/www.facebook.com\/ursula.streit.520"],"url":"https:\/\/blog.myvideomedia.com\/de\/author\/traveladm\/"}]}},"featured_image_src":"https:\/\/blog.myvideomedia.com\/wp-content\/uploads\/2020\/04\/Amsterdam_1213.jpg","featured_image_src_square":"https:\/\/blog.myvideomedia.com\/wp-content\/uploads\/2020\/04\/Amsterdam_1213.jpg","author_info":{"display_name":"myVideoMedia","author_link":"https:\/\/blog.myvideomedia.com\/de\/author\/traveladm\/"},"_links":{"self":[{"href":"https:\/\/blog.myvideomedia.com\/de\/wp-json\/wp\/v2\/posts\/5762","targetHints":{"allow":["GET"]}}],"collection":[{"href":"https:\/\/blog.myvideomedia.com\/de\/wp-json\/wp\/v2\/posts"}],"about":[{"href":"https:\/\/blog.myvideomedia.com\/de\/wp-json\/wp\/v2\/types\/post"}],"author":[{"embeddable":true,"href":"https:\/\/blog.myvideomedia.com\/de\/wp-json\/wp\/v2\/users\/1"}],"replies":[{"embeddable":true,"href":"https:\/\/blog.myvideomedia.com\/de\/wp-json\/wp\/v2\/comments?post=5762"}],"version-history":[{"count":0,"href":"https:\/\/blog.myvideomedia.com\/de\/wp-json\/wp\/v2\/posts\/5762\/revisions"}],"wp:featuredmedia":[{"embeddable":true,"href":"https:\/\/blog.myvideomedia.com\/de\/wp-json\/wp\/v2\/media\/25988"}],"wp:attachment":[{"href":"https:\/\/blog.myvideomedia.com\/de\/wp-json\/wp\/v2\/media?parent=5762"}],"wp:term":[{"taxonomy":"category","embeddable":true,"href":"https:\/\/blog.myvideomedia.com\/de\/wp-json\/wp\/v2\/categories?post=5762"},{"taxonomy":"post_tag","embeddable":true,"href":"https:\/\/blog.myvideomedia.com\/de\/wp-json\/wp\/v2\/tags?post=5762"}],"curies":[{"name":"wp","href":"https:\/\/api.w.org\/{rel}","templated":true}]}}