{"id":5779,"date":"2014-12-29T12:57:44","date_gmt":"2014-12-29T11:57:44","guid":{"rendered":"https:\/\/blog.myvideomedia.com\/?p=5779"},"modified":"2022-01-16T16:27:55","modified_gmt":"2022-01-16T15:27:55","slug":"graz-steiermark","status":"publish","type":"post","link":"https:\/\/blog.myvideomedia.com\/de\/graz-steiermark\/","title":{"rendered":"Graz &#8211; die Hauptstadt der Steiermark"},"content":{"rendered":"\n<p>Graz die Hauptstadt der Steiermark ist eine Stadt mit Geschichte.&nbsp;Auf dem Hauptplatz von Graz, der Landeshauptstadt der Steiermark in \u00d6sterreich, der vom Rathaus \u00fcberragt wird, befindet sich das Denkmal von Erzherzog Johann, der sich um die Steiermark verdient gemacht hat.<\/p>\n\n\n\n<p>Er f\u00f6rderte den Fortschritt in Technik und Landwirtschaft, aber auch in Kunst, Kultur und auf sozialem Gebiet. Seine Volksverbundenheit machte ihn zur Identifikationsfigur der Steirer.<\/p>\n\n\n\n<h3 class=\"has-text-align-center wp-block-heading\"><a href=\"https:\/\/youtu.be\/N5xrbIwWoDM\" target=\"_blank\" rel=\"noopener nofollow noreferrer\">Hier sehen Sie das zugeh\u00f6rige Video<\/a><\/h3>\n\n\n\n<figure> <div class=\"brlbs-cmpnt-container brlbs-cmpnt-content-blocker brlbs-cmpnt-with-individual-styles\" data-borlabs-cookie-content-blocker-id=\"youtube-content-blocker\" data-borlabs-cookie-content=\"PGlmcmFtZSBzcmM9Ii8vd3d3LnlvdXR1YmUtbm9jb29raWUuY29tL2VtYmVkL041eHJiSXdXb0RNIiB3aWR0aD0iNTYwIiBoZWlnaHQ9IjMxNSI+PC9pZnJhbWU+\"><div class=\"brlbs-cmpnt-cb-preset-c brlbs-cmpnt-cb-youtube\"> <div class=\"brlbs-cmpnt-cb-thumbnail\" style=\"background-image: url('https:\/\/blog.myvideomedia.com\/wp-content\/uploads\/borlabs-cookie\/1\/yt_N5xrbIwWoDM_hqdefault.jpg')\"><\/div> <div class=\"brlbs-cmpnt-cb-main\"> <div class=\"brlbs-cmpnt-cb-play-button\"><\/div> <div class=\"brlbs-cmpnt-cb-content\"> <p class=\"brlbs-cmpnt-cb-description\">Sie sehen gerade einen Platzhalterinhalt von <strong>YouTube<\/strong>. Um auf den eigentlichen Inhalt zuzugreifen, klicken Sie auf die Schaltfl\u00e4che unten. Bitte beachten Sie, dass dabei Daten an Drittanbieter weitergegeben werden.<\/p> <a class=\"brlbs-cmpnt-cb-provider-toggle\" href=\"#\" data-borlabs-cookie-show-provider-information role=\"button\">Mehr Informationen<\/a> <\/div> <div class=\"brlbs-cmpnt-cb-buttons\"> <a class=\"brlbs-cmpnt-cb-btn\" href=\"#\" data-borlabs-cookie-unblock role=\"button\">Inhalt entsperren<\/a> <a class=\"brlbs-cmpnt-cb-btn\" href=\"#\" data-borlabs-cookie-accept-service role=\"button\" style=\"display: inherit\">Erforderlichen Service akzeptieren und Inhalte entsperren<\/a> <\/div> <\/div> <\/div><\/div><\/figure>\n\n\n\n<p>Wegen seiner Heirat mit der b\u00fcrgerlichen Anna Plochl musste er auf die Thronfolge verzichten. Seiner Frau und seinem Sohn wurden erst 15 Jahre sp\u00e4ter der vererbbare Titel Gr\u00e4fin bzw. Graf von Meran zugestanden. Die Gr\u00fcndung des Universalmuseums Joanneum in Graz ist ihm zu danken.<\/p>\n\n\n\n<figure class=\"wp-block-image size-large\"><img loading=\"lazy\" decoding=\"async\" width=\"1260\" height=\"840\" src=\"https:\/\/blog.myvideomedia.com\/wp-content\/uploads\/2020\/05\/Graz_8369.jpg\" alt=\"Graz Herrengasse\" class=\"wp-image-26161\" srcset=\"https:\/\/blog.myvideomedia.com\/wp-content\/uploads\/2020\/05\/Graz_8369.jpg 1260w, https:\/\/blog.myvideomedia.com\/wp-content\/uploads\/2020\/05\/Graz_8369-600x400.jpg 600w, https:\/\/blog.myvideomedia.com\/wp-content\/uploads\/2020\/05\/Graz_8369-768x512.jpg 768w\" sizes=\"auto, (max-width: 1260px) 100vw, 1260px\" \/><\/figure>\n\n\n\n<p>In der Herrengasse kann man das Haus sehen, in dem Napoleon einst sein Quartier aufgeschlagen hatte.<\/p>\n\n\n\n<p>Einige Schritte weiter befindet sich das Landhaus, Sitz der steirischen Landesregierung. Es gilt als eines der bedeutendsten Renaissancegeb\u00e4ude Mitteleuropas. Besonders sehenswert ist der Arkadenhof im Inneren.<\/p>\n\n\n\n<div class=\"wp-block-image\"><figure class=\"aligncenter\"><a href=\"https:\/\/blog.myvideomedia.com\/wp-content\/uploads\/2013\/02\/oes2061-Linz-Landhaus.jpg\"><img loading=\"lazy\" decoding=\"async\" width=\"699\" height=\"467\" src=\"https:\/\/blog.myvideomedia.com\/wp-content\/uploads\/2013\/02\/oes2061-Linz-Landhaus.jpg\" alt=\"Landhaus Graz\" class=\"wp-image-4272\" srcset=\"https:\/\/blog.myvideomedia.com\/wp-content\/uploads\/2013\/02\/oes2061-Linz-Landhaus.jpg 699w, https:\/\/blog.myvideomedia.com\/wp-content\/uploads\/2013\/02\/oes2061-Linz-Landhaus-300x200.jpg 300w\" sizes=\"auto, (max-width: 699px) 100vw, 699px\" \/><\/a><\/figure><\/div>\n\n\n\n<p>Vorbei an der Oper, die sich durchaus k\u00fcnstlerisch verpackt pr\u00e4sentiert, erreichen wir das alte Machtzentrum mit dem Schloss und dem <a href=\"https:\/\/blog.myvideomedia.com\/de\/mausoleum-ferdinand-ii\/\">Mausoleum des Kaisers Ferdinand II<\/a>.<\/p>\n\n\n\n<div class=\"wp-block-image\"><figure class=\"aligncenter\"><a href=\"https:\/\/blog.myvideomedia.com\/wp-content\/uploads\/2012\/10\/oes1108-Graz.jpg\"><img loading=\"lazy\" decoding=\"async\" width=\"699\" height=\"467\" src=\"https:\/\/blog.myvideomedia.com\/wp-content\/uploads\/2012\/10\/oes1108-Graz.jpg\" alt=\"Hofb\u00e4ckerei Graz\" class=\"wp-image-4391\" srcset=\"https:\/\/blog.myvideomedia.com\/wp-content\/uploads\/2012\/10\/oes1108-Graz.jpg 699w, https:\/\/blog.myvideomedia.com\/wp-content\/uploads\/2012\/10\/oes1108-Graz-300x200.jpg 300w\" sizes=\"auto, (max-width: 699px) 100vw, 699px\" \/><\/a><\/figure><\/div>\n\n\n\n<p><br>Der Kaiserhof hat die Architektur der umliegenden Gesch\u00e4fte beeinflusst.<br><\/p>\n\n\n\n<p><strong>Bitte lesen Sie weiter &gt;<\/strong> <a href=\"https:\/\/blog.myvideomedia.com\/de\/landhaus-und-landeszeughaus\/\">Landeszeughaus<\/a><\/p>\n\n\n\n<p>Text, Fotos und Video: Copyright \u00a9 <a href=\"https:\/\/www.myvideomedia.com\/de\" target=\"_blank\" rel=\"noopener noreferrer\">myVideoMedia<\/a><\/p>\n","protected":false},"excerpt":{"rendered":"<p>Graz die Hauptstadt der Steiermark ist eine Stadt mit Geschichte.&nbsp;Auf dem Hauptplatz von Graz, der Landeshauptstadt der Steiermark in \u00d6sterreich, der vom Rathaus \u00fcberragt wird, befindet sich das Denkmal von Erzherzog Johann, der sich um die Steiermark verdient gemacht hat. Er f\u00f6rderte den Fortschritt in Technik und Landwirtschaft, aber auch in Kunst, Kultur und auf [&hellip;]<\/p>\n","protected":false},"author":1,"featured_media":26163,"comment_status":"closed","ping_status":"closed","sticky":false,"template":"","format":"standard","meta":{"_genesis_hide_title":false,"_genesis_hide_breadcrumbs":false,"_genesis_hide_singular_image":false,"_genesis_hide_footer_widgets":false,"_genesis_custom_body_class":"","_genesis_custom_post_class":"","_genesis_layout":"","footnotes":""},"categories":[1550,544,492,495],"tags":[447,584,455,453],"class_list":{"0":"post-5779","1":"post","2":"type-post","3":"status-publish","4":"format-standard","5":"has-post-thumbnail","7":"category-europa","8":"category-graz_d","9":"category-oesterreich","10":"category-steiermark","11":"tag-architektur","12":"tag-city-tour-de","13":"tag-kultur","14":"tag-stadt","15":"entry"},"yoast_head":"<!-- This site is optimized with the Yoast SEO plugin v27.4 - https:\/\/yoast.com\/product\/yoast-seo-wordpress\/ -->\n<title>Graz - die Hauptstadt der Steiermark - \u00d6sterreich - Reise Video Blog<\/title>\n<meta name=\"description\" content=\"Graz ist ist eine Stadt mit Geschichte. Auf dem Hauptplatz, der vom Rathaus \u00fcberragt wird, befindet sich das Denkmal von Erzherzog Johann\" \/>\n<meta name=\"robots\" content=\"index, follow, max-snippet:-1, max-image-preview:large, max-video-preview:-1\" \/>\n<link rel=\"canonical\" href=\"https:\/\/blog.myvideomedia.com\/de\/graz-steiermark\/\" \/>\n<meta property=\"og:locale\" content=\"de_DE\" \/>\n<meta property=\"og:type\" content=\"article\" \/>\n<meta property=\"og:title\" content=\"Graz - die Hauptstadt der Steiermark - \u00d6sterreich - Reise Video Blog\" \/>\n<meta property=\"og:description\" content=\"Graz ist ist eine Stadt mit Geschichte. Auf dem Hauptplatz, der vom Rathaus \u00fcberragt wird, befindet sich das Denkmal von Erzherzog Johann\" \/>\n<meta property=\"og:url\" content=\"https:\/\/blog.myvideomedia.com\/de\/graz-steiermark\/\" \/>\n<meta property=\"og:site_name\" content=\"Reise Video Blog\" \/>\n<meta property=\"article:publisher\" content=\"https:\/\/www.facebook.com\/ursula.streit.520\" \/>\n<meta property=\"article:author\" content=\"https:\/\/www.facebook.com\/ursula.streit.520\" \/>\n<meta property=\"article:published_time\" content=\"2014-12-29T11:57:44+00:00\" \/>\n<meta property=\"article:modified_time\" content=\"2022-01-16T15:27:55+00:00\" \/>\n<meta property=\"og:image\" content=\"https:\/\/blog.myvideomedia.com\/wp-content\/uploads\/2012\/10\/Graz_8371.jpg\" \/>\n\t<meta property=\"og:image:width\" content=\"1260\" \/>\n\t<meta property=\"og:image:height\" content=\"840\" \/>\n\t<meta property=\"og:image:type\" content=\"image\/jpeg\" \/>\n<meta name=\"author\" content=\"myVideoMedia\" \/>\n<meta name=\"twitter:card\" content=\"summary_large_image\" \/>\n<meta name=\"twitter:creator\" content=\"@myvideomedia\" \/>\n<meta name=\"twitter:site\" content=\"@myvideomedia\" \/>\n<meta name=\"twitter:label1\" content=\"Verfasst von\" \/>\n\t<meta name=\"twitter:data1\" content=\"myVideoMedia\" \/>\n\t<meta name=\"twitter:label2\" content=\"Gesch\u00e4tzte Lesezeit\" \/>\n\t<meta name=\"twitter:data2\" content=\"2\u00a0Minuten\" \/>\n<script type=\"application\/ld+json\" class=\"yoast-schema-graph\">{\"@context\":\"https:\\\/\\\/schema.org\",\"@graph\":[{\"@type\":\"Article\",\"@id\":\"https:\\\/\\\/blog.myvideomedia.com\\\/de\\\/graz-steiermark\\\/#article\",\"isPartOf\":{\"@id\":\"https:\\\/\\\/blog.myvideomedia.com\\\/de\\\/graz-steiermark\\\/\"},\"author\":{\"name\":\"myVideoMedia\",\"@id\":\"https:\\\/\\\/blog.myvideomedia.com\\\/de\\\/#\\\/schema\\\/person\\\/87be8fbbed69b1562242448c1c3dcbec\"},\"headline\":\"Graz &#8211; die Hauptstadt der Steiermark\",\"datePublished\":\"2014-12-29T11:57:44+00:00\",\"dateModified\":\"2022-01-16T15:27:55+00:00\",\"mainEntityOfPage\":{\"@id\":\"https:\\\/\\\/blog.myvideomedia.com\\\/de\\\/graz-steiermark\\\/\"},\"wordCount\":223,\"publisher\":{\"@id\":\"https:\\\/\\\/blog.myvideomedia.com\\\/de\\\/#\\\/schema\\\/person\\\/87be8fbbed69b1562242448c1c3dcbec\"},\"image\":{\"@id\":\"https:\\\/\\\/blog.myvideomedia.com\\\/de\\\/graz-steiermark\\\/#primaryimage\"},\"thumbnailUrl\":\"https:\\\/\\\/blog.myvideomedia.com\\\/wp-content\\\/uploads\\\/2012\\\/10\\\/Graz_8371.jpg\",\"keywords\":[\"Architektur\",\"City tour\",\"Kultur\",\"Stadt\"],\"articleSection\":[\"Europa\",\"Graz\",\"\u00d6sterreich\",\"Steiermark\"],\"inLanguage\":\"de\"},{\"@type\":\"WebPage\",\"@id\":\"https:\\\/\\\/blog.myvideomedia.com\\\/de\\\/graz-steiermark\\\/\",\"url\":\"https:\\\/\\\/blog.myvideomedia.com\\\/de\\\/graz-steiermark\\\/\",\"name\":\"Graz - die Hauptstadt der Steiermark - \u00d6sterreich - Reise Video Blog\",\"isPartOf\":{\"@id\":\"https:\\\/\\\/blog.myvideomedia.com\\\/de\\\/#website\"},\"primaryImageOfPage\":{\"@id\":\"https:\\\/\\\/blog.myvideomedia.com\\\/de\\\/graz-steiermark\\\/#primaryimage\"},\"image\":{\"@id\":\"https:\\\/\\\/blog.myvideomedia.com\\\/de\\\/graz-steiermark\\\/#primaryimage\"},\"thumbnailUrl\":\"https:\\\/\\\/blog.myvideomedia.com\\\/wp-content\\\/uploads\\\/2012\\\/10\\\/Graz_8371.jpg\",\"datePublished\":\"2014-12-29T11:57:44+00:00\",\"dateModified\":\"2022-01-16T15:27:55+00:00\",\"description\":\"Graz ist ist eine Stadt mit Geschichte. Auf dem Hauptplatz, der vom Rathaus \u00fcberragt wird, befindet sich das Denkmal von Erzherzog Johann\",\"breadcrumb\":{\"@id\":\"https:\\\/\\\/blog.myvideomedia.com\\\/de\\\/graz-steiermark\\\/#breadcrumb\"},\"inLanguage\":\"de\",\"potentialAction\":[{\"@type\":\"ReadAction\",\"target\":[\"https:\\\/\\\/blog.myvideomedia.com\\\/de\\\/graz-steiermark\\\/\"]}]},{\"@type\":\"ImageObject\",\"inLanguage\":\"de\",\"@id\":\"https:\\\/\\\/blog.myvideomedia.com\\\/de\\\/graz-steiermark\\\/#primaryimage\",\"url\":\"https:\\\/\\\/blog.myvideomedia.com\\\/wp-content\\\/uploads\\\/2012\\\/10\\\/Graz_8371.jpg\",\"contentUrl\":\"https:\\\/\\\/blog.myvideomedia.com\\\/wp-content\\\/uploads\\\/2012\\\/10\\\/Graz_8371.jpg\",\"width\":1260,\"height\":840,\"caption\":\"The old town of Graz\"},{\"@type\":\"BreadcrumbList\",\"@id\":\"https:\\\/\\\/blog.myvideomedia.com\\\/de\\\/graz-steiermark\\\/#breadcrumb\",\"itemListElement\":[{\"@type\":\"ListItem\",\"position\":1,\"name\":\"Home\",\"item\":\"https:\\\/\\\/blog.myvideomedia.com\\\/de\\\/\"},{\"@type\":\"ListItem\",\"position\":2,\"name\":\"Graz &#8211; die Hauptstadt der Steiermark\"}]},{\"@type\":\"WebSite\",\"@id\":\"https:\\\/\\\/blog.myvideomedia.com\\\/de\\\/#website\",\"url\":\"https:\\\/\\\/blog.myvideomedia.com\\\/de\\\/\",\"name\":\"Travel Video Blog\",\"description\":\"myVideoMedia Reisetipps und Reisevideos\",\"publisher\":{\"@id\":\"https:\\\/\\\/blog.myvideomedia.com\\\/de\\\/#\\\/schema\\\/person\\\/87be8fbbed69b1562242448c1c3dcbec\"},\"potentialAction\":[{\"@type\":\"SearchAction\",\"target\":{\"@type\":\"EntryPoint\",\"urlTemplate\":\"https:\\\/\\\/blog.myvideomedia.com\\\/de\\\/?s={search_term_string}\"},\"query-input\":{\"@type\":\"PropertyValueSpecification\",\"valueRequired\":true,\"valueName\":\"search_term_string\"}}],\"inLanguage\":\"de\"},{\"@type\":[\"Person\",\"Organization\"],\"@id\":\"https:\\\/\\\/blog.myvideomedia.com\\\/de\\\/#\\\/schema\\\/person\\\/87be8fbbed69b1562242448c1c3dcbec\",\"name\":\"myVideoMedia\",\"image\":{\"@type\":\"ImageObject\",\"inLanguage\":\"de\",\"@id\":\"https:\\\/\\\/secure.gravatar.com\\\/avatar\\\/460720160715ef8975b781abd1b6985e55ce2f01567bb6757bebd73e7cf74c97?s=96&d=mm&r=g\",\"url\":\"https:\\\/\\\/secure.gravatar.com\\\/avatar\\\/460720160715ef8975b781abd1b6985e55ce2f01567bb6757bebd73e7cf74c97?s=96&d=mm&r=g\",\"contentUrl\":\"https:\\\/\\\/secure.gravatar.com\\\/avatar\\\/460720160715ef8975b781abd1b6985e55ce2f01567bb6757bebd73e7cf74c97?s=96&d=mm&r=g\",\"caption\":\"myVideoMedia\"},\"logo\":{\"@id\":\"https:\\\/\\\/secure.gravatar.com\\\/avatar\\\/460720160715ef8975b781abd1b6985e55ce2f01567bb6757bebd73e7cf74c97?s=96&d=mm&r=g\"},\"description\":\"\\\"The World is a book, and those who do not travel read only a page\\\" - Aurelius Augustinus (354 - 430 AD) Travel is our passion. With our posts and videos we like to inspire people who are planning or preparing for holidays as well as people who simply want to escape from everyday life and dream of faraway countries.\",\"sameAs\":[\"https:\\\/\\\/www.myvideomedia.com\",\"https:\\\/\\\/www.facebook.com\\\/ursula.streit.520\"],\"url\":\"https:\\\/\\\/blog.myvideomedia.com\\\/de\\\/author\\\/traveladm\\\/\"}]}<\/script>\n<!-- \/ Yoast SEO plugin. -->","yoast_head_json":{"title":"Graz - die Hauptstadt der Steiermark - \u00d6sterreich - Reise Video Blog","description":"Graz ist ist eine Stadt mit Geschichte. Auf dem Hauptplatz, der vom Rathaus \u00fcberragt wird, befindet sich das Denkmal von Erzherzog Johann","robots":{"index":"index","follow":"follow","max-snippet":"max-snippet:-1","max-image-preview":"max-image-preview:large","max-video-preview":"max-video-preview:-1"},"canonical":"https:\/\/blog.myvideomedia.com\/de\/graz-steiermark\/","og_locale":"de_DE","og_type":"article","og_title":"Graz - die Hauptstadt der Steiermark - \u00d6sterreich - Reise Video Blog","og_description":"Graz ist ist eine Stadt mit Geschichte. Auf dem Hauptplatz, der vom Rathaus \u00fcberragt wird, befindet sich das Denkmal von Erzherzog Johann","og_url":"https:\/\/blog.myvideomedia.com\/de\/graz-steiermark\/","og_site_name":"Reise Video Blog","article_publisher":"https:\/\/www.facebook.com\/ursula.streit.520","article_author":"https:\/\/www.facebook.com\/ursula.streit.520","article_published_time":"2014-12-29T11:57:44+00:00","article_modified_time":"2022-01-16T15:27:55+00:00","og_image":[{"width":1260,"height":840,"url":"https:\/\/blog.myvideomedia.com\/wp-content\/uploads\/2012\/10\/Graz_8371.jpg","type":"image\/jpeg"}],"author":"myVideoMedia","twitter_card":"summary_large_image","twitter_creator":"@myvideomedia","twitter_site":"@myvideomedia","twitter_misc":{"Verfasst von":"myVideoMedia","Gesch\u00e4tzte Lesezeit":"2\u00a0Minuten"},"schema":{"@context":"https:\/\/schema.org","@graph":[{"@type":"Article","@id":"https:\/\/blog.myvideomedia.com\/de\/graz-steiermark\/#article","isPartOf":{"@id":"https:\/\/blog.myvideomedia.com\/de\/graz-steiermark\/"},"author":{"name":"myVideoMedia","@id":"https:\/\/blog.myvideomedia.com\/de\/#\/schema\/person\/87be8fbbed69b1562242448c1c3dcbec"},"headline":"Graz &#8211; die Hauptstadt der Steiermark","datePublished":"2014-12-29T11:57:44+00:00","dateModified":"2022-01-16T15:27:55+00:00","mainEntityOfPage":{"@id":"https:\/\/blog.myvideomedia.com\/de\/graz-steiermark\/"},"wordCount":223,"publisher":{"@id":"https:\/\/blog.myvideomedia.com\/de\/#\/schema\/person\/87be8fbbed69b1562242448c1c3dcbec"},"image":{"@id":"https:\/\/blog.myvideomedia.com\/de\/graz-steiermark\/#primaryimage"},"thumbnailUrl":"https:\/\/blog.myvideomedia.com\/wp-content\/uploads\/2012\/10\/Graz_8371.jpg","keywords":["Architektur","City tour","Kultur","Stadt"],"articleSection":["Europa","Graz","\u00d6sterreich","Steiermark"],"inLanguage":"de"},{"@type":"WebPage","@id":"https:\/\/blog.myvideomedia.com\/de\/graz-steiermark\/","url":"https:\/\/blog.myvideomedia.com\/de\/graz-steiermark\/","name":"Graz - die Hauptstadt der Steiermark - \u00d6sterreich - Reise Video Blog","isPartOf":{"@id":"https:\/\/blog.myvideomedia.com\/de\/#website"},"primaryImageOfPage":{"@id":"https:\/\/blog.myvideomedia.com\/de\/graz-steiermark\/#primaryimage"},"image":{"@id":"https:\/\/blog.myvideomedia.com\/de\/graz-steiermark\/#primaryimage"},"thumbnailUrl":"https:\/\/blog.myvideomedia.com\/wp-content\/uploads\/2012\/10\/Graz_8371.jpg","datePublished":"2014-12-29T11:57:44+00:00","dateModified":"2022-01-16T15:27:55+00:00","description":"Graz ist ist eine Stadt mit Geschichte. Auf dem Hauptplatz, der vom Rathaus \u00fcberragt wird, befindet sich das Denkmal von Erzherzog Johann","breadcrumb":{"@id":"https:\/\/blog.myvideomedia.com\/de\/graz-steiermark\/#breadcrumb"},"inLanguage":"de","potentialAction":[{"@type":"ReadAction","target":["https:\/\/blog.myvideomedia.com\/de\/graz-steiermark\/"]}]},{"@type":"ImageObject","inLanguage":"de","@id":"https:\/\/blog.myvideomedia.com\/de\/graz-steiermark\/#primaryimage","url":"https:\/\/blog.myvideomedia.com\/wp-content\/uploads\/2012\/10\/Graz_8371.jpg","contentUrl":"https:\/\/blog.myvideomedia.com\/wp-content\/uploads\/2012\/10\/Graz_8371.jpg","width":1260,"height":840,"caption":"The old town of Graz"},{"@type":"BreadcrumbList","@id":"https:\/\/blog.myvideomedia.com\/de\/graz-steiermark\/#breadcrumb","itemListElement":[{"@type":"ListItem","position":1,"name":"Home","item":"https:\/\/blog.myvideomedia.com\/de\/"},{"@type":"ListItem","position":2,"name":"Graz &#8211; die Hauptstadt der Steiermark"}]},{"@type":"WebSite","@id":"https:\/\/blog.myvideomedia.com\/de\/#website","url":"https:\/\/blog.myvideomedia.com\/de\/","name":"Travel Video Blog","description":"myVideoMedia Reisetipps und Reisevideos","publisher":{"@id":"https:\/\/blog.myvideomedia.com\/de\/#\/schema\/person\/87be8fbbed69b1562242448c1c3dcbec"},"potentialAction":[{"@type":"SearchAction","target":{"@type":"EntryPoint","urlTemplate":"https:\/\/blog.myvideomedia.com\/de\/?s={search_term_string}"},"query-input":{"@type":"PropertyValueSpecification","valueRequired":true,"valueName":"search_term_string"}}],"inLanguage":"de"},{"@type":["Person","Organization"],"@id":"https:\/\/blog.myvideomedia.com\/de\/#\/schema\/person\/87be8fbbed69b1562242448c1c3dcbec","name":"myVideoMedia","image":{"@type":"ImageObject","inLanguage":"de","@id":"https:\/\/secure.gravatar.com\/avatar\/460720160715ef8975b781abd1b6985e55ce2f01567bb6757bebd73e7cf74c97?s=96&d=mm&r=g","url":"https:\/\/secure.gravatar.com\/avatar\/460720160715ef8975b781abd1b6985e55ce2f01567bb6757bebd73e7cf74c97?s=96&d=mm&r=g","contentUrl":"https:\/\/secure.gravatar.com\/avatar\/460720160715ef8975b781abd1b6985e55ce2f01567bb6757bebd73e7cf74c97?s=96&d=mm&r=g","caption":"myVideoMedia"},"logo":{"@id":"https:\/\/secure.gravatar.com\/avatar\/460720160715ef8975b781abd1b6985e55ce2f01567bb6757bebd73e7cf74c97?s=96&d=mm&r=g"},"description":"\"The World is a book, and those who do not travel read only a page\" - Aurelius Augustinus (354 - 430 AD) Travel is our passion. With our posts and videos we like to inspire people who are planning or preparing for holidays as well as people who simply want to escape from everyday life and dream of faraway countries.","sameAs":["https:\/\/www.myvideomedia.com","https:\/\/www.facebook.com\/ursula.streit.520"],"url":"https:\/\/blog.myvideomedia.com\/de\/author\/traveladm\/"}]}},"featured_image_src":"https:\/\/blog.myvideomedia.com\/wp-content\/uploads\/2012\/10\/Graz_8371.jpg","featured_image_src_square":"https:\/\/blog.myvideomedia.com\/wp-content\/uploads\/2012\/10\/Graz_8371.jpg","author_info":{"display_name":"myVideoMedia","author_link":"https:\/\/blog.myvideomedia.com\/de\/author\/traveladm\/"},"_links":{"self":[{"href":"https:\/\/blog.myvideomedia.com\/de\/wp-json\/wp\/v2\/posts\/5779","targetHints":{"allow":["GET"]}}],"collection":[{"href":"https:\/\/blog.myvideomedia.com\/de\/wp-json\/wp\/v2\/posts"}],"about":[{"href":"https:\/\/blog.myvideomedia.com\/de\/wp-json\/wp\/v2\/types\/post"}],"author":[{"embeddable":true,"href":"https:\/\/blog.myvideomedia.com\/de\/wp-json\/wp\/v2\/users\/1"}],"replies":[{"embeddable":true,"href":"https:\/\/blog.myvideomedia.com\/de\/wp-json\/wp\/v2\/comments?post=5779"}],"version-history":[{"count":0,"href":"https:\/\/blog.myvideomedia.com\/de\/wp-json\/wp\/v2\/posts\/5779\/revisions"}],"wp:featuredmedia":[{"embeddable":true,"href":"https:\/\/blog.myvideomedia.com\/de\/wp-json\/wp\/v2\/media\/26163"}],"wp:attachment":[{"href":"https:\/\/blog.myvideomedia.com\/de\/wp-json\/wp\/v2\/media?parent=5779"}],"wp:term":[{"taxonomy":"category","embeddable":true,"href":"https:\/\/blog.myvideomedia.com\/de\/wp-json\/wp\/v2\/categories?post=5779"},{"taxonomy":"post_tag","embeddable":true,"href":"https:\/\/blog.myvideomedia.com\/de\/wp-json\/wp\/v2\/tags?post=5779"}],"curies":[{"name":"wp","href":"https:\/\/api.w.org\/{rel}","templated":true}]}}