{"id":5785,"date":"2014-12-29T18:27:16","date_gmt":"2014-12-29T17:27:16","guid":{"rendered":"https:\/\/blog.myvideomedia.com\/?p=5785"},"modified":"2025-05-28T14:49:47","modified_gmt":"2025-05-28T13:49:47","slug":"die-stadt-luxemburg","status":"publish","type":"post","link":"https:\/\/blog.myvideomedia.com\/de\/die-stadt-luxemburg\/","title":{"rendered":"Die Stadt Luxemburg"},"content":{"rendered":"\n<p>Die Stadt Luxemburg ist die Hauptstadt des Gro\u00dfherzogtums Luxemburg.<\/p>\n\n\n\n<p>Oberhalb des Petruss-Tal erhebt sich der Bockfelsen mit der Burg und der Oberstadt. Besiedelt war Luxemburg bereits von den Kelten, sp\u00e4ter von den R\u00f6mern. Danach kamen die germanischen Franken und mit ihnen das Christentum.<\/p>\n\n\n\n<h3 class=\"wp-block-heading\"><a href=\"https:\/\/youtu.be\/LtzqnyF5soc\" target=\"_blank\" rel=\"noopener nofollow noreferrer\">Hier sehen Sie das Video<\/a><\/h3>\n\n\n\n<figure> <div class=\"brlbs-cmpnt-container brlbs-cmpnt-content-blocker brlbs-cmpnt-with-individual-styles\" data-borlabs-cookie-content-blocker-id=\"youtube-content-blocker\" data-borlabs-cookie-content=\"PGlmcmFtZSBzcmM9Imh0dHBzOi8vd3d3LnlvdXR1YmUtbm9jb29raWUuY29tL2VtYmVkL0x0enFueUY1c29jIiB3aWR0aD0iNjAwIiBoZWlnaHQ9IjM0MCI+PC9pZnJhbWU+\"><div class=\"brlbs-cmpnt-cb-preset-c brlbs-cmpnt-cb-youtube\"> <div class=\"brlbs-cmpnt-cb-thumbnail\" style=\"background-image: url('https:\/\/blog.myvideomedia.com\/wp-content\/uploads\/borlabs-cookie\/1\/yt_LtzqnyF5soc_hqdefault.jpg')\"><\/div> <div class=\"brlbs-cmpnt-cb-main\"> <div class=\"brlbs-cmpnt-cb-play-button\"><\/div> <div class=\"brlbs-cmpnt-cb-content\"> <p class=\"brlbs-cmpnt-cb-description\">Sie sehen gerade einen Platzhalterinhalt von <strong>YouTube<\/strong>. Um auf den eigentlichen Inhalt zuzugreifen, klicken Sie auf die Schaltfl\u00e4che unten. Bitte beachten Sie, dass dabei Daten an Drittanbieter weitergegeben werden.<\/p> <a class=\"brlbs-cmpnt-cb-provider-toggle\" href=\"#\" data-borlabs-cookie-show-provider-information role=\"button\">Mehr Informationen<\/a> <\/div> <div class=\"brlbs-cmpnt-cb-buttons\"> <a class=\"brlbs-cmpnt-cb-btn\" href=\"#\" data-borlabs-cookie-unblock role=\"button\">Inhalt entsperren<\/a> <a class=\"brlbs-cmpnt-cb-btn\" href=\"#\" data-borlabs-cookie-accept-service role=\"button\" style=\"display: inherit\">Erforderlichen Service akzeptieren und Inhalte entsperren<\/a> <\/div> <\/div> <\/div><\/div><\/figure>\n\n\n\n<p>Ab dem 16. Jahrhundert wurde die Stadt Luxemburg zu einer der st\u00e4rksten Festungen Europas ausgebaut. Burgunder, Spanier, Franzosen, \u00d6sterreicher und Preu\u00dfen wechselten sich in der politischen F\u00fchrung ab.<\/p>\n\n\n<div class=\"wp-block-image\">\n<figure class=\"aligncenter\"><img loading=\"lazy\" decoding=\"async\" width=\"800\" height=\"533\" src=\"https:\/\/blog.myvideomedia.com\/wp-content\/uploads\/2013\/07\/Lux_Blick-aus-Kasematten_4157.jpg\" alt=\"Bock fiels Luxembourg\" class=\"wp-image-927\" srcset=\"https:\/\/blog.myvideomedia.com\/wp-content\/uploads\/2013\/07\/Lux_Blick-aus-Kasematten_4157.jpg 800w, https:\/\/blog.myvideomedia.com\/wp-content\/uploads\/2013\/07\/Lux_Blick-aus-Kasematten_4157-300x199.jpg 300w\" sizes=\"auto, (max-width: 800px) 100vw, 800px\" \/><\/figure>\n<\/div>\n\n\n<p>Damals entstanden die Kasematten und Mineng\u00e4nge, in die Felsen unterhalb der Burg gehauene G\u00e4nge und R\u00e4ume mit einer Gesamtl\u00e4nge von 23 km.<\/p>\n\n\n\n<p>Seit 1867 gilt Luxemburg als neutral, wurde dennoch zweimal von deutschen Truppen besetzt. Luxemburg ist eines der Gr\u00fcndungsmitglieder der Europ\u00e4ischen Union und Sitz wichtiger europ\u00e4ischer Institutionen.<\/p>\n\n\n\n<p>Die Stadt Luxemburg ist eine der Hauptst\u00e4dte der EU und ein wichtiger Finanzplatz. 2007 war Luxemburg Kulturhauptstadt Europas.<\/p>\n\n\n<div class=\"wp-block-image\">\n<figure class=\"aligncenter\"><img loading=\"lazy\" decoding=\"async\" width=\"800\" height=\"533\" src=\"https:\/\/blog.myvideomedia.com\/wp-content\/uploads\/2013\/07\/Lux_Grossherzogliches-Palais_4127.jpg\" alt=\"gro\u00dfherzoglichen Palais Luxemburg\" class=\"wp-image-928\" srcset=\"https:\/\/blog.myvideomedia.com\/wp-content\/uploads\/2013\/07\/Lux_Grossherzogliches-Palais_4127.jpg 800w, https:\/\/blog.myvideomedia.com\/wp-content\/uploads\/2013\/07\/Lux_Grossherzogliches-Palais_4127-300x199.jpg 300w\" sizes=\"auto, (max-width: 800px) 100vw, 800px\" \/><\/figure>\n<\/div>\n\n\n<p>Unser Rundgang beginnt im Zentrum der Altstadt, vorbei an der Stadtresidenz des Gro\u00dfherzogs \u2013 dem gro\u00dfherzoglichen Palais. Anschlie\u00dfend besuchen wir die Kasematten.<\/p>\n\n\n<div class=\"wp-block-image\">\n<figure class=\"aligncenter\"><img loading=\"lazy\" decoding=\"async\" width=\"800\" height=\"533\" src=\"https:\/\/blog.myvideomedia.com\/wp-content\/uploads\/2013\/07\/Lux_in-Kasematten_4155.jpg\" alt=\"In den Kasematten Luxemburg\" class=\"wp-image-929\" srcset=\"https:\/\/blog.myvideomedia.com\/wp-content\/uploads\/2013\/07\/Lux_in-Kasematten_4155.jpg 800w, https:\/\/blog.myvideomedia.com\/wp-content\/uploads\/2013\/07\/Lux_in-Kasematten_4155-300x199.jpg 300w\" sizes=\"auto, (max-width: 800px) 100vw, 800px\" \/><\/figure>\n<\/div>\n\n\n<p>Seit 1994 ist die Altstadt mit den Resten der Festung UNESCO-Weltkulturerbe.<\/p>\n\n\n\n<h3 class=\"wp-block-heading\">Pin it for later<\/h3>\n\n\n\n<figure class=\"wp-block-image\"><img loading=\"lazy\" decoding=\"async\" width=\"600\" height=\"900\" src=\"https:\/\/blog.myvideomedia.com\/wp-content\/uploads\/2019\/09\/Pin-Luxemburg.jpg\" alt=\"In der Stadt Luxemburg\" class=\"wp-image-24051\" srcset=\"https:\/\/blog.myvideomedia.com\/wp-content\/uploads\/2019\/09\/Pin-Luxemburg.jpg 600w, https:\/\/blog.myvideomedia.com\/wp-content\/uploads\/2019\/09\/Pin-Luxemburg-400x600.jpg 400w\" sizes=\"auto, (max-width: 600px) 100vw, 600px\" \/><\/figure>\n\n\n\n<p>Text, Fotos und Video: Copyright \u00a9 <a href=\"https:\/\/www.myvideomedia.com\/de\" target=\"_blank\" rel=\"noopener noreferrer\">myVideoMedia<\/a><\/p>\n","protected":false},"excerpt":{"rendered":"<p>Die Stadt Luxemburg ist die Hauptstadt des Gro\u00dfherzogtums Luxemburg. Oberhalb des Petruss-Tal erhebt sich der Bockfelsen mit der Burg und der Oberstadt. Besiedelt war Luxemburg bereits von den Kelten, sp\u00e4ter von den R\u00f6mern. Danach kamen die germanischen Franken und mit ihnen das Christentum. Hier sehen Sie das Video Sie sehen gerade einen Platzhalterinhalt von YouTube. [&hellip;]<\/p>\n","protected":false},"author":1,"featured_media":24048,"comment_status":"closed","ping_status":"closed","sticky":false,"template":"","format":"standard","meta":{"_genesis_hide_title":false,"_genesis_hide_breadcrumbs":false,"_genesis_hide_singular_image":false,"_genesis_hide_footer_widgets":false,"_genesis_custom_body_class":"","_genesis_custom_post_class":"","_genesis_layout":"","footnotes":""},"categories":[1550,522],"tags":[1532,455,469,453,476],"class_list":{"0":"post-5785","1":"post","2":"type-post","3":"status-publish","4":"format-standard","5":"has-post-thumbnail","7":"category-europa","8":"category-luxemburg","9":"tag-geschichte-de","10":"tag-kultur","11":"tag-natur","12":"tag-stadt","13":"tag-unesco-weltkulturerbe","14":"entry"},"yoast_head":"<!-- This site is optimized with the Yoast SEO plugin v27.4 - https:\/\/yoast.com\/product\/yoast-seo-wordpress\/ -->\n<title>Die Stadt Luxemburg - Gro\u00dfherzogtum Luxemburg - Reise Video Blog<\/title>\n<meta name=\"description\" content=\"Die Stadt Luxemburg ist eine der Hauptst\u00e4dte der EU und ein wichtiger Finanzplatz. 2007 war Luxemburg Kulturhauptstadt Europas.\" \/>\n<meta name=\"robots\" content=\"index, follow, max-snippet:-1, max-image-preview:large, max-video-preview:-1\" \/>\n<link rel=\"canonical\" href=\"https:\/\/blog.myvideomedia.com\/de\/die-stadt-luxemburg\/\" \/>\n<meta property=\"og:locale\" content=\"de_DE\" \/>\n<meta property=\"og:type\" content=\"article\" \/>\n<meta property=\"og:title\" content=\"Die Stadt Luxemburg - Gro\u00dfherzogtum Luxemburg - Reise Video Blog\" \/>\n<meta property=\"og:description\" content=\"Die Stadt Luxemburg ist eine der Hauptst\u00e4dte der EU und ein wichtiger Finanzplatz. 2007 war Luxemburg Kulturhauptstadt Europas.\" \/>\n<meta property=\"og:url\" content=\"https:\/\/blog.myvideomedia.com\/de\/die-stadt-luxemburg\/\" \/>\n<meta property=\"og:site_name\" content=\"Reise Video Blog\" \/>\n<meta property=\"article:publisher\" content=\"https:\/\/www.facebook.com\/ursula.streit.520\" \/>\n<meta property=\"article:author\" content=\"https:\/\/www.facebook.com\/ursula.streit.520\" \/>\n<meta property=\"article:published_time\" content=\"2014-12-29T17:27:16+00:00\" \/>\n<meta property=\"article:modified_time\" content=\"2025-05-28T13:49:47+00:00\" \/>\n<meta property=\"og:image\" content=\"https:\/\/blog.myvideomedia.com\/wp-content\/uploads\/2014\/12\/cropped-Luxemburg_4157.jpg\" \/>\n\t<meta property=\"og:image:width\" content=\"1304\" \/>\n\t<meta property=\"og:image:height\" content=\"733\" \/>\n\t<meta property=\"og:image:type\" content=\"image\/jpeg\" \/>\n<meta name=\"author\" content=\"myVideoMedia\" \/>\n<meta name=\"twitter:card\" content=\"summary_large_image\" \/>\n<meta name=\"twitter:creator\" content=\"@myvideomedia\" \/>\n<meta name=\"twitter:site\" content=\"@myvideomedia\" \/>\n<meta name=\"twitter:label1\" content=\"Verfasst von\" \/>\n\t<meta name=\"twitter:data1\" content=\"myVideoMedia\" \/>\n\t<meta name=\"twitter:label2\" content=\"Gesch\u00e4tzte Lesezeit\" \/>\n\t<meta name=\"twitter:data2\" content=\"3\u00a0Minuten\" \/>\n<script type=\"application\/ld+json\" class=\"yoast-schema-graph\">{\"@context\":\"https:\\\/\\\/schema.org\",\"@graph\":[{\"@type\":\"Article\",\"@id\":\"https:\\\/\\\/blog.myvideomedia.com\\\/de\\\/die-stadt-luxemburg\\\/#article\",\"isPartOf\":{\"@id\":\"https:\\\/\\\/blog.myvideomedia.com\\\/de\\\/die-stadt-luxemburg\\\/\"},\"author\":{\"name\":\"myVideoMedia\",\"@id\":\"https:\\\/\\\/blog.myvideomedia.com\\\/de\\\/#\\\/schema\\\/person\\\/87be8fbbed69b1562242448c1c3dcbec\"},\"headline\":\"Die Stadt Luxemburg\",\"datePublished\":\"2014-12-29T17:27:16+00:00\",\"dateModified\":\"2025-05-28T13:49:47+00:00\",\"mainEntityOfPage\":{\"@id\":\"https:\\\/\\\/blog.myvideomedia.com\\\/de\\\/die-stadt-luxemburg\\\/\"},\"wordCount\":199,\"publisher\":{\"@id\":\"https:\\\/\\\/blog.myvideomedia.com\\\/de\\\/#\\\/schema\\\/person\\\/87be8fbbed69b1562242448c1c3dcbec\"},\"image\":{\"@id\":\"https:\\\/\\\/blog.myvideomedia.com\\\/de\\\/die-stadt-luxemburg\\\/#primaryimage\"},\"thumbnailUrl\":\"https:\\\/\\\/blog.myvideomedia.com\\\/wp-content\\\/uploads\\\/2014\\\/12\\\/cropped-Luxemburg_4157.jpg\",\"keywords\":[\"Geschichte\",\"Kultur\",\"Natur\",\"Stadt\",\"UNESCO Weltkulturerbe\"],\"articleSection\":[\"Europa\",\"Luxemburg\"],\"inLanguage\":\"de\"},{\"@type\":\"WebPage\",\"@id\":\"https:\\\/\\\/blog.myvideomedia.com\\\/de\\\/die-stadt-luxemburg\\\/\",\"url\":\"https:\\\/\\\/blog.myvideomedia.com\\\/de\\\/die-stadt-luxemburg\\\/\",\"name\":\"Die Stadt Luxemburg - Gro\u00dfherzogtum Luxemburg - Reise Video Blog\",\"isPartOf\":{\"@id\":\"https:\\\/\\\/blog.myvideomedia.com\\\/de\\\/#website\"},\"primaryImageOfPage\":{\"@id\":\"https:\\\/\\\/blog.myvideomedia.com\\\/de\\\/die-stadt-luxemburg\\\/#primaryimage\"},\"image\":{\"@id\":\"https:\\\/\\\/blog.myvideomedia.com\\\/de\\\/die-stadt-luxemburg\\\/#primaryimage\"},\"thumbnailUrl\":\"https:\\\/\\\/blog.myvideomedia.com\\\/wp-content\\\/uploads\\\/2014\\\/12\\\/cropped-Luxemburg_4157.jpg\",\"datePublished\":\"2014-12-29T17:27:16+00:00\",\"dateModified\":\"2025-05-28T13:49:47+00:00\",\"description\":\"Die Stadt Luxemburg ist eine der Hauptst\u00e4dte der EU und ein wichtiger Finanzplatz. 2007 war Luxemburg Kulturhauptstadt Europas.\",\"breadcrumb\":{\"@id\":\"https:\\\/\\\/blog.myvideomedia.com\\\/de\\\/die-stadt-luxemburg\\\/#breadcrumb\"},\"inLanguage\":\"de\",\"potentialAction\":[{\"@type\":\"ReadAction\",\"target\":[\"https:\\\/\\\/blog.myvideomedia.com\\\/de\\\/die-stadt-luxemburg\\\/\"]}]},{\"@type\":\"ImageObject\",\"inLanguage\":\"de\",\"@id\":\"https:\\\/\\\/blog.myvideomedia.com\\\/de\\\/die-stadt-luxemburg\\\/#primaryimage\",\"url\":\"https:\\\/\\\/blog.myvideomedia.com\\\/wp-content\\\/uploads\\\/2014\\\/12\\\/cropped-Luxemburg_4157.jpg\",\"contentUrl\":\"https:\\\/\\\/blog.myvideomedia.com\\\/wp-content\\\/uploads\\\/2014\\\/12\\\/cropped-Luxemburg_4157.jpg\",\"width\":1304,\"height\":733},{\"@type\":\"BreadcrumbList\",\"@id\":\"https:\\\/\\\/blog.myvideomedia.com\\\/de\\\/die-stadt-luxemburg\\\/#breadcrumb\",\"itemListElement\":[{\"@type\":\"ListItem\",\"position\":1,\"name\":\"Home\",\"item\":\"https:\\\/\\\/blog.myvideomedia.com\\\/de\\\/\"},{\"@type\":\"ListItem\",\"position\":2,\"name\":\"Die Stadt Luxemburg\"}]},{\"@type\":\"WebSite\",\"@id\":\"https:\\\/\\\/blog.myvideomedia.com\\\/de\\\/#website\",\"url\":\"https:\\\/\\\/blog.myvideomedia.com\\\/de\\\/\",\"name\":\"Travel Video Blog\",\"description\":\"myVideoMedia Reisetipps und Reisevideos\",\"publisher\":{\"@id\":\"https:\\\/\\\/blog.myvideomedia.com\\\/de\\\/#\\\/schema\\\/person\\\/87be8fbbed69b1562242448c1c3dcbec\"},\"potentialAction\":[{\"@type\":\"SearchAction\",\"target\":{\"@type\":\"EntryPoint\",\"urlTemplate\":\"https:\\\/\\\/blog.myvideomedia.com\\\/de\\\/?s={search_term_string}\"},\"query-input\":{\"@type\":\"PropertyValueSpecification\",\"valueRequired\":true,\"valueName\":\"search_term_string\"}}],\"inLanguage\":\"de\"},{\"@type\":[\"Person\",\"Organization\"],\"@id\":\"https:\\\/\\\/blog.myvideomedia.com\\\/de\\\/#\\\/schema\\\/person\\\/87be8fbbed69b1562242448c1c3dcbec\",\"name\":\"myVideoMedia\",\"image\":{\"@type\":\"ImageObject\",\"inLanguage\":\"de\",\"@id\":\"https:\\\/\\\/secure.gravatar.com\\\/avatar\\\/460720160715ef8975b781abd1b6985e55ce2f01567bb6757bebd73e7cf74c97?s=96&d=mm&r=g\",\"url\":\"https:\\\/\\\/secure.gravatar.com\\\/avatar\\\/460720160715ef8975b781abd1b6985e55ce2f01567bb6757bebd73e7cf74c97?s=96&d=mm&r=g\",\"contentUrl\":\"https:\\\/\\\/secure.gravatar.com\\\/avatar\\\/460720160715ef8975b781abd1b6985e55ce2f01567bb6757bebd73e7cf74c97?s=96&d=mm&r=g\",\"caption\":\"myVideoMedia\"},\"logo\":{\"@id\":\"https:\\\/\\\/secure.gravatar.com\\\/avatar\\\/460720160715ef8975b781abd1b6985e55ce2f01567bb6757bebd73e7cf74c97?s=96&d=mm&r=g\"},\"description\":\"\\\"The World is a book, and those who do not travel read only a page\\\" - Aurelius Augustinus (354 - 430 AD) Travel is our passion. With our posts and videos we like to inspire people who are planning or preparing for holidays as well as people who simply want to escape from everyday life and dream of faraway countries.\",\"sameAs\":[\"https:\\\/\\\/www.myvideomedia.com\",\"https:\\\/\\\/www.facebook.com\\\/ursula.streit.520\"],\"url\":\"https:\\\/\\\/blog.myvideomedia.com\\\/de\\\/author\\\/traveladm\\\/\"}]}<\/script>\n<!-- \/ Yoast SEO plugin. -->","yoast_head_json":{"title":"Die Stadt Luxemburg - Gro\u00dfherzogtum Luxemburg - Reise Video Blog","description":"Die Stadt Luxemburg ist eine der Hauptst\u00e4dte der EU und ein wichtiger Finanzplatz. 2007 war Luxemburg Kulturhauptstadt Europas.","robots":{"index":"index","follow":"follow","max-snippet":"max-snippet:-1","max-image-preview":"max-image-preview:large","max-video-preview":"max-video-preview:-1"},"canonical":"https:\/\/blog.myvideomedia.com\/de\/die-stadt-luxemburg\/","og_locale":"de_DE","og_type":"article","og_title":"Die Stadt Luxemburg - Gro\u00dfherzogtum Luxemburg - Reise Video Blog","og_description":"Die Stadt Luxemburg ist eine der Hauptst\u00e4dte der EU und ein wichtiger Finanzplatz. 2007 war Luxemburg Kulturhauptstadt Europas.","og_url":"https:\/\/blog.myvideomedia.com\/de\/die-stadt-luxemburg\/","og_site_name":"Reise Video Blog","article_publisher":"https:\/\/www.facebook.com\/ursula.streit.520","article_author":"https:\/\/www.facebook.com\/ursula.streit.520","article_published_time":"2014-12-29T17:27:16+00:00","article_modified_time":"2025-05-28T13:49:47+00:00","og_image":[{"width":1304,"height":733,"url":"https:\/\/blog.myvideomedia.com\/wp-content\/uploads\/2014\/12\/cropped-Luxemburg_4157.jpg","type":"image\/jpeg"}],"author":"myVideoMedia","twitter_card":"summary_large_image","twitter_creator":"@myvideomedia","twitter_site":"@myvideomedia","twitter_misc":{"Verfasst von":"myVideoMedia","Gesch\u00e4tzte Lesezeit":"3\u00a0Minuten"},"schema":{"@context":"https:\/\/schema.org","@graph":[{"@type":"Article","@id":"https:\/\/blog.myvideomedia.com\/de\/die-stadt-luxemburg\/#article","isPartOf":{"@id":"https:\/\/blog.myvideomedia.com\/de\/die-stadt-luxemburg\/"},"author":{"name":"myVideoMedia","@id":"https:\/\/blog.myvideomedia.com\/de\/#\/schema\/person\/87be8fbbed69b1562242448c1c3dcbec"},"headline":"Die Stadt Luxemburg","datePublished":"2014-12-29T17:27:16+00:00","dateModified":"2025-05-28T13:49:47+00:00","mainEntityOfPage":{"@id":"https:\/\/blog.myvideomedia.com\/de\/die-stadt-luxemburg\/"},"wordCount":199,"publisher":{"@id":"https:\/\/blog.myvideomedia.com\/de\/#\/schema\/person\/87be8fbbed69b1562242448c1c3dcbec"},"image":{"@id":"https:\/\/blog.myvideomedia.com\/de\/die-stadt-luxemburg\/#primaryimage"},"thumbnailUrl":"https:\/\/blog.myvideomedia.com\/wp-content\/uploads\/2014\/12\/cropped-Luxemburg_4157.jpg","keywords":["Geschichte","Kultur","Natur","Stadt","UNESCO Weltkulturerbe"],"articleSection":["Europa","Luxemburg"],"inLanguage":"de"},{"@type":"WebPage","@id":"https:\/\/blog.myvideomedia.com\/de\/die-stadt-luxemburg\/","url":"https:\/\/blog.myvideomedia.com\/de\/die-stadt-luxemburg\/","name":"Die Stadt Luxemburg - Gro\u00dfherzogtum Luxemburg - Reise Video Blog","isPartOf":{"@id":"https:\/\/blog.myvideomedia.com\/de\/#website"},"primaryImageOfPage":{"@id":"https:\/\/blog.myvideomedia.com\/de\/die-stadt-luxemburg\/#primaryimage"},"image":{"@id":"https:\/\/blog.myvideomedia.com\/de\/die-stadt-luxemburg\/#primaryimage"},"thumbnailUrl":"https:\/\/blog.myvideomedia.com\/wp-content\/uploads\/2014\/12\/cropped-Luxemburg_4157.jpg","datePublished":"2014-12-29T17:27:16+00:00","dateModified":"2025-05-28T13:49:47+00:00","description":"Die Stadt Luxemburg ist eine der Hauptst\u00e4dte der EU und ein wichtiger Finanzplatz. 2007 war Luxemburg Kulturhauptstadt Europas.","breadcrumb":{"@id":"https:\/\/blog.myvideomedia.com\/de\/die-stadt-luxemburg\/#breadcrumb"},"inLanguage":"de","potentialAction":[{"@type":"ReadAction","target":["https:\/\/blog.myvideomedia.com\/de\/die-stadt-luxemburg\/"]}]},{"@type":"ImageObject","inLanguage":"de","@id":"https:\/\/blog.myvideomedia.com\/de\/die-stadt-luxemburg\/#primaryimage","url":"https:\/\/blog.myvideomedia.com\/wp-content\/uploads\/2014\/12\/cropped-Luxemburg_4157.jpg","contentUrl":"https:\/\/blog.myvideomedia.com\/wp-content\/uploads\/2014\/12\/cropped-Luxemburg_4157.jpg","width":1304,"height":733},{"@type":"BreadcrumbList","@id":"https:\/\/blog.myvideomedia.com\/de\/die-stadt-luxemburg\/#breadcrumb","itemListElement":[{"@type":"ListItem","position":1,"name":"Home","item":"https:\/\/blog.myvideomedia.com\/de\/"},{"@type":"ListItem","position":2,"name":"Die Stadt Luxemburg"}]},{"@type":"WebSite","@id":"https:\/\/blog.myvideomedia.com\/de\/#website","url":"https:\/\/blog.myvideomedia.com\/de\/","name":"Travel Video Blog","description":"myVideoMedia Reisetipps und Reisevideos","publisher":{"@id":"https:\/\/blog.myvideomedia.com\/de\/#\/schema\/person\/87be8fbbed69b1562242448c1c3dcbec"},"potentialAction":[{"@type":"SearchAction","target":{"@type":"EntryPoint","urlTemplate":"https:\/\/blog.myvideomedia.com\/de\/?s={search_term_string}"},"query-input":{"@type":"PropertyValueSpecification","valueRequired":true,"valueName":"search_term_string"}}],"inLanguage":"de"},{"@type":["Person","Organization"],"@id":"https:\/\/blog.myvideomedia.com\/de\/#\/schema\/person\/87be8fbbed69b1562242448c1c3dcbec","name":"myVideoMedia","image":{"@type":"ImageObject","inLanguage":"de","@id":"https:\/\/secure.gravatar.com\/avatar\/460720160715ef8975b781abd1b6985e55ce2f01567bb6757bebd73e7cf74c97?s=96&d=mm&r=g","url":"https:\/\/secure.gravatar.com\/avatar\/460720160715ef8975b781abd1b6985e55ce2f01567bb6757bebd73e7cf74c97?s=96&d=mm&r=g","contentUrl":"https:\/\/secure.gravatar.com\/avatar\/460720160715ef8975b781abd1b6985e55ce2f01567bb6757bebd73e7cf74c97?s=96&d=mm&r=g","caption":"myVideoMedia"},"logo":{"@id":"https:\/\/secure.gravatar.com\/avatar\/460720160715ef8975b781abd1b6985e55ce2f01567bb6757bebd73e7cf74c97?s=96&d=mm&r=g"},"description":"\"The World is a book, and those who do not travel read only a page\" - Aurelius Augustinus (354 - 430 AD) Travel is our passion. With our posts and videos we like to inspire people who are planning or preparing for holidays as well as people who simply want to escape from everyday life and dream of faraway countries.","sameAs":["https:\/\/www.myvideomedia.com","https:\/\/www.facebook.com\/ursula.streit.520"],"url":"https:\/\/blog.myvideomedia.com\/de\/author\/traveladm\/"}]}},"featured_image_src":"https:\/\/blog.myvideomedia.com\/wp-content\/uploads\/2014\/12\/cropped-Luxemburg_4157.jpg","featured_image_src_square":"https:\/\/blog.myvideomedia.com\/wp-content\/uploads\/2014\/12\/cropped-Luxemburg_4157.jpg","author_info":{"display_name":"myVideoMedia","author_link":"https:\/\/blog.myvideomedia.com\/de\/author\/traveladm\/"},"_links":{"self":[{"href":"https:\/\/blog.myvideomedia.com\/de\/wp-json\/wp\/v2\/posts\/5785","targetHints":{"allow":["GET"]}}],"collection":[{"href":"https:\/\/blog.myvideomedia.com\/de\/wp-json\/wp\/v2\/posts"}],"about":[{"href":"https:\/\/blog.myvideomedia.com\/de\/wp-json\/wp\/v2\/types\/post"}],"author":[{"embeddable":true,"href":"https:\/\/blog.myvideomedia.com\/de\/wp-json\/wp\/v2\/users\/1"}],"replies":[{"embeddable":true,"href":"https:\/\/blog.myvideomedia.com\/de\/wp-json\/wp\/v2\/comments?post=5785"}],"version-history":[{"count":0,"href":"https:\/\/blog.myvideomedia.com\/de\/wp-json\/wp\/v2\/posts\/5785\/revisions"}],"wp:featuredmedia":[{"embeddable":true,"href":"https:\/\/blog.myvideomedia.com\/de\/wp-json\/wp\/v2\/media\/24048"}],"wp:attachment":[{"href":"https:\/\/blog.myvideomedia.com\/de\/wp-json\/wp\/v2\/media?parent=5785"}],"wp:term":[{"taxonomy":"category","embeddable":true,"href":"https:\/\/blog.myvideomedia.com\/de\/wp-json\/wp\/v2\/categories?post=5785"},{"taxonomy":"post_tag","embeddable":true,"href":"https:\/\/blog.myvideomedia.com\/de\/wp-json\/wp\/v2\/tags?post=5785"}],"curies":[{"name":"wp","href":"https:\/\/api.w.org\/{rel}","templated":true}]}}