{"id":5856,"date":"2015-01-04T15:39:59","date_gmt":"2015-01-04T14:39:59","guid":{"rendered":"https:\/\/blog.myvideomedia.com\/?p=5856"},"modified":"2022-01-26T15:35:02","modified_gmt":"2022-01-26T14:35:02","slug":"lissabon-die-perle-portugals","status":"publish","type":"post","link":"https:\/\/blog.myvideomedia.com\/de\/lissabon-die-perle-portugals\/","title":{"rendered":"Lissabon &#8211; die Perle Portugals"},"content":{"rendered":"\n<p>Lissabon, die Hauptstadt Portugals wird zu Recht auch die Perle Portugals genannt.<\/p>\n\n\n\n<p>Die pulsierende, weltoffene Metropole liegt malerisch auf sieben H\u00fcgeln blickt auf eine bewegte Geschichte zur\u00fcck.<\/p>\n\n\n\n<p>Ihre Lage an der M\u00fcndung des Tejo pr\u00e4destinierte sie bereits bei den Ph\u00f6niziern und R\u00f6mern zu einer wichtigen Hafenstadt. <\/p>\n\n\n\n<h3 class=\"wp-block-heading\" id=\"hier-sehen-sie-das-video\"><a href=\"https:\/\/youtu.be\/6UfoP6Scuow\" target=\"_blank\" rel=\"noreferrer noopener\" aria-label=\"Hier sehen Sie das Video (\u00f6ffnet in neuem Tab)\">Hier sehen Sie das Video<\/a><\/h3>\n\n\n\n<figure> <div class=\"brlbs-cmpnt-container brlbs-cmpnt-content-blocker brlbs-cmpnt-with-individual-styles\" data-borlabs-cookie-content-blocker-id=\"youtube-content-blocker\" data-borlabs-cookie-content=\"PGlmcmFtZSBzcmM9Imh0dHBzOi8vd3d3LnlvdXR1YmUtbm9jb29raWUuY29tL2VtYmVkLzZVZm9QNlNjdW93IiB3aWR0aD0iNTYwIiBoZWlnaHQ9IjMxNSI+PC9pZnJhbWU+\"><div class=\"brlbs-cmpnt-cb-preset-c brlbs-cmpnt-cb-youtube\"> <div class=\"brlbs-cmpnt-cb-thumbnail\" style=\"background-image: url('https:\/\/blog.myvideomedia.com\/wp-content\/uploads\/borlabs-cookie\/1\/yt_6UfoP6Scuow_hqdefault.jpg')\"><\/div> <div class=\"brlbs-cmpnt-cb-main\"> <div class=\"brlbs-cmpnt-cb-play-button\"><\/div> <div class=\"brlbs-cmpnt-cb-content\"> <p class=\"brlbs-cmpnt-cb-description\">Sie sehen gerade einen Platzhalterinhalt von <strong>YouTube<\/strong>. Um auf den eigentlichen Inhalt zuzugreifen, klicken Sie auf die Schaltfl\u00e4che unten. Bitte beachten Sie, dass dabei Daten an Drittanbieter weitergegeben werden.<\/p> <a class=\"brlbs-cmpnt-cb-provider-toggle\" href=\"#\" data-borlabs-cookie-show-provider-information role=\"button\">Mehr Informationen<\/a> <\/div> <div class=\"brlbs-cmpnt-cb-buttons\"> <a class=\"brlbs-cmpnt-cb-btn\" href=\"#\" data-borlabs-cookie-unblock role=\"button\">Inhalt entsperren<\/a> <a class=\"brlbs-cmpnt-cb-btn\" href=\"#\" data-borlabs-cookie-accept-service role=\"button\" style=\"display: inherit\">Erforderlichen Service akzeptieren und Inhalte entsperren<\/a> <\/div> <\/div> <\/div><\/div><\/figure>\n\n\n\n<p>Obwohl christlich gepr\u00e4gt, hinterlie\u00dfen auch die Mauren ihre Spuren in der Stadt.<\/p>\n\n\n\n<div class=\"wp-block-image\"><figure class=\"aligncenter\"><img loading=\"lazy\" decoding=\"async\" width=\"724\" height=\"540\" src=\"https:\/\/blog.myvideomedia.com\/wp-content\/uploads\/2013\/12\/Lisboa-5.jpg\" alt=\"Lissabon\" class=\"wp-image-3862\" srcset=\"https:\/\/blog.myvideomedia.com\/wp-content\/uploads\/2013\/12\/Lisboa-5.jpg 724w, https:\/\/blog.myvideomedia.com\/wp-content\/uploads\/2013\/12\/Lisboa-5-300x223.jpg 300w\" sizes=\"auto, (max-width: 724px) 100vw, 724px\" \/><\/figure><\/div>\n\n\n\n<p>Um 1500 erlebte Lissabon als Hauptstadt eines globalen Reiches, vor allem mit seiner Kolonie Brasilien, einen glanzvollen Aufstieg. Mit dem Gold aus Oro Preto (Brasilien) bezahlten die Portugiesen ihre Schulden bei den Engl\u00e4ndern und l\u00f6sten damit die industrielle Revolution aus.<\/p>\n\n\n\n<p> 1755 wurde die Stadt durch ein Erdbeben mit nachfolgendem Tsunami und verheerenden Br\u00e4nden nahezu vollst\u00e4ndig zerst\u00f6rt.<\/p>\n\n\n\n<div class=\"wp-block-image\"><figure class=\"aligncenter\"><img loading=\"lazy\" decoding=\"async\" width=\"724\" height=\"544\" src=\"https:\/\/blog.myvideomedia.com\/wp-content\/uploads\/2013\/12\/Lisboa-4.jpg\" alt=\"Lissabon\" class=\"wp-image-3861\" srcset=\"https:\/\/blog.myvideomedia.com\/wp-content\/uploads\/2013\/12\/Lisboa-4.jpg 724w, https:\/\/blog.myvideomedia.com\/wp-content\/uploads\/2013\/12\/Lisboa-4-300x225.jpg 300w\" sizes=\"auto, (max-width: 724px) 100vw, 724px\" \/><\/figure><\/div>\n\n\n\n<p>Heute ist Lissabon Sitz einiger Agenturen der Europ\u00e4ischen Union und war Veranstaltungsort der Expo 1998. Daneben ist Lissabon eine bedeutende Universit\u00e4tsstadt.<\/p>\n\n\n\n<div class=\"wp-block-image\"><figure class=\"aligncenter\"><img loading=\"lazy\" decoding=\"async\" width=\"724\" height=\"542\" src=\"https:\/\/blog.myvideomedia.com\/wp-content\/uploads\/2013\/12\/Lisboa-1.jpg\" alt=\"Ponte 25 de Abril \u00fcber den Tagus\" class=\"wp-image-3863\" srcset=\"https:\/\/blog.myvideomedia.com\/wp-content\/uploads\/2013\/12\/Lisboa-1.jpg 724w, https:\/\/blog.myvideomedia.com\/wp-content\/uploads\/2013\/12\/Lisboa-1-300x224.jpg 300w\" sizes=\"auto, (max-width: 724px) 100vw, 724px\" \/><\/figure><\/div>\n\n\n\n<p>Den sch\u00f6nsten Ausblick hat man vom Castelo de S\u00e3o Jorge aus. Immer noch beeindruckend ist die 3,2 km lange Br\u00fccke Ponte 25 de Abril \u00fcber den Tejo. Die am s\u00fcdlichen Ende der Br\u00fccke errichtete Christusfigur Cristo-Rei ist das Wahrzeichen der Stadt.<\/p>\n\n\n\n<p>Text und Video: Copyright \u00a9 <a rel=\"noopener noreferrer\" href=\"https:\/\/www.myvideomedia.de\/\" target=\"_blank\">myVideoMedia<\/a><\/p>\n","protected":false},"excerpt":{"rendered":"<p>Lissabon, die Hauptstadt Portugals wird zu Recht auch die Perle Portugals genannt. Die pulsierende, weltoffene Metropole liegt malerisch auf sieben H\u00fcgeln blickt auf eine bewegte Geschichte zur\u00fcck. Ihre Lage an der M\u00fcndung des Tejo pr\u00e4destinierte sie bereits bei den Ph\u00f6niziern und R\u00f6mern zu einer wichtigen Hafenstadt. Hier sehen Sie das Video Sie sehen gerade einen [&hellip;]<\/p>\n","protected":false},"author":1,"featured_media":3861,"comment_status":"open","ping_status":"closed","sticky":false,"template":"","format":"standard","meta":{"_genesis_hide_title":false,"_genesis_hide_breadcrumbs":false,"_genesis_hide_singular_image":false,"_genesis_hide_footer_widgets":false,"_genesis_custom_body_class":"","_genesis_custom_post_class":"","_genesis_layout":"","footnotes":""},"categories":[1550,525],"tags":[447,455,453],"class_list":{"0":"post-5856","1":"post","2":"type-post","3":"status-publish","4":"format-standard","5":"has-post-thumbnail","7":"category-europa","8":"category-portugal_d","9":"tag-architektur","10":"tag-kultur","11":"tag-stadt","12":"entry"},"yoast_head":"<!-- This site is optimized with the Yoast SEO plugin v27.4 - https:\/\/yoast.com\/product\/yoast-seo-wordpress\/ -->\n<title>Lissabon - die Perle Portugals - Reise Video Blog<\/title>\n<meta name=\"description\" content=\"Lissabon, die Hauptstadt Portugals, an der M\u00fcndung des Tejo war bereits bei den Ph\u00f6niziern und R\u00f6mern eine wichtige Hafenstadt.\" \/>\n<meta name=\"robots\" content=\"index, follow, max-snippet:-1, max-image-preview:large, max-video-preview:-1\" \/>\n<link rel=\"canonical\" href=\"https:\/\/blog.myvideomedia.com\/de\/lissabon-die-perle-portugals\/\" \/>\n<meta property=\"og:locale\" content=\"de_DE\" \/>\n<meta property=\"og:type\" content=\"article\" \/>\n<meta property=\"og:title\" content=\"Lissabon - die Perle Portugals - Reise Video Blog\" \/>\n<meta property=\"og:description\" content=\"Lissabon, die Hauptstadt Portugals, an der M\u00fcndung des Tejo war bereits bei den Ph\u00f6niziern und R\u00f6mern eine wichtige Hafenstadt.\" \/>\n<meta property=\"og:url\" content=\"https:\/\/blog.myvideomedia.com\/de\/lissabon-die-perle-portugals\/\" \/>\n<meta property=\"og:site_name\" content=\"Reise Video Blog\" \/>\n<meta property=\"article:publisher\" content=\"https:\/\/www.facebook.com\/ursula.streit.520\" \/>\n<meta property=\"article:author\" content=\"https:\/\/www.facebook.com\/ursula.streit.520\" \/>\n<meta property=\"article:published_time\" content=\"2015-01-04T14:39:59+00:00\" \/>\n<meta property=\"article:modified_time\" content=\"2022-01-26T14:35:02+00:00\" \/>\n<meta property=\"og:image\" content=\"https:\/\/blog.myvideomedia.com\/wp-content\/uploads\/2013\/12\/Lisboa-4.jpg\" \/>\n\t<meta property=\"og:image:width\" content=\"724\" \/>\n\t<meta property=\"og:image:height\" content=\"544\" \/>\n\t<meta property=\"og:image:type\" content=\"image\/jpeg\" \/>\n<meta name=\"author\" content=\"myVideoMedia\" \/>\n<meta name=\"twitter:card\" content=\"summary_large_image\" \/>\n<meta name=\"twitter:creator\" content=\"@myvideomedia\" \/>\n<meta name=\"twitter:site\" content=\"@myvideomedia\" \/>\n<meta name=\"twitter:label1\" content=\"Verfasst von\" \/>\n\t<meta name=\"twitter:data1\" content=\"myVideoMedia\" \/>\n\t<meta name=\"twitter:label2\" content=\"Gesch\u00e4tzte Lesezeit\" \/>\n\t<meta name=\"twitter:data2\" content=\"2\u00a0Minuten\" \/>\n<script type=\"application\/ld+json\" class=\"yoast-schema-graph\">{\"@context\":\"https:\\\/\\\/schema.org\",\"@graph\":[{\"@type\":\"Article\",\"@id\":\"https:\\\/\\\/blog.myvideomedia.com\\\/de\\\/lissabon-die-perle-portugals\\\/#article\",\"isPartOf\":{\"@id\":\"https:\\\/\\\/blog.myvideomedia.com\\\/de\\\/lissabon-die-perle-portugals\\\/\"},\"author\":{\"name\":\"myVideoMedia\",\"@id\":\"https:\\\/\\\/blog.myvideomedia.com\\\/de\\\/#\\\/schema\\\/person\\\/87be8fbbed69b1562242448c1c3dcbec\"},\"headline\":\"Lissabon &#8211; die Perle Portugals\",\"datePublished\":\"2015-01-04T14:39:59+00:00\",\"dateModified\":\"2022-01-26T14:35:02+00:00\",\"mainEntityOfPage\":{\"@id\":\"https:\\\/\\\/blog.myvideomedia.com\\\/de\\\/lissabon-die-perle-portugals\\\/\"},\"wordCount\":206,\"commentCount\":0,\"publisher\":{\"@id\":\"https:\\\/\\\/blog.myvideomedia.com\\\/de\\\/#\\\/schema\\\/person\\\/87be8fbbed69b1562242448c1c3dcbec\"},\"image\":{\"@id\":\"https:\\\/\\\/blog.myvideomedia.com\\\/de\\\/lissabon-die-perle-portugals\\\/#primaryimage\"},\"thumbnailUrl\":\"https:\\\/\\\/blog.myvideomedia.com\\\/wp-content\\\/uploads\\\/2013\\\/12\\\/Lisboa-4.jpg\",\"keywords\":[\"Architektur\",\"Kultur\",\"Stadt\"],\"articleSection\":[\"Europa\",\"Portugal\"],\"inLanguage\":\"de\",\"potentialAction\":[{\"@type\":\"CommentAction\",\"name\":\"Comment\",\"target\":[\"https:\\\/\\\/blog.myvideomedia.com\\\/de\\\/lissabon-die-perle-portugals\\\/#respond\"]}]},{\"@type\":\"WebPage\",\"@id\":\"https:\\\/\\\/blog.myvideomedia.com\\\/de\\\/lissabon-die-perle-portugals\\\/\",\"url\":\"https:\\\/\\\/blog.myvideomedia.com\\\/de\\\/lissabon-die-perle-portugals\\\/\",\"name\":\"Lissabon - die Perle Portugals - Reise Video Blog\",\"isPartOf\":{\"@id\":\"https:\\\/\\\/blog.myvideomedia.com\\\/de\\\/#website\"},\"primaryImageOfPage\":{\"@id\":\"https:\\\/\\\/blog.myvideomedia.com\\\/de\\\/lissabon-die-perle-portugals\\\/#primaryimage\"},\"image\":{\"@id\":\"https:\\\/\\\/blog.myvideomedia.com\\\/de\\\/lissabon-die-perle-portugals\\\/#primaryimage\"},\"thumbnailUrl\":\"https:\\\/\\\/blog.myvideomedia.com\\\/wp-content\\\/uploads\\\/2013\\\/12\\\/Lisboa-4.jpg\",\"datePublished\":\"2015-01-04T14:39:59+00:00\",\"dateModified\":\"2022-01-26T14:35:02+00:00\",\"description\":\"Lissabon, die Hauptstadt Portugals, an der M\u00fcndung des Tejo war bereits bei den Ph\u00f6niziern und R\u00f6mern eine wichtige Hafenstadt.\",\"breadcrumb\":{\"@id\":\"https:\\\/\\\/blog.myvideomedia.com\\\/de\\\/lissabon-die-perle-portugals\\\/#breadcrumb\"},\"inLanguage\":\"de\",\"potentialAction\":[{\"@type\":\"ReadAction\",\"target\":[\"https:\\\/\\\/blog.myvideomedia.com\\\/de\\\/lissabon-die-perle-portugals\\\/\"]}]},{\"@type\":\"ImageObject\",\"inLanguage\":\"de\",\"@id\":\"https:\\\/\\\/blog.myvideomedia.com\\\/de\\\/lissabon-die-perle-portugals\\\/#primaryimage\",\"url\":\"https:\\\/\\\/blog.myvideomedia.com\\\/wp-content\\\/uploads\\\/2013\\\/12\\\/Lisboa-4.jpg\",\"contentUrl\":\"https:\\\/\\\/blog.myvideomedia.com\\\/wp-content\\\/uploads\\\/2013\\\/12\\\/Lisboa-4.jpg\",\"width\":724,\"height\":544,\"caption\":\"Lissabon\"},{\"@type\":\"BreadcrumbList\",\"@id\":\"https:\\\/\\\/blog.myvideomedia.com\\\/de\\\/lissabon-die-perle-portugals\\\/#breadcrumb\",\"itemListElement\":[{\"@type\":\"ListItem\",\"position\":1,\"name\":\"Home\",\"item\":\"https:\\\/\\\/blog.myvideomedia.com\\\/de\\\/\"},{\"@type\":\"ListItem\",\"position\":2,\"name\":\"Lissabon &#8211; die Perle Portugals\"}]},{\"@type\":\"WebSite\",\"@id\":\"https:\\\/\\\/blog.myvideomedia.com\\\/de\\\/#website\",\"url\":\"https:\\\/\\\/blog.myvideomedia.com\\\/de\\\/\",\"name\":\"Travel Video Blog\",\"description\":\"myVideoMedia Reisetipps und Reisevideos\",\"publisher\":{\"@id\":\"https:\\\/\\\/blog.myvideomedia.com\\\/de\\\/#\\\/schema\\\/person\\\/87be8fbbed69b1562242448c1c3dcbec\"},\"potentialAction\":[{\"@type\":\"SearchAction\",\"target\":{\"@type\":\"EntryPoint\",\"urlTemplate\":\"https:\\\/\\\/blog.myvideomedia.com\\\/de\\\/?s={search_term_string}\"},\"query-input\":{\"@type\":\"PropertyValueSpecification\",\"valueRequired\":true,\"valueName\":\"search_term_string\"}}],\"inLanguage\":\"de\"},{\"@type\":[\"Person\",\"Organization\"],\"@id\":\"https:\\\/\\\/blog.myvideomedia.com\\\/de\\\/#\\\/schema\\\/person\\\/87be8fbbed69b1562242448c1c3dcbec\",\"name\":\"myVideoMedia\",\"image\":{\"@type\":\"ImageObject\",\"inLanguage\":\"de\",\"@id\":\"https:\\\/\\\/secure.gravatar.com\\\/avatar\\\/460720160715ef8975b781abd1b6985e55ce2f01567bb6757bebd73e7cf74c97?s=96&d=mm&r=g\",\"url\":\"https:\\\/\\\/secure.gravatar.com\\\/avatar\\\/460720160715ef8975b781abd1b6985e55ce2f01567bb6757bebd73e7cf74c97?s=96&d=mm&r=g\",\"contentUrl\":\"https:\\\/\\\/secure.gravatar.com\\\/avatar\\\/460720160715ef8975b781abd1b6985e55ce2f01567bb6757bebd73e7cf74c97?s=96&d=mm&r=g\",\"caption\":\"myVideoMedia\"},\"logo\":{\"@id\":\"https:\\\/\\\/secure.gravatar.com\\\/avatar\\\/460720160715ef8975b781abd1b6985e55ce2f01567bb6757bebd73e7cf74c97?s=96&d=mm&r=g\"},\"description\":\"\\\"The World is a book, and those who do not travel read only a page\\\" - Aurelius Augustinus (354 - 430 AD) Travel is our passion. With our posts and videos we like to inspire people who are planning or preparing for holidays as well as people who simply want to escape from everyday life and dream of faraway countries.\",\"sameAs\":[\"https:\\\/\\\/www.myvideomedia.com\",\"https:\\\/\\\/www.facebook.com\\\/ursula.streit.520\"],\"url\":\"https:\\\/\\\/blog.myvideomedia.com\\\/de\\\/author\\\/traveladm\\\/\"}]}<\/script>\n<!-- \/ Yoast SEO plugin. -->","yoast_head_json":{"title":"Lissabon - die Perle Portugals - Reise Video Blog","description":"Lissabon, die Hauptstadt Portugals, an der M\u00fcndung des Tejo war bereits bei den Ph\u00f6niziern und R\u00f6mern eine wichtige Hafenstadt.","robots":{"index":"index","follow":"follow","max-snippet":"max-snippet:-1","max-image-preview":"max-image-preview:large","max-video-preview":"max-video-preview:-1"},"canonical":"https:\/\/blog.myvideomedia.com\/de\/lissabon-die-perle-portugals\/","og_locale":"de_DE","og_type":"article","og_title":"Lissabon - die Perle Portugals - Reise Video Blog","og_description":"Lissabon, die Hauptstadt Portugals, an der M\u00fcndung des Tejo war bereits bei den Ph\u00f6niziern und R\u00f6mern eine wichtige Hafenstadt.","og_url":"https:\/\/blog.myvideomedia.com\/de\/lissabon-die-perle-portugals\/","og_site_name":"Reise Video Blog","article_publisher":"https:\/\/www.facebook.com\/ursula.streit.520","article_author":"https:\/\/www.facebook.com\/ursula.streit.520","article_published_time":"2015-01-04T14:39:59+00:00","article_modified_time":"2022-01-26T14:35:02+00:00","og_image":[{"width":724,"height":544,"url":"https:\/\/blog.myvideomedia.com\/wp-content\/uploads\/2013\/12\/Lisboa-4.jpg","type":"image\/jpeg"}],"author":"myVideoMedia","twitter_card":"summary_large_image","twitter_creator":"@myvideomedia","twitter_site":"@myvideomedia","twitter_misc":{"Verfasst von":"myVideoMedia","Gesch\u00e4tzte Lesezeit":"2\u00a0Minuten"},"schema":{"@context":"https:\/\/schema.org","@graph":[{"@type":"Article","@id":"https:\/\/blog.myvideomedia.com\/de\/lissabon-die-perle-portugals\/#article","isPartOf":{"@id":"https:\/\/blog.myvideomedia.com\/de\/lissabon-die-perle-portugals\/"},"author":{"name":"myVideoMedia","@id":"https:\/\/blog.myvideomedia.com\/de\/#\/schema\/person\/87be8fbbed69b1562242448c1c3dcbec"},"headline":"Lissabon &#8211; die Perle Portugals","datePublished":"2015-01-04T14:39:59+00:00","dateModified":"2022-01-26T14:35:02+00:00","mainEntityOfPage":{"@id":"https:\/\/blog.myvideomedia.com\/de\/lissabon-die-perle-portugals\/"},"wordCount":206,"commentCount":0,"publisher":{"@id":"https:\/\/blog.myvideomedia.com\/de\/#\/schema\/person\/87be8fbbed69b1562242448c1c3dcbec"},"image":{"@id":"https:\/\/blog.myvideomedia.com\/de\/lissabon-die-perle-portugals\/#primaryimage"},"thumbnailUrl":"https:\/\/blog.myvideomedia.com\/wp-content\/uploads\/2013\/12\/Lisboa-4.jpg","keywords":["Architektur","Kultur","Stadt"],"articleSection":["Europa","Portugal"],"inLanguage":"de","potentialAction":[{"@type":"CommentAction","name":"Comment","target":["https:\/\/blog.myvideomedia.com\/de\/lissabon-die-perle-portugals\/#respond"]}]},{"@type":"WebPage","@id":"https:\/\/blog.myvideomedia.com\/de\/lissabon-die-perle-portugals\/","url":"https:\/\/blog.myvideomedia.com\/de\/lissabon-die-perle-portugals\/","name":"Lissabon - die Perle Portugals - Reise Video Blog","isPartOf":{"@id":"https:\/\/blog.myvideomedia.com\/de\/#website"},"primaryImageOfPage":{"@id":"https:\/\/blog.myvideomedia.com\/de\/lissabon-die-perle-portugals\/#primaryimage"},"image":{"@id":"https:\/\/blog.myvideomedia.com\/de\/lissabon-die-perle-portugals\/#primaryimage"},"thumbnailUrl":"https:\/\/blog.myvideomedia.com\/wp-content\/uploads\/2013\/12\/Lisboa-4.jpg","datePublished":"2015-01-04T14:39:59+00:00","dateModified":"2022-01-26T14:35:02+00:00","description":"Lissabon, die Hauptstadt Portugals, an der M\u00fcndung des Tejo war bereits bei den Ph\u00f6niziern und R\u00f6mern eine wichtige Hafenstadt.","breadcrumb":{"@id":"https:\/\/blog.myvideomedia.com\/de\/lissabon-die-perle-portugals\/#breadcrumb"},"inLanguage":"de","potentialAction":[{"@type":"ReadAction","target":["https:\/\/blog.myvideomedia.com\/de\/lissabon-die-perle-portugals\/"]}]},{"@type":"ImageObject","inLanguage":"de","@id":"https:\/\/blog.myvideomedia.com\/de\/lissabon-die-perle-portugals\/#primaryimage","url":"https:\/\/blog.myvideomedia.com\/wp-content\/uploads\/2013\/12\/Lisboa-4.jpg","contentUrl":"https:\/\/blog.myvideomedia.com\/wp-content\/uploads\/2013\/12\/Lisboa-4.jpg","width":724,"height":544,"caption":"Lissabon"},{"@type":"BreadcrumbList","@id":"https:\/\/blog.myvideomedia.com\/de\/lissabon-die-perle-portugals\/#breadcrumb","itemListElement":[{"@type":"ListItem","position":1,"name":"Home","item":"https:\/\/blog.myvideomedia.com\/de\/"},{"@type":"ListItem","position":2,"name":"Lissabon &#8211; die Perle Portugals"}]},{"@type":"WebSite","@id":"https:\/\/blog.myvideomedia.com\/de\/#website","url":"https:\/\/blog.myvideomedia.com\/de\/","name":"Travel Video Blog","description":"myVideoMedia Reisetipps und Reisevideos","publisher":{"@id":"https:\/\/blog.myvideomedia.com\/de\/#\/schema\/person\/87be8fbbed69b1562242448c1c3dcbec"},"potentialAction":[{"@type":"SearchAction","target":{"@type":"EntryPoint","urlTemplate":"https:\/\/blog.myvideomedia.com\/de\/?s={search_term_string}"},"query-input":{"@type":"PropertyValueSpecification","valueRequired":true,"valueName":"search_term_string"}}],"inLanguage":"de"},{"@type":["Person","Organization"],"@id":"https:\/\/blog.myvideomedia.com\/de\/#\/schema\/person\/87be8fbbed69b1562242448c1c3dcbec","name":"myVideoMedia","image":{"@type":"ImageObject","inLanguage":"de","@id":"https:\/\/secure.gravatar.com\/avatar\/460720160715ef8975b781abd1b6985e55ce2f01567bb6757bebd73e7cf74c97?s=96&d=mm&r=g","url":"https:\/\/secure.gravatar.com\/avatar\/460720160715ef8975b781abd1b6985e55ce2f01567bb6757bebd73e7cf74c97?s=96&d=mm&r=g","contentUrl":"https:\/\/secure.gravatar.com\/avatar\/460720160715ef8975b781abd1b6985e55ce2f01567bb6757bebd73e7cf74c97?s=96&d=mm&r=g","caption":"myVideoMedia"},"logo":{"@id":"https:\/\/secure.gravatar.com\/avatar\/460720160715ef8975b781abd1b6985e55ce2f01567bb6757bebd73e7cf74c97?s=96&d=mm&r=g"},"description":"\"The World is a book, and those who do not travel read only a page\" - Aurelius Augustinus (354 - 430 AD) Travel is our passion. With our posts and videos we like to inspire people who are planning or preparing for holidays as well as people who simply want to escape from everyday life and dream of faraway countries.","sameAs":["https:\/\/www.myvideomedia.com","https:\/\/www.facebook.com\/ursula.streit.520"],"url":"https:\/\/blog.myvideomedia.com\/de\/author\/traveladm\/"}]}},"featured_image_src":"https:\/\/blog.myvideomedia.com\/wp-content\/uploads\/2013\/12\/Lisboa-4.jpg","featured_image_src_square":"https:\/\/blog.myvideomedia.com\/wp-content\/uploads\/2013\/12\/Lisboa-4.jpg","author_info":{"display_name":"myVideoMedia","author_link":"https:\/\/blog.myvideomedia.com\/de\/author\/traveladm\/"},"_links":{"self":[{"href":"https:\/\/blog.myvideomedia.com\/de\/wp-json\/wp\/v2\/posts\/5856","targetHints":{"allow":["GET"]}}],"collection":[{"href":"https:\/\/blog.myvideomedia.com\/de\/wp-json\/wp\/v2\/posts"}],"about":[{"href":"https:\/\/blog.myvideomedia.com\/de\/wp-json\/wp\/v2\/types\/post"}],"author":[{"embeddable":true,"href":"https:\/\/blog.myvideomedia.com\/de\/wp-json\/wp\/v2\/users\/1"}],"replies":[{"embeddable":true,"href":"https:\/\/blog.myvideomedia.com\/de\/wp-json\/wp\/v2\/comments?post=5856"}],"version-history":[{"count":0,"href":"https:\/\/blog.myvideomedia.com\/de\/wp-json\/wp\/v2\/posts\/5856\/revisions"}],"wp:featuredmedia":[{"embeddable":true,"href":"https:\/\/blog.myvideomedia.com\/de\/wp-json\/wp\/v2\/media\/3861"}],"wp:attachment":[{"href":"https:\/\/blog.myvideomedia.com\/de\/wp-json\/wp\/v2\/media?parent=5856"}],"wp:term":[{"taxonomy":"category","embeddable":true,"href":"https:\/\/blog.myvideomedia.com\/de\/wp-json\/wp\/v2\/categories?post=5856"},{"taxonomy":"post_tag","embeddable":true,"href":"https:\/\/blog.myvideomedia.com\/de\/wp-json\/wp\/v2\/tags?post=5856"}],"curies":[{"name":"wp","href":"https:\/\/api.w.org\/{rel}","templated":true}]}}