{"id":5967,"date":"2015-01-11T11:13:54","date_gmt":"2015-01-11T10:13:54","guid":{"rendered":"https:\/\/blog.myvideomedia.com\/?p=5967"},"modified":"2022-01-20T09:13:35","modified_gmt":"2022-01-20T08:13:35","slug":"klagenfurt-kaernten","status":"publish","type":"post","link":"https:\/\/blog.myvideomedia.com\/de\/klagenfurt-kaernten\/","title":{"rendered":"Klagenfurt &#8211; die Landeshauptstadt K\u00e4rntens"},"content":{"rendered":"\n<p>Klagenfurt, die Landeshauptstadt K\u00e4rntens, \u00d6sterreich, liegt am Ostufer des W\u00f6rthersees.<\/p>\n\n\n\n<figure> <div class=\"brlbs-cmpnt-container brlbs-cmpnt-content-blocker brlbs-cmpnt-with-individual-styles\" data-borlabs-cookie-content-blocker-id=\"youtube-content-blocker\" data-borlabs-cookie-content=\"PGlmcmFtZSBzcmM9Imh0dHBzOi8vd3d3LnlvdXR1YmUtbm9jb29raWUuY29tL2VtYmVkL3QtdHZ6c0N0Q19VIiB3aWR0aD0iNjAwIiBoZWlnaHQ9IjMzOCI+PC9pZnJhbWU+\"><div class=\"brlbs-cmpnt-cb-preset-c brlbs-cmpnt-cb-youtube\"> <div class=\"brlbs-cmpnt-cb-thumbnail\" style=\"background-image: url('https:\/\/blog.myvideomedia.com\/wp-content\/uploads\/borlabs-cookie\/1\/yt_t-tvzsCtC_U_hqdefault.jpg')\"><\/div> <div class=\"brlbs-cmpnt-cb-main\"> <div class=\"brlbs-cmpnt-cb-play-button\"><\/div> <div class=\"brlbs-cmpnt-cb-content\"> <p class=\"brlbs-cmpnt-cb-description\">Sie sehen gerade einen Platzhalterinhalt von <strong>YouTube<\/strong>. Um auf den eigentlichen Inhalt zuzugreifen, klicken Sie auf die Schaltfl\u00e4che unten. Bitte beachten Sie, dass dabei Daten an Drittanbieter weitergegeben werden.<\/p> <a class=\"brlbs-cmpnt-cb-provider-toggle\" href=\"#\" data-borlabs-cookie-show-provider-information role=\"button\">Mehr Informationen<\/a> <\/div> <div class=\"brlbs-cmpnt-cb-buttons\"> <a class=\"brlbs-cmpnt-cb-btn\" href=\"#\" data-borlabs-cookie-unblock role=\"button\">Inhalt entsperren<\/a> <a class=\"brlbs-cmpnt-cb-btn\" href=\"#\" data-borlabs-cookie-accept-service role=\"button\" style=\"display: inherit\">Erforderlichen Service akzeptieren und Inhalte entsperren<\/a> <\/div> <\/div> <\/div><\/div><\/figure>\n\n\n\n<p>Der Sage nach wurde die Stadt dort gegr\u00fcndet, wo man einen im Sumpf hausenden Drachen t\u00f6tete, der als m\u00e4chtige Skulptur, aus einem St\u00fcck gegossen, den Lindwurmbrunnen auf dem Neuen Platz ziert und zum Wahrzeichen der Stadt wurde.<\/p>\n\n\n\n<div class=\"wp-block-image\"><figure class=\"aligncenter size-large\"><img loading=\"lazy\" decoding=\"async\" width=\"1260\" height=\"840\" src=\"https:\/\/blog.myvideomedia.com\/wp-content\/uploads\/2020\/05\/Klagenfurt_8955.jpg\" alt=\"Lindwurm Brunnen Klagenfurt\" class=\"wp-image-26229\" srcset=\"https:\/\/blog.myvideomedia.com\/wp-content\/uploads\/2020\/05\/Klagenfurt_8955.jpg 1260w, https:\/\/blog.myvideomedia.com\/wp-content\/uploads\/2020\/05\/Klagenfurt_8955-600x400.jpg 600w, https:\/\/blog.myvideomedia.com\/wp-content\/uploads\/2020\/05\/Klagenfurt_8955-768x512.jpg 768w\" sizes=\"auto, (max-width: 1260px) 100vw, 1260px\" \/><\/figure><\/div>\n\n\n\n<p>Die Vorlage f\u00fcr den Kopf lieferte der Sch\u00e4del eines im Zollfeld gefundenen eiszeitlichen Wollnashorns. Tats\u00e4chlich wurde die Stadt vom K\u00e4rntner Herzog Herrmann aus dem rheinfr\u00e4nkischen Geschlecht der Spanheimer zur Sicherung der Transportwege gegr\u00fcndet.<\/p>\n\n\n\n<p>Nach Erdbeben und einer Heuschreckenplage wurde die Stadt 1514 durch einen Brand fast vollst\u00e4ndig zerst\u00f6rt. Da Kaiser Maximilian I. kein Geld f\u00fcr den Wiederaufbau hatte, verschenkte er die Stadt an die Landesst\u00e4nde, ein bis dahin einzigartiger Vorgang.&nbsp;Die Stadt erlebte daraufhin eine wahre Bl\u00fcte. Damals wurde auch das Landhaus errichtet, heute Sitz der Landesregierung.<\/p>\n\n\n\n<div class=\"wp-block-image\"><figure class=\"aligncenter\"><img loading=\"lazy\" decoding=\"async\" width=\"699\" height=\"467\" src=\"https:\/\/blog.myvideomedia.com\/wp-content\/uploads\/2013\/02\/oes1207-Klagenfurt.jpg\" alt=\"Landhaus Klagenfurt \" class=\"wp-image-4282\" srcset=\"https:\/\/blog.myvideomedia.com\/wp-content\/uploads\/2013\/02\/oes1207-Klagenfurt.jpg 699w, https:\/\/blog.myvideomedia.com\/wp-content\/uploads\/2013\/02\/oes1207-Klagenfurt-300x200.jpg 300w\" sizes=\"auto, (max-width: 699px) 100vw, 699px\" \/><\/figure><\/div>\n\n\n\n<p>Die Schenkung ist auf einem der Gem\u00e4lde im gro\u00dfen Wappensaal, der mit \u00fcber 650 Wappen des landesst\u00e4ndischen Adels geschm\u00fcckt ist, zu sehen. An der gegen\u00fcberliegenden Wand ist die Einsetzung des K\u00e4rntner Herzogs am F\u00fcrstenstein bei Karnburg abgebildet. Karnburg bildete den Mittelpunkt des slawischen Reiches Karantanien. Zu F\u00fcssen des Gem\u00e4ldes liegt der F\u00fcrstenstein, \u00e4ltestes Rechtsdenkmal mittelalterlicher K\u00e4rntner Geschichte. Das Deckengem\u00e4lde zeigt die Erbhuldigung Kaiser Karls VI. im Jahre 1728.<\/p>\n\n\n\n<p>Der Dom gilt als bedeutendster protestantischer Kirchenbau im deutschsprachigen Raum, obwohl er seit 1604 katholisch ist.<\/p>\n\n\n\n<div class=\"wp-block-image\"><figure class=\"aligncenter\"><img loading=\"lazy\" decoding=\"async\" width=\"699\" height=\"467\" src=\"https:\/\/blog.myvideomedia.com\/wp-content\/uploads\/2013\/02\/oes1208-Klagenfurt.jpg\" alt=\"Baeckerjunge Klagenfurt\" class=\"wp-image-4283\" srcset=\"https:\/\/blog.myvideomedia.com\/wp-content\/uploads\/2013\/02\/oes1208-Klagenfurt.jpg 699w, https:\/\/blog.myvideomedia.com\/wp-content\/uploads\/2013\/02\/oes1208-Klagenfurt-300x200.jpg 300w\" sizes=\"auto, (max-width: 699px) 100vw, 699px\" \/><\/figure><\/div>\n\n\n\n<p>Am Alten Platz ist das Bildnis eines zu Unrecht wegen Diebstahls hingerichteten B\u00e4ckerjungen zu sehen. Eine Sage sagt, dass nachdem seine Unschuld bewiesen war, dieses Ereignis namensgebend f\u00fcr die Stadt Klagenfurt war.<\/p>\n\n\n\n<p>Lesen Sie auch:<\/p>\n\n\n\n<ul class=\"wp-block-list\"><li><a href=\"https:\/\/blog.myvideomedia.com\/de\/minimundus-miniaturpark\/\">Minimundus &#8211; Miniaturpark<\/a><\/li><li><a href=\"https:\/\/blog.myvideomedia.com\/de\/velden-am-worthersee-2\/\">Velden am W\u00f6rthersee<\/a><\/li><\/ul>\n\n\n\n<h3 class=\"wp-block-heading\">Pin it &#8211; f\u00fcr sp\u00e4ter merken<\/h3>\n\n\n\n<figure class=\"wp-block-image size-large\"><img loading=\"lazy\" decoding=\"async\" width=\"600\" height=\"900\" src=\"https:\/\/blog.myvideomedia.com\/wp-content\/uploads\/2020\/05\/Pin-Klagenfurt.jpg\" alt=\"Besuch in Klagenfurt\" class=\"wp-image-26227\" srcset=\"https:\/\/blog.myvideomedia.com\/wp-content\/uploads\/2020\/05\/Pin-Klagenfurt.jpg 600w, https:\/\/blog.myvideomedia.com\/wp-content\/uploads\/2020\/05\/Pin-Klagenfurt-400x600.jpg 400w\" sizes=\"auto, (max-width: 600px) 100vw, 600px\" \/><\/figure>\n\n\n\n<p>Text, Fotos und <a href=\"https:\/\/youtu.be\/t-tvzsCtC_U\" target=\"_blank\" rel=\"noreferrer noopener\">Video<\/a>: Copyright \u00a9 <a href=\"https:\/\/www.myvideomediacom\/de\" target=\"_blank\" rel=\"noopener noreferrer\">myVideoMedia<\/a><\/p>\n","protected":false},"excerpt":{"rendered":"<p>Klagenfurt, die Landeshauptstadt K\u00e4rntens, \u00d6sterreich, liegt am Ostufer des W\u00f6rthersees. Sie sehen gerade einen Platzhalterinhalt von YouTube. Um auf den eigentlichen Inhalt zuzugreifen, klicken Sie auf die Schaltfl\u00e4che unten. Bitte beachten Sie, dass dabei Daten an Drittanbieter weitergegeben werden. Mehr Informationen Inhalt entsperren Erforderlichen Service akzeptieren und Inhalte entsperren Der Sage nach wurde die Stadt [&hellip;]<\/p>\n","protected":false},"author":1,"featured_media":26229,"comment_status":"open","ping_status":"closed","sticky":false,"template":"","format":"standard","meta":{"_genesis_hide_title":false,"_genesis_hide_breadcrumbs":false,"_genesis_hide_singular_image":false,"_genesis_hide_footer_widgets":false,"_genesis_custom_body_class":"","_genesis_custom_post_class":"","_genesis_layout":"","footnotes":""},"categories":[1550,493,492],"tags":[447,1532,455,453],"class_list":{"0":"post-5967","1":"post","2":"type-post","3":"status-publish","4":"format-standard","5":"has-post-thumbnail","7":"category-europa","8":"category-kaernten","9":"category-oesterreich","10":"tag-architektur","11":"tag-geschichte-de","12":"tag-kultur","13":"tag-stadt","14":"entry"},"yoast_head":"<!-- This site is optimized with the Yoast SEO plugin v27.4 - https:\/\/yoast.com\/product\/yoast-seo-wordpress\/ -->\n<title>Klagenfurt - die Landeshauptstadt K\u00e4rntens - \u00d6sterreich - Reise Video Blog<\/title>\n<meta name=\"description\" content=\"Klagenfurt, am Ostufer des W\u00f6rthersees,wurde der Sage nach dort gegr\u00fcndet, wo man einen im Sumpf hausenden Drachen t\u00f6tete.\" \/>\n<meta name=\"robots\" content=\"index, follow, max-snippet:-1, max-image-preview:large, max-video-preview:-1\" \/>\n<link rel=\"canonical\" href=\"https:\/\/blog.myvideomedia.com\/de\/klagenfurt-kaernten\/\" \/>\n<meta property=\"og:locale\" content=\"de_DE\" \/>\n<meta property=\"og:type\" content=\"article\" \/>\n<meta property=\"og:title\" content=\"Klagenfurt - die Landeshauptstadt K\u00e4rntens - \u00d6sterreich - Reise Video Blog\" \/>\n<meta property=\"og:description\" content=\"Klagenfurt, am Ostufer des W\u00f6rthersees,wurde der Sage nach dort gegr\u00fcndet, wo man einen im Sumpf hausenden Drachen t\u00f6tete.\" \/>\n<meta property=\"og:url\" content=\"https:\/\/blog.myvideomedia.com\/de\/klagenfurt-kaernten\/\" \/>\n<meta property=\"og:site_name\" content=\"Reise Video Blog\" \/>\n<meta property=\"article:publisher\" content=\"https:\/\/www.facebook.com\/ursula.streit.520\" \/>\n<meta property=\"article:author\" content=\"https:\/\/www.facebook.com\/ursula.streit.520\" \/>\n<meta property=\"article:published_time\" content=\"2015-01-11T10:13:54+00:00\" \/>\n<meta property=\"article:modified_time\" content=\"2022-01-20T08:13:35+00:00\" \/>\n<meta property=\"og:image\" content=\"https:\/\/blog.myvideomedia.com\/wp-content\/uploads\/2020\/05\/Klagenfurt_8955.jpg\" \/>\n\t<meta property=\"og:image:width\" content=\"1260\" \/>\n\t<meta property=\"og:image:height\" content=\"840\" \/>\n\t<meta property=\"og:image:type\" content=\"image\/jpeg\" \/>\n<meta name=\"author\" content=\"myVideoMedia\" \/>\n<meta name=\"twitter:card\" content=\"summary_large_image\" \/>\n<meta name=\"twitter:creator\" content=\"@myvideomedia\" \/>\n<meta name=\"twitter:site\" content=\"@myvideomedia\" \/>\n<meta name=\"twitter:label1\" content=\"Verfasst von\" \/>\n\t<meta name=\"twitter:data1\" content=\"myVideoMedia\" \/>\n\t<meta name=\"twitter:label2\" content=\"Gesch\u00e4tzte Lesezeit\" \/>\n\t<meta name=\"twitter:data2\" content=\"2\u00a0Minuten\" \/>\n<script type=\"application\/ld+json\" class=\"yoast-schema-graph\">{\"@context\":\"https:\\\/\\\/schema.org\",\"@graph\":[{\"@type\":\"Article\",\"@id\":\"https:\\\/\\\/blog.myvideomedia.com\\\/de\\\/klagenfurt-kaernten\\\/#article\",\"isPartOf\":{\"@id\":\"https:\\\/\\\/blog.myvideomedia.com\\\/de\\\/klagenfurt-kaernten\\\/\"},\"author\":{\"name\":\"myVideoMedia\",\"@id\":\"https:\\\/\\\/blog.myvideomedia.com\\\/de\\\/#\\\/schema\\\/person\\\/87be8fbbed69b1562242448c1c3dcbec\"},\"headline\":\"Klagenfurt &#8211; die Landeshauptstadt K\u00e4rntens\",\"datePublished\":\"2015-01-11T10:13:54+00:00\",\"dateModified\":\"2022-01-20T08:13:35+00:00\",\"mainEntityOfPage\":{\"@id\":\"https:\\\/\\\/blog.myvideomedia.com\\\/de\\\/klagenfurt-kaernten\\\/\"},\"wordCount\":308,\"commentCount\":2,\"publisher\":{\"@id\":\"https:\\\/\\\/blog.myvideomedia.com\\\/de\\\/#\\\/schema\\\/person\\\/87be8fbbed69b1562242448c1c3dcbec\"},\"image\":{\"@id\":\"https:\\\/\\\/blog.myvideomedia.com\\\/de\\\/klagenfurt-kaernten\\\/#primaryimage\"},\"thumbnailUrl\":\"https:\\\/\\\/blog.myvideomedia.com\\\/wp-content\\\/uploads\\\/2020\\\/05\\\/Klagenfurt_8955.jpg\",\"keywords\":[\"Architektur\",\"Geschichte\",\"Kultur\",\"Stadt\"],\"articleSection\":[\"Europa\",\"K\u00e4rnten\",\"\u00d6sterreich\"],\"inLanguage\":\"de\",\"potentialAction\":[{\"@type\":\"CommentAction\",\"name\":\"Comment\",\"target\":[\"https:\\\/\\\/blog.myvideomedia.com\\\/de\\\/klagenfurt-kaernten\\\/#respond\"]}]},{\"@type\":\"WebPage\",\"@id\":\"https:\\\/\\\/blog.myvideomedia.com\\\/de\\\/klagenfurt-kaernten\\\/\",\"url\":\"https:\\\/\\\/blog.myvideomedia.com\\\/de\\\/klagenfurt-kaernten\\\/\",\"name\":\"Klagenfurt - die Landeshauptstadt K\u00e4rntens - \u00d6sterreich - Reise Video Blog\",\"isPartOf\":{\"@id\":\"https:\\\/\\\/blog.myvideomedia.com\\\/de\\\/#website\"},\"primaryImageOfPage\":{\"@id\":\"https:\\\/\\\/blog.myvideomedia.com\\\/de\\\/klagenfurt-kaernten\\\/#primaryimage\"},\"image\":{\"@id\":\"https:\\\/\\\/blog.myvideomedia.com\\\/de\\\/klagenfurt-kaernten\\\/#primaryimage\"},\"thumbnailUrl\":\"https:\\\/\\\/blog.myvideomedia.com\\\/wp-content\\\/uploads\\\/2020\\\/05\\\/Klagenfurt_8955.jpg\",\"datePublished\":\"2015-01-11T10:13:54+00:00\",\"dateModified\":\"2022-01-20T08:13:35+00:00\",\"description\":\"Klagenfurt, am Ostufer des W\u00f6rthersees,wurde der Sage nach dort gegr\u00fcndet, wo man einen im Sumpf hausenden Drachen t\u00f6tete.\",\"breadcrumb\":{\"@id\":\"https:\\\/\\\/blog.myvideomedia.com\\\/de\\\/klagenfurt-kaernten\\\/#breadcrumb\"},\"inLanguage\":\"de\",\"potentialAction\":[{\"@type\":\"ReadAction\",\"target\":[\"https:\\\/\\\/blog.myvideomedia.com\\\/de\\\/klagenfurt-kaernten\\\/\"]}]},{\"@type\":\"ImageObject\",\"inLanguage\":\"de\",\"@id\":\"https:\\\/\\\/blog.myvideomedia.com\\\/de\\\/klagenfurt-kaernten\\\/#primaryimage\",\"url\":\"https:\\\/\\\/blog.myvideomedia.com\\\/wp-content\\\/uploads\\\/2020\\\/05\\\/Klagenfurt_8955.jpg\",\"contentUrl\":\"https:\\\/\\\/blog.myvideomedia.com\\\/wp-content\\\/uploads\\\/2020\\\/05\\\/Klagenfurt_8955.jpg\",\"width\":1260,\"height\":840,\"caption\":\"Lindwurm Brunnen Klagenfurt\"},{\"@type\":\"BreadcrumbList\",\"@id\":\"https:\\\/\\\/blog.myvideomedia.com\\\/de\\\/klagenfurt-kaernten\\\/#breadcrumb\",\"itemListElement\":[{\"@type\":\"ListItem\",\"position\":1,\"name\":\"Home\",\"item\":\"https:\\\/\\\/blog.myvideomedia.com\\\/de\\\/\"},{\"@type\":\"ListItem\",\"position\":2,\"name\":\"Klagenfurt &#8211; die Landeshauptstadt K\u00e4rntens\"}]},{\"@type\":\"WebSite\",\"@id\":\"https:\\\/\\\/blog.myvideomedia.com\\\/de\\\/#website\",\"url\":\"https:\\\/\\\/blog.myvideomedia.com\\\/de\\\/\",\"name\":\"Travel Video Blog\",\"description\":\"myVideoMedia Reisetipps und Reisevideos\",\"publisher\":{\"@id\":\"https:\\\/\\\/blog.myvideomedia.com\\\/de\\\/#\\\/schema\\\/person\\\/87be8fbbed69b1562242448c1c3dcbec\"},\"potentialAction\":[{\"@type\":\"SearchAction\",\"target\":{\"@type\":\"EntryPoint\",\"urlTemplate\":\"https:\\\/\\\/blog.myvideomedia.com\\\/de\\\/?s={search_term_string}\"},\"query-input\":{\"@type\":\"PropertyValueSpecification\",\"valueRequired\":true,\"valueName\":\"search_term_string\"}}],\"inLanguage\":\"de\"},{\"@type\":[\"Person\",\"Organization\"],\"@id\":\"https:\\\/\\\/blog.myvideomedia.com\\\/de\\\/#\\\/schema\\\/person\\\/87be8fbbed69b1562242448c1c3dcbec\",\"name\":\"myVideoMedia\",\"image\":{\"@type\":\"ImageObject\",\"inLanguage\":\"de\",\"@id\":\"https:\\\/\\\/secure.gravatar.com\\\/avatar\\\/460720160715ef8975b781abd1b6985e55ce2f01567bb6757bebd73e7cf74c97?s=96&d=mm&r=g\",\"url\":\"https:\\\/\\\/secure.gravatar.com\\\/avatar\\\/460720160715ef8975b781abd1b6985e55ce2f01567bb6757bebd73e7cf74c97?s=96&d=mm&r=g\",\"contentUrl\":\"https:\\\/\\\/secure.gravatar.com\\\/avatar\\\/460720160715ef8975b781abd1b6985e55ce2f01567bb6757bebd73e7cf74c97?s=96&d=mm&r=g\",\"caption\":\"myVideoMedia\"},\"logo\":{\"@id\":\"https:\\\/\\\/secure.gravatar.com\\\/avatar\\\/460720160715ef8975b781abd1b6985e55ce2f01567bb6757bebd73e7cf74c97?s=96&d=mm&r=g\"},\"description\":\"\\\"The World is a book, and those who do not travel read only a page\\\" - Aurelius Augustinus (354 - 430 AD) Travel is our passion. With our posts and videos we like to inspire people who are planning or preparing for holidays as well as people who simply want to escape from everyday life and dream of faraway countries.\",\"sameAs\":[\"https:\\\/\\\/www.myvideomedia.com\",\"https:\\\/\\\/www.facebook.com\\\/ursula.streit.520\"],\"url\":\"https:\\\/\\\/blog.myvideomedia.com\\\/de\\\/author\\\/traveladm\\\/\"}]}<\/script>\n<!-- \/ Yoast SEO plugin. -->","yoast_head_json":{"title":"Klagenfurt - die Landeshauptstadt K\u00e4rntens - \u00d6sterreich - Reise Video Blog","description":"Klagenfurt, am Ostufer des W\u00f6rthersees,wurde der Sage nach dort gegr\u00fcndet, wo man einen im Sumpf hausenden Drachen t\u00f6tete.","robots":{"index":"index","follow":"follow","max-snippet":"max-snippet:-1","max-image-preview":"max-image-preview:large","max-video-preview":"max-video-preview:-1"},"canonical":"https:\/\/blog.myvideomedia.com\/de\/klagenfurt-kaernten\/","og_locale":"de_DE","og_type":"article","og_title":"Klagenfurt - die Landeshauptstadt K\u00e4rntens - \u00d6sterreich - Reise Video Blog","og_description":"Klagenfurt, am Ostufer des W\u00f6rthersees,wurde der Sage nach dort gegr\u00fcndet, wo man einen im Sumpf hausenden Drachen t\u00f6tete.","og_url":"https:\/\/blog.myvideomedia.com\/de\/klagenfurt-kaernten\/","og_site_name":"Reise Video Blog","article_publisher":"https:\/\/www.facebook.com\/ursula.streit.520","article_author":"https:\/\/www.facebook.com\/ursula.streit.520","article_published_time":"2015-01-11T10:13:54+00:00","article_modified_time":"2022-01-20T08:13:35+00:00","og_image":[{"width":1260,"height":840,"url":"https:\/\/blog.myvideomedia.com\/wp-content\/uploads\/2020\/05\/Klagenfurt_8955.jpg","type":"image\/jpeg"}],"author":"myVideoMedia","twitter_card":"summary_large_image","twitter_creator":"@myvideomedia","twitter_site":"@myvideomedia","twitter_misc":{"Verfasst von":"myVideoMedia","Gesch\u00e4tzte Lesezeit":"2\u00a0Minuten"},"schema":{"@context":"https:\/\/schema.org","@graph":[{"@type":"Article","@id":"https:\/\/blog.myvideomedia.com\/de\/klagenfurt-kaernten\/#article","isPartOf":{"@id":"https:\/\/blog.myvideomedia.com\/de\/klagenfurt-kaernten\/"},"author":{"name":"myVideoMedia","@id":"https:\/\/blog.myvideomedia.com\/de\/#\/schema\/person\/87be8fbbed69b1562242448c1c3dcbec"},"headline":"Klagenfurt &#8211; die Landeshauptstadt K\u00e4rntens","datePublished":"2015-01-11T10:13:54+00:00","dateModified":"2022-01-20T08:13:35+00:00","mainEntityOfPage":{"@id":"https:\/\/blog.myvideomedia.com\/de\/klagenfurt-kaernten\/"},"wordCount":308,"commentCount":2,"publisher":{"@id":"https:\/\/blog.myvideomedia.com\/de\/#\/schema\/person\/87be8fbbed69b1562242448c1c3dcbec"},"image":{"@id":"https:\/\/blog.myvideomedia.com\/de\/klagenfurt-kaernten\/#primaryimage"},"thumbnailUrl":"https:\/\/blog.myvideomedia.com\/wp-content\/uploads\/2020\/05\/Klagenfurt_8955.jpg","keywords":["Architektur","Geschichte","Kultur","Stadt"],"articleSection":["Europa","K\u00e4rnten","\u00d6sterreich"],"inLanguage":"de","potentialAction":[{"@type":"CommentAction","name":"Comment","target":["https:\/\/blog.myvideomedia.com\/de\/klagenfurt-kaernten\/#respond"]}]},{"@type":"WebPage","@id":"https:\/\/blog.myvideomedia.com\/de\/klagenfurt-kaernten\/","url":"https:\/\/blog.myvideomedia.com\/de\/klagenfurt-kaernten\/","name":"Klagenfurt - die Landeshauptstadt K\u00e4rntens - \u00d6sterreich - Reise Video Blog","isPartOf":{"@id":"https:\/\/blog.myvideomedia.com\/de\/#website"},"primaryImageOfPage":{"@id":"https:\/\/blog.myvideomedia.com\/de\/klagenfurt-kaernten\/#primaryimage"},"image":{"@id":"https:\/\/blog.myvideomedia.com\/de\/klagenfurt-kaernten\/#primaryimage"},"thumbnailUrl":"https:\/\/blog.myvideomedia.com\/wp-content\/uploads\/2020\/05\/Klagenfurt_8955.jpg","datePublished":"2015-01-11T10:13:54+00:00","dateModified":"2022-01-20T08:13:35+00:00","description":"Klagenfurt, am Ostufer des W\u00f6rthersees,wurde der Sage nach dort gegr\u00fcndet, wo man einen im Sumpf hausenden Drachen t\u00f6tete.","breadcrumb":{"@id":"https:\/\/blog.myvideomedia.com\/de\/klagenfurt-kaernten\/#breadcrumb"},"inLanguage":"de","potentialAction":[{"@type":"ReadAction","target":["https:\/\/blog.myvideomedia.com\/de\/klagenfurt-kaernten\/"]}]},{"@type":"ImageObject","inLanguage":"de","@id":"https:\/\/blog.myvideomedia.com\/de\/klagenfurt-kaernten\/#primaryimage","url":"https:\/\/blog.myvideomedia.com\/wp-content\/uploads\/2020\/05\/Klagenfurt_8955.jpg","contentUrl":"https:\/\/blog.myvideomedia.com\/wp-content\/uploads\/2020\/05\/Klagenfurt_8955.jpg","width":1260,"height":840,"caption":"Lindwurm Brunnen Klagenfurt"},{"@type":"BreadcrumbList","@id":"https:\/\/blog.myvideomedia.com\/de\/klagenfurt-kaernten\/#breadcrumb","itemListElement":[{"@type":"ListItem","position":1,"name":"Home","item":"https:\/\/blog.myvideomedia.com\/de\/"},{"@type":"ListItem","position":2,"name":"Klagenfurt &#8211; die Landeshauptstadt K\u00e4rntens"}]},{"@type":"WebSite","@id":"https:\/\/blog.myvideomedia.com\/de\/#website","url":"https:\/\/blog.myvideomedia.com\/de\/","name":"Travel Video Blog","description":"myVideoMedia Reisetipps und Reisevideos","publisher":{"@id":"https:\/\/blog.myvideomedia.com\/de\/#\/schema\/person\/87be8fbbed69b1562242448c1c3dcbec"},"potentialAction":[{"@type":"SearchAction","target":{"@type":"EntryPoint","urlTemplate":"https:\/\/blog.myvideomedia.com\/de\/?s={search_term_string}"},"query-input":{"@type":"PropertyValueSpecification","valueRequired":true,"valueName":"search_term_string"}}],"inLanguage":"de"},{"@type":["Person","Organization"],"@id":"https:\/\/blog.myvideomedia.com\/de\/#\/schema\/person\/87be8fbbed69b1562242448c1c3dcbec","name":"myVideoMedia","image":{"@type":"ImageObject","inLanguage":"de","@id":"https:\/\/secure.gravatar.com\/avatar\/460720160715ef8975b781abd1b6985e55ce2f01567bb6757bebd73e7cf74c97?s=96&d=mm&r=g","url":"https:\/\/secure.gravatar.com\/avatar\/460720160715ef8975b781abd1b6985e55ce2f01567bb6757bebd73e7cf74c97?s=96&d=mm&r=g","contentUrl":"https:\/\/secure.gravatar.com\/avatar\/460720160715ef8975b781abd1b6985e55ce2f01567bb6757bebd73e7cf74c97?s=96&d=mm&r=g","caption":"myVideoMedia"},"logo":{"@id":"https:\/\/secure.gravatar.com\/avatar\/460720160715ef8975b781abd1b6985e55ce2f01567bb6757bebd73e7cf74c97?s=96&d=mm&r=g"},"description":"\"The World is a book, and those who do not travel read only a page\" - Aurelius Augustinus (354 - 430 AD) Travel is our passion. With our posts and videos we like to inspire people who are planning or preparing for holidays as well as people who simply want to escape from everyday life and dream of faraway countries.","sameAs":["https:\/\/www.myvideomedia.com","https:\/\/www.facebook.com\/ursula.streit.520"],"url":"https:\/\/blog.myvideomedia.com\/de\/author\/traveladm\/"}]}},"featured_image_src":"https:\/\/blog.myvideomedia.com\/wp-content\/uploads\/2020\/05\/Klagenfurt_8955.jpg","featured_image_src_square":"https:\/\/blog.myvideomedia.com\/wp-content\/uploads\/2020\/05\/Klagenfurt_8955.jpg","author_info":{"display_name":"myVideoMedia","author_link":"https:\/\/blog.myvideomedia.com\/de\/author\/traveladm\/"},"_links":{"self":[{"href":"https:\/\/blog.myvideomedia.com\/de\/wp-json\/wp\/v2\/posts\/5967","targetHints":{"allow":["GET"]}}],"collection":[{"href":"https:\/\/blog.myvideomedia.com\/de\/wp-json\/wp\/v2\/posts"}],"about":[{"href":"https:\/\/blog.myvideomedia.com\/de\/wp-json\/wp\/v2\/types\/post"}],"author":[{"embeddable":true,"href":"https:\/\/blog.myvideomedia.com\/de\/wp-json\/wp\/v2\/users\/1"}],"replies":[{"embeddable":true,"href":"https:\/\/blog.myvideomedia.com\/de\/wp-json\/wp\/v2\/comments?post=5967"}],"version-history":[{"count":0,"href":"https:\/\/blog.myvideomedia.com\/de\/wp-json\/wp\/v2\/posts\/5967\/revisions"}],"wp:featuredmedia":[{"embeddable":true,"href":"https:\/\/blog.myvideomedia.com\/de\/wp-json\/wp\/v2\/media\/26229"}],"wp:attachment":[{"href":"https:\/\/blog.myvideomedia.com\/de\/wp-json\/wp\/v2\/media?parent=5967"}],"wp:term":[{"taxonomy":"category","embeddable":true,"href":"https:\/\/blog.myvideomedia.com\/de\/wp-json\/wp\/v2\/categories?post=5967"},{"taxonomy":"post_tag","embeddable":true,"href":"https:\/\/blog.myvideomedia.com\/de\/wp-json\/wp\/v2\/tags?post=5967"}],"curies":[{"name":"wp","href":"https:\/\/api.w.org\/{rel}","templated":true}]}}