{"id":6162,"date":"2015-01-23T16:51:42","date_gmt":"2015-01-23T15:51:42","guid":{"rendered":"https:\/\/blog.myvideomedia.com\/?p=6162"},"modified":"2022-01-26T16:39:25","modified_gmt":"2022-01-26T15:39:25","slug":"parnon-gebirge","status":"publish","type":"post","link":"https:\/\/blog.myvideomedia.com\/de\/parnon-gebirge\/","title":{"rendered":"\u00dcber das Parnon Gebirge"},"content":{"rendered":"\n<p>\u00dcber das Parnon Gebirge \u2013 &nbsp;von Lakonien nach Arkadien<\/p>\n\n\n\n<p>Wir verlassen den S\u00fcden des Peloponnes und fahren \u00fcber Skala durch das 2000 m hohe Parnon-Gebirge, auch Parnonas genannt, Richtung Leonidio. <\/p>\n\n\n\n<figure class=\"wp-block-image\"><img loading=\"lazy\" decoding=\"async\" width=\"724\" height=\"407\" src=\"https:\/\/blog.myvideomedia.com\/wp-content\/uploads\/2014\/01\/parnon-11.jpg\" alt=\"Parnon Gebirge\" class=\"wp-image-3835\" srcset=\"https:\/\/blog.myvideomedia.com\/wp-content\/uploads\/2014\/01\/parnon-11.jpg 724w, https:\/\/blog.myvideomedia.com\/wp-content\/uploads\/2014\/01\/parnon-11-300x168.jpg 300w\" sizes=\"auto, (max-width: 724px) 100vw, 724px\" \/><\/figure>\n\n\n\n<p>Nicht nur der Ausblick ist atemberaubend, auch die Stra\u00dfen sind es.  <\/p>\n\n\n\n<figure class=\"wp-block-image\"><img loading=\"lazy\" decoding=\"async\" width=\"724\" height=\"407\" src=\"https:\/\/blog.myvideomedia.com\/wp-content\/uploads\/2014\/01\/parnon-2.jpg\" alt=\"Wachtuerme im Parnon Gebirge\" class=\"wp-image-3836\" srcset=\"https:\/\/blog.myvideomedia.com\/wp-content\/uploads\/2014\/01\/parnon-2.jpg 724w, https:\/\/blog.myvideomedia.com\/wp-content\/uploads\/2014\/01\/parnon-2-300x168.jpg 300w\" sizes=\"auto, (max-width: 724px) 100vw, 724px\" \/><\/figure>\n\n\n\n<figure class=\"wp-block-image\"><img loading=\"lazy\" decoding=\"async\" width=\"724\" height=\"407\" src=\"https:\/\/blog.myvideomedia.com\/wp-content\/uploads\/2014\/01\/Parnon-Kiveri1.jpg\" alt=\"Kiveri - Peloponnes\" class=\"wp-image-3837\" srcset=\"https:\/\/blog.myvideomedia.com\/wp-content\/uploads\/2014\/01\/Parnon-Kiveri1.jpg 724w, https:\/\/blog.myvideomedia.com\/wp-content\/uploads\/2014\/01\/Parnon-Kiveri1-300x168.jpg 300w\" sizes=\"auto, (max-width: 724px) 100vw, 724px\" \/><\/figure>\n\n\n\n<p>Bei Leonidio treffen wir wieder auf die K\u00fcste des Golfs von Korinth, dem wir in Richtung Norden folgen. An den steilen Abh\u00e4ngen finden wir immer wieder Wacht\u00fcrme, vermutlich aus byzantinischer oder Genueser Zeit.  <\/p>\n\n\n\n<h3 class=\"wp-block-heading\" id=\"hier-sehen-sie-das-video\"><a href=\"https:\/\/youtu.be\/Rjbrg2Hf2jQ\" target=\"_blank\" rel=\"noreferrer noopener\" aria-label=\"Hier sehen Sie das Video (\u00f6ffnet in neuem Tab)\">Hier sehen Sie das Video<\/a><\/h3>\n\n\n\n<figure> <div class=\"brlbs-cmpnt-container brlbs-cmpnt-content-blocker brlbs-cmpnt-with-individual-styles\" data-borlabs-cookie-content-blocker-id=\"youtube-content-blocker\" data-borlabs-cookie-content=\"PGlmcmFtZSBzcmM9Imh0dHBzOi8vd3d3LnlvdXR1YmUtbm9jb29raWUuY29tL2VtYmVkL1JqYnJnMkhmMmpRIiB3aWR0aD0iNTYwIiBoZWlnaHQ9IjMxNSI+PC9pZnJhbWU+\"><div class=\"brlbs-cmpnt-cb-preset-c brlbs-cmpnt-cb-youtube\"> <div class=\"brlbs-cmpnt-cb-thumbnail\" style=\"background-image: url('https:\/\/blog.myvideomedia.com\/wp-content\/uploads\/borlabs-cookie\/1\/yt_Rjbrg2Hf2jQ_hqdefault.jpg')\"><\/div> <div class=\"brlbs-cmpnt-cb-main\"> <div class=\"brlbs-cmpnt-cb-play-button\"><\/div> <div class=\"brlbs-cmpnt-cb-content\"> <p class=\"brlbs-cmpnt-cb-description\">Sie sehen gerade einen Platzhalterinhalt von <strong>YouTube<\/strong>. Um auf den eigentlichen Inhalt zuzugreifen, klicken Sie auf die Schaltfl\u00e4che unten. Bitte beachten Sie, dass dabei Daten an Drittanbieter weitergegeben werden.<\/p> <a class=\"brlbs-cmpnt-cb-provider-toggle\" href=\"#\" data-borlabs-cookie-show-provider-information role=\"button\">Mehr Informationen<\/a> <\/div> <div class=\"brlbs-cmpnt-cb-buttons\"> <a class=\"brlbs-cmpnt-cb-btn\" href=\"#\" data-borlabs-cookie-unblock role=\"button\">Inhalt entsperren<\/a> <a class=\"brlbs-cmpnt-cb-btn\" href=\"#\" data-borlabs-cookie-accept-service role=\"button\" style=\"display: inherit\">Erforderlichen Service akzeptieren und Inhalte entsperren<\/a> <\/div> <\/div> <\/div><\/div><\/figure>\n\n\n\n<p>Bei Kiveri ist an der K\u00fcste ein Basin zu sehen, neben dem auch ein Maschinenhaus errichtet wurde. Hier treffen die Wasser der Stymfalia, einem Hochlandsee im Peloponnes, unterirdisch auf das Meer. Die Quellen wurden eingefasst und dienen der Bew\u00e4sserung der Obstplantagen der Argolis, der Region um Argos und <a href=\"https:\/\/blog.myvideomedia.com\/de\/altstadt-von-nafplio\/\">Nafplio<\/a>.  <\/p>\n\n\n\n<p>Text und Video: Copyright \u00a9 <a rel=\"noopener noreferrer\" href=\"https:\/\/www.myvideomedia.de\/\" target=\"_blank\">myVideoMedia<\/a><\/p>\n","protected":false},"excerpt":{"rendered":"<p>\u00dcber das Parnon Gebirge \u2013 &nbsp;von Lakonien nach Arkadien Wir verlassen den S\u00fcden des Peloponnes und fahren \u00fcber Skala durch das 2000 m hohe Parnon-Gebirge, auch Parnonas genannt, Richtung Leonidio. Nicht nur der Ausblick ist atemberaubend, auch die Stra\u00dfen sind es. Bei Leonidio treffen wir wieder auf die K\u00fcste des Golfs von Korinth, dem wir [&hellip;]<\/p>\n","protected":false},"author":1,"featured_media":3835,"comment_status":"open","ping_status":"closed","sticky":false,"template":"","format":"standard","meta":{"_genesis_hide_title":false,"_genesis_hide_breadcrumbs":false,"_genesis_hide_singular_image":false,"_genesis_hide_footer_widgets":false,"_genesis_custom_body_class":"","_genesis_custom_post_class":"","_genesis_layout":"","footnotes":""},"categories":[1550,506,515],"tags":[466,692,469,449],"class_list":{"0":"post-6162","1":"post","2":"type-post","3":"status-publish","4":"format-standard","5":"has-post-thumbnail","7":"category-europa","8":"category-griechenland","9":"category-peloponnes","10":"tag-berge","11":"tag-autofahrt","12":"tag-natur","13":"tag-strand","14":"entry"},"yoast_head":"<!-- This site is optimized with the Yoast SEO plugin v27.4 - https:\/\/yoast.com\/product\/yoast-seo-wordpress\/ -->\n<title>\u00dcber das Parnon Gebirge - Griechenland - Reise Video Blog<\/title>\n<meta name=\"description\" content=\"Wir verlassen den S\u00fcden des Peloponnes und fahren \u00fcber Skala durch das 2000 m hohe Parnon-Gebirge, auch Parnonas genannt, Richtung Leonidio.\" \/>\n<meta name=\"robots\" content=\"index, follow, max-snippet:-1, max-image-preview:large, max-video-preview:-1\" \/>\n<link rel=\"canonical\" href=\"https:\/\/blog.myvideomedia.com\/de\/parnon-gebirge\/\" \/>\n<meta property=\"og:locale\" content=\"de_DE\" \/>\n<meta property=\"og:type\" content=\"article\" \/>\n<meta property=\"og:title\" content=\"\u00dcber das Parnon Gebirge - Griechenland - Reise Video Blog\" \/>\n<meta property=\"og:description\" content=\"Wir verlassen den S\u00fcden des Peloponnes und fahren \u00fcber Skala durch das 2000 m hohe Parnon-Gebirge, auch Parnonas genannt, Richtung Leonidio.\" \/>\n<meta property=\"og:url\" content=\"https:\/\/blog.myvideomedia.com\/de\/parnon-gebirge\/\" \/>\n<meta property=\"og:site_name\" content=\"Reise Video Blog\" \/>\n<meta property=\"article:publisher\" content=\"https:\/\/www.facebook.com\/ursula.streit.520\" \/>\n<meta property=\"article:author\" content=\"https:\/\/www.facebook.com\/ursula.streit.520\" \/>\n<meta property=\"article:published_time\" content=\"2015-01-23T15:51:42+00:00\" \/>\n<meta property=\"article:modified_time\" content=\"2022-01-26T15:39:25+00:00\" \/>\n<meta property=\"og:image\" content=\"https:\/\/blog.myvideomedia.com\/wp-content\/uploads\/2014\/01\/parnon-11.jpg\" \/>\n\t<meta property=\"og:image:width\" content=\"724\" \/>\n\t<meta property=\"og:image:height\" content=\"407\" \/>\n\t<meta property=\"og:image:type\" content=\"image\/jpeg\" \/>\n<meta name=\"author\" content=\"myVideoMedia\" \/>\n<meta name=\"twitter:card\" content=\"summary_large_image\" \/>\n<meta name=\"twitter:creator\" content=\"@myvideomedia\" \/>\n<meta name=\"twitter:site\" content=\"@myvideomedia\" \/>\n<meta name=\"twitter:label1\" content=\"Verfasst von\" \/>\n\t<meta name=\"twitter:data1\" content=\"myVideoMedia\" \/>\n\t<meta name=\"twitter:label2\" content=\"Gesch\u00e4tzte Lesezeit\" \/>\n\t<meta name=\"twitter:data2\" content=\"1\u00a0Minute\" \/>\n<script type=\"application\/ld+json\" class=\"yoast-schema-graph\">{\"@context\":\"https:\\\/\\\/schema.org\",\"@graph\":[{\"@type\":\"Article\",\"@id\":\"https:\\\/\\\/blog.myvideomedia.com\\\/de\\\/parnon-gebirge\\\/#article\",\"isPartOf\":{\"@id\":\"https:\\\/\\\/blog.myvideomedia.com\\\/de\\\/parnon-gebirge\\\/\"},\"author\":{\"name\":\"myVideoMedia\",\"@id\":\"https:\\\/\\\/blog.myvideomedia.com\\\/de\\\/#\\\/schema\\\/person\\\/87be8fbbed69b1562242448c1c3dcbec\"},\"headline\":\"\u00dcber das Parnon Gebirge\",\"datePublished\":\"2015-01-23T15:51:42+00:00\",\"dateModified\":\"2022-01-26T15:39:25+00:00\",\"mainEntityOfPage\":{\"@id\":\"https:\\\/\\\/blog.myvideomedia.com\\\/de\\\/parnon-gebirge\\\/\"},\"wordCount\":143,\"commentCount\":0,\"publisher\":{\"@id\":\"https:\\\/\\\/blog.myvideomedia.com\\\/de\\\/#\\\/schema\\\/person\\\/87be8fbbed69b1562242448c1c3dcbec\"},\"image\":{\"@id\":\"https:\\\/\\\/blog.myvideomedia.com\\\/de\\\/parnon-gebirge\\\/#primaryimage\"},\"thumbnailUrl\":\"https:\\\/\\\/blog.myvideomedia.com\\\/wp-content\\\/uploads\\\/2014\\\/01\\\/parnon-11.jpg\",\"keywords\":[\"Berge\",\"mit dem Auto\",\"Natur\",\"Strand\"],\"articleSection\":[\"Europa\",\"Griechenland\",\"Peloponnes\"],\"inLanguage\":\"de\",\"potentialAction\":[{\"@type\":\"CommentAction\",\"name\":\"Comment\",\"target\":[\"https:\\\/\\\/blog.myvideomedia.com\\\/de\\\/parnon-gebirge\\\/#respond\"]}]},{\"@type\":\"WebPage\",\"@id\":\"https:\\\/\\\/blog.myvideomedia.com\\\/de\\\/parnon-gebirge\\\/\",\"url\":\"https:\\\/\\\/blog.myvideomedia.com\\\/de\\\/parnon-gebirge\\\/\",\"name\":\"\u00dcber das Parnon Gebirge - Griechenland - Reise Video Blog\",\"isPartOf\":{\"@id\":\"https:\\\/\\\/blog.myvideomedia.com\\\/de\\\/#website\"},\"primaryImageOfPage\":{\"@id\":\"https:\\\/\\\/blog.myvideomedia.com\\\/de\\\/parnon-gebirge\\\/#primaryimage\"},\"image\":{\"@id\":\"https:\\\/\\\/blog.myvideomedia.com\\\/de\\\/parnon-gebirge\\\/#primaryimage\"},\"thumbnailUrl\":\"https:\\\/\\\/blog.myvideomedia.com\\\/wp-content\\\/uploads\\\/2014\\\/01\\\/parnon-11.jpg\",\"datePublished\":\"2015-01-23T15:51:42+00:00\",\"dateModified\":\"2022-01-26T15:39:25+00:00\",\"description\":\"Wir verlassen den S\u00fcden des Peloponnes und fahren \u00fcber Skala durch das 2000 m hohe Parnon-Gebirge, auch Parnonas genannt, Richtung Leonidio.\",\"breadcrumb\":{\"@id\":\"https:\\\/\\\/blog.myvideomedia.com\\\/de\\\/parnon-gebirge\\\/#breadcrumb\"},\"inLanguage\":\"de\",\"potentialAction\":[{\"@type\":\"ReadAction\",\"target\":[\"https:\\\/\\\/blog.myvideomedia.com\\\/de\\\/parnon-gebirge\\\/\"]}]},{\"@type\":\"ImageObject\",\"inLanguage\":\"de\",\"@id\":\"https:\\\/\\\/blog.myvideomedia.com\\\/de\\\/parnon-gebirge\\\/#primaryimage\",\"url\":\"https:\\\/\\\/blog.myvideomedia.com\\\/wp-content\\\/uploads\\\/2014\\\/01\\\/parnon-11.jpg\",\"contentUrl\":\"https:\\\/\\\/blog.myvideomedia.com\\\/wp-content\\\/uploads\\\/2014\\\/01\\\/parnon-11.jpg\",\"width\":724,\"height\":407,\"caption\":\"Parnon Gebirge\"},{\"@type\":\"BreadcrumbList\",\"@id\":\"https:\\\/\\\/blog.myvideomedia.com\\\/de\\\/parnon-gebirge\\\/#breadcrumb\",\"itemListElement\":[{\"@type\":\"ListItem\",\"position\":1,\"name\":\"Home\",\"item\":\"https:\\\/\\\/blog.myvideomedia.com\\\/de\\\/\"},{\"@type\":\"ListItem\",\"position\":2,\"name\":\"\u00dcber das Parnon Gebirge\"}]},{\"@type\":\"WebSite\",\"@id\":\"https:\\\/\\\/blog.myvideomedia.com\\\/de\\\/#website\",\"url\":\"https:\\\/\\\/blog.myvideomedia.com\\\/de\\\/\",\"name\":\"Travel Video Blog\",\"description\":\"myVideoMedia Reisetipps und Reisevideos\",\"publisher\":{\"@id\":\"https:\\\/\\\/blog.myvideomedia.com\\\/de\\\/#\\\/schema\\\/person\\\/87be8fbbed69b1562242448c1c3dcbec\"},\"potentialAction\":[{\"@type\":\"SearchAction\",\"target\":{\"@type\":\"EntryPoint\",\"urlTemplate\":\"https:\\\/\\\/blog.myvideomedia.com\\\/de\\\/?s={search_term_string}\"},\"query-input\":{\"@type\":\"PropertyValueSpecification\",\"valueRequired\":true,\"valueName\":\"search_term_string\"}}],\"inLanguage\":\"de\"},{\"@type\":[\"Person\",\"Organization\"],\"@id\":\"https:\\\/\\\/blog.myvideomedia.com\\\/de\\\/#\\\/schema\\\/person\\\/87be8fbbed69b1562242448c1c3dcbec\",\"name\":\"myVideoMedia\",\"image\":{\"@type\":\"ImageObject\",\"inLanguage\":\"de\",\"@id\":\"https:\\\/\\\/secure.gravatar.com\\\/avatar\\\/460720160715ef8975b781abd1b6985e55ce2f01567bb6757bebd73e7cf74c97?s=96&d=mm&r=g\",\"url\":\"https:\\\/\\\/secure.gravatar.com\\\/avatar\\\/460720160715ef8975b781abd1b6985e55ce2f01567bb6757bebd73e7cf74c97?s=96&d=mm&r=g\",\"contentUrl\":\"https:\\\/\\\/secure.gravatar.com\\\/avatar\\\/460720160715ef8975b781abd1b6985e55ce2f01567bb6757bebd73e7cf74c97?s=96&d=mm&r=g\",\"caption\":\"myVideoMedia\"},\"logo\":{\"@id\":\"https:\\\/\\\/secure.gravatar.com\\\/avatar\\\/460720160715ef8975b781abd1b6985e55ce2f01567bb6757bebd73e7cf74c97?s=96&d=mm&r=g\"},\"description\":\"\\\"The World is a book, and those who do not travel read only a page\\\" - Aurelius Augustinus (354 - 430 AD) Travel is our passion. With our posts and videos we like to inspire people who are planning or preparing for holidays as well as people who simply want to escape from everyday life and dream of faraway countries.\",\"sameAs\":[\"https:\\\/\\\/www.myvideomedia.com\",\"https:\\\/\\\/www.facebook.com\\\/ursula.streit.520\"],\"url\":\"https:\\\/\\\/blog.myvideomedia.com\\\/de\\\/author\\\/traveladm\\\/\"}]}<\/script>\n<!-- \/ Yoast SEO plugin. -->","yoast_head_json":{"title":"\u00dcber das Parnon Gebirge - Griechenland - Reise Video Blog","description":"Wir verlassen den S\u00fcden des Peloponnes und fahren \u00fcber Skala durch das 2000 m hohe Parnon-Gebirge, auch Parnonas genannt, Richtung Leonidio.","robots":{"index":"index","follow":"follow","max-snippet":"max-snippet:-1","max-image-preview":"max-image-preview:large","max-video-preview":"max-video-preview:-1"},"canonical":"https:\/\/blog.myvideomedia.com\/de\/parnon-gebirge\/","og_locale":"de_DE","og_type":"article","og_title":"\u00dcber das Parnon Gebirge - Griechenland - Reise Video Blog","og_description":"Wir verlassen den S\u00fcden des Peloponnes und fahren \u00fcber Skala durch das 2000 m hohe Parnon-Gebirge, auch Parnonas genannt, Richtung Leonidio.","og_url":"https:\/\/blog.myvideomedia.com\/de\/parnon-gebirge\/","og_site_name":"Reise Video Blog","article_publisher":"https:\/\/www.facebook.com\/ursula.streit.520","article_author":"https:\/\/www.facebook.com\/ursula.streit.520","article_published_time":"2015-01-23T15:51:42+00:00","article_modified_time":"2022-01-26T15:39:25+00:00","og_image":[{"width":724,"height":407,"url":"https:\/\/blog.myvideomedia.com\/wp-content\/uploads\/2014\/01\/parnon-11.jpg","type":"image\/jpeg"}],"author":"myVideoMedia","twitter_card":"summary_large_image","twitter_creator":"@myvideomedia","twitter_site":"@myvideomedia","twitter_misc":{"Verfasst von":"myVideoMedia","Gesch\u00e4tzte Lesezeit":"1\u00a0Minute"},"schema":{"@context":"https:\/\/schema.org","@graph":[{"@type":"Article","@id":"https:\/\/blog.myvideomedia.com\/de\/parnon-gebirge\/#article","isPartOf":{"@id":"https:\/\/blog.myvideomedia.com\/de\/parnon-gebirge\/"},"author":{"name":"myVideoMedia","@id":"https:\/\/blog.myvideomedia.com\/de\/#\/schema\/person\/87be8fbbed69b1562242448c1c3dcbec"},"headline":"\u00dcber das Parnon Gebirge","datePublished":"2015-01-23T15:51:42+00:00","dateModified":"2022-01-26T15:39:25+00:00","mainEntityOfPage":{"@id":"https:\/\/blog.myvideomedia.com\/de\/parnon-gebirge\/"},"wordCount":143,"commentCount":0,"publisher":{"@id":"https:\/\/blog.myvideomedia.com\/de\/#\/schema\/person\/87be8fbbed69b1562242448c1c3dcbec"},"image":{"@id":"https:\/\/blog.myvideomedia.com\/de\/parnon-gebirge\/#primaryimage"},"thumbnailUrl":"https:\/\/blog.myvideomedia.com\/wp-content\/uploads\/2014\/01\/parnon-11.jpg","keywords":["Berge","mit dem Auto","Natur","Strand"],"articleSection":["Europa","Griechenland","Peloponnes"],"inLanguage":"de","potentialAction":[{"@type":"CommentAction","name":"Comment","target":["https:\/\/blog.myvideomedia.com\/de\/parnon-gebirge\/#respond"]}]},{"@type":"WebPage","@id":"https:\/\/blog.myvideomedia.com\/de\/parnon-gebirge\/","url":"https:\/\/blog.myvideomedia.com\/de\/parnon-gebirge\/","name":"\u00dcber das Parnon Gebirge - Griechenland - Reise Video Blog","isPartOf":{"@id":"https:\/\/blog.myvideomedia.com\/de\/#website"},"primaryImageOfPage":{"@id":"https:\/\/blog.myvideomedia.com\/de\/parnon-gebirge\/#primaryimage"},"image":{"@id":"https:\/\/blog.myvideomedia.com\/de\/parnon-gebirge\/#primaryimage"},"thumbnailUrl":"https:\/\/blog.myvideomedia.com\/wp-content\/uploads\/2014\/01\/parnon-11.jpg","datePublished":"2015-01-23T15:51:42+00:00","dateModified":"2022-01-26T15:39:25+00:00","description":"Wir verlassen den S\u00fcden des Peloponnes und fahren \u00fcber Skala durch das 2000 m hohe Parnon-Gebirge, auch Parnonas genannt, Richtung Leonidio.","breadcrumb":{"@id":"https:\/\/blog.myvideomedia.com\/de\/parnon-gebirge\/#breadcrumb"},"inLanguage":"de","potentialAction":[{"@type":"ReadAction","target":["https:\/\/blog.myvideomedia.com\/de\/parnon-gebirge\/"]}]},{"@type":"ImageObject","inLanguage":"de","@id":"https:\/\/blog.myvideomedia.com\/de\/parnon-gebirge\/#primaryimage","url":"https:\/\/blog.myvideomedia.com\/wp-content\/uploads\/2014\/01\/parnon-11.jpg","contentUrl":"https:\/\/blog.myvideomedia.com\/wp-content\/uploads\/2014\/01\/parnon-11.jpg","width":724,"height":407,"caption":"Parnon Gebirge"},{"@type":"BreadcrumbList","@id":"https:\/\/blog.myvideomedia.com\/de\/parnon-gebirge\/#breadcrumb","itemListElement":[{"@type":"ListItem","position":1,"name":"Home","item":"https:\/\/blog.myvideomedia.com\/de\/"},{"@type":"ListItem","position":2,"name":"\u00dcber das Parnon Gebirge"}]},{"@type":"WebSite","@id":"https:\/\/blog.myvideomedia.com\/de\/#website","url":"https:\/\/blog.myvideomedia.com\/de\/","name":"Travel Video Blog","description":"myVideoMedia Reisetipps und Reisevideos","publisher":{"@id":"https:\/\/blog.myvideomedia.com\/de\/#\/schema\/person\/87be8fbbed69b1562242448c1c3dcbec"},"potentialAction":[{"@type":"SearchAction","target":{"@type":"EntryPoint","urlTemplate":"https:\/\/blog.myvideomedia.com\/de\/?s={search_term_string}"},"query-input":{"@type":"PropertyValueSpecification","valueRequired":true,"valueName":"search_term_string"}}],"inLanguage":"de"},{"@type":["Person","Organization"],"@id":"https:\/\/blog.myvideomedia.com\/de\/#\/schema\/person\/87be8fbbed69b1562242448c1c3dcbec","name":"myVideoMedia","image":{"@type":"ImageObject","inLanguage":"de","@id":"https:\/\/secure.gravatar.com\/avatar\/460720160715ef8975b781abd1b6985e55ce2f01567bb6757bebd73e7cf74c97?s=96&d=mm&r=g","url":"https:\/\/secure.gravatar.com\/avatar\/460720160715ef8975b781abd1b6985e55ce2f01567bb6757bebd73e7cf74c97?s=96&d=mm&r=g","contentUrl":"https:\/\/secure.gravatar.com\/avatar\/460720160715ef8975b781abd1b6985e55ce2f01567bb6757bebd73e7cf74c97?s=96&d=mm&r=g","caption":"myVideoMedia"},"logo":{"@id":"https:\/\/secure.gravatar.com\/avatar\/460720160715ef8975b781abd1b6985e55ce2f01567bb6757bebd73e7cf74c97?s=96&d=mm&r=g"},"description":"\"The World is a book, and those who do not travel read only a page\" - Aurelius Augustinus (354 - 430 AD) Travel is our passion. With our posts and videos we like to inspire people who are planning or preparing for holidays as well as people who simply want to escape from everyday life and dream of faraway countries.","sameAs":["https:\/\/www.myvideomedia.com","https:\/\/www.facebook.com\/ursula.streit.520"],"url":"https:\/\/blog.myvideomedia.com\/de\/author\/traveladm\/"}]}},"featured_image_src":"https:\/\/blog.myvideomedia.com\/wp-content\/uploads\/2014\/01\/parnon-11.jpg","featured_image_src_square":"https:\/\/blog.myvideomedia.com\/wp-content\/uploads\/2014\/01\/parnon-11.jpg","author_info":{"display_name":"myVideoMedia","author_link":"https:\/\/blog.myvideomedia.com\/de\/author\/traveladm\/"},"_links":{"self":[{"href":"https:\/\/blog.myvideomedia.com\/de\/wp-json\/wp\/v2\/posts\/6162","targetHints":{"allow":["GET"]}}],"collection":[{"href":"https:\/\/blog.myvideomedia.com\/de\/wp-json\/wp\/v2\/posts"}],"about":[{"href":"https:\/\/blog.myvideomedia.com\/de\/wp-json\/wp\/v2\/types\/post"}],"author":[{"embeddable":true,"href":"https:\/\/blog.myvideomedia.com\/de\/wp-json\/wp\/v2\/users\/1"}],"replies":[{"embeddable":true,"href":"https:\/\/blog.myvideomedia.com\/de\/wp-json\/wp\/v2\/comments?post=6162"}],"version-history":[{"count":0,"href":"https:\/\/blog.myvideomedia.com\/de\/wp-json\/wp\/v2\/posts\/6162\/revisions"}],"wp:featuredmedia":[{"embeddable":true,"href":"https:\/\/blog.myvideomedia.com\/de\/wp-json\/wp\/v2\/media\/3835"}],"wp:attachment":[{"href":"https:\/\/blog.myvideomedia.com\/de\/wp-json\/wp\/v2\/media?parent=6162"}],"wp:term":[{"taxonomy":"category","embeddable":true,"href":"https:\/\/blog.myvideomedia.com\/de\/wp-json\/wp\/v2\/categories?post=6162"},{"taxonomy":"post_tag","embeddable":true,"href":"https:\/\/blog.myvideomedia.com\/de\/wp-json\/wp\/v2\/tags?post=6162"}],"curies":[{"name":"wp","href":"https:\/\/api.w.org\/{rel}","templated":true}]}}