{"id":6248,"date":"2015-01-29T17:02:44","date_gmt":"2015-01-29T16:02:44","guid":{"rendered":"https:\/\/blog.myvideomedia.com\/?p=6248"},"modified":"2022-01-22T17:00:22","modified_gmt":"2022-01-22T16:00:22","slug":"silvretta-und-hochapenstrasse","status":"publish","type":"post","link":"https:\/\/blog.myvideomedia.com\/de\/silvretta-und-hochapenstrasse\/","title":{"rendered":"Silvretta und Hochapenstrasse"},"content":{"rendered":"\n<p>Die Silvretta ist eine Gebirgsgruppe in den Ostalpen die sowohl zu \u00d6sterreich als auch zur Schweiz geh\u00f6rt.  In \u00d6sterreich ist sie \u00fcber die Bundesl\u00e4nder Tirol und Vorarlberg erreichbar.  <\/p>\n\n\n\n<p>Die kurvenreiche Silvretta-Hochalpenstra\u00dfe geh\u00f6rt zu den sch\u00f6nsten Gebirgsstra\u00dfen der Alpen und ist bei Motorradfahrern sehr beliebt.<\/p>\n\n\n\n<h3 class=\"wp-block-heading\"><a href=\"https:\/\/youtu.be\/FmaFehReqwI\" target=\"_blank\" rel=\"noreferrer noopener\" aria-label=\"Hier sehen Sie das Video (\u00f6ffnet in neuem Tab)\">Hier sehen Sie das Video<\/a><\/h3>\n\n\n\n<figure> <div class=\"brlbs-cmpnt-container brlbs-cmpnt-content-blocker brlbs-cmpnt-with-individual-styles\" data-borlabs-cookie-content-blocker-id=\"youtube-content-blocker\" data-borlabs-cookie-content=\"PGlmcmFtZSBzcmM9Imh0dHBzOi8vd3d3LnlvdXR1YmUtbm9jb29raWUuY29tL2VtYmVkL0ZtYUZlaFJlcXdJIiB3aWR0aD0iNTYwIiBoZWlnaHQ9IjMxNSI+PC9pZnJhbWU+\"><div class=\"brlbs-cmpnt-cb-preset-c brlbs-cmpnt-cb-youtube\"> <div class=\"brlbs-cmpnt-cb-thumbnail\" style=\"background-image: url('https:\/\/blog.myvideomedia.com\/wp-content\/uploads\/borlabs-cookie\/1\/yt_FmaFehReqwI_hqdefault.jpg')\"><\/div> <div class=\"brlbs-cmpnt-cb-main\"> <div class=\"brlbs-cmpnt-cb-play-button\"><\/div> <div class=\"brlbs-cmpnt-cb-content\"> <p class=\"brlbs-cmpnt-cb-description\">Sie sehen gerade einen Platzhalterinhalt von <strong>YouTube<\/strong>. Um auf den eigentlichen Inhalt zuzugreifen, klicken Sie auf die Schaltfl\u00e4che unten. Bitte beachten Sie, dass dabei Daten an Drittanbieter weitergegeben werden.<\/p> <a class=\"brlbs-cmpnt-cb-provider-toggle\" href=\"#\" data-borlabs-cookie-show-provider-information role=\"button\">Mehr Informationen<\/a> <\/div> <div class=\"brlbs-cmpnt-cb-buttons\"> <a class=\"brlbs-cmpnt-cb-btn\" href=\"#\" data-borlabs-cookie-unblock role=\"button\">Inhalt entsperren<\/a> <a class=\"brlbs-cmpnt-cb-btn\" href=\"#\" data-borlabs-cookie-accept-service role=\"button\" style=\"display: inherit\">Erforderlichen Service akzeptieren und Inhalte entsperren<\/a> <\/div> <\/div> <\/div><\/div><\/figure>\n\n\n\n<p> Die Mautpflichtige Stra\u00dfe ist aber nur im Sommer ge\u00f6ffnet. Sie f\u00fchrt von der Ortschaft Gallt\u00fcr zum h\u00f6chsten Punkt auf 2071 m H\u00f6he, der Bielerh\u00f6he. <\/p>\n\n\n\n<div class=\"wp-block-image\"><figure class=\"aligncenter\"><img loading=\"lazy\" decoding=\"async\" width=\"724\" height=\"483\" src=\"https:\/\/blog.myvideomedia.com\/wp-content\/uploads\/2013\/08\/silvretta_1449.jpg\" alt=\"Silvretta Hochalpenstrasse\" class=\"wp-image-4035\" srcset=\"https:\/\/blog.myvideomedia.com\/wp-content\/uploads\/2013\/08\/silvretta_1449.jpg 724w, https:\/\/blog.myvideomedia.com\/wp-content\/uploads\/2013\/08\/silvretta_1449-300x200.jpg 300w\" sizes=\"auto, (max-width: 724px) 100vw, 724px\" \/><\/figure><\/div>\n\n\n\n<p>Die Bielerh\u00f6he ist Ausgangspunkt f\u00fcr beliebte Bergwanderwege.<\/p>\n\n\n\n<div class=\"wp-block-image\"><figure class=\"aligncenter\"><img loading=\"lazy\" decoding=\"async\" width=\"724\" height=\"483\" src=\"https:\/\/blog.myvideomedia.com\/wp-content\/uploads\/2013\/08\/silvretta_1435.jpg\" alt=\"Silvretta Stausee\" class=\"wp-image-4036\" srcset=\"https:\/\/blog.myvideomedia.com\/wp-content\/uploads\/2013\/08\/silvretta_1435.jpg 724w, https:\/\/blog.myvideomedia.com\/wp-content\/uploads\/2013\/08\/silvretta_1435-300x200.jpg 300w\" sizes=\"auto, (max-width: 724px) 100vw, 724px\" \/><\/figure><\/div>\n\n\n\n<p>1951 wurde der Silvretta Stausee fertiggestellt. Er ist sicherlich einer der imposantesten Stauseen der Tiroler Alpen. <\/p>\n\n\n\n<p>Von hier hat man einen grandiosen Panoramablick auf das Montafon, ein 39 km langes Tal welches sich bis nach Bludenz erstreckt.<\/p>\n\n\n\n<p>Text, Fotos und Video: Coypright \u00a9 <a href=\"http:\/\/www.myvideomedia.de\/\" target=\"_blank\" rel=\"noopener noreferrer\">myVideoMedia<\/a><\/p>\n","protected":false},"excerpt":{"rendered":"<p>Die Silvretta ist eine Gebirgsgruppe in den Ostalpen die sowohl zu \u00d6sterreich als auch zur Schweiz geh\u00f6rt. In \u00d6sterreich ist sie \u00fcber die Bundesl\u00e4nder Tirol und Vorarlberg erreichbar. Die kurvenreiche Silvretta-Hochalpenstra\u00dfe geh\u00f6rt zu den sch\u00f6nsten Gebirgsstra\u00dfen der Alpen und ist bei Motorradfahrern sehr beliebt. Hier sehen Sie das Video Sie sehen gerade einen Platzhalterinhalt von [&hellip;]<\/p>\n","protected":false},"author":1,"featured_media":4035,"comment_status":"open","ping_status":"closed","sticky":false,"template":"","format":"standard","meta":{"_genesis_hide_title":false,"_genesis_hide_breadcrumbs":false,"_genesis_hide_singular_image":false,"_genesis_hide_footer_widgets":false,"_genesis_custom_body_class":"","_genesis_custom_post_class":"","_genesis_layout":"","footnotes":""},"categories":[1550,492,539],"tags":[466,469,461],"class_list":{"0":"post-6248","1":"post","2":"type-post","3":"status-publish","4":"format-standard","5":"has-post-thumbnail","7":"category-europa","8":"category-oesterreich","9":"category-vorarlberg_d","10":"tag-berge","11":"tag-natur","12":"tag-see","13":"entry"},"yoast_head":"<!-- This site is optimized with the Yoast SEO plugin v27.4 - https:\/\/yoast.com\/product\/yoast-seo-wordpress\/ -->\n<title>Silvretta und Hochapenstrasse - Vorarlberg - Reise Video Blog<\/title>\n<meta name=\"description\" content=\"Die Silvretta Gruppe geh\u00f6rt sowohl zu \u00d6sterreich als auch zur Schweiz. Die kurvenreiche Silvretta-Hochalpenstra\u00dfe ist bei Motorradfahrern sehr beliebt.\" \/>\n<meta name=\"robots\" content=\"index, follow, max-snippet:-1, max-image-preview:large, max-video-preview:-1\" \/>\n<link rel=\"canonical\" href=\"https:\/\/blog.myvideomedia.com\/de\/silvretta-und-hochapenstrasse\/\" \/>\n<meta property=\"og:locale\" content=\"de_DE\" \/>\n<meta property=\"og:type\" content=\"article\" \/>\n<meta property=\"og:title\" content=\"Silvretta und Hochapenstrasse - Vorarlberg - Reise Video Blog\" \/>\n<meta property=\"og:description\" content=\"Die Silvretta Gruppe geh\u00f6rt sowohl zu \u00d6sterreich als auch zur Schweiz. Die kurvenreiche Silvretta-Hochalpenstra\u00dfe ist bei Motorradfahrern sehr beliebt.\" \/>\n<meta property=\"og:url\" content=\"https:\/\/blog.myvideomedia.com\/de\/silvretta-und-hochapenstrasse\/\" \/>\n<meta property=\"og:site_name\" content=\"Reise Video Blog\" \/>\n<meta property=\"article:publisher\" content=\"https:\/\/www.facebook.com\/ursula.streit.520\" \/>\n<meta property=\"article:author\" content=\"https:\/\/www.facebook.com\/ursula.streit.520\" \/>\n<meta property=\"article:published_time\" content=\"2015-01-29T16:02:44+00:00\" \/>\n<meta property=\"article:modified_time\" content=\"2022-01-22T16:00:22+00:00\" \/>\n<meta property=\"og:image\" content=\"https:\/\/blog.myvideomedia.com\/wp-content\/uploads\/2013\/08\/silvretta_1449.jpg\" \/>\n\t<meta property=\"og:image:width\" content=\"724\" \/>\n\t<meta property=\"og:image:height\" content=\"483\" \/>\n\t<meta property=\"og:image:type\" content=\"image\/jpeg\" \/>\n<meta name=\"author\" content=\"myVideoMedia\" \/>\n<meta name=\"twitter:card\" content=\"summary_large_image\" \/>\n<meta name=\"twitter:creator\" content=\"@myvideomedia\" \/>\n<meta name=\"twitter:site\" content=\"@myvideomedia\" \/>\n<meta name=\"twitter:label1\" content=\"Verfasst von\" \/>\n\t<meta name=\"twitter:data1\" content=\"myVideoMedia\" \/>\n\t<meta name=\"twitter:label2\" content=\"Gesch\u00e4tzte Lesezeit\" \/>\n\t<meta name=\"twitter:data2\" content=\"1\u00a0Minute\" \/>\n<script type=\"application\/ld+json\" class=\"yoast-schema-graph\">{\"@context\":\"https:\\\/\\\/schema.org\",\"@graph\":[{\"@type\":\"Article\",\"@id\":\"https:\\\/\\\/blog.myvideomedia.com\\\/de\\\/silvretta-und-hochapenstrasse\\\/#article\",\"isPartOf\":{\"@id\":\"https:\\\/\\\/blog.myvideomedia.com\\\/de\\\/silvretta-und-hochapenstrasse\\\/\"},\"author\":{\"name\":\"myVideoMedia\",\"@id\":\"https:\\\/\\\/blog.myvideomedia.com\\\/de\\\/#\\\/schema\\\/person\\\/87be8fbbed69b1562242448c1c3dcbec\"},\"headline\":\"Silvretta und Hochapenstrasse\",\"datePublished\":\"2015-01-29T16:02:44+00:00\",\"dateModified\":\"2022-01-22T16:00:22+00:00\",\"mainEntityOfPage\":{\"@id\":\"https:\\\/\\\/blog.myvideomedia.com\\\/de\\\/silvretta-und-hochapenstrasse\\\/\"},\"wordCount\":138,\"commentCount\":0,\"publisher\":{\"@id\":\"https:\\\/\\\/blog.myvideomedia.com\\\/de\\\/#\\\/schema\\\/person\\\/87be8fbbed69b1562242448c1c3dcbec\"},\"image\":{\"@id\":\"https:\\\/\\\/blog.myvideomedia.com\\\/de\\\/silvretta-und-hochapenstrasse\\\/#primaryimage\"},\"thumbnailUrl\":\"https:\\\/\\\/blog.myvideomedia.com\\\/wp-content\\\/uploads\\\/2013\\\/08\\\/silvretta_1449.jpg\",\"keywords\":[\"Berge\",\"Natur\",\"See\"],\"articleSection\":[\"Europa\",\"\u00d6sterreich\",\"Vorarlberg\"],\"inLanguage\":\"de\",\"potentialAction\":[{\"@type\":\"CommentAction\",\"name\":\"Comment\",\"target\":[\"https:\\\/\\\/blog.myvideomedia.com\\\/de\\\/silvretta-und-hochapenstrasse\\\/#respond\"]}]},{\"@type\":\"WebPage\",\"@id\":\"https:\\\/\\\/blog.myvideomedia.com\\\/de\\\/silvretta-und-hochapenstrasse\\\/\",\"url\":\"https:\\\/\\\/blog.myvideomedia.com\\\/de\\\/silvretta-und-hochapenstrasse\\\/\",\"name\":\"Silvretta und Hochapenstrasse - Vorarlberg - Reise Video Blog\",\"isPartOf\":{\"@id\":\"https:\\\/\\\/blog.myvideomedia.com\\\/de\\\/#website\"},\"primaryImageOfPage\":{\"@id\":\"https:\\\/\\\/blog.myvideomedia.com\\\/de\\\/silvretta-und-hochapenstrasse\\\/#primaryimage\"},\"image\":{\"@id\":\"https:\\\/\\\/blog.myvideomedia.com\\\/de\\\/silvretta-und-hochapenstrasse\\\/#primaryimage\"},\"thumbnailUrl\":\"https:\\\/\\\/blog.myvideomedia.com\\\/wp-content\\\/uploads\\\/2013\\\/08\\\/silvretta_1449.jpg\",\"datePublished\":\"2015-01-29T16:02:44+00:00\",\"dateModified\":\"2022-01-22T16:00:22+00:00\",\"description\":\"Die Silvretta Gruppe geh\u00f6rt sowohl zu \u00d6sterreich als auch zur Schweiz. Die kurvenreiche Silvretta-Hochalpenstra\u00dfe ist bei Motorradfahrern sehr beliebt.\",\"breadcrumb\":{\"@id\":\"https:\\\/\\\/blog.myvideomedia.com\\\/de\\\/silvretta-und-hochapenstrasse\\\/#breadcrumb\"},\"inLanguage\":\"de\",\"potentialAction\":[{\"@type\":\"ReadAction\",\"target\":[\"https:\\\/\\\/blog.myvideomedia.com\\\/de\\\/silvretta-und-hochapenstrasse\\\/\"]}]},{\"@type\":\"ImageObject\",\"inLanguage\":\"de\",\"@id\":\"https:\\\/\\\/blog.myvideomedia.com\\\/de\\\/silvretta-und-hochapenstrasse\\\/#primaryimage\",\"url\":\"https:\\\/\\\/blog.myvideomedia.com\\\/wp-content\\\/uploads\\\/2013\\\/08\\\/silvretta_1449.jpg\",\"contentUrl\":\"https:\\\/\\\/blog.myvideomedia.com\\\/wp-content\\\/uploads\\\/2013\\\/08\\\/silvretta_1449.jpg\",\"width\":724,\"height\":483,\"caption\":\"Silvretta Hochalpenstrasse\"},{\"@type\":\"BreadcrumbList\",\"@id\":\"https:\\\/\\\/blog.myvideomedia.com\\\/de\\\/silvretta-und-hochapenstrasse\\\/#breadcrumb\",\"itemListElement\":[{\"@type\":\"ListItem\",\"position\":1,\"name\":\"Home\",\"item\":\"https:\\\/\\\/blog.myvideomedia.com\\\/de\\\/\"},{\"@type\":\"ListItem\",\"position\":2,\"name\":\"Silvretta und Hochapenstrasse\"}]},{\"@type\":\"WebSite\",\"@id\":\"https:\\\/\\\/blog.myvideomedia.com\\\/de\\\/#website\",\"url\":\"https:\\\/\\\/blog.myvideomedia.com\\\/de\\\/\",\"name\":\"Travel Video Blog\",\"description\":\"myVideoMedia Reisetipps und Reisevideos\",\"publisher\":{\"@id\":\"https:\\\/\\\/blog.myvideomedia.com\\\/de\\\/#\\\/schema\\\/person\\\/87be8fbbed69b1562242448c1c3dcbec\"},\"potentialAction\":[{\"@type\":\"SearchAction\",\"target\":{\"@type\":\"EntryPoint\",\"urlTemplate\":\"https:\\\/\\\/blog.myvideomedia.com\\\/de\\\/?s={search_term_string}\"},\"query-input\":{\"@type\":\"PropertyValueSpecification\",\"valueRequired\":true,\"valueName\":\"search_term_string\"}}],\"inLanguage\":\"de\"},{\"@type\":[\"Person\",\"Organization\"],\"@id\":\"https:\\\/\\\/blog.myvideomedia.com\\\/de\\\/#\\\/schema\\\/person\\\/87be8fbbed69b1562242448c1c3dcbec\",\"name\":\"myVideoMedia\",\"image\":{\"@type\":\"ImageObject\",\"inLanguage\":\"de\",\"@id\":\"https:\\\/\\\/secure.gravatar.com\\\/avatar\\\/460720160715ef8975b781abd1b6985e55ce2f01567bb6757bebd73e7cf74c97?s=96&d=mm&r=g\",\"url\":\"https:\\\/\\\/secure.gravatar.com\\\/avatar\\\/460720160715ef8975b781abd1b6985e55ce2f01567bb6757bebd73e7cf74c97?s=96&d=mm&r=g\",\"contentUrl\":\"https:\\\/\\\/secure.gravatar.com\\\/avatar\\\/460720160715ef8975b781abd1b6985e55ce2f01567bb6757bebd73e7cf74c97?s=96&d=mm&r=g\",\"caption\":\"myVideoMedia\"},\"logo\":{\"@id\":\"https:\\\/\\\/secure.gravatar.com\\\/avatar\\\/460720160715ef8975b781abd1b6985e55ce2f01567bb6757bebd73e7cf74c97?s=96&d=mm&r=g\"},\"description\":\"\\\"The World is a book, and those who do not travel read only a page\\\" - Aurelius Augustinus (354 - 430 AD) Travel is our passion. With our posts and videos we like to inspire people who are planning or preparing for holidays as well as people who simply want to escape from everyday life and dream of faraway countries.\",\"sameAs\":[\"https:\\\/\\\/www.myvideomedia.com\",\"https:\\\/\\\/www.facebook.com\\\/ursula.streit.520\"],\"url\":\"https:\\\/\\\/blog.myvideomedia.com\\\/de\\\/author\\\/traveladm\\\/\"}]}<\/script>\n<!-- \/ Yoast SEO plugin. -->","yoast_head_json":{"title":"Silvretta und Hochapenstrasse - Vorarlberg - Reise Video Blog","description":"Die Silvretta Gruppe geh\u00f6rt sowohl zu \u00d6sterreich als auch zur Schweiz. Die kurvenreiche Silvretta-Hochalpenstra\u00dfe ist bei Motorradfahrern sehr beliebt.","robots":{"index":"index","follow":"follow","max-snippet":"max-snippet:-1","max-image-preview":"max-image-preview:large","max-video-preview":"max-video-preview:-1"},"canonical":"https:\/\/blog.myvideomedia.com\/de\/silvretta-und-hochapenstrasse\/","og_locale":"de_DE","og_type":"article","og_title":"Silvretta und Hochapenstrasse - Vorarlberg - Reise Video Blog","og_description":"Die Silvretta Gruppe geh\u00f6rt sowohl zu \u00d6sterreich als auch zur Schweiz. Die kurvenreiche Silvretta-Hochalpenstra\u00dfe ist bei Motorradfahrern sehr beliebt.","og_url":"https:\/\/blog.myvideomedia.com\/de\/silvretta-und-hochapenstrasse\/","og_site_name":"Reise Video Blog","article_publisher":"https:\/\/www.facebook.com\/ursula.streit.520","article_author":"https:\/\/www.facebook.com\/ursula.streit.520","article_published_time":"2015-01-29T16:02:44+00:00","article_modified_time":"2022-01-22T16:00:22+00:00","og_image":[{"width":724,"height":483,"url":"https:\/\/blog.myvideomedia.com\/wp-content\/uploads\/2013\/08\/silvretta_1449.jpg","type":"image\/jpeg"}],"author":"myVideoMedia","twitter_card":"summary_large_image","twitter_creator":"@myvideomedia","twitter_site":"@myvideomedia","twitter_misc":{"Verfasst von":"myVideoMedia","Gesch\u00e4tzte Lesezeit":"1\u00a0Minute"},"schema":{"@context":"https:\/\/schema.org","@graph":[{"@type":"Article","@id":"https:\/\/blog.myvideomedia.com\/de\/silvretta-und-hochapenstrasse\/#article","isPartOf":{"@id":"https:\/\/blog.myvideomedia.com\/de\/silvretta-und-hochapenstrasse\/"},"author":{"name":"myVideoMedia","@id":"https:\/\/blog.myvideomedia.com\/de\/#\/schema\/person\/87be8fbbed69b1562242448c1c3dcbec"},"headline":"Silvretta und Hochapenstrasse","datePublished":"2015-01-29T16:02:44+00:00","dateModified":"2022-01-22T16:00:22+00:00","mainEntityOfPage":{"@id":"https:\/\/blog.myvideomedia.com\/de\/silvretta-und-hochapenstrasse\/"},"wordCount":138,"commentCount":0,"publisher":{"@id":"https:\/\/blog.myvideomedia.com\/de\/#\/schema\/person\/87be8fbbed69b1562242448c1c3dcbec"},"image":{"@id":"https:\/\/blog.myvideomedia.com\/de\/silvretta-und-hochapenstrasse\/#primaryimage"},"thumbnailUrl":"https:\/\/blog.myvideomedia.com\/wp-content\/uploads\/2013\/08\/silvretta_1449.jpg","keywords":["Berge","Natur","See"],"articleSection":["Europa","\u00d6sterreich","Vorarlberg"],"inLanguage":"de","potentialAction":[{"@type":"CommentAction","name":"Comment","target":["https:\/\/blog.myvideomedia.com\/de\/silvretta-und-hochapenstrasse\/#respond"]}]},{"@type":"WebPage","@id":"https:\/\/blog.myvideomedia.com\/de\/silvretta-und-hochapenstrasse\/","url":"https:\/\/blog.myvideomedia.com\/de\/silvretta-und-hochapenstrasse\/","name":"Silvretta und Hochapenstrasse - Vorarlberg - Reise Video Blog","isPartOf":{"@id":"https:\/\/blog.myvideomedia.com\/de\/#website"},"primaryImageOfPage":{"@id":"https:\/\/blog.myvideomedia.com\/de\/silvretta-und-hochapenstrasse\/#primaryimage"},"image":{"@id":"https:\/\/blog.myvideomedia.com\/de\/silvretta-und-hochapenstrasse\/#primaryimage"},"thumbnailUrl":"https:\/\/blog.myvideomedia.com\/wp-content\/uploads\/2013\/08\/silvretta_1449.jpg","datePublished":"2015-01-29T16:02:44+00:00","dateModified":"2022-01-22T16:00:22+00:00","description":"Die Silvretta Gruppe geh\u00f6rt sowohl zu \u00d6sterreich als auch zur Schweiz. Die kurvenreiche Silvretta-Hochalpenstra\u00dfe ist bei Motorradfahrern sehr beliebt.","breadcrumb":{"@id":"https:\/\/blog.myvideomedia.com\/de\/silvretta-und-hochapenstrasse\/#breadcrumb"},"inLanguage":"de","potentialAction":[{"@type":"ReadAction","target":["https:\/\/blog.myvideomedia.com\/de\/silvretta-und-hochapenstrasse\/"]}]},{"@type":"ImageObject","inLanguage":"de","@id":"https:\/\/blog.myvideomedia.com\/de\/silvretta-und-hochapenstrasse\/#primaryimage","url":"https:\/\/blog.myvideomedia.com\/wp-content\/uploads\/2013\/08\/silvretta_1449.jpg","contentUrl":"https:\/\/blog.myvideomedia.com\/wp-content\/uploads\/2013\/08\/silvretta_1449.jpg","width":724,"height":483,"caption":"Silvretta Hochalpenstrasse"},{"@type":"BreadcrumbList","@id":"https:\/\/blog.myvideomedia.com\/de\/silvretta-und-hochapenstrasse\/#breadcrumb","itemListElement":[{"@type":"ListItem","position":1,"name":"Home","item":"https:\/\/blog.myvideomedia.com\/de\/"},{"@type":"ListItem","position":2,"name":"Silvretta und Hochapenstrasse"}]},{"@type":"WebSite","@id":"https:\/\/blog.myvideomedia.com\/de\/#website","url":"https:\/\/blog.myvideomedia.com\/de\/","name":"Travel Video Blog","description":"myVideoMedia Reisetipps und Reisevideos","publisher":{"@id":"https:\/\/blog.myvideomedia.com\/de\/#\/schema\/person\/87be8fbbed69b1562242448c1c3dcbec"},"potentialAction":[{"@type":"SearchAction","target":{"@type":"EntryPoint","urlTemplate":"https:\/\/blog.myvideomedia.com\/de\/?s={search_term_string}"},"query-input":{"@type":"PropertyValueSpecification","valueRequired":true,"valueName":"search_term_string"}}],"inLanguage":"de"},{"@type":["Person","Organization"],"@id":"https:\/\/blog.myvideomedia.com\/de\/#\/schema\/person\/87be8fbbed69b1562242448c1c3dcbec","name":"myVideoMedia","image":{"@type":"ImageObject","inLanguage":"de","@id":"https:\/\/secure.gravatar.com\/avatar\/460720160715ef8975b781abd1b6985e55ce2f01567bb6757bebd73e7cf74c97?s=96&d=mm&r=g","url":"https:\/\/secure.gravatar.com\/avatar\/460720160715ef8975b781abd1b6985e55ce2f01567bb6757bebd73e7cf74c97?s=96&d=mm&r=g","contentUrl":"https:\/\/secure.gravatar.com\/avatar\/460720160715ef8975b781abd1b6985e55ce2f01567bb6757bebd73e7cf74c97?s=96&d=mm&r=g","caption":"myVideoMedia"},"logo":{"@id":"https:\/\/secure.gravatar.com\/avatar\/460720160715ef8975b781abd1b6985e55ce2f01567bb6757bebd73e7cf74c97?s=96&d=mm&r=g"},"description":"\"The World is a book, and those who do not travel read only a page\" - Aurelius Augustinus (354 - 430 AD) Travel is our passion. With our posts and videos we like to inspire people who are planning or preparing for holidays as well as people who simply want to escape from everyday life and dream of faraway countries.","sameAs":["https:\/\/www.myvideomedia.com","https:\/\/www.facebook.com\/ursula.streit.520"],"url":"https:\/\/blog.myvideomedia.com\/de\/author\/traveladm\/"}]}},"featured_image_src":"https:\/\/blog.myvideomedia.com\/wp-content\/uploads\/2013\/08\/silvretta_1449.jpg","featured_image_src_square":"https:\/\/blog.myvideomedia.com\/wp-content\/uploads\/2013\/08\/silvretta_1449.jpg","author_info":{"display_name":"myVideoMedia","author_link":"https:\/\/blog.myvideomedia.com\/de\/author\/traveladm\/"},"_links":{"self":[{"href":"https:\/\/blog.myvideomedia.com\/de\/wp-json\/wp\/v2\/posts\/6248","targetHints":{"allow":["GET"]}}],"collection":[{"href":"https:\/\/blog.myvideomedia.com\/de\/wp-json\/wp\/v2\/posts"}],"about":[{"href":"https:\/\/blog.myvideomedia.com\/de\/wp-json\/wp\/v2\/types\/post"}],"author":[{"embeddable":true,"href":"https:\/\/blog.myvideomedia.com\/de\/wp-json\/wp\/v2\/users\/1"}],"replies":[{"embeddable":true,"href":"https:\/\/blog.myvideomedia.com\/de\/wp-json\/wp\/v2\/comments?post=6248"}],"version-history":[{"count":0,"href":"https:\/\/blog.myvideomedia.com\/de\/wp-json\/wp\/v2\/posts\/6248\/revisions"}],"wp:featuredmedia":[{"embeddable":true,"href":"https:\/\/blog.myvideomedia.com\/de\/wp-json\/wp\/v2\/media\/4035"}],"wp:attachment":[{"href":"https:\/\/blog.myvideomedia.com\/de\/wp-json\/wp\/v2\/media?parent=6248"}],"wp:term":[{"taxonomy":"category","embeddable":true,"href":"https:\/\/blog.myvideomedia.com\/de\/wp-json\/wp\/v2\/categories?post=6248"},{"taxonomy":"post_tag","embeddable":true,"href":"https:\/\/blog.myvideomedia.com\/de\/wp-json\/wp\/v2\/tags?post=6248"}],"curies":[{"name":"wp","href":"https:\/\/api.w.org\/{rel}","templated":true}]}}