{"id":6353,"date":"2015-02-08T12:10:51","date_gmt":"2015-02-08T11:10:51","guid":{"rendered":"https:\/\/blog.myvideomedia.com\/?p=6353"},"modified":"2022-01-26T16:32:05","modified_gmt":"2022-01-26T15:32:05","slug":"kruger-nationalpark-elefanten","status":"publish","type":"post","link":"https:\/\/blog.myvideomedia.com\/de\/kruger-nationalpark-elefanten\/","title":{"rendered":"Kr\u00fcger-Nationalpark \u2013 Elefanten"},"content":{"rendered":"\n<p>Im Kr\u00fcger-Nationalpark in S\u00fcdafrika wurden wir Zeuge der Intelligenz und des Sozialverhaltens von Elefanten.<\/p>\n\n\n\n<p>Als ein umgest\u00fcrzter Baum die Stra\u00dfe blockierte war uns klar, dass Elefanten in der N\u00e4he sein mussten.<\/p>\n\n\n\n<p>Da sich die Sonne dem Horizont n\u00e4herte und wir das n\u00e4chste Camp erreichen mussten um nicht die Nacht in der Wildnis zu verbringen, beeilten wir uns vorw\u00e4rts zu kommen.<\/p>\n\n\n\n<h3 class=\"wp-block-heading\" id=\"hier-sehen-sie-unser-video\"><a href=\"https:\/\/youtu.be\/sB9NsJTJ5VA\" target=\"_blank\" rel=\"noopener nofollow noreferrer\">Hier sehen Sie unser Video<\/a><\/h3>\n\n\n\n<figure> <div class=\"brlbs-cmpnt-container brlbs-cmpnt-content-blocker brlbs-cmpnt-with-individual-styles\" data-borlabs-cookie-content-blocker-id=\"youtube-content-blocker\" data-borlabs-cookie-content=\"PGlmcmFtZSBzcmM9Imh0dHBzOi8vd3d3LnlvdXR1YmUtbm9jb29raWUuY29tL2VtYmVkL3NCOU5zSlRKNVZBIiB3aWR0aD0iNTYwIiBoZWlnaHQ9IjMxNSI+PC9pZnJhbWU+\"><div class=\"brlbs-cmpnt-cb-preset-c brlbs-cmpnt-cb-youtube\"> <div class=\"brlbs-cmpnt-cb-thumbnail\" style=\"background-image: url('https:\/\/blog.myvideomedia.com\/wp-content\/uploads\/borlabs-cookie\/1\/yt_sB9NsJTJ5VA_hqdefault.jpg')\"><\/div> <div class=\"brlbs-cmpnt-cb-main\"> <div class=\"brlbs-cmpnt-cb-play-button\"><\/div> <div class=\"brlbs-cmpnt-cb-content\"> <p class=\"brlbs-cmpnt-cb-description\">Sie sehen gerade einen Platzhalterinhalt von <strong>YouTube<\/strong>. Um auf den eigentlichen Inhalt zuzugreifen, klicken Sie auf die Schaltfl\u00e4che unten. Bitte beachten Sie, dass dabei Daten an Drittanbieter weitergegeben werden.<\/p> <a class=\"brlbs-cmpnt-cb-provider-toggle\" href=\"#\" data-borlabs-cookie-show-provider-information role=\"button\">Mehr Informationen<\/a> <\/div> <div class=\"brlbs-cmpnt-cb-buttons\"> <a class=\"brlbs-cmpnt-cb-btn\" href=\"#\" data-borlabs-cookie-unblock role=\"button\">Inhalt entsperren<\/a> <a class=\"brlbs-cmpnt-cb-btn\" href=\"#\" data-borlabs-cookie-accept-service role=\"button\" style=\"display: inherit\">Erforderlichen Service akzeptieren und Inhalte entsperren<\/a> <\/div> <\/div> <\/div><\/div><\/figure>\n\n\n\n<p>Deshalb sahen wir erst im letzten Moment eine Elefantenkuh und ihr Junges am Stra\u00dfenrand. Wir stoppten, aber nichts passierte.<\/p>\n\n\n\n<div class=\"wp-block-image\"><figure class=\"aligncenter\"><img loading=\"lazy\" decoding=\"async\" width=\"720\" height=\"531\" src=\"https:\/\/blog.myvideomedia.com\/wp-content\/uploads\/2014\/01\/elefanten-1.jpg\" alt=\"Kruger National Park- Elefantenkuh mit Nachwuchs\" class=\"wp-image-3815\" srcset=\"https:\/\/blog.myvideomedia.com\/wp-content\/uploads\/2014\/01\/elefanten-1.jpg 720w, https:\/\/blog.myvideomedia.com\/wp-content\/uploads\/2014\/01\/elefanten-1-300x221.jpg 300w\" sizes=\"auto, (max-width: 720px) 100vw, 720px\" \/><\/figure><\/div>\n\n\n\n<p>Erst als ein Auto, welches uns im Abstand von ca. 3-4 km folgte, ebenfalls gestoppt hatte, setzten sich die Beiden in Bewegung und \u00fcberquerten die Stra\u00dfe.<\/p>\n\n\n\n<div class=\"wp-block-image\"><figure class=\"aligncenter\"><img loading=\"lazy\" decoding=\"async\" width=\"720\" height=\"535\" src=\"https:\/\/blog.myvideomedia.com\/wp-content\/uploads\/2014\/06\/elefanten-2.jpg\" alt=\"Kr\u00fcger-Nationalpark \u2013 Elefant \" class=\"wp-image-3615\" srcset=\"https:\/\/blog.myvideomedia.com\/wp-content\/uploads\/2014\/06\/elefanten-2.jpg 720w, https:\/\/blog.myvideomedia.com\/wp-content\/uploads\/2014\/06\/elefanten-2-300x222.jpg 300w\" sizes=\"auto, (max-width: 720px) 100vw, 720px\" \/><\/figure><\/div>\n\n\n\n<p>Gleichzeitig kam, ca. 100 m weiter, ebenfalls ein gro\u00dfer Elefant aus dem Geb\u00fcsch und sicherte die Stra\u00dfe in der anderen Richtung. Erst danach folgte die Herde und \u00fcberquerte die Stra\u00dfe.<\/p>\n\n\n\n<div class=\"wp-block-image\"><figure class=\"aligncenter\"><img loading=\"lazy\" decoding=\"async\" width=\"722\" height=\"536\" src=\"https:\/\/blog.myvideomedia.com\/wp-content\/uploads\/2014\/01\/elefanten-6.jpg\" alt=\"Kruger National Park- Elefanten mit Jungem\" class=\"wp-image-3817\" srcset=\"https:\/\/blog.myvideomedia.com\/wp-content\/uploads\/2014\/01\/elefanten-6.jpg 722w, https:\/\/blog.myvideomedia.com\/wp-content\/uploads\/2014\/01\/elefanten-6-300x222.jpg 300w\" sizes=\"auto, (max-width: 722px) 100vw, 722px\" \/><\/figure><\/div>\n\n\n\n<p>Zuletzt wurde das kleinste Tier der Herde von den M\u00fcttern und Tanten im Kreise gelobt f\u00fcr die erfolgreiche Querung der Stra\u00dfe.<\/p>\n\n\n\n<p>Bitte lesen Sie auch <a href=\"https:\/\/blog.myvideomedia.com\/de\/krueger-nationalpark-teil1\/\">Von Phalaborwa \u00fcber Letaba zum Olifants River<\/a><\/p>\n\n\n\n<p>Text und Video: Copyright \u00a9 <a href=\"https:\/\/www.myvideomedia.de\/\" target=\"_blank\" rel=\"noopener noreferrer\">myVideoMedia<\/a><\/p>\n","protected":false},"excerpt":{"rendered":"<p>Im Kr\u00fcger-Nationalpark in S\u00fcdafrika wurden wir Zeuge der Intelligenz und des Sozialverhaltens von Elefanten. Als ein umgest\u00fcrzter Baum die Stra\u00dfe blockierte war uns klar, dass Elefanten in der N\u00e4he sein mussten. Da sich die Sonne dem Horizont n\u00e4herte und wir das n\u00e4chste Camp erreichen mussten um nicht die Nacht in der Wildnis zu verbringen, beeilten [&hellip;]<\/p>\n","protected":false},"author":1,"featured_media":3815,"comment_status":"open","ping_status":"closed","sticky":false,"template":"","format":"standard","meta":{"_genesis_hide_title":false,"_genesis_hide_breadcrumbs":false,"_genesis_hide_singular_image":false,"_genesis_hide_footer_widgets":false,"_genesis_custom_body_class":"","_genesis_custom_post_class":"","_genesis_layout":"","footnotes":""},"categories":[440,643,481,477],"tags":[1634,660],"class_list":{"0":"post-6353","1":"post","2":"type-post","3":"status-publish","4":"format-standard","5":"has-post-thumbnail","7":"category-afrika","8":"category-kruegerpark","9":"category-suedafrika","10":"category-tierwelt","11":"tag-tiere-de","12":"tag-tierwelt","13":"entry"},"yoast_head":"<!-- This site is optimized with the Yoast SEO plugin v27.4 - https:\/\/yoast.com\/product\/yoast-seo-wordpress\/ -->\n<title>Kr\u00fcger-Nationalpark \u2013 Elefanten - S\u00fcdafrika - Reise Video Blog<\/title>\n<meta name=\"description\" content=\"Im Kr\u00fcger-Nationalpark in S\u00fcdafrika wurden wir Zeuge der Intelligenz und des Sozialverhaltens von Elefanten\" \/>\n<meta name=\"robots\" content=\"index, follow, max-snippet:-1, max-image-preview:large, max-video-preview:-1\" \/>\n<link rel=\"canonical\" href=\"https:\/\/blog.myvideomedia.com\/de\/kruger-nationalpark-elefanten\/\" \/>\n<meta property=\"og:locale\" content=\"de_DE\" \/>\n<meta property=\"og:type\" content=\"article\" \/>\n<meta property=\"og:title\" content=\"Kr\u00fcger-Nationalpark \u2013 Elefanten - S\u00fcdafrika - Reise Video Blog\" \/>\n<meta property=\"og:description\" content=\"Im Kr\u00fcger-Nationalpark in S\u00fcdafrika wurden wir Zeuge der Intelligenz und des Sozialverhaltens von Elefanten\" \/>\n<meta property=\"og:url\" content=\"https:\/\/blog.myvideomedia.com\/de\/kruger-nationalpark-elefanten\/\" \/>\n<meta property=\"og:site_name\" content=\"Reise Video Blog\" \/>\n<meta property=\"article:publisher\" content=\"https:\/\/www.facebook.com\/ursula.streit.520\" \/>\n<meta property=\"article:author\" content=\"https:\/\/www.facebook.com\/ursula.streit.520\" \/>\n<meta property=\"article:published_time\" content=\"2015-02-08T11:10:51+00:00\" \/>\n<meta property=\"article:modified_time\" content=\"2022-01-26T15:32:05+00:00\" \/>\n<meta property=\"og:image\" content=\"https:\/\/blog.myvideomedia.com\/wp-content\/uploads\/2014\/01\/elefanten-1.jpg\" \/>\n\t<meta property=\"og:image:width\" content=\"720\" \/>\n\t<meta property=\"og:image:height\" content=\"531\" \/>\n\t<meta property=\"og:image:type\" content=\"image\/jpeg\" \/>\n<meta name=\"author\" content=\"myVideoMedia\" \/>\n<meta name=\"twitter:card\" content=\"summary_large_image\" \/>\n<meta name=\"twitter:creator\" content=\"@myvideomedia\" \/>\n<meta name=\"twitter:site\" content=\"@myvideomedia\" \/>\n<meta name=\"twitter:label1\" content=\"Verfasst von\" \/>\n\t<meta name=\"twitter:data1\" content=\"myVideoMedia\" \/>\n\t<meta name=\"twitter:label2\" content=\"Gesch\u00e4tzte Lesezeit\" \/>\n\t<meta name=\"twitter:data2\" content=\"2\u00a0Minuten\" \/>\n<script type=\"application\/ld+json\" class=\"yoast-schema-graph\">{\"@context\":\"https:\\\/\\\/schema.org\",\"@graph\":[{\"@type\":\"Article\",\"@id\":\"https:\\\/\\\/blog.myvideomedia.com\\\/de\\\/kruger-nationalpark-elefanten\\\/#article\",\"isPartOf\":{\"@id\":\"https:\\\/\\\/blog.myvideomedia.com\\\/de\\\/kruger-nationalpark-elefanten\\\/\"},\"author\":{\"name\":\"myVideoMedia\",\"@id\":\"https:\\\/\\\/blog.myvideomedia.com\\\/de\\\/#\\\/schema\\\/person\\\/87be8fbbed69b1562242448c1c3dcbec\"},\"headline\":\"Kr\u00fcger-Nationalpark \u2013 Elefanten\",\"datePublished\":\"2015-02-08T11:10:51+00:00\",\"dateModified\":\"2022-01-26T15:32:05+00:00\",\"mainEntityOfPage\":{\"@id\":\"https:\\\/\\\/blog.myvideomedia.com\\\/de\\\/kruger-nationalpark-elefanten\\\/\"},\"wordCount\":196,\"commentCount\":0,\"publisher\":{\"@id\":\"https:\\\/\\\/blog.myvideomedia.com\\\/de\\\/#\\\/schema\\\/person\\\/87be8fbbed69b1562242448c1c3dcbec\"},\"image\":{\"@id\":\"https:\\\/\\\/blog.myvideomedia.com\\\/de\\\/kruger-nationalpark-elefanten\\\/#primaryimage\"},\"thumbnailUrl\":\"https:\\\/\\\/blog.myvideomedia.com\\\/wp-content\\\/uploads\\\/2014\\\/01\\\/elefanten-1.jpg\",\"keywords\":[\"Tiere\",\"Tierwelt\"],\"articleSection\":[\"Afrika\",\"Kr\u00fcgerpark\",\"S\u00fcdafrika\",\"Tierwelt\"],\"inLanguage\":\"de\",\"potentialAction\":[{\"@type\":\"CommentAction\",\"name\":\"Comment\",\"target\":[\"https:\\\/\\\/blog.myvideomedia.com\\\/de\\\/kruger-nationalpark-elefanten\\\/#respond\"]}]},{\"@type\":\"WebPage\",\"@id\":\"https:\\\/\\\/blog.myvideomedia.com\\\/de\\\/kruger-nationalpark-elefanten\\\/\",\"url\":\"https:\\\/\\\/blog.myvideomedia.com\\\/de\\\/kruger-nationalpark-elefanten\\\/\",\"name\":\"Kr\u00fcger-Nationalpark \u2013 Elefanten - S\u00fcdafrika - Reise Video Blog\",\"isPartOf\":{\"@id\":\"https:\\\/\\\/blog.myvideomedia.com\\\/de\\\/#website\"},\"primaryImageOfPage\":{\"@id\":\"https:\\\/\\\/blog.myvideomedia.com\\\/de\\\/kruger-nationalpark-elefanten\\\/#primaryimage\"},\"image\":{\"@id\":\"https:\\\/\\\/blog.myvideomedia.com\\\/de\\\/kruger-nationalpark-elefanten\\\/#primaryimage\"},\"thumbnailUrl\":\"https:\\\/\\\/blog.myvideomedia.com\\\/wp-content\\\/uploads\\\/2014\\\/01\\\/elefanten-1.jpg\",\"datePublished\":\"2015-02-08T11:10:51+00:00\",\"dateModified\":\"2022-01-26T15:32:05+00:00\",\"description\":\"Im Kr\u00fcger-Nationalpark in S\u00fcdafrika wurden wir Zeuge der Intelligenz und des Sozialverhaltens von Elefanten\",\"breadcrumb\":{\"@id\":\"https:\\\/\\\/blog.myvideomedia.com\\\/de\\\/kruger-nationalpark-elefanten\\\/#breadcrumb\"},\"inLanguage\":\"de\",\"potentialAction\":[{\"@type\":\"ReadAction\",\"target\":[\"https:\\\/\\\/blog.myvideomedia.com\\\/de\\\/kruger-nationalpark-elefanten\\\/\"]}]},{\"@type\":\"ImageObject\",\"inLanguage\":\"de\",\"@id\":\"https:\\\/\\\/blog.myvideomedia.com\\\/de\\\/kruger-nationalpark-elefanten\\\/#primaryimage\",\"url\":\"https:\\\/\\\/blog.myvideomedia.com\\\/wp-content\\\/uploads\\\/2014\\\/01\\\/elefanten-1.jpg\",\"contentUrl\":\"https:\\\/\\\/blog.myvideomedia.com\\\/wp-content\\\/uploads\\\/2014\\\/01\\\/elefanten-1.jpg\",\"width\":720,\"height\":531,\"caption\":\"Kr\u00fcger-Nationalpark \u2013 Elefanten\"},{\"@type\":\"BreadcrumbList\",\"@id\":\"https:\\\/\\\/blog.myvideomedia.com\\\/de\\\/kruger-nationalpark-elefanten\\\/#breadcrumb\",\"itemListElement\":[{\"@type\":\"ListItem\",\"position\":1,\"name\":\"Home\",\"item\":\"https:\\\/\\\/blog.myvideomedia.com\\\/de\\\/\"},{\"@type\":\"ListItem\",\"position\":2,\"name\":\"Kr\u00fcger-Nationalpark \u2013 Elefanten\"}]},{\"@type\":\"WebSite\",\"@id\":\"https:\\\/\\\/blog.myvideomedia.com\\\/de\\\/#website\",\"url\":\"https:\\\/\\\/blog.myvideomedia.com\\\/de\\\/\",\"name\":\"Travel Video Blog\",\"description\":\"myVideoMedia Reisetipps und Reisevideos\",\"publisher\":{\"@id\":\"https:\\\/\\\/blog.myvideomedia.com\\\/de\\\/#\\\/schema\\\/person\\\/87be8fbbed69b1562242448c1c3dcbec\"},\"potentialAction\":[{\"@type\":\"SearchAction\",\"target\":{\"@type\":\"EntryPoint\",\"urlTemplate\":\"https:\\\/\\\/blog.myvideomedia.com\\\/de\\\/?s={search_term_string}\"},\"query-input\":{\"@type\":\"PropertyValueSpecification\",\"valueRequired\":true,\"valueName\":\"search_term_string\"}}],\"inLanguage\":\"de\"},{\"@type\":[\"Person\",\"Organization\"],\"@id\":\"https:\\\/\\\/blog.myvideomedia.com\\\/de\\\/#\\\/schema\\\/person\\\/87be8fbbed69b1562242448c1c3dcbec\",\"name\":\"myVideoMedia\",\"image\":{\"@type\":\"ImageObject\",\"inLanguage\":\"de\",\"@id\":\"https:\\\/\\\/secure.gravatar.com\\\/avatar\\\/460720160715ef8975b781abd1b6985e55ce2f01567bb6757bebd73e7cf74c97?s=96&d=mm&r=g\",\"url\":\"https:\\\/\\\/secure.gravatar.com\\\/avatar\\\/460720160715ef8975b781abd1b6985e55ce2f01567bb6757bebd73e7cf74c97?s=96&d=mm&r=g\",\"contentUrl\":\"https:\\\/\\\/secure.gravatar.com\\\/avatar\\\/460720160715ef8975b781abd1b6985e55ce2f01567bb6757bebd73e7cf74c97?s=96&d=mm&r=g\",\"caption\":\"myVideoMedia\"},\"logo\":{\"@id\":\"https:\\\/\\\/secure.gravatar.com\\\/avatar\\\/460720160715ef8975b781abd1b6985e55ce2f01567bb6757bebd73e7cf74c97?s=96&d=mm&r=g\"},\"description\":\"\\\"The World is a book, and those who do not travel read only a page\\\" - Aurelius Augustinus (354 - 430 AD) Travel is our passion. With our posts and videos we like to inspire people who are planning or preparing for holidays as well as people who simply want to escape from everyday life and dream of faraway countries.\",\"sameAs\":[\"https:\\\/\\\/www.myvideomedia.com\",\"https:\\\/\\\/www.facebook.com\\\/ursula.streit.520\"],\"url\":\"https:\\\/\\\/blog.myvideomedia.com\\\/de\\\/author\\\/traveladm\\\/\"}]}<\/script>\n<!-- \/ Yoast SEO plugin. -->","yoast_head_json":{"title":"Kr\u00fcger-Nationalpark \u2013 Elefanten - S\u00fcdafrika - Reise Video Blog","description":"Im Kr\u00fcger-Nationalpark in S\u00fcdafrika wurden wir Zeuge der Intelligenz und des Sozialverhaltens von Elefanten","robots":{"index":"index","follow":"follow","max-snippet":"max-snippet:-1","max-image-preview":"max-image-preview:large","max-video-preview":"max-video-preview:-1"},"canonical":"https:\/\/blog.myvideomedia.com\/de\/kruger-nationalpark-elefanten\/","og_locale":"de_DE","og_type":"article","og_title":"Kr\u00fcger-Nationalpark \u2013 Elefanten - S\u00fcdafrika - Reise Video Blog","og_description":"Im Kr\u00fcger-Nationalpark in S\u00fcdafrika wurden wir Zeuge der Intelligenz und des Sozialverhaltens von Elefanten","og_url":"https:\/\/blog.myvideomedia.com\/de\/kruger-nationalpark-elefanten\/","og_site_name":"Reise Video Blog","article_publisher":"https:\/\/www.facebook.com\/ursula.streit.520","article_author":"https:\/\/www.facebook.com\/ursula.streit.520","article_published_time":"2015-02-08T11:10:51+00:00","article_modified_time":"2022-01-26T15:32:05+00:00","og_image":[{"width":720,"height":531,"url":"https:\/\/blog.myvideomedia.com\/wp-content\/uploads\/2014\/01\/elefanten-1.jpg","type":"image\/jpeg"}],"author":"myVideoMedia","twitter_card":"summary_large_image","twitter_creator":"@myvideomedia","twitter_site":"@myvideomedia","twitter_misc":{"Verfasst von":"myVideoMedia","Gesch\u00e4tzte Lesezeit":"2\u00a0Minuten"},"schema":{"@context":"https:\/\/schema.org","@graph":[{"@type":"Article","@id":"https:\/\/blog.myvideomedia.com\/de\/kruger-nationalpark-elefanten\/#article","isPartOf":{"@id":"https:\/\/blog.myvideomedia.com\/de\/kruger-nationalpark-elefanten\/"},"author":{"name":"myVideoMedia","@id":"https:\/\/blog.myvideomedia.com\/de\/#\/schema\/person\/87be8fbbed69b1562242448c1c3dcbec"},"headline":"Kr\u00fcger-Nationalpark \u2013 Elefanten","datePublished":"2015-02-08T11:10:51+00:00","dateModified":"2022-01-26T15:32:05+00:00","mainEntityOfPage":{"@id":"https:\/\/blog.myvideomedia.com\/de\/kruger-nationalpark-elefanten\/"},"wordCount":196,"commentCount":0,"publisher":{"@id":"https:\/\/blog.myvideomedia.com\/de\/#\/schema\/person\/87be8fbbed69b1562242448c1c3dcbec"},"image":{"@id":"https:\/\/blog.myvideomedia.com\/de\/kruger-nationalpark-elefanten\/#primaryimage"},"thumbnailUrl":"https:\/\/blog.myvideomedia.com\/wp-content\/uploads\/2014\/01\/elefanten-1.jpg","keywords":["Tiere","Tierwelt"],"articleSection":["Afrika","Kr\u00fcgerpark","S\u00fcdafrika","Tierwelt"],"inLanguage":"de","potentialAction":[{"@type":"CommentAction","name":"Comment","target":["https:\/\/blog.myvideomedia.com\/de\/kruger-nationalpark-elefanten\/#respond"]}]},{"@type":"WebPage","@id":"https:\/\/blog.myvideomedia.com\/de\/kruger-nationalpark-elefanten\/","url":"https:\/\/blog.myvideomedia.com\/de\/kruger-nationalpark-elefanten\/","name":"Kr\u00fcger-Nationalpark \u2013 Elefanten - S\u00fcdafrika - Reise Video Blog","isPartOf":{"@id":"https:\/\/blog.myvideomedia.com\/de\/#website"},"primaryImageOfPage":{"@id":"https:\/\/blog.myvideomedia.com\/de\/kruger-nationalpark-elefanten\/#primaryimage"},"image":{"@id":"https:\/\/blog.myvideomedia.com\/de\/kruger-nationalpark-elefanten\/#primaryimage"},"thumbnailUrl":"https:\/\/blog.myvideomedia.com\/wp-content\/uploads\/2014\/01\/elefanten-1.jpg","datePublished":"2015-02-08T11:10:51+00:00","dateModified":"2022-01-26T15:32:05+00:00","description":"Im Kr\u00fcger-Nationalpark in S\u00fcdafrika wurden wir Zeuge der Intelligenz und des Sozialverhaltens von Elefanten","breadcrumb":{"@id":"https:\/\/blog.myvideomedia.com\/de\/kruger-nationalpark-elefanten\/#breadcrumb"},"inLanguage":"de","potentialAction":[{"@type":"ReadAction","target":["https:\/\/blog.myvideomedia.com\/de\/kruger-nationalpark-elefanten\/"]}]},{"@type":"ImageObject","inLanguage":"de","@id":"https:\/\/blog.myvideomedia.com\/de\/kruger-nationalpark-elefanten\/#primaryimage","url":"https:\/\/blog.myvideomedia.com\/wp-content\/uploads\/2014\/01\/elefanten-1.jpg","contentUrl":"https:\/\/blog.myvideomedia.com\/wp-content\/uploads\/2014\/01\/elefanten-1.jpg","width":720,"height":531,"caption":"Kr\u00fcger-Nationalpark \u2013 Elefanten"},{"@type":"BreadcrumbList","@id":"https:\/\/blog.myvideomedia.com\/de\/kruger-nationalpark-elefanten\/#breadcrumb","itemListElement":[{"@type":"ListItem","position":1,"name":"Home","item":"https:\/\/blog.myvideomedia.com\/de\/"},{"@type":"ListItem","position":2,"name":"Kr\u00fcger-Nationalpark \u2013 Elefanten"}]},{"@type":"WebSite","@id":"https:\/\/blog.myvideomedia.com\/de\/#website","url":"https:\/\/blog.myvideomedia.com\/de\/","name":"Travel Video Blog","description":"myVideoMedia Reisetipps und Reisevideos","publisher":{"@id":"https:\/\/blog.myvideomedia.com\/de\/#\/schema\/person\/87be8fbbed69b1562242448c1c3dcbec"},"potentialAction":[{"@type":"SearchAction","target":{"@type":"EntryPoint","urlTemplate":"https:\/\/blog.myvideomedia.com\/de\/?s={search_term_string}"},"query-input":{"@type":"PropertyValueSpecification","valueRequired":true,"valueName":"search_term_string"}}],"inLanguage":"de"},{"@type":["Person","Organization"],"@id":"https:\/\/blog.myvideomedia.com\/de\/#\/schema\/person\/87be8fbbed69b1562242448c1c3dcbec","name":"myVideoMedia","image":{"@type":"ImageObject","inLanguage":"de","@id":"https:\/\/secure.gravatar.com\/avatar\/460720160715ef8975b781abd1b6985e55ce2f01567bb6757bebd73e7cf74c97?s=96&d=mm&r=g","url":"https:\/\/secure.gravatar.com\/avatar\/460720160715ef8975b781abd1b6985e55ce2f01567bb6757bebd73e7cf74c97?s=96&d=mm&r=g","contentUrl":"https:\/\/secure.gravatar.com\/avatar\/460720160715ef8975b781abd1b6985e55ce2f01567bb6757bebd73e7cf74c97?s=96&d=mm&r=g","caption":"myVideoMedia"},"logo":{"@id":"https:\/\/secure.gravatar.com\/avatar\/460720160715ef8975b781abd1b6985e55ce2f01567bb6757bebd73e7cf74c97?s=96&d=mm&r=g"},"description":"\"The World is a book, and those who do not travel read only a page\" - Aurelius Augustinus (354 - 430 AD) Travel is our passion. With our posts and videos we like to inspire people who are planning or preparing for holidays as well as people who simply want to escape from everyday life and dream of faraway countries.","sameAs":["https:\/\/www.myvideomedia.com","https:\/\/www.facebook.com\/ursula.streit.520"],"url":"https:\/\/blog.myvideomedia.com\/de\/author\/traveladm\/"}]}},"featured_image_src":"https:\/\/blog.myvideomedia.com\/wp-content\/uploads\/2014\/01\/elefanten-1.jpg","featured_image_src_square":"https:\/\/blog.myvideomedia.com\/wp-content\/uploads\/2014\/01\/elefanten-1.jpg","author_info":{"display_name":"myVideoMedia","author_link":"https:\/\/blog.myvideomedia.com\/de\/author\/traveladm\/"},"_links":{"self":[{"href":"https:\/\/blog.myvideomedia.com\/de\/wp-json\/wp\/v2\/posts\/6353","targetHints":{"allow":["GET"]}}],"collection":[{"href":"https:\/\/blog.myvideomedia.com\/de\/wp-json\/wp\/v2\/posts"}],"about":[{"href":"https:\/\/blog.myvideomedia.com\/de\/wp-json\/wp\/v2\/types\/post"}],"author":[{"embeddable":true,"href":"https:\/\/blog.myvideomedia.com\/de\/wp-json\/wp\/v2\/users\/1"}],"replies":[{"embeddable":true,"href":"https:\/\/blog.myvideomedia.com\/de\/wp-json\/wp\/v2\/comments?post=6353"}],"version-history":[{"count":0,"href":"https:\/\/blog.myvideomedia.com\/de\/wp-json\/wp\/v2\/posts\/6353\/revisions"}],"wp:featuredmedia":[{"embeddable":true,"href":"https:\/\/blog.myvideomedia.com\/de\/wp-json\/wp\/v2\/media\/3815"}],"wp:attachment":[{"href":"https:\/\/blog.myvideomedia.com\/de\/wp-json\/wp\/v2\/media?parent=6353"}],"wp:term":[{"taxonomy":"category","embeddable":true,"href":"https:\/\/blog.myvideomedia.com\/de\/wp-json\/wp\/v2\/categories?post=6353"},{"taxonomy":"post_tag","embeddable":true,"href":"https:\/\/blog.myvideomedia.com\/de\/wp-json\/wp\/v2\/tags?post=6353"}],"curies":[{"name":"wp","href":"https:\/\/api.w.org\/{rel}","templated":true}]}}