{"id":6508,"date":"2015-02-19T18:22:56","date_gmt":"2015-02-19T17:22:56","guid":{"rendered":"https:\/\/blog.myvideomedia.com\/?p=6508"},"modified":"2020-02-26T09:58:22","modified_gmt":"2020-02-26T08:58:22","slug":"emei-berg-china","status":"publish","type":"post","link":"https:\/\/blog.myvideomedia.com\/de\/emei-berg-china\/","title":{"rendered":"Emei Berg &#8211;  China"},"content":{"rendered":"\n<p>Der &nbsp;&nbsp;Emei Berg &#8211; Emei Shan &#8211; &nbsp;z\u00e4hlt zu den vier heiligen Bergen Chinas und symbolisiert das Feuer.<\/p>\n\n\n\n<div class=\"wp-block-image\"><figure class=\"aligncenter\"><img loading=\"lazy\" decoding=\"async\" width=\"700\" height=\"435\" src=\"https:\/\/blog.myvideomedia.com\/wp-content\/uploads\/2013\/03\/C1270a-Emei-Berg.jpg\" alt=\" Emei Berg - Emei Shan\" class=\"wp-image-1095\" srcset=\"https:\/\/blog.myvideomedia.com\/wp-content\/uploads\/2013\/03\/C1270a-Emei-Berg.jpg 700w, https:\/\/blog.myvideomedia.com\/wp-content\/uploads\/2013\/03\/C1270a-Emei-Berg-300x186.jpg 300w\" sizes=\"auto, (max-width: 700px) 100vw, 700px\" \/><\/figure><\/div>\n\n\n\n<p>Die wilden Tibetmakaken, vor denen unsere Begleiter gro\u00dfen Respekt haben, scheinen weniger heilig zu sein. Mit dem Auto f\u00e4hrt man \u00fcber eine sch\u00f6n gewundene Stra\u00dfe bis auf zweieinhalbtausend Meter H\u00f6he. <\/p>\n\n\n\n<p>Nach einer halben Stunde Wanderung durch die obligatorischen Souvenir-Stra\u00dfen erreicht man die Seilbahn, die nochmals an die 500 H\u00f6henmeter \u00fcberwindet.<\/p>\n\n\n\n<h3 class=\"wp-block-heading\"><a href=\"https:\/\/youtu.be\/L5KKm0yQ-f8\" target=\"_blank\" rel=\"noopener nofollow noreferrer\">Hier sehen Sie das zugeh\u00f6rige Video<\/a><\/h3>\n\n\n\n<figure> <div class=\"brlbs-cmpnt-container brlbs-cmpnt-content-blocker brlbs-cmpnt-with-individual-styles\" data-borlabs-cookie-content-blocker-id=\"youtube-content-blocker\" data-borlabs-cookie-content=\"PGlmcmFtZSBzcmM9Imh0dHBzOi8vd3d3LnlvdXR1YmUtbm9jb29raWUuY29tL2VtYmVkL0w1S0ttMHlRLWY4IiB3aWR0aD0iNTYwIiBoZWlnaHQ9IjMxNSI+PC9pZnJhbWU+\"><div class=\"brlbs-cmpnt-cb-preset-c brlbs-cmpnt-cb-youtube\"> <div class=\"brlbs-cmpnt-cb-thumbnail\" style=\"background-image: url('https:\/\/blog.myvideomedia.com\/wp-content\/uploads\/borlabs-cookie\/1\/yt_L5KKm0yQ-f8_hqdefault.jpg')\"><\/div> <div class=\"brlbs-cmpnt-cb-main\"> <div class=\"brlbs-cmpnt-cb-play-button\"><\/div> <div class=\"brlbs-cmpnt-cb-content\"> <p class=\"brlbs-cmpnt-cb-description\">Sie sehen gerade einen Platzhalterinhalt von <strong>YouTube<\/strong>. Um auf den eigentlichen Inhalt zuzugreifen, klicken Sie auf die Schaltfl\u00e4che unten. Bitte beachten Sie, dass dabei Daten an Drittanbieter weitergegeben werden.<\/p> <a class=\"brlbs-cmpnt-cb-provider-toggle\" href=\"#\" data-borlabs-cookie-show-provider-information role=\"button\">Mehr Informationen<\/a> <\/div> <div class=\"brlbs-cmpnt-cb-buttons\"> <a class=\"brlbs-cmpnt-cb-btn\" href=\"#\" data-borlabs-cookie-unblock role=\"button\">Inhalt entsperren<\/a> <a class=\"brlbs-cmpnt-cb-btn\" href=\"#\" data-borlabs-cookie-accept-service role=\"button\" style=\"display: inherit\">Erforderlichen Service akzeptieren und Inhalte entsperren<\/a> <\/div> <\/div> <\/div><\/div><\/figure>\n\n\n\n<p>Der \u00e4ltere Herr in unserem Video ist, begleitet von seiner Tochter, schon seit zwei Wochen unterwegs.<\/p>\n\n\n\n<p>Sie haben zu Fu\u00df in mehreren Tagesm\u00e4rschen den Berg bezwungen, nachdem sie mehrere Tage mit der Eisenbahn aus der N\u00e4he von Peking unterwegs waren.<\/p>\n\n\n\n<p>Sein Wunsch ist, pers\u00f6nlich eine ber\u00fchmte Schriftrolle, die im Kloster verwahrt wird, zu lesen.<\/p>\n\n\n\n<div class=\"wp-block-image\"><figure class=\"aligncenter\"><img loading=\"lazy\" decoding=\"async\" width=\"700\" height=\"425\" src=\"https:\/\/blog.myvideomedia.com\/wp-content\/uploads\/2013\/03\/C1280a-Emei-Berg.jpg\" alt=\"Tempel am Emei Berg\" class=\"wp-image-1096\" srcset=\"https:\/\/blog.myvideomedia.com\/wp-content\/uploads\/2013\/03\/C1280a-Emei-Berg.jpg 700w, https:\/\/blog.myvideomedia.com\/wp-content\/uploads\/2013\/03\/C1280a-Emei-Berg-300x182.jpg 300w\" sizes=\"auto, (max-width: 700px) 100vw, 700px\" \/><\/figure><\/div>\n\n\n\n<p>Der urspr\u00fcnglich daoistische Kranichtempel ist ber\u00fchmt f\u00fcr seine Bibliothek und die Bewahrung und Weiterentwicklung medizinischen Wissens. Der Ausblick vom Gipfel des Dreitausenders ist grandios, sofern die Wolken ihn zulassen. Bei klarer Sicht sind sogar die ersten Gipfel des Himalaya zu sehen.<\/p>\n\n\n\n<p>Au\u00dfer Devotionalien-Papierchen hat sich auch schon manch verwirrter Buddhist die Felsen hinabgest\u00fcrzt, um das Nirvana zu erreichen.<\/p>\n\n\n\n<p>Nach einem Brand, bei dem bis auf die Glocke alles abbrannte, wurde der Tempel wieder v\u00f6llig neu aufgebaut. Auch die drei Boddhisattvas in der Haupthalle sind nicht mehr die urspr\u00fcnglichen.<\/p>\n\n\n\n<div class=\"wp-block-image\"><figure class=\"aligncenter\"><img loading=\"lazy\" decoding=\"async\" width=\"700\" height=\"434\" src=\"https:\/\/blog.myvideomedia.com\/wp-content\/uploads\/2013\/03\/C1273a-Emei-Berg.jpg\" alt=\"Pilger am Emei Berg\" class=\"wp-image-1097\" srcset=\"https:\/\/blog.myvideomedia.com\/wp-content\/uploads\/2013\/03\/C1273a-Emei-Berg.jpg 700w, https:\/\/blog.myvideomedia.com\/wp-content\/uploads\/2013\/03\/C1273a-Emei-Berg-300x186.jpg 300w\" sizes=\"auto, (max-width: 700px) 100vw, 700px\" \/><\/figure><\/div>\n\n\n\n<p>Die enge Bindung des Tempels an den tibetanischen Buddhismus ist auch an seinen Besuchern erkennbar. Seit 1996 ist der Emei Berg&nbsp;zusammen mit dem gro\u00dfen <a title=\"Buddha von Leshan\" href=\"https:\/\/blog.myvideomedia.com\/de\/buddha-von-leshan\/\">Buddha von Leshan<\/a> UNESCO-Welterbe.<\/p>\n\n\n\n<p>Text, Fotos und Video: Copyright&nbsp;\u00a9 <a href=\"https:\/\/www.myvideomedia.de\/\" target=\"_blank\" rel=\"noopener noreferrer\">myVideoMedia<\/a><\/p>\n","protected":false},"excerpt":{"rendered":"<p>Der &nbsp;&nbsp;Emei Berg &#8211; Emei Shan &#8211; &nbsp;z\u00e4hlt zu den vier heiligen Bergen Chinas und symbolisiert das Feuer. Die wilden Tibetmakaken, vor denen unsere Begleiter gro\u00dfen Respekt haben, scheinen weniger heilig zu sein. Mit dem Auto f\u00e4hrt man \u00fcber eine sch\u00f6n gewundene Stra\u00dfe bis auf zweieinhalbtausend Meter H\u00f6he. Nach einer halben Stunde Wanderung durch die [&hellip;]<\/p>\n","protected":false},"author":1,"featured_media":4234,"comment_status":"open","ping_status":"closed","sticky":false,"template":"","format":"standard","meta":{"_genesis_hide_title":false,"_genesis_hide_breadcrumbs":false,"_genesis_hide_singular_image":false,"_genesis_hide_footer_widgets":false,"_genesis_custom_body_class":"","_genesis_custom_post_class":"","_genesis_layout":"","footnotes":""},"categories":[488,565,1697,558],"tags":[466,1532,465,469,475,476],"class_list":{"0":"post-6508","1":"post","2":"type-post","3":"status-publish","4":"format-standard","5":"has-post-thumbnail","7":"category-asien","8":"category-china-de","9":"category-sichuan-de-2","10":"category-sichuan-de","11":"tag-berge","12":"tag-geschichte-de","13":"tag-kloster-de","14":"tag-natur","15":"tag-tempel","16":"tag-unesco-weltkulturerbe","17":"entry"},"yoast_head":"<!-- This site is optimized with the Yoast SEO plugin v27.4 - https:\/\/yoast.com\/product\/yoast-seo-wordpress\/ -->\n<title>Emei Berg - China - Reise Video Blog<\/title>\n<meta name=\"description\" content=\"Der Emei Berg - Emei Shan - in der Provinz Sichuan, z\u00e4hlt zu den vier heiligen Bergen Chinas und symbolisiert das Feuer.\" \/>\n<meta name=\"robots\" content=\"index, follow, max-snippet:-1, max-image-preview:large, max-video-preview:-1\" \/>\n<link rel=\"canonical\" href=\"https:\/\/blog.myvideomedia.com\/de\/emei-berg-china\/\" \/>\n<meta property=\"og:locale\" content=\"de_DE\" \/>\n<meta property=\"og:type\" content=\"article\" \/>\n<meta property=\"og:title\" content=\"Emei Berg - China - Reise Video Blog\" \/>\n<meta property=\"og:description\" content=\"Der Emei Berg - Emei Shan - in der Provinz Sichuan, z\u00e4hlt zu den vier heiligen Bergen Chinas und symbolisiert das Feuer.\" \/>\n<meta property=\"og:url\" content=\"https:\/\/blog.myvideomedia.com\/de\/emei-berg-china\/\" \/>\n<meta property=\"og:site_name\" content=\"Reise Video Blog\" \/>\n<meta property=\"article:publisher\" content=\"https:\/\/www.facebook.com\/ursula.streit.520\" \/>\n<meta property=\"article:author\" content=\"https:\/\/www.facebook.com\/ursula.streit.520\" \/>\n<meta property=\"article:published_time\" content=\"2015-02-19T17:22:56+00:00\" \/>\n<meta property=\"article:modified_time\" content=\"2020-02-26T08:58:22+00:00\" \/>\n<meta property=\"og:image\" content=\"https:\/\/blog.myvideomedia.com\/wp-content\/uploads\/2013\/03\/C1270a-Emei-Berg.jpg\" \/>\n\t<meta property=\"og:image:width\" content=\"700\" \/>\n\t<meta property=\"og:image:height\" content=\"435\" \/>\n\t<meta property=\"og:image:type\" content=\"image\/jpeg\" \/>\n<meta name=\"author\" content=\"myVideoMedia\" \/>\n<meta name=\"twitter:card\" content=\"summary_large_image\" \/>\n<meta name=\"twitter:creator\" content=\"@myvideomedia\" \/>\n<meta name=\"twitter:site\" content=\"@myvideomedia\" \/>\n<meta name=\"twitter:label1\" content=\"Verfasst von\" \/>\n\t<meta name=\"twitter:data1\" content=\"myVideoMedia\" \/>\n\t<meta name=\"twitter:label2\" content=\"Gesch\u00e4tzte Lesezeit\" \/>\n\t<meta name=\"twitter:data2\" content=\"1\u00a0Minute\" \/>\n<script type=\"application\/ld+json\" class=\"yoast-schema-graph\">{\"@context\":\"https:\\\/\\\/schema.org\",\"@graph\":[{\"@type\":\"Article\",\"@id\":\"https:\\\/\\\/blog.myvideomedia.com\\\/de\\\/emei-berg-china\\\/#article\",\"isPartOf\":{\"@id\":\"https:\\\/\\\/blog.myvideomedia.com\\\/de\\\/emei-berg-china\\\/\"},\"author\":{\"name\":\"myVideoMedia\",\"@id\":\"https:\\\/\\\/blog.myvideomedia.com\\\/de\\\/#\\\/schema\\\/person\\\/87be8fbbed69b1562242448c1c3dcbec\"},\"headline\":\"Emei Berg &#8211; China\",\"datePublished\":\"2015-02-19T17:22:56+00:00\",\"dateModified\":\"2020-02-26T08:58:22+00:00\",\"mainEntityOfPage\":{\"@id\":\"https:\\\/\\\/blog.myvideomedia.com\\\/de\\\/emei-berg-china\\\/\"},\"wordCount\":279,\"commentCount\":0,\"publisher\":{\"@id\":\"https:\\\/\\\/blog.myvideomedia.com\\\/de\\\/#\\\/schema\\\/person\\\/87be8fbbed69b1562242448c1c3dcbec\"},\"image\":{\"@id\":\"https:\\\/\\\/blog.myvideomedia.com\\\/de\\\/emei-berg-china\\\/#primaryimage\"},\"thumbnailUrl\":\"https:\\\/\\\/blog.myvideomedia.com\\\/wp-content\\\/uploads\\\/2013\\\/03\\\/C1270a-Emei-Berg.jpg\",\"keywords\":[\"Berge\",\"Geschichte\",\"Kloster\",\"Natur\",\"Tempel\",\"UNESCO Weltkulturerbe\"],\"articleSection\":[\"Asien\",\"China\",\"Sichuan\",\"Sichuan\"],\"inLanguage\":\"de\",\"potentialAction\":[{\"@type\":\"CommentAction\",\"name\":\"Comment\",\"target\":[\"https:\\\/\\\/blog.myvideomedia.com\\\/de\\\/emei-berg-china\\\/#respond\"]}]},{\"@type\":\"WebPage\",\"@id\":\"https:\\\/\\\/blog.myvideomedia.com\\\/de\\\/emei-berg-china\\\/\",\"url\":\"https:\\\/\\\/blog.myvideomedia.com\\\/de\\\/emei-berg-china\\\/\",\"name\":\"Emei Berg - China - Reise Video Blog\",\"isPartOf\":{\"@id\":\"https:\\\/\\\/blog.myvideomedia.com\\\/de\\\/#website\"},\"primaryImageOfPage\":{\"@id\":\"https:\\\/\\\/blog.myvideomedia.com\\\/de\\\/emei-berg-china\\\/#primaryimage\"},\"image\":{\"@id\":\"https:\\\/\\\/blog.myvideomedia.com\\\/de\\\/emei-berg-china\\\/#primaryimage\"},\"thumbnailUrl\":\"https:\\\/\\\/blog.myvideomedia.com\\\/wp-content\\\/uploads\\\/2013\\\/03\\\/C1270a-Emei-Berg.jpg\",\"datePublished\":\"2015-02-19T17:22:56+00:00\",\"dateModified\":\"2020-02-26T08:58:22+00:00\",\"description\":\"Der Emei Berg - Emei Shan - in der Provinz Sichuan, z\u00e4hlt zu den vier heiligen Bergen Chinas und symbolisiert das Feuer.\",\"breadcrumb\":{\"@id\":\"https:\\\/\\\/blog.myvideomedia.com\\\/de\\\/emei-berg-china\\\/#breadcrumb\"},\"inLanguage\":\"de\",\"potentialAction\":[{\"@type\":\"ReadAction\",\"target\":[\"https:\\\/\\\/blog.myvideomedia.com\\\/de\\\/emei-berg-china\\\/\"]}]},{\"@type\":\"ImageObject\",\"inLanguage\":\"de\",\"@id\":\"https:\\\/\\\/blog.myvideomedia.com\\\/de\\\/emei-berg-china\\\/#primaryimage\",\"url\":\"https:\\\/\\\/blog.myvideomedia.com\\\/wp-content\\\/uploads\\\/2013\\\/03\\\/C1270a-Emei-Berg.jpg\",\"contentUrl\":\"https:\\\/\\\/blog.myvideomedia.com\\\/wp-content\\\/uploads\\\/2013\\\/03\\\/C1270a-Emei-Berg.jpg\",\"width\":700,\"height\":435,\"caption\":\"Emei Berg\"},{\"@type\":\"BreadcrumbList\",\"@id\":\"https:\\\/\\\/blog.myvideomedia.com\\\/de\\\/emei-berg-china\\\/#breadcrumb\",\"itemListElement\":[{\"@type\":\"ListItem\",\"position\":1,\"name\":\"Home\",\"item\":\"https:\\\/\\\/blog.myvideomedia.com\\\/de\\\/\"},{\"@type\":\"ListItem\",\"position\":2,\"name\":\"Emei Berg &#8211; China\"}]},{\"@type\":\"WebSite\",\"@id\":\"https:\\\/\\\/blog.myvideomedia.com\\\/de\\\/#website\",\"url\":\"https:\\\/\\\/blog.myvideomedia.com\\\/de\\\/\",\"name\":\"Travel Video Blog\",\"description\":\"myVideoMedia Reisetipps und Reisevideos\",\"publisher\":{\"@id\":\"https:\\\/\\\/blog.myvideomedia.com\\\/de\\\/#\\\/schema\\\/person\\\/87be8fbbed69b1562242448c1c3dcbec\"},\"potentialAction\":[{\"@type\":\"SearchAction\",\"target\":{\"@type\":\"EntryPoint\",\"urlTemplate\":\"https:\\\/\\\/blog.myvideomedia.com\\\/de\\\/?s={search_term_string}\"},\"query-input\":{\"@type\":\"PropertyValueSpecification\",\"valueRequired\":true,\"valueName\":\"search_term_string\"}}],\"inLanguage\":\"de\"},{\"@type\":[\"Person\",\"Organization\"],\"@id\":\"https:\\\/\\\/blog.myvideomedia.com\\\/de\\\/#\\\/schema\\\/person\\\/87be8fbbed69b1562242448c1c3dcbec\",\"name\":\"myVideoMedia\",\"image\":{\"@type\":\"ImageObject\",\"inLanguage\":\"de\",\"@id\":\"https:\\\/\\\/secure.gravatar.com\\\/avatar\\\/460720160715ef8975b781abd1b6985e55ce2f01567bb6757bebd73e7cf74c97?s=96&d=mm&r=g\",\"url\":\"https:\\\/\\\/secure.gravatar.com\\\/avatar\\\/460720160715ef8975b781abd1b6985e55ce2f01567bb6757bebd73e7cf74c97?s=96&d=mm&r=g\",\"contentUrl\":\"https:\\\/\\\/secure.gravatar.com\\\/avatar\\\/460720160715ef8975b781abd1b6985e55ce2f01567bb6757bebd73e7cf74c97?s=96&d=mm&r=g\",\"caption\":\"myVideoMedia\"},\"logo\":{\"@id\":\"https:\\\/\\\/secure.gravatar.com\\\/avatar\\\/460720160715ef8975b781abd1b6985e55ce2f01567bb6757bebd73e7cf74c97?s=96&d=mm&r=g\"},\"description\":\"\\\"The World is a book, and those who do not travel read only a page\\\" - Aurelius Augustinus (354 - 430 AD) Travel is our passion. With our posts and videos we like to inspire people who are planning or preparing for holidays as well as people who simply want to escape from everyday life and dream of faraway countries.\",\"sameAs\":[\"https:\\\/\\\/www.myvideomedia.com\",\"https:\\\/\\\/www.facebook.com\\\/ursula.streit.520\"],\"url\":\"https:\\\/\\\/blog.myvideomedia.com\\\/de\\\/author\\\/traveladm\\\/\"}]}<\/script>\n<!-- \/ Yoast SEO plugin. -->","yoast_head_json":{"title":"Emei Berg - China - Reise Video Blog","description":"Der Emei Berg - Emei Shan - in der Provinz Sichuan, z\u00e4hlt zu den vier heiligen Bergen Chinas und symbolisiert das Feuer.","robots":{"index":"index","follow":"follow","max-snippet":"max-snippet:-1","max-image-preview":"max-image-preview:large","max-video-preview":"max-video-preview:-1"},"canonical":"https:\/\/blog.myvideomedia.com\/de\/emei-berg-china\/","og_locale":"de_DE","og_type":"article","og_title":"Emei Berg - China - Reise Video Blog","og_description":"Der Emei Berg - Emei Shan - in der Provinz Sichuan, z\u00e4hlt zu den vier heiligen Bergen Chinas und symbolisiert das Feuer.","og_url":"https:\/\/blog.myvideomedia.com\/de\/emei-berg-china\/","og_site_name":"Reise Video Blog","article_publisher":"https:\/\/www.facebook.com\/ursula.streit.520","article_author":"https:\/\/www.facebook.com\/ursula.streit.520","article_published_time":"2015-02-19T17:22:56+00:00","article_modified_time":"2020-02-26T08:58:22+00:00","og_image":[{"width":700,"height":435,"url":"https:\/\/blog.myvideomedia.com\/wp-content\/uploads\/2013\/03\/C1270a-Emei-Berg.jpg","type":"image\/jpeg"}],"author":"myVideoMedia","twitter_card":"summary_large_image","twitter_creator":"@myvideomedia","twitter_site":"@myvideomedia","twitter_misc":{"Verfasst von":"myVideoMedia","Gesch\u00e4tzte Lesezeit":"1\u00a0Minute"},"schema":{"@context":"https:\/\/schema.org","@graph":[{"@type":"Article","@id":"https:\/\/blog.myvideomedia.com\/de\/emei-berg-china\/#article","isPartOf":{"@id":"https:\/\/blog.myvideomedia.com\/de\/emei-berg-china\/"},"author":{"name":"myVideoMedia","@id":"https:\/\/blog.myvideomedia.com\/de\/#\/schema\/person\/87be8fbbed69b1562242448c1c3dcbec"},"headline":"Emei Berg &#8211; China","datePublished":"2015-02-19T17:22:56+00:00","dateModified":"2020-02-26T08:58:22+00:00","mainEntityOfPage":{"@id":"https:\/\/blog.myvideomedia.com\/de\/emei-berg-china\/"},"wordCount":279,"commentCount":0,"publisher":{"@id":"https:\/\/blog.myvideomedia.com\/de\/#\/schema\/person\/87be8fbbed69b1562242448c1c3dcbec"},"image":{"@id":"https:\/\/blog.myvideomedia.com\/de\/emei-berg-china\/#primaryimage"},"thumbnailUrl":"https:\/\/blog.myvideomedia.com\/wp-content\/uploads\/2013\/03\/C1270a-Emei-Berg.jpg","keywords":["Berge","Geschichte","Kloster","Natur","Tempel","UNESCO Weltkulturerbe"],"articleSection":["Asien","China","Sichuan","Sichuan"],"inLanguage":"de","potentialAction":[{"@type":"CommentAction","name":"Comment","target":["https:\/\/blog.myvideomedia.com\/de\/emei-berg-china\/#respond"]}]},{"@type":"WebPage","@id":"https:\/\/blog.myvideomedia.com\/de\/emei-berg-china\/","url":"https:\/\/blog.myvideomedia.com\/de\/emei-berg-china\/","name":"Emei Berg - China - Reise Video Blog","isPartOf":{"@id":"https:\/\/blog.myvideomedia.com\/de\/#website"},"primaryImageOfPage":{"@id":"https:\/\/blog.myvideomedia.com\/de\/emei-berg-china\/#primaryimage"},"image":{"@id":"https:\/\/blog.myvideomedia.com\/de\/emei-berg-china\/#primaryimage"},"thumbnailUrl":"https:\/\/blog.myvideomedia.com\/wp-content\/uploads\/2013\/03\/C1270a-Emei-Berg.jpg","datePublished":"2015-02-19T17:22:56+00:00","dateModified":"2020-02-26T08:58:22+00:00","description":"Der Emei Berg - Emei Shan - in der Provinz Sichuan, z\u00e4hlt zu den vier heiligen Bergen Chinas und symbolisiert das Feuer.","breadcrumb":{"@id":"https:\/\/blog.myvideomedia.com\/de\/emei-berg-china\/#breadcrumb"},"inLanguage":"de","potentialAction":[{"@type":"ReadAction","target":["https:\/\/blog.myvideomedia.com\/de\/emei-berg-china\/"]}]},{"@type":"ImageObject","inLanguage":"de","@id":"https:\/\/blog.myvideomedia.com\/de\/emei-berg-china\/#primaryimage","url":"https:\/\/blog.myvideomedia.com\/wp-content\/uploads\/2013\/03\/C1270a-Emei-Berg.jpg","contentUrl":"https:\/\/blog.myvideomedia.com\/wp-content\/uploads\/2013\/03\/C1270a-Emei-Berg.jpg","width":700,"height":435,"caption":"Emei Berg"},{"@type":"BreadcrumbList","@id":"https:\/\/blog.myvideomedia.com\/de\/emei-berg-china\/#breadcrumb","itemListElement":[{"@type":"ListItem","position":1,"name":"Home","item":"https:\/\/blog.myvideomedia.com\/de\/"},{"@type":"ListItem","position":2,"name":"Emei Berg &#8211; China"}]},{"@type":"WebSite","@id":"https:\/\/blog.myvideomedia.com\/de\/#website","url":"https:\/\/blog.myvideomedia.com\/de\/","name":"Travel Video Blog","description":"myVideoMedia Reisetipps und Reisevideos","publisher":{"@id":"https:\/\/blog.myvideomedia.com\/de\/#\/schema\/person\/87be8fbbed69b1562242448c1c3dcbec"},"potentialAction":[{"@type":"SearchAction","target":{"@type":"EntryPoint","urlTemplate":"https:\/\/blog.myvideomedia.com\/de\/?s={search_term_string}"},"query-input":{"@type":"PropertyValueSpecification","valueRequired":true,"valueName":"search_term_string"}}],"inLanguage":"de"},{"@type":["Person","Organization"],"@id":"https:\/\/blog.myvideomedia.com\/de\/#\/schema\/person\/87be8fbbed69b1562242448c1c3dcbec","name":"myVideoMedia","image":{"@type":"ImageObject","inLanguage":"de","@id":"https:\/\/secure.gravatar.com\/avatar\/460720160715ef8975b781abd1b6985e55ce2f01567bb6757bebd73e7cf74c97?s=96&d=mm&r=g","url":"https:\/\/secure.gravatar.com\/avatar\/460720160715ef8975b781abd1b6985e55ce2f01567bb6757bebd73e7cf74c97?s=96&d=mm&r=g","contentUrl":"https:\/\/secure.gravatar.com\/avatar\/460720160715ef8975b781abd1b6985e55ce2f01567bb6757bebd73e7cf74c97?s=96&d=mm&r=g","caption":"myVideoMedia"},"logo":{"@id":"https:\/\/secure.gravatar.com\/avatar\/460720160715ef8975b781abd1b6985e55ce2f01567bb6757bebd73e7cf74c97?s=96&d=mm&r=g"},"description":"\"The World is a book, and those who do not travel read only a page\" - Aurelius Augustinus (354 - 430 AD) Travel is our passion. With our posts and videos we like to inspire people who are planning or preparing for holidays as well as people who simply want to escape from everyday life and dream of faraway countries.","sameAs":["https:\/\/www.myvideomedia.com","https:\/\/www.facebook.com\/ursula.streit.520"],"url":"https:\/\/blog.myvideomedia.com\/de\/author\/traveladm\/"}]}},"featured_image_src":"https:\/\/blog.myvideomedia.com\/wp-content\/uploads\/2013\/03\/C1270a-Emei-Berg.jpg","featured_image_src_square":"https:\/\/blog.myvideomedia.com\/wp-content\/uploads\/2013\/03\/C1270a-Emei-Berg.jpg","author_info":{"display_name":"myVideoMedia","author_link":"https:\/\/blog.myvideomedia.com\/de\/author\/traveladm\/"},"_links":{"self":[{"href":"https:\/\/blog.myvideomedia.com\/de\/wp-json\/wp\/v2\/posts\/6508","targetHints":{"allow":["GET"]}}],"collection":[{"href":"https:\/\/blog.myvideomedia.com\/de\/wp-json\/wp\/v2\/posts"}],"about":[{"href":"https:\/\/blog.myvideomedia.com\/de\/wp-json\/wp\/v2\/types\/post"}],"author":[{"embeddable":true,"href":"https:\/\/blog.myvideomedia.com\/de\/wp-json\/wp\/v2\/users\/1"}],"replies":[{"embeddable":true,"href":"https:\/\/blog.myvideomedia.com\/de\/wp-json\/wp\/v2\/comments?post=6508"}],"version-history":[{"count":0,"href":"https:\/\/blog.myvideomedia.com\/de\/wp-json\/wp\/v2\/posts\/6508\/revisions"}],"wp:featuredmedia":[{"embeddable":true,"href":"https:\/\/blog.myvideomedia.com\/de\/wp-json\/wp\/v2\/media\/4234"}],"wp:attachment":[{"href":"https:\/\/blog.myvideomedia.com\/de\/wp-json\/wp\/v2\/media?parent=6508"}],"wp:term":[{"taxonomy":"category","embeddable":true,"href":"https:\/\/blog.myvideomedia.com\/de\/wp-json\/wp\/v2\/categories?post=6508"},{"taxonomy":"post_tag","embeddable":true,"href":"https:\/\/blog.myvideomedia.com\/de\/wp-json\/wp\/v2\/tags?post=6508"}],"curies":[{"name":"wp","href":"https:\/\/api.w.org\/{rel}","templated":true}]}}