{"id":6589,"date":"2015-02-25T18:06:30","date_gmt":"2015-02-25T17:06:30","guid":{"rendered":"https:\/\/blog.myvideomedia.com\/?p=6589"},"modified":"2020-07-31T08:56:45","modified_gmt":"2020-07-31T07:56:45","slug":"mausoleum-ferdinand-ii","status":"publish","type":"post","link":"https:\/\/blog.myvideomedia.com\/de\/mausoleum-ferdinand-ii\/","title":{"rendered":"Mausoleum Ferdinand II in Graz"},"content":{"rendered":"\n<p>Das Mausoleum Ferdinand II in Graz gilt als gr\u00f6\u00dfter Mausoleumsbau der Habsburger.&nbsp;Es liegt in der Katharinenkirche direkt neben dem Dom von Graz.<\/p>\n\n\n\n<h3 class=\"has-text-align-center wp-block-heading\"><a href=\"https:\/\/youtu.be\/DYU1dMX6sig\" target=\"_blank\" rel=\"noopener noreferrer\">Hier sehen Sie das zugeh\u00f6rige Video<\/a><\/h3>\n\n\n\n<figure> <div class=\"brlbs-cmpnt-container brlbs-cmpnt-content-blocker brlbs-cmpnt-with-individual-styles\" data-borlabs-cookie-content-blocker-id=\"youtube-content-blocker\" data-borlabs-cookie-content=\"PGlmcmFtZSBzcmM9Imh0dHBzOi8vd3d3LnlvdXR1YmUtbm9jb29raWUuY29tL2VtYmVkL0RZVTFkTVg2c2lnIiB3aWR0aD0iNjAwIiBoZWlnaHQ9IjM0MCI+PC9pZnJhbWU+\"><div class=\"brlbs-cmpnt-cb-preset-c brlbs-cmpnt-cb-youtube\"> <div class=\"brlbs-cmpnt-cb-thumbnail\" style=\"background-image: url('https:\/\/blog.myvideomedia.com\/wp-content\/uploads\/borlabs-cookie\/1\/yt_DYU1dMX6sig_hqdefault.jpg')\"><\/div> <div class=\"brlbs-cmpnt-cb-main\"> <div class=\"brlbs-cmpnt-cb-play-button\"><\/div> <div class=\"brlbs-cmpnt-cb-content\"> <p class=\"brlbs-cmpnt-cb-description\">Sie sehen gerade einen Platzhalterinhalt von <strong>YouTube<\/strong>. Um auf den eigentlichen Inhalt zuzugreifen, klicken Sie auf die Schaltfl\u00e4che unten. Bitte beachten Sie, dass dabei Daten an Drittanbieter weitergegeben werden.<\/p> <a class=\"brlbs-cmpnt-cb-provider-toggle\" href=\"#\" data-borlabs-cookie-show-provider-information role=\"button\">Mehr Informationen<\/a> <\/div> <div class=\"brlbs-cmpnt-cb-buttons\"> <a class=\"brlbs-cmpnt-cb-btn\" href=\"#\" data-borlabs-cookie-unblock role=\"button\">Inhalt entsperren<\/a> <a class=\"brlbs-cmpnt-cb-btn\" href=\"#\" data-borlabs-cookie-accept-service role=\"button\" style=\"display: inherit\">Erforderlichen Service akzeptieren und Inhalte entsperren<\/a> <\/div> <\/div> <\/div><\/div><\/figure>\n\n\n\n<p>Die ovale Kuppel \u00fcber der Kapelle ist die erste ihrer Art au\u00dferhalb Italiens. Graz, Landeshauptstadt der Steiermark, betrat die historische B\u00fchne erst sp\u00e4t. Obwohl sich bereits ab 3.000 v. Chr. Siedlungsaktivit\u00e4ten in dieser Gegend nachweisen lassen, wurde Graz erst im 12. Jahrhundert das Stadtrecht verliehen.<\/p>\n\n\n\n<p>In der Steiermark residierten die Traungauer \u2013 Grafen, Markgrafen und Herz\u00f6ge aus der Linie der Otakar. Mit Kaiser Ferdinand II., der als Ausl\u00f6ser des 30-j\u00e4hrigen Krieges gilt, und hier geboren und begraben wurde, seinen Regierungssitz aber in Wien hatte, r\u00fcckte Graz in den Mittelpunkt europ\u00e4ischer Geschichte.<\/p>\n\n\n\n<div class=\"wp-block-image\"><figure class=\"aligncenter size-large\"><img loading=\"lazy\" decoding=\"async\" width=\"1260\" height=\"709\" src=\"https:\/\/blog.myvideomedia.com\/wp-content\/uploads\/2020\/05\/graz-mausoleum00000001-1260x709.jpg\" alt=\"Mausoleum Graz\" class=\"wp-image-26171\" srcset=\"https:\/\/blog.myvideomedia.com\/wp-content\/uploads\/2020\/05\/graz-mausoleum00000001-1260x709.jpg 1260w, https:\/\/blog.myvideomedia.com\/wp-content\/uploads\/2020\/05\/graz-mausoleum00000001-600x338.jpg 600w, https:\/\/blog.myvideomedia.com\/wp-content\/uploads\/2020\/05\/graz-mausoleum00000001-768x432.jpg 768w, https:\/\/blog.myvideomedia.com\/wp-content\/uploads\/2020\/05\/graz-mausoleum00000001-1536x864.jpg 1536w, https:\/\/blog.myvideomedia.com\/wp-content\/uploads\/2020\/05\/graz-mausoleum00000001.jpg 1920w\" sizes=\"auto, (max-width: 1260px) 100vw, 1260px\" \/><\/figure><\/div>\n\n\n\n<p>Ferdinand II. galt als gutm\u00fctiger, aber leicht zu beeinflussender Herrscher, der nur allzu stark unter dem negativen Einfluss seiner Berater stand, des Ulrich von Eggenberg und Wallenstein, die sich auf seine Kosten bereicherten.<\/p>\n\n\n\n<p>Von den Jesuiten in Ingolstadt erzogen, lie\u00df Ferdinand den Grundsatz der Glaubensfreiheit aufheben und zwang vor allem Protestanten ins Exil, eine Entwicklung, die im drei\u00dfigj\u00e4hrigen Krieg m\u00fcndete.<\/p>\n\n\n\n<p><strong>Bitte lesen Sie auch &gt;<\/strong> <a href=\"https:\/\/blog.myvideomedia.com\/de\/kunsthaus-und-murinsel\/\">Kunsthaus und Murinsel<\/a><\/p>\n\n\n\n<p>Text, Fotos und Video : Copyright \u00a9 <a href=\"https:\/\/www.myvideomedia.com\/de\" target=\"_blank\" rel=\"noopener noreferrer\">myVideoMedia <\/a><\/p>\n","protected":false},"excerpt":{"rendered":"<p>Das Mausoleum Ferdinand II in Graz gilt als gr\u00f6\u00dfter Mausoleumsbau der Habsburger.&nbsp;Es liegt in der Katharinenkirche direkt neben dem Dom von Graz. Hier sehen Sie das zugeh\u00f6rige Video Sie sehen gerade einen Platzhalterinhalt von YouTube. Um auf den eigentlichen Inhalt zuzugreifen, klicken Sie auf die Schaltfl\u00e4che unten. Bitte beachten Sie, dass dabei Daten an Drittanbieter [&hellip;]<\/p>\n","protected":false},"author":1,"featured_media":26171,"comment_status":"open","ping_status":"closed","sticky":false,"template":"","format":"standard","meta":{"_genesis_hide_title":false,"_genesis_hide_breadcrumbs":false,"_genesis_hide_singular_image":false,"_genesis_hide_footer_widgets":false,"_genesis_custom_body_class":"","_genesis_custom_post_class":"","_genesis_layout":"","footnotes":""},"categories":[1550,544,492,495],"tags":[1532,455,453],"class_list":{"0":"post-6589","1":"post","2":"type-post","3":"status-publish","4":"format-standard","5":"has-post-thumbnail","7":"category-europa","8":"category-graz_d","9":"category-oesterreich","10":"category-steiermark","11":"tag-geschichte-de","12":"tag-kultur","13":"tag-stadt","14":"entry"},"yoast_head":"<!-- This site is optimized with the Yoast SEO plugin v27.4 - https:\/\/yoast.com\/product\/yoast-seo-wordpress\/ -->\n<title>Mausoleum Ferdinand II in Graz - \u00d6sterreich - Reise Video Blog<\/title>\n<meta name=\"description\" content=\"Das Mausoleum Ferdinand II in der Katharinenkirche neben dem Dom gilt als gr\u00f6\u00dfter Mausoleumsbau der Habsburger.\" \/>\n<meta name=\"robots\" content=\"index, follow, max-snippet:-1, max-image-preview:large, max-video-preview:-1\" \/>\n<link rel=\"canonical\" href=\"https:\/\/blog.myvideomedia.com\/de\/mausoleum-ferdinand-ii\/\" \/>\n<meta property=\"og:locale\" content=\"de_DE\" \/>\n<meta property=\"og:type\" content=\"article\" \/>\n<meta property=\"og:title\" content=\"Mausoleum Ferdinand II in Graz - \u00d6sterreich - Reise Video Blog\" \/>\n<meta property=\"og:description\" content=\"Das Mausoleum Ferdinand II in der Katharinenkirche neben dem Dom gilt als gr\u00f6\u00dfter Mausoleumsbau der Habsburger.\" \/>\n<meta property=\"og:url\" content=\"https:\/\/blog.myvideomedia.com\/de\/mausoleum-ferdinand-ii\/\" \/>\n<meta property=\"og:site_name\" content=\"Reise Video Blog\" \/>\n<meta property=\"article:publisher\" content=\"https:\/\/www.facebook.com\/ursula.streit.520\" \/>\n<meta property=\"article:author\" content=\"https:\/\/www.facebook.com\/ursula.streit.520\" \/>\n<meta property=\"article:published_time\" content=\"2015-02-25T17:06:30+00:00\" \/>\n<meta property=\"article:modified_time\" content=\"2020-07-31T07:56:45+00:00\" \/>\n<meta property=\"og:image\" content=\"https:\/\/blog.myvideomedia.com\/wp-content\/uploads\/2020\/05\/graz-mausoleum00000001.jpg\" \/>\n\t<meta property=\"og:image:width\" content=\"1920\" \/>\n\t<meta property=\"og:image:height\" content=\"1080\" \/>\n\t<meta property=\"og:image:type\" content=\"image\/jpeg\" \/>\n<meta name=\"author\" content=\"myVideoMedia\" \/>\n<meta name=\"twitter:card\" content=\"summary_large_image\" \/>\n<meta name=\"twitter:creator\" content=\"@myvideomedia\" \/>\n<meta name=\"twitter:site\" content=\"@myvideomedia\" \/>\n<meta name=\"twitter:label1\" content=\"Verfasst von\" \/>\n\t<meta name=\"twitter:data1\" content=\"myVideoMedia\" \/>\n\t<meta name=\"twitter:label2\" content=\"Gesch\u00e4tzte Lesezeit\" \/>\n\t<meta name=\"twitter:data2\" content=\"1\u00a0Minute\" \/>\n<script type=\"application\/ld+json\" class=\"yoast-schema-graph\">{\"@context\":\"https:\\\/\\\/schema.org\",\"@graph\":[{\"@type\":\"Article\",\"@id\":\"https:\\\/\\\/blog.myvideomedia.com\\\/de\\\/mausoleum-ferdinand-ii\\\/#article\",\"isPartOf\":{\"@id\":\"https:\\\/\\\/blog.myvideomedia.com\\\/de\\\/mausoleum-ferdinand-ii\\\/\"},\"author\":{\"name\":\"myVideoMedia\",\"@id\":\"https:\\\/\\\/blog.myvideomedia.com\\\/de\\\/#\\\/schema\\\/person\\\/87be8fbbed69b1562242448c1c3dcbec\"},\"headline\":\"Mausoleum Ferdinand II in Graz\",\"datePublished\":\"2015-02-25T17:06:30+00:00\",\"dateModified\":\"2020-07-31T07:56:45+00:00\",\"mainEntityOfPage\":{\"@id\":\"https:\\\/\\\/blog.myvideomedia.com\\\/de\\\/mausoleum-ferdinand-ii\\\/\"},\"wordCount\":212,\"commentCount\":0,\"publisher\":{\"@id\":\"https:\\\/\\\/blog.myvideomedia.com\\\/de\\\/#\\\/schema\\\/person\\\/87be8fbbed69b1562242448c1c3dcbec\"},\"image\":{\"@id\":\"https:\\\/\\\/blog.myvideomedia.com\\\/de\\\/mausoleum-ferdinand-ii\\\/#primaryimage\"},\"thumbnailUrl\":\"https:\\\/\\\/blog.myvideomedia.com\\\/wp-content\\\/uploads\\\/2020\\\/05\\\/graz-mausoleum00000001.jpg\",\"keywords\":[\"Geschichte\",\"Kultur\",\"Stadt\"],\"articleSection\":[\"Europa\",\"Graz\",\"\u00d6sterreich\",\"Steiermark\"],\"inLanguage\":\"de\",\"potentialAction\":[{\"@type\":\"CommentAction\",\"name\":\"Comment\",\"target\":[\"https:\\\/\\\/blog.myvideomedia.com\\\/de\\\/mausoleum-ferdinand-ii\\\/#respond\"]}]},{\"@type\":\"WebPage\",\"@id\":\"https:\\\/\\\/blog.myvideomedia.com\\\/de\\\/mausoleum-ferdinand-ii\\\/\",\"url\":\"https:\\\/\\\/blog.myvideomedia.com\\\/de\\\/mausoleum-ferdinand-ii\\\/\",\"name\":\"Mausoleum Ferdinand II in Graz - \u00d6sterreich - Reise Video Blog\",\"isPartOf\":{\"@id\":\"https:\\\/\\\/blog.myvideomedia.com\\\/de\\\/#website\"},\"primaryImageOfPage\":{\"@id\":\"https:\\\/\\\/blog.myvideomedia.com\\\/de\\\/mausoleum-ferdinand-ii\\\/#primaryimage\"},\"image\":{\"@id\":\"https:\\\/\\\/blog.myvideomedia.com\\\/de\\\/mausoleum-ferdinand-ii\\\/#primaryimage\"},\"thumbnailUrl\":\"https:\\\/\\\/blog.myvideomedia.com\\\/wp-content\\\/uploads\\\/2020\\\/05\\\/graz-mausoleum00000001.jpg\",\"datePublished\":\"2015-02-25T17:06:30+00:00\",\"dateModified\":\"2020-07-31T07:56:45+00:00\",\"description\":\"Das Mausoleum Ferdinand II in der Katharinenkirche neben dem Dom gilt als gr\u00f6\u00dfter Mausoleumsbau der Habsburger.\",\"breadcrumb\":{\"@id\":\"https:\\\/\\\/blog.myvideomedia.com\\\/de\\\/mausoleum-ferdinand-ii\\\/#breadcrumb\"},\"inLanguage\":\"de\",\"potentialAction\":[{\"@type\":\"ReadAction\",\"target\":[\"https:\\\/\\\/blog.myvideomedia.com\\\/de\\\/mausoleum-ferdinand-ii\\\/\"]}]},{\"@type\":\"ImageObject\",\"inLanguage\":\"de\",\"@id\":\"https:\\\/\\\/blog.myvideomedia.com\\\/de\\\/mausoleum-ferdinand-ii\\\/#primaryimage\",\"url\":\"https:\\\/\\\/blog.myvideomedia.com\\\/wp-content\\\/uploads\\\/2020\\\/05\\\/graz-mausoleum00000001.jpg\",\"contentUrl\":\"https:\\\/\\\/blog.myvideomedia.com\\\/wp-content\\\/uploads\\\/2020\\\/05\\\/graz-mausoleum00000001.jpg\",\"width\":1920,\"height\":1080,\"caption\":\"Mausoleum Graz\"},{\"@type\":\"BreadcrumbList\",\"@id\":\"https:\\\/\\\/blog.myvideomedia.com\\\/de\\\/mausoleum-ferdinand-ii\\\/#breadcrumb\",\"itemListElement\":[{\"@type\":\"ListItem\",\"position\":1,\"name\":\"Home\",\"item\":\"https:\\\/\\\/blog.myvideomedia.com\\\/de\\\/\"},{\"@type\":\"ListItem\",\"position\":2,\"name\":\"Mausoleum Ferdinand II in Graz\"}]},{\"@type\":\"WebSite\",\"@id\":\"https:\\\/\\\/blog.myvideomedia.com\\\/de\\\/#website\",\"url\":\"https:\\\/\\\/blog.myvideomedia.com\\\/de\\\/\",\"name\":\"Travel Video Blog\",\"description\":\"myVideoMedia Reisetipps und Reisevideos\",\"publisher\":{\"@id\":\"https:\\\/\\\/blog.myvideomedia.com\\\/de\\\/#\\\/schema\\\/person\\\/87be8fbbed69b1562242448c1c3dcbec\"},\"potentialAction\":[{\"@type\":\"SearchAction\",\"target\":{\"@type\":\"EntryPoint\",\"urlTemplate\":\"https:\\\/\\\/blog.myvideomedia.com\\\/de\\\/?s={search_term_string}\"},\"query-input\":{\"@type\":\"PropertyValueSpecification\",\"valueRequired\":true,\"valueName\":\"search_term_string\"}}],\"inLanguage\":\"de\"},{\"@type\":[\"Person\",\"Organization\"],\"@id\":\"https:\\\/\\\/blog.myvideomedia.com\\\/de\\\/#\\\/schema\\\/person\\\/87be8fbbed69b1562242448c1c3dcbec\",\"name\":\"myVideoMedia\",\"image\":{\"@type\":\"ImageObject\",\"inLanguage\":\"de\",\"@id\":\"https:\\\/\\\/secure.gravatar.com\\\/avatar\\\/460720160715ef8975b781abd1b6985e55ce2f01567bb6757bebd73e7cf74c97?s=96&d=mm&r=g\",\"url\":\"https:\\\/\\\/secure.gravatar.com\\\/avatar\\\/460720160715ef8975b781abd1b6985e55ce2f01567bb6757bebd73e7cf74c97?s=96&d=mm&r=g\",\"contentUrl\":\"https:\\\/\\\/secure.gravatar.com\\\/avatar\\\/460720160715ef8975b781abd1b6985e55ce2f01567bb6757bebd73e7cf74c97?s=96&d=mm&r=g\",\"caption\":\"myVideoMedia\"},\"logo\":{\"@id\":\"https:\\\/\\\/secure.gravatar.com\\\/avatar\\\/460720160715ef8975b781abd1b6985e55ce2f01567bb6757bebd73e7cf74c97?s=96&d=mm&r=g\"},\"description\":\"\\\"The World is a book, and those who do not travel read only a page\\\" - Aurelius Augustinus (354 - 430 AD) Travel is our passion. With our posts and videos we like to inspire people who are planning or preparing for holidays as well as people who simply want to escape from everyday life and dream of faraway countries.\",\"sameAs\":[\"https:\\\/\\\/www.myvideomedia.com\",\"https:\\\/\\\/www.facebook.com\\\/ursula.streit.520\"],\"url\":\"https:\\\/\\\/blog.myvideomedia.com\\\/de\\\/author\\\/traveladm\\\/\"}]}<\/script>\n<!-- \/ Yoast SEO plugin. -->","yoast_head_json":{"title":"Mausoleum Ferdinand II in Graz - \u00d6sterreich - Reise Video Blog","description":"Das Mausoleum Ferdinand II in der Katharinenkirche neben dem Dom gilt als gr\u00f6\u00dfter Mausoleumsbau der Habsburger.","robots":{"index":"index","follow":"follow","max-snippet":"max-snippet:-1","max-image-preview":"max-image-preview:large","max-video-preview":"max-video-preview:-1"},"canonical":"https:\/\/blog.myvideomedia.com\/de\/mausoleum-ferdinand-ii\/","og_locale":"de_DE","og_type":"article","og_title":"Mausoleum Ferdinand II in Graz - \u00d6sterreich - Reise Video Blog","og_description":"Das Mausoleum Ferdinand II in der Katharinenkirche neben dem Dom gilt als gr\u00f6\u00dfter Mausoleumsbau der Habsburger.","og_url":"https:\/\/blog.myvideomedia.com\/de\/mausoleum-ferdinand-ii\/","og_site_name":"Reise Video Blog","article_publisher":"https:\/\/www.facebook.com\/ursula.streit.520","article_author":"https:\/\/www.facebook.com\/ursula.streit.520","article_published_time":"2015-02-25T17:06:30+00:00","article_modified_time":"2020-07-31T07:56:45+00:00","og_image":[{"width":1920,"height":1080,"url":"https:\/\/blog.myvideomedia.com\/wp-content\/uploads\/2020\/05\/graz-mausoleum00000001.jpg","type":"image\/jpeg"}],"author":"myVideoMedia","twitter_card":"summary_large_image","twitter_creator":"@myvideomedia","twitter_site":"@myvideomedia","twitter_misc":{"Verfasst von":"myVideoMedia","Gesch\u00e4tzte Lesezeit":"1\u00a0Minute"},"schema":{"@context":"https:\/\/schema.org","@graph":[{"@type":"Article","@id":"https:\/\/blog.myvideomedia.com\/de\/mausoleum-ferdinand-ii\/#article","isPartOf":{"@id":"https:\/\/blog.myvideomedia.com\/de\/mausoleum-ferdinand-ii\/"},"author":{"name":"myVideoMedia","@id":"https:\/\/blog.myvideomedia.com\/de\/#\/schema\/person\/87be8fbbed69b1562242448c1c3dcbec"},"headline":"Mausoleum Ferdinand II in Graz","datePublished":"2015-02-25T17:06:30+00:00","dateModified":"2020-07-31T07:56:45+00:00","mainEntityOfPage":{"@id":"https:\/\/blog.myvideomedia.com\/de\/mausoleum-ferdinand-ii\/"},"wordCount":212,"commentCount":0,"publisher":{"@id":"https:\/\/blog.myvideomedia.com\/de\/#\/schema\/person\/87be8fbbed69b1562242448c1c3dcbec"},"image":{"@id":"https:\/\/blog.myvideomedia.com\/de\/mausoleum-ferdinand-ii\/#primaryimage"},"thumbnailUrl":"https:\/\/blog.myvideomedia.com\/wp-content\/uploads\/2020\/05\/graz-mausoleum00000001.jpg","keywords":["Geschichte","Kultur","Stadt"],"articleSection":["Europa","Graz","\u00d6sterreich","Steiermark"],"inLanguage":"de","potentialAction":[{"@type":"CommentAction","name":"Comment","target":["https:\/\/blog.myvideomedia.com\/de\/mausoleum-ferdinand-ii\/#respond"]}]},{"@type":"WebPage","@id":"https:\/\/blog.myvideomedia.com\/de\/mausoleum-ferdinand-ii\/","url":"https:\/\/blog.myvideomedia.com\/de\/mausoleum-ferdinand-ii\/","name":"Mausoleum Ferdinand II in Graz - \u00d6sterreich - Reise Video Blog","isPartOf":{"@id":"https:\/\/blog.myvideomedia.com\/de\/#website"},"primaryImageOfPage":{"@id":"https:\/\/blog.myvideomedia.com\/de\/mausoleum-ferdinand-ii\/#primaryimage"},"image":{"@id":"https:\/\/blog.myvideomedia.com\/de\/mausoleum-ferdinand-ii\/#primaryimage"},"thumbnailUrl":"https:\/\/blog.myvideomedia.com\/wp-content\/uploads\/2020\/05\/graz-mausoleum00000001.jpg","datePublished":"2015-02-25T17:06:30+00:00","dateModified":"2020-07-31T07:56:45+00:00","description":"Das Mausoleum Ferdinand II in der Katharinenkirche neben dem Dom gilt als gr\u00f6\u00dfter Mausoleumsbau der Habsburger.","breadcrumb":{"@id":"https:\/\/blog.myvideomedia.com\/de\/mausoleum-ferdinand-ii\/#breadcrumb"},"inLanguage":"de","potentialAction":[{"@type":"ReadAction","target":["https:\/\/blog.myvideomedia.com\/de\/mausoleum-ferdinand-ii\/"]}]},{"@type":"ImageObject","inLanguage":"de","@id":"https:\/\/blog.myvideomedia.com\/de\/mausoleum-ferdinand-ii\/#primaryimage","url":"https:\/\/blog.myvideomedia.com\/wp-content\/uploads\/2020\/05\/graz-mausoleum00000001.jpg","contentUrl":"https:\/\/blog.myvideomedia.com\/wp-content\/uploads\/2020\/05\/graz-mausoleum00000001.jpg","width":1920,"height":1080,"caption":"Mausoleum Graz"},{"@type":"BreadcrumbList","@id":"https:\/\/blog.myvideomedia.com\/de\/mausoleum-ferdinand-ii\/#breadcrumb","itemListElement":[{"@type":"ListItem","position":1,"name":"Home","item":"https:\/\/blog.myvideomedia.com\/de\/"},{"@type":"ListItem","position":2,"name":"Mausoleum Ferdinand II in Graz"}]},{"@type":"WebSite","@id":"https:\/\/blog.myvideomedia.com\/de\/#website","url":"https:\/\/blog.myvideomedia.com\/de\/","name":"Travel Video Blog","description":"myVideoMedia Reisetipps und Reisevideos","publisher":{"@id":"https:\/\/blog.myvideomedia.com\/de\/#\/schema\/person\/87be8fbbed69b1562242448c1c3dcbec"},"potentialAction":[{"@type":"SearchAction","target":{"@type":"EntryPoint","urlTemplate":"https:\/\/blog.myvideomedia.com\/de\/?s={search_term_string}"},"query-input":{"@type":"PropertyValueSpecification","valueRequired":true,"valueName":"search_term_string"}}],"inLanguage":"de"},{"@type":["Person","Organization"],"@id":"https:\/\/blog.myvideomedia.com\/de\/#\/schema\/person\/87be8fbbed69b1562242448c1c3dcbec","name":"myVideoMedia","image":{"@type":"ImageObject","inLanguage":"de","@id":"https:\/\/secure.gravatar.com\/avatar\/460720160715ef8975b781abd1b6985e55ce2f01567bb6757bebd73e7cf74c97?s=96&d=mm&r=g","url":"https:\/\/secure.gravatar.com\/avatar\/460720160715ef8975b781abd1b6985e55ce2f01567bb6757bebd73e7cf74c97?s=96&d=mm&r=g","contentUrl":"https:\/\/secure.gravatar.com\/avatar\/460720160715ef8975b781abd1b6985e55ce2f01567bb6757bebd73e7cf74c97?s=96&d=mm&r=g","caption":"myVideoMedia"},"logo":{"@id":"https:\/\/secure.gravatar.com\/avatar\/460720160715ef8975b781abd1b6985e55ce2f01567bb6757bebd73e7cf74c97?s=96&d=mm&r=g"},"description":"\"The World is a book, and those who do not travel read only a page\" - Aurelius Augustinus (354 - 430 AD) Travel is our passion. With our posts and videos we like to inspire people who are planning or preparing for holidays as well as people who simply want to escape from everyday life and dream of faraway countries.","sameAs":["https:\/\/www.myvideomedia.com","https:\/\/www.facebook.com\/ursula.streit.520"],"url":"https:\/\/blog.myvideomedia.com\/de\/author\/traveladm\/"}]}},"featured_image_src":"https:\/\/blog.myvideomedia.com\/wp-content\/uploads\/2020\/05\/graz-mausoleum00000001.jpg","featured_image_src_square":"https:\/\/blog.myvideomedia.com\/wp-content\/uploads\/2020\/05\/graz-mausoleum00000001.jpg","author_info":{"display_name":"myVideoMedia","author_link":"https:\/\/blog.myvideomedia.com\/de\/author\/traveladm\/"},"_links":{"self":[{"href":"https:\/\/blog.myvideomedia.com\/de\/wp-json\/wp\/v2\/posts\/6589","targetHints":{"allow":["GET"]}}],"collection":[{"href":"https:\/\/blog.myvideomedia.com\/de\/wp-json\/wp\/v2\/posts"}],"about":[{"href":"https:\/\/blog.myvideomedia.com\/de\/wp-json\/wp\/v2\/types\/post"}],"author":[{"embeddable":true,"href":"https:\/\/blog.myvideomedia.com\/de\/wp-json\/wp\/v2\/users\/1"}],"replies":[{"embeddable":true,"href":"https:\/\/blog.myvideomedia.com\/de\/wp-json\/wp\/v2\/comments?post=6589"}],"version-history":[{"count":0,"href":"https:\/\/blog.myvideomedia.com\/de\/wp-json\/wp\/v2\/posts\/6589\/revisions"}],"wp:featuredmedia":[{"embeddable":true,"href":"https:\/\/blog.myvideomedia.com\/de\/wp-json\/wp\/v2\/media\/26171"}],"wp:attachment":[{"href":"https:\/\/blog.myvideomedia.com\/de\/wp-json\/wp\/v2\/media?parent=6589"}],"wp:term":[{"taxonomy":"category","embeddable":true,"href":"https:\/\/blog.myvideomedia.com\/de\/wp-json\/wp\/v2\/categories?post=6589"},{"taxonomy":"post_tag","embeddable":true,"href":"https:\/\/blog.myvideomedia.com\/de\/wp-json\/wp\/v2\/tags?post=6589"}],"curies":[{"name":"wp","href":"https:\/\/api.w.org\/{rel}","templated":true}]}}