{"id":6597,"date":"2015-02-26T10:25:03","date_gmt":"2015-02-26T09:25:03","guid":{"rendered":"https:\/\/blog.myvideomedia.com\/?p=6597"},"modified":"2020-05-07T08:54:46","modified_gmt":"2020-05-07T07:54:46","slug":"kunsthaus-und-murinsel","status":"publish","type":"post","link":"https:\/\/blog.myvideomedia.com\/de\/kunsthaus-und-murinsel\/","title":{"rendered":"Kunsthaus und Murinsel in Graz"},"content":{"rendered":"\n<p>Das Kunsthaus und Murinsel wurden anl\u00e4sslich des Kulturhaupstadtjahres 2003 in <a title=\"Graz \u2013 die Hauptstadt der Steiermark\" href=\"https:\/\/blog.myvideomedia.com\/de\/graz-steiermark\/\">Graz<\/a> geschaffen.<\/p>\n\n\n\n<h3 class=\"has-text-align-center wp-block-heading\"><a href=\"https:\/\/youtu.be\/jZ_5AJixgAk\" target=\"_blank\" rel=\"noopener nofollow noreferrer\">Hier sehen Sie das Video zum Artikel<\/a><\/h3>\n\n\n\n<figure> <div class=\"brlbs-cmpnt-container brlbs-cmpnt-content-blocker brlbs-cmpnt-with-individual-styles\" data-borlabs-cookie-content-blocker-id=\"youtube-content-blocker\" data-borlabs-cookie-content=\"PGlmcmFtZSBzcmM9Imh0dHBzOi8vd3d3LnlvdXR1YmUtbm9jb29raWUuY29tL2VtYmVkL2paXzVBSml4Z0FrIiB3aWR0aD0iNjAwIiBoZWlnaHQ9IjM0MCI+PC9pZnJhbWU+\"><div class=\"brlbs-cmpnt-cb-preset-c brlbs-cmpnt-cb-youtube\"> <div class=\"brlbs-cmpnt-cb-thumbnail\" style=\"background-image: url('https:\/\/blog.myvideomedia.com\/wp-content\/uploads\/borlabs-cookie\/1\/yt_jZ_5AJixgAk_hqdefault.jpg')\"><\/div> <div class=\"brlbs-cmpnt-cb-main\"> <div class=\"brlbs-cmpnt-cb-play-button\"><\/div> <div class=\"brlbs-cmpnt-cb-content\"> <p class=\"brlbs-cmpnt-cb-description\">Sie sehen gerade einen Platzhalterinhalt von <strong>YouTube<\/strong>. Um auf den eigentlichen Inhalt zuzugreifen, klicken Sie auf die Schaltfl\u00e4che unten. Bitte beachten Sie, dass dabei Daten an Drittanbieter weitergegeben werden.<\/p> <a class=\"brlbs-cmpnt-cb-provider-toggle\" href=\"#\" data-borlabs-cookie-show-provider-information role=\"button\">Mehr Informationen<\/a> <\/div> <div class=\"brlbs-cmpnt-cb-buttons\"> <a class=\"brlbs-cmpnt-cb-btn\" href=\"#\" data-borlabs-cookie-unblock role=\"button\">Inhalt entsperren<\/a> <a class=\"brlbs-cmpnt-cb-btn\" href=\"#\" data-borlabs-cookie-accept-service role=\"button\" style=\"display: inherit\">Erforderlichen Service akzeptieren und Inhalte entsperren<\/a> <\/div> <\/div> <\/div><\/div><\/figure>\n\n\n\n<h2 class=\"wp-block-heading\">Kunsthaus<\/h2>\n\n\n\n<p>Das Kunsthaus wurde mit der Fassade des Eisernen Hauses von 1847 integriert und bildet einen starken Kontrast mit den umliegenden Geb\u00e4uden. Nachts l\u00e4sst sich die moderne Glasfassade als Display benutzen, um die ausgestellte Kunst in den \u00f6ffentlichen Raum wirken zu lassen.<\/p>\n\n\n\n<div class=\"wp-block-image\"><figure class=\"aligncenter size-large\"><img loading=\"lazy\" decoding=\"async\" width=\"1260\" height=\"840\" src=\"https:\/\/blog.myvideomedia.com\/wp-content\/uploads\/2020\/05\/Graz_8353.jpg\" alt=\"Murinsel Graz\" class=\"wp-image-26175\" srcset=\"https:\/\/blog.myvideomedia.com\/wp-content\/uploads\/2020\/05\/Graz_8353.jpg 1260w, https:\/\/blog.myvideomedia.com\/wp-content\/uploads\/2020\/05\/Graz_8353-600x400.jpg 600w, https:\/\/blog.myvideomedia.com\/wp-content\/uploads\/2020\/05\/Graz_8353-768x512.jpg 768w\" sizes=\"auto, (max-width: 1260px) 100vw, 1260px\" \/><\/figure><\/div>\n\n\n\n<h2 class=\"wp-block-heading\">Murinsel<\/h2>\n\n\n\n<p>Die Murinsel in <a href=\"https:\/\/blog.myvideomedia.com\/de\/graz-steiermark\/\">Graz<\/a>, eine schwimmende Stahlkonstruktion in Muschelform, liegt zwischen Kunsthaus und <a title=\"Schlossberg Graz\" href=\"https:\/\/blog.myvideomedia.com\/de\/schlossberg-graz\/\">Schlo\u00dfberg<\/a> in der Mur und ist das moderne Wahrzeichen der Stadt.<\/p>\n\n\n\n<p>Die Murinsel wurde vom New Yorker K\u00fcnstler und Designer Vito Acconci nach einer Idee des Grazers Robert Punkenhofer geschaffen. Sie ist nicht nur Br\u00fccke, Caf\u00e9 und Kinderspielplatz, sondern an sonnigen Tagen auch Treffpunkt der Jugend im Amphitheater.<\/p>\n\n\n\n<div class=\"wp-block-image\"><figure class=\"aligncenter\"><img loading=\"lazy\" decoding=\"async\" width=\"699\" height=\"467\" src=\"https:\/\/blog.myvideomedia.com\/wp-content\/uploads\/2012\/10\/oes1095-Graz.jpg\" alt=\"Murinsel Graz\" class=\"wp-image-1257\" srcset=\"https:\/\/blog.myvideomedia.com\/wp-content\/uploads\/2012\/10\/oes1095-Graz.jpg 699w, https:\/\/blog.myvideomedia.com\/wp-content\/uploads\/2012\/10\/oes1095-Graz-300x200.jpg 300w\" sizes=\"auto, (max-width: 699px) 100vw, 699px\" \/><\/figure><\/div>\n\n\n\n\n\n\n\n<p>Text, Fotos und Video: Copyright \u00a9 <a href=\"https:\/\/www.myvideomedia.com\/de\" target=\"_blank\" rel=\"noopener noreferrer\">myVideoMedia <\/a><\/p>\n","protected":false},"excerpt":{"rendered":"<p>Das Kunsthaus und Murinsel wurden anl\u00e4sslich des Kulturhaupstadtjahres 2003 in Graz geschaffen. Hier sehen Sie das Video zum Artikel Sie sehen gerade einen Platzhalterinhalt von YouTube. Um auf den eigentlichen Inhalt zuzugreifen, klicken Sie auf die Schaltfl\u00e4che unten. Bitte beachten Sie, dass dabei Daten an Drittanbieter weitergegeben werden. Mehr Informationen Inhalt entsperren Erforderlichen Service akzeptieren [&hellip;]<\/p>\n","protected":false},"author":1,"featured_media":26175,"comment_status":"closed","ping_status":"closed","sticky":false,"template":"","format":"standard","meta":{"_genesis_hide_title":false,"_genesis_hide_breadcrumbs":false,"_genesis_hide_singular_image":false,"_genesis_hide_footer_widgets":false,"_genesis_custom_body_class":"","_genesis_custom_post_class":"","_genesis_layout":"","footnotes":""},"categories":[1550,544,492,495],"tags":[447,453],"class_list":{"0":"post-6597","1":"post","2":"type-post","3":"status-publish","4":"format-standard","5":"has-post-thumbnail","7":"category-europa","8":"category-graz_d","9":"category-oesterreich","10":"category-steiermark","11":"tag-architektur","12":"tag-stadt","13":"entry"},"yoast_head":"<!-- This site is optimized with the Yoast SEO plugin v27.4 - https:\/\/yoast.com\/product\/yoast-seo-wordpress\/ -->\n<title>Kunsthaus und Murinsel in Graz - \u00d6sterreich - Reise Video Blog<\/title>\n<meta name=\"description\" content=\"Das Kunsthaus und Murinsel wurden anl\u00e4sslich des Kulturhaupstadtjahres 2003 in Graz geschaffen. Die Murinsel ist das moderne Wahrzeichen der Stadt.\" \/>\n<meta name=\"robots\" content=\"index, follow, max-snippet:-1, max-image-preview:large, max-video-preview:-1\" \/>\n<link rel=\"canonical\" href=\"https:\/\/blog.myvideomedia.com\/de\/kunsthaus-und-murinsel\/\" \/>\n<meta property=\"og:locale\" content=\"de_DE\" \/>\n<meta property=\"og:type\" content=\"article\" \/>\n<meta property=\"og:title\" content=\"Kunsthaus und Murinsel in Graz - \u00d6sterreich - Reise Video Blog\" \/>\n<meta property=\"og:description\" content=\"Das Kunsthaus und Murinsel wurden anl\u00e4sslich des Kulturhaupstadtjahres 2003 in Graz geschaffen. Die Murinsel ist das moderne Wahrzeichen der Stadt.\" \/>\n<meta property=\"og:url\" content=\"https:\/\/blog.myvideomedia.com\/de\/kunsthaus-und-murinsel\/\" \/>\n<meta property=\"og:site_name\" content=\"Reise Video Blog\" \/>\n<meta property=\"article:publisher\" content=\"https:\/\/www.facebook.com\/ursula.streit.520\" \/>\n<meta property=\"article:author\" content=\"https:\/\/www.facebook.com\/ursula.streit.520\" \/>\n<meta property=\"article:published_time\" content=\"2015-02-26T09:25:03+00:00\" \/>\n<meta property=\"article:modified_time\" content=\"2020-05-07T07:54:46+00:00\" \/>\n<meta property=\"og:image\" content=\"https:\/\/blog.myvideomedia.com\/wp-content\/uploads\/2020\/05\/Graz_8353.jpg\" \/>\n\t<meta property=\"og:image:width\" content=\"1260\" \/>\n\t<meta property=\"og:image:height\" content=\"840\" \/>\n\t<meta property=\"og:image:type\" content=\"image\/jpeg\" \/>\n<meta name=\"author\" content=\"myVideoMedia\" \/>\n<meta name=\"twitter:card\" content=\"summary_large_image\" \/>\n<meta name=\"twitter:creator\" content=\"@myvideomedia\" \/>\n<meta name=\"twitter:site\" content=\"@myvideomedia\" \/>\n<meta name=\"twitter:label1\" content=\"Verfasst von\" \/>\n\t<meta name=\"twitter:data1\" content=\"myVideoMedia\" \/>\n\t<meta name=\"twitter:label2\" content=\"Gesch\u00e4tzte Lesezeit\" \/>\n\t<meta name=\"twitter:data2\" content=\"1\u00a0Minute\" \/>\n<script type=\"application\/ld+json\" class=\"yoast-schema-graph\">{\"@context\":\"https:\\\/\\\/schema.org\",\"@graph\":[{\"@type\":\"Article\",\"@id\":\"https:\\\/\\\/blog.myvideomedia.com\\\/de\\\/kunsthaus-und-murinsel\\\/#article\",\"isPartOf\":{\"@id\":\"https:\\\/\\\/blog.myvideomedia.com\\\/de\\\/kunsthaus-und-murinsel\\\/\"},\"author\":{\"name\":\"myVideoMedia\",\"@id\":\"https:\\\/\\\/blog.myvideomedia.com\\\/de\\\/#\\\/schema\\\/person\\\/87be8fbbed69b1562242448c1c3dcbec\"},\"headline\":\"Kunsthaus und Murinsel in Graz\",\"datePublished\":\"2015-02-26T09:25:03+00:00\",\"dateModified\":\"2020-05-07T07:54:46+00:00\",\"mainEntityOfPage\":{\"@id\":\"https:\\\/\\\/blog.myvideomedia.com\\\/de\\\/kunsthaus-und-murinsel\\\/\"},\"wordCount\":141,\"publisher\":{\"@id\":\"https:\\\/\\\/blog.myvideomedia.com\\\/de\\\/#\\\/schema\\\/person\\\/87be8fbbed69b1562242448c1c3dcbec\"},\"image\":{\"@id\":\"https:\\\/\\\/blog.myvideomedia.com\\\/de\\\/kunsthaus-und-murinsel\\\/#primaryimage\"},\"thumbnailUrl\":\"https:\\\/\\\/blog.myvideomedia.com\\\/wp-content\\\/uploads\\\/2020\\\/05\\\/Graz_8353.jpg\",\"keywords\":[\"Architektur\",\"Stadt\"],\"articleSection\":[\"Europa\",\"Graz\",\"\u00d6sterreich\",\"Steiermark\"],\"inLanguage\":\"de\"},{\"@type\":\"WebPage\",\"@id\":\"https:\\\/\\\/blog.myvideomedia.com\\\/de\\\/kunsthaus-und-murinsel\\\/\",\"url\":\"https:\\\/\\\/blog.myvideomedia.com\\\/de\\\/kunsthaus-und-murinsel\\\/\",\"name\":\"Kunsthaus und Murinsel in Graz - \u00d6sterreich - Reise Video Blog\",\"isPartOf\":{\"@id\":\"https:\\\/\\\/blog.myvideomedia.com\\\/de\\\/#website\"},\"primaryImageOfPage\":{\"@id\":\"https:\\\/\\\/blog.myvideomedia.com\\\/de\\\/kunsthaus-und-murinsel\\\/#primaryimage\"},\"image\":{\"@id\":\"https:\\\/\\\/blog.myvideomedia.com\\\/de\\\/kunsthaus-und-murinsel\\\/#primaryimage\"},\"thumbnailUrl\":\"https:\\\/\\\/blog.myvideomedia.com\\\/wp-content\\\/uploads\\\/2020\\\/05\\\/Graz_8353.jpg\",\"datePublished\":\"2015-02-26T09:25:03+00:00\",\"dateModified\":\"2020-05-07T07:54:46+00:00\",\"description\":\"Das Kunsthaus und Murinsel wurden anl\u00e4sslich des Kulturhaupstadtjahres 2003 in Graz geschaffen. Die Murinsel ist das moderne Wahrzeichen der Stadt.\",\"breadcrumb\":{\"@id\":\"https:\\\/\\\/blog.myvideomedia.com\\\/de\\\/kunsthaus-und-murinsel\\\/#breadcrumb\"},\"inLanguage\":\"de\",\"potentialAction\":[{\"@type\":\"ReadAction\",\"target\":[\"https:\\\/\\\/blog.myvideomedia.com\\\/de\\\/kunsthaus-und-murinsel\\\/\"]}]},{\"@type\":\"ImageObject\",\"inLanguage\":\"de\",\"@id\":\"https:\\\/\\\/blog.myvideomedia.com\\\/de\\\/kunsthaus-und-murinsel\\\/#primaryimage\",\"url\":\"https:\\\/\\\/blog.myvideomedia.com\\\/wp-content\\\/uploads\\\/2020\\\/05\\\/Graz_8353.jpg\",\"contentUrl\":\"https:\\\/\\\/blog.myvideomedia.com\\\/wp-content\\\/uploads\\\/2020\\\/05\\\/Graz_8353.jpg\",\"width\":1260,\"height\":840,\"caption\":\"Murinsel Graz\"},{\"@type\":\"BreadcrumbList\",\"@id\":\"https:\\\/\\\/blog.myvideomedia.com\\\/de\\\/kunsthaus-und-murinsel\\\/#breadcrumb\",\"itemListElement\":[{\"@type\":\"ListItem\",\"position\":1,\"name\":\"Home\",\"item\":\"https:\\\/\\\/blog.myvideomedia.com\\\/de\\\/\"},{\"@type\":\"ListItem\",\"position\":2,\"name\":\"Kunsthaus und Murinsel in Graz\"}]},{\"@type\":\"WebSite\",\"@id\":\"https:\\\/\\\/blog.myvideomedia.com\\\/de\\\/#website\",\"url\":\"https:\\\/\\\/blog.myvideomedia.com\\\/de\\\/\",\"name\":\"Travel Video Blog\",\"description\":\"myVideoMedia Reisetipps und Reisevideos\",\"publisher\":{\"@id\":\"https:\\\/\\\/blog.myvideomedia.com\\\/de\\\/#\\\/schema\\\/person\\\/87be8fbbed69b1562242448c1c3dcbec\"},\"potentialAction\":[{\"@type\":\"SearchAction\",\"target\":{\"@type\":\"EntryPoint\",\"urlTemplate\":\"https:\\\/\\\/blog.myvideomedia.com\\\/de\\\/?s={search_term_string}\"},\"query-input\":{\"@type\":\"PropertyValueSpecification\",\"valueRequired\":true,\"valueName\":\"search_term_string\"}}],\"inLanguage\":\"de\"},{\"@type\":[\"Person\",\"Organization\"],\"@id\":\"https:\\\/\\\/blog.myvideomedia.com\\\/de\\\/#\\\/schema\\\/person\\\/87be8fbbed69b1562242448c1c3dcbec\",\"name\":\"myVideoMedia\",\"image\":{\"@type\":\"ImageObject\",\"inLanguage\":\"de\",\"@id\":\"https:\\\/\\\/secure.gravatar.com\\\/avatar\\\/460720160715ef8975b781abd1b6985e55ce2f01567bb6757bebd73e7cf74c97?s=96&d=mm&r=g\",\"url\":\"https:\\\/\\\/secure.gravatar.com\\\/avatar\\\/460720160715ef8975b781abd1b6985e55ce2f01567bb6757bebd73e7cf74c97?s=96&d=mm&r=g\",\"contentUrl\":\"https:\\\/\\\/secure.gravatar.com\\\/avatar\\\/460720160715ef8975b781abd1b6985e55ce2f01567bb6757bebd73e7cf74c97?s=96&d=mm&r=g\",\"caption\":\"myVideoMedia\"},\"logo\":{\"@id\":\"https:\\\/\\\/secure.gravatar.com\\\/avatar\\\/460720160715ef8975b781abd1b6985e55ce2f01567bb6757bebd73e7cf74c97?s=96&d=mm&r=g\"},\"description\":\"\\\"The World is a book, and those who do not travel read only a page\\\" - Aurelius Augustinus (354 - 430 AD) Travel is our passion. With our posts and videos we like to inspire people who are planning or preparing for holidays as well as people who simply want to escape from everyday life and dream of faraway countries.\",\"sameAs\":[\"https:\\\/\\\/www.myvideomedia.com\",\"https:\\\/\\\/www.facebook.com\\\/ursula.streit.520\"],\"url\":\"https:\\\/\\\/blog.myvideomedia.com\\\/de\\\/author\\\/traveladm\\\/\"}]}<\/script>\n<!-- \/ Yoast SEO plugin. -->","yoast_head_json":{"title":"Kunsthaus und Murinsel in Graz - \u00d6sterreich - Reise Video Blog","description":"Das Kunsthaus und Murinsel wurden anl\u00e4sslich des Kulturhaupstadtjahres 2003 in Graz geschaffen. Die Murinsel ist das moderne Wahrzeichen der Stadt.","robots":{"index":"index","follow":"follow","max-snippet":"max-snippet:-1","max-image-preview":"max-image-preview:large","max-video-preview":"max-video-preview:-1"},"canonical":"https:\/\/blog.myvideomedia.com\/de\/kunsthaus-und-murinsel\/","og_locale":"de_DE","og_type":"article","og_title":"Kunsthaus und Murinsel in Graz - \u00d6sterreich - Reise Video Blog","og_description":"Das Kunsthaus und Murinsel wurden anl\u00e4sslich des Kulturhaupstadtjahres 2003 in Graz geschaffen. Die Murinsel ist das moderne Wahrzeichen der Stadt.","og_url":"https:\/\/blog.myvideomedia.com\/de\/kunsthaus-und-murinsel\/","og_site_name":"Reise Video Blog","article_publisher":"https:\/\/www.facebook.com\/ursula.streit.520","article_author":"https:\/\/www.facebook.com\/ursula.streit.520","article_published_time":"2015-02-26T09:25:03+00:00","article_modified_time":"2020-05-07T07:54:46+00:00","og_image":[{"width":1260,"height":840,"url":"https:\/\/blog.myvideomedia.com\/wp-content\/uploads\/2020\/05\/Graz_8353.jpg","type":"image\/jpeg"}],"author":"myVideoMedia","twitter_card":"summary_large_image","twitter_creator":"@myvideomedia","twitter_site":"@myvideomedia","twitter_misc":{"Verfasst von":"myVideoMedia","Gesch\u00e4tzte Lesezeit":"1\u00a0Minute"},"schema":{"@context":"https:\/\/schema.org","@graph":[{"@type":"Article","@id":"https:\/\/blog.myvideomedia.com\/de\/kunsthaus-und-murinsel\/#article","isPartOf":{"@id":"https:\/\/blog.myvideomedia.com\/de\/kunsthaus-und-murinsel\/"},"author":{"name":"myVideoMedia","@id":"https:\/\/blog.myvideomedia.com\/de\/#\/schema\/person\/87be8fbbed69b1562242448c1c3dcbec"},"headline":"Kunsthaus und Murinsel in Graz","datePublished":"2015-02-26T09:25:03+00:00","dateModified":"2020-05-07T07:54:46+00:00","mainEntityOfPage":{"@id":"https:\/\/blog.myvideomedia.com\/de\/kunsthaus-und-murinsel\/"},"wordCount":141,"publisher":{"@id":"https:\/\/blog.myvideomedia.com\/de\/#\/schema\/person\/87be8fbbed69b1562242448c1c3dcbec"},"image":{"@id":"https:\/\/blog.myvideomedia.com\/de\/kunsthaus-und-murinsel\/#primaryimage"},"thumbnailUrl":"https:\/\/blog.myvideomedia.com\/wp-content\/uploads\/2020\/05\/Graz_8353.jpg","keywords":["Architektur","Stadt"],"articleSection":["Europa","Graz","\u00d6sterreich","Steiermark"],"inLanguage":"de"},{"@type":"WebPage","@id":"https:\/\/blog.myvideomedia.com\/de\/kunsthaus-und-murinsel\/","url":"https:\/\/blog.myvideomedia.com\/de\/kunsthaus-und-murinsel\/","name":"Kunsthaus und Murinsel in Graz - \u00d6sterreich - Reise Video Blog","isPartOf":{"@id":"https:\/\/blog.myvideomedia.com\/de\/#website"},"primaryImageOfPage":{"@id":"https:\/\/blog.myvideomedia.com\/de\/kunsthaus-und-murinsel\/#primaryimage"},"image":{"@id":"https:\/\/blog.myvideomedia.com\/de\/kunsthaus-und-murinsel\/#primaryimage"},"thumbnailUrl":"https:\/\/blog.myvideomedia.com\/wp-content\/uploads\/2020\/05\/Graz_8353.jpg","datePublished":"2015-02-26T09:25:03+00:00","dateModified":"2020-05-07T07:54:46+00:00","description":"Das Kunsthaus und Murinsel wurden anl\u00e4sslich des Kulturhaupstadtjahres 2003 in Graz geschaffen. Die Murinsel ist das moderne Wahrzeichen der Stadt.","breadcrumb":{"@id":"https:\/\/blog.myvideomedia.com\/de\/kunsthaus-und-murinsel\/#breadcrumb"},"inLanguage":"de","potentialAction":[{"@type":"ReadAction","target":["https:\/\/blog.myvideomedia.com\/de\/kunsthaus-und-murinsel\/"]}]},{"@type":"ImageObject","inLanguage":"de","@id":"https:\/\/blog.myvideomedia.com\/de\/kunsthaus-und-murinsel\/#primaryimage","url":"https:\/\/blog.myvideomedia.com\/wp-content\/uploads\/2020\/05\/Graz_8353.jpg","contentUrl":"https:\/\/blog.myvideomedia.com\/wp-content\/uploads\/2020\/05\/Graz_8353.jpg","width":1260,"height":840,"caption":"Murinsel Graz"},{"@type":"BreadcrumbList","@id":"https:\/\/blog.myvideomedia.com\/de\/kunsthaus-und-murinsel\/#breadcrumb","itemListElement":[{"@type":"ListItem","position":1,"name":"Home","item":"https:\/\/blog.myvideomedia.com\/de\/"},{"@type":"ListItem","position":2,"name":"Kunsthaus und Murinsel in Graz"}]},{"@type":"WebSite","@id":"https:\/\/blog.myvideomedia.com\/de\/#website","url":"https:\/\/blog.myvideomedia.com\/de\/","name":"Travel Video Blog","description":"myVideoMedia Reisetipps und Reisevideos","publisher":{"@id":"https:\/\/blog.myvideomedia.com\/de\/#\/schema\/person\/87be8fbbed69b1562242448c1c3dcbec"},"potentialAction":[{"@type":"SearchAction","target":{"@type":"EntryPoint","urlTemplate":"https:\/\/blog.myvideomedia.com\/de\/?s={search_term_string}"},"query-input":{"@type":"PropertyValueSpecification","valueRequired":true,"valueName":"search_term_string"}}],"inLanguage":"de"},{"@type":["Person","Organization"],"@id":"https:\/\/blog.myvideomedia.com\/de\/#\/schema\/person\/87be8fbbed69b1562242448c1c3dcbec","name":"myVideoMedia","image":{"@type":"ImageObject","inLanguage":"de","@id":"https:\/\/secure.gravatar.com\/avatar\/460720160715ef8975b781abd1b6985e55ce2f01567bb6757bebd73e7cf74c97?s=96&d=mm&r=g","url":"https:\/\/secure.gravatar.com\/avatar\/460720160715ef8975b781abd1b6985e55ce2f01567bb6757bebd73e7cf74c97?s=96&d=mm&r=g","contentUrl":"https:\/\/secure.gravatar.com\/avatar\/460720160715ef8975b781abd1b6985e55ce2f01567bb6757bebd73e7cf74c97?s=96&d=mm&r=g","caption":"myVideoMedia"},"logo":{"@id":"https:\/\/secure.gravatar.com\/avatar\/460720160715ef8975b781abd1b6985e55ce2f01567bb6757bebd73e7cf74c97?s=96&d=mm&r=g"},"description":"\"The World is a book, and those who do not travel read only a page\" - Aurelius Augustinus (354 - 430 AD) Travel is our passion. With our posts and videos we like to inspire people who are planning or preparing for holidays as well as people who simply want to escape from everyday life and dream of faraway countries.","sameAs":["https:\/\/www.myvideomedia.com","https:\/\/www.facebook.com\/ursula.streit.520"],"url":"https:\/\/blog.myvideomedia.com\/de\/author\/traveladm\/"}]}},"featured_image_src":"https:\/\/blog.myvideomedia.com\/wp-content\/uploads\/2020\/05\/Graz_8353.jpg","featured_image_src_square":"https:\/\/blog.myvideomedia.com\/wp-content\/uploads\/2020\/05\/Graz_8353.jpg","author_info":{"display_name":"myVideoMedia","author_link":"https:\/\/blog.myvideomedia.com\/de\/author\/traveladm\/"},"_links":{"self":[{"href":"https:\/\/blog.myvideomedia.com\/de\/wp-json\/wp\/v2\/posts\/6597","targetHints":{"allow":["GET"]}}],"collection":[{"href":"https:\/\/blog.myvideomedia.com\/de\/wp-json\/wp\/v2\/posts"}],"about":[{"href":"https:\/\/blog.myvideomedia.com\/de\/wp-json\/wp\/v2\/types\/post"}],"author":[{"embeddable":true,"href":"https:\/\/blog.myvideomedia.com\/de\/wp-json\/wp\/v2\/users\/1"}],"replies":[{"embeddable":true,"href":"https:\/\/blog.myvideomedia.com\/de\/wp-json\/wp\/v2\/comments?post=6597"}],"version-history":[{"count":0,"href":"https:\/\/blog.myvideomedia.com\/de\/wp-json\/wp\/v2\/posts\/6597\/revisions"}],"wp:featuredmedia":[{"embeddable":true,"href":"https:\/\/blog.myvideomedia.com\/de\/wp-json\/wp\/v2\/media\/26175"}],"wp:attachment":[{"href":"https:\/\/blog.myvideomedia.com\/de\/wp-json\/wp\/v2\/media?parent=6597"}],"wp:term":[{"taxonomy":"category","embeddable":true,"href":"https:\/\/blog.myvideomedia.com\/de\/wp-json\/wp\/v2\/categories?post=6597"},{"taxonomy":"post_tag","embeddable":true,"href":"https:\/\/blog.myvideomedia.com\/de\/wp-json\/wp\/v2\/tags?post=6597"}],"curies":[{"name":"wp","href":"https:\/\/api.w.org\/{rel}","templated":true}]}}