{"id":6601,"date":"2015-02-26T15:46:48","date_gmt":"2015-02-26T14:46:48","guid":{"rendered":"https:\/\/blog.myvideomedia.com\/?p=6601"},"modified":"2020-04-27T09:28:47","modified_gmt":"2020-04-27T08:28:47","slug":"landhaus-und-landeszeughaus","status":"publish","type":"post","link":"https:\/\/blog.myvideomedia.com\/de\/landhaus-und-landeszeughaus\/","title":{"rendered":"Landhaus und Landeszeughaus"},"content":{"rendered":"\n<p>In der Herrengasse in Graz in der Steiermark in \u00d6sterreich befindet sich das Landhaus, Sitz der steirischen Landesregierung. Es gilt als eines der bedeutendsten Renaissancegeb\u00e4ude Mitteleuropas. Besonders sehenswert ist der Arkadenhof im Inneren.<\/p>\n\n\n\n<div class=\"wp-block-image\"><figure class=\"aligncenter size-large\"><img loading=\"lazy\" decoding=\"async\" width=\"1200\" height=\"802\" src=\"https:\/\/blog.myvideomedia.com\/wp-content\/uploads\/2012\/07\/oes1103-Gra-Landeszeughausz.jpg\" alt=\"Landhaus\" class=\"wp-image-26080\" srcset=\"https:\/\/blog.myvideomedia.com\/wp-content\/uploads\/2012\/07\/oes1103-Gra-Landeszeughausz.jpg 1200w, https:\/\/blog.myvideomedia.com\/wp-content\/uploads\/2012\/07\/oes1103-Gra-Landeszeughausz-600x400.jpg 600w, https:\/\/blog.myvideomedia.com\/wp-content\/uploads\/2012\/07\/oes1103-Gra-Landeszeughausz-768x513.jpg 768w\" sizes=\"auto, (max-width: 1200px) 100vw, 1200px\" \/><\/figure><\/div>\n\n\n\n<p>Im gleichen Geb\u00e4ude ist das Landeszeughaus, zentrales Arsenal zur Zeit der T\u00fcrkenkriege, untergebracht. Heute ist es Bestandteil des Universalmuseums Joanneum, dem zweitgr\u00f6\u00dften Museum \u00d6sterreichs. Die 32.000 Exponate, verteilt auf vier Stockwerke, reichen um 16.000 Mann mit den hier gelagerten Waffen aus dem 16. bis 18. Jahrhundert auszustatten.<\/p>\n\n\n\n<h3 class=\"has-text-align-center wp-block-heading\"><a href=\"https:\/\/youtu.be\/9AepYM508eg\" target=\"_blank\" rel=\"noopener nofollow noreferrer\">Hier sehen Sie Video!!!<\/a><\/h3>\n\n\n\n<figure> <div class=\"brlbs-cmpnt-container brlbs-cmpnt-content-blocker brlbs-cmpnt-with-individual-styles\" data-borlabs-cookie-content-blocker-id=\"youtube-content-blocker\" data-borlabs-cookie-content=\"PGlmcmFtZSBzcmM9Imh0dHBzOi8vd3d3LnlvdXR1YmUtbm9jb29raWUuY29tL2VtYmVkLzlBZXBZTTUwOGVnIiB3aWR0aD0iNjAwIiBoZWlnaHQ9IjM0MCI+PC9pZnJhbWU+\"><div class=\"brlbs-cmpnt-cb-preset-c brlbs-cmpnt-cb-youtube\"> <div class=\"brlbs-cmpnt-cb-thumbnail\" style=\"background-image: url('https:\/\/blog.myvideomedia.com\/wp-content\/uploads\/borlabs-cookie\/1\/yt_9AepYM508eg_hqdefault.jpg')\"><\/div> <div class=\"brlbs-cmpnt-cb-main\"> <div class=\"brlbs-cmpnt-cb-play-button\"><\/div> <div class=\"brlbs-cmpnt-cb-content\"> <p class=\"brlbs-cmpnt-cb-description\">Sie sehen gerade einen Platzhalterinhalt von <strong>YouTube<\/strong>. Um auf den eigentlichen Inhalt zuzugreifen, klicken Sie auf die Schaltfl\u00e4che unten. Bitte beachten Sie, dass dabei Daten an Drittanbieter weitergegeben werden.<\/p> <a class=\"brlbs-cmpnt-cb-provider-toggle\" href=\"#\" data-borlabs-cookie-show-provider-information role=\"button\">Mehr Informationen<\/a> <\/div> <div class=\"brlbs-cmpnt-cb-buttons\"> <a class=\"brlbs-cmpnt-cb-btn\" href=\"#\" data-borlabs-cookie-unblock role=\"button\">Inhalt entsperren<\/a> <a class=\"brlbs-cmpnt-cb-btn\" href=\"#\" data-borlabs-cookie-accept-service role=\"button\" style=\"display: inherit\">Erforderlichen Service akzeptieren und Inhalte entsperren<\/a> <\/div> <\/div> <\/div><\/div><\/figure>\n\n\n\n<p>Am Beginn der T\u00fcrkenkriege war Inner\u00f6sterreich noch selbst f\u00fcr die Sicherung der Grenzen zust\u00e4ndig, f\u00fcr die Bev\u00f6lkerung bedeutete dies gro\u00dfe Opfer und finanzielle Aufwendungen. Daf\u00fcr erlebte die lokale R\u00fcstungsindustrie einen gro\u00dfen Aufschwung.<\/p>\n\n\n\n<p>Sp\u00e4ter \u00fcbernahm der Kaiser die Sicherung und erhielt von den Reichsst\u00e4nden im Rahmen der Reichshilfe die ben\u00f6tigten Mittel. Voraussetzung f\u00fcr diese Hilfe aber war, dass ein wesentlicher Teil der Waffen aus den Reichl\u00e4ndern geliefert wurden. Viele der Waffen wurden in jener Zeit in N\u00fcrnberg, Augsburg und Innsbruck gefertigt.<\/p>\n\n\n\n<div class=\"wp-block-image\"><figure class=\"aligncenter\"><img loading=\"lazy\" decoding=\"async\" width=\"600\" height=\"400\" src=\"https:\/\/blog.myvideomedia.com\/wp-content\/uploads\/2015\/02\/Landeszeughaus_8482-600x400.jpg\" alt=\"Landeszeughaus\" class=\"wp-image-6602\" srcset=\"https:\/\/blog.myvideomedia.com\/wp-content\/uploads\/2015\/02\/Landeszeughaus_8482-600x400.jpg 600w, https:\/\/blog.myvideomedia.com\/wp-content\/uploads\/2015\/02\/Landeszeughaus_8482-1260x840.jpg 1260w, https:\/\/blog.myvideomedia.com\/wp-content\/uploads\/2015\/02\/Landeszeughaus_8482.jpg 1304w\" sizes=\"auto, (max-width: 600px) 100vw, 600px\" \/><\/figure><\/div>\n\n\n\n<p>Sp\u00e4ter wollte Maria Theresia das Zeughaus aufl\u00f6sen, um die Bewaffnung zentral in Wien zu regeln. Nur den intensiven Bitten der Grazer ist es zu verdanken, dass dieses einzigartige Zeugnis mittelalterlicher Kriegsf\u00fchrung erhalten blieb.<\/p>\n\n\n\n<p>Bitte lesen Sie weiter -&gt; <a href=\"https:\/\/blog.myvideomedia.com\/de\/schlossberg-graz\/\">Schlossberg<\/a><\/p>\n\n\n\n\n\n<h3 class=\"wp-block-heading\">Pin it for later<\/h3>\n\n\n\n<figure class=\"wp-block-image size-large\"><img loading=\"lazy\" decoding=\"async\" width=\"600\" height=\"900\" src=\"https:\/\/blog.myvideomedia.com\/wp-content\/uploads\/2020\/04\/Pin-Landeszeughaus-Graz.jpg\" alt=\"\" class=\"wp-image-26078\" srcset=\"https:\/\/blog.myvideomedia.com\/wp-content\/uploads\/2020\/04\/Pin-Landeszeughaus-Graz.jpg 600w, https:\/\/blog.myvideomedia.com\/wp-content\/uploads\/2020\/04\/Pin-Landeszeughaus-Graz-400x600.jpg 400w\" sizes=\"auto, (max-width: 600px) 100vw, 600px\" \/><\/figure>\n\n\n\n<p>Text, Foto und Video: Copyright \u00a9 <a href=\"https:\/\/www.myvideomedia.com\/de\" target=\"_blank\" rel=\"nofollow noopener noreferrer\">myVideoMedia<\/a><\/p>\n","protected":false},"excerpt":{"rendered":"<p>In der Herrengasse in Graz in der Steiermark in \u00d6sterreich befindet sich das Landhaus, Sitz der steirischen Landesregierung. Es gilt als eines der bedeutendsten Renaissancegeb\u00e4ude Mitteleuropas. Besonders sehenswert ist der Arkadenhof im Inneren. Im gleichen Geb\u00e4ude ist das Landeszeughaus, zentrales Arsenal zur Zeit der T\u00fcrkenkriege, untergebracht. Heute ist es Bestandteil des Universalmuseums Joanneum, dem zweitgr\u00f6\u00dften [&hellip;]<\/p>\n","protected":false},"author":1,"featured_media":6602,"comment_status":"open","ping_status":"closed","sticky":false,"template":"","format":"standard","meta":{"_genesis_hide_title":false,"_genesis_hide_breadcrumbs":false,"_genesis_hide_singular_image":false,"_genesis_hide_footer_widgets":false,"_genesis_custom_body_class":"","_genesis_custom_post_class":"","_genesis_layout":"","footnotes":""},"categories":[1550,544,492,495],"tags":[447,1532,467],"class_list":{"0":"post-6601","1":"post","2":"type-post","3":"status-publish","4":"format-standard","5":"has-post-thumbnail","7":"category-europa","8":"category-graz_d","9":"category-oesterreich","10":"category-steiermark","11":"tag-architektur","12":"tag-geschichte-de","13":"tag-museum-de","14":"entry"},"yoast_head":"<!-- This site is optimized with the Yoast SEO plugin v27.4 - https:\/\/yoast.com\/product\/yoast-seo-wordpress\/ -->\n<title>Landhaus und Landeszeughaus - Graz - \u00d6sterreich - Reise Video Blog<\/title>\n<meta name=\"description\" content=\"Im Landhaus, einem der bedeutendsten Renaissancegeb\u00e4ude Mitteleuropas, ist das Landeszeughaus, zentrales Arsenal zur Zeit der T\u00fcrkenkriege, untergebracht.\" \/>\n<meta name=\"robots\" content=\"index, follow, max-snippet:-1, max-image-preview:large, max-video-preview:-1\" \/>\n<link rel=\"canonical\" href=\"https:\/\/blog.myvideomedia.com\/de\/landhaus-und-landeszeughaus\/\" \/>\n<meta property=\"og:locale\" content=\"de_DE\" \/>\n<meta property=\"og:type\" content=\"article\" \/>\n<meta property=\"og:title\" content=\"Landhaus und Landeszeughaus - Graz - \u00d6sterreich - Reise Video Blog\" \/>\n<meta property=\"og:description\" content=\"Im Landhaus, einem der bedeutendsten Renaissancegeb\u00e4ude Mitteleuropas, ist das Landeszeughaus, zentrales Arsenal zur Zeit der T\u00fcrkenkriege, untergebracht.\" \/>\n<meta property=\"og:url\" content=\"https:\/\/blog.myvideomedia.com\/de\/landhaus-und-landeszeughaus\/\" \/>\n<meta property=\"og:site_name\" content=\"Reise Video Blog\" \/>\n<meta property=\"article:publisher\" content=\"https:\/\/www.facebook.com\/ursula.streit.520\" \/>\n<meta property=\"article:author\" content=\"https:\/\/www.facebook.com\/ursula.streit.520\" \/>\n<meta property=\"article:published_time\" content=\"2015-02-26T14:46:48+00:00\" \/>\n<meta property=\"article:modified_time\" content=\"2020-04-27T08:28:47+00:00\" \/>\n<meta property=\"og:image\" content=\"https:\/\/blog.myvideomedia.com\/wp-content\/uploads\/2015\/02\/Landeszeughaus_8482.jpg\" \/>\n\t<meta property=\"og:image:width\" content=\"1304\" \/>\n\t<meta property=\"og:image:height\" content=\"869\" \/>\n\t<meta property=\"og:image:type\" content=\"image\/jpeg\" \/>\n<meta name=\"author\" content=\"myVideoMedia\" \/>\n<meta name=\"twitter:card\" content=\"summary_large_image\" \/>\n<meta name=\"twitter:creator\" content=\"@myvideomedia\" \/>\n<meta name=\"twitter:site\" content=\"@myvideomedia\" \/>\n<meta name=\"twitter:label1\" content=\"Verfasst von\" \/>\n\t<meta name=\"twitter:data1\" content=\"myVideoMedia\" \/>\n\t<meta name=\"twitter:label2\" content=\"Gesch\u00e4tzte Lesezeit\" \/>\n\t<meta name=\"twitter:data2\" content=\"1\u00a0Minute\" \/>\n<script type=\"application\/ld+json\" class=\"yoast-schema-graph\">{\"@context\":\"https:\\\/\\\/schema.org\",\"@graph\":[{\"@type\":\"Article\",\"@id\":\"https:\\\/\\\/blog.myvideomedia.com\\\/de\\\/landhaus-und-landeszeughaus\\\/#article\",\"isPartOf\":{\"@id\":\"https:\\\/\\\/blog.myvideomedia.com\\\/de\\\/landhaus-und-landeszeughaus\\\/\"},\"author\":{\"name\":\"myVideoMedia\",\"@id\":\"https:\\\/\\\/blog.myvideomedia.com\\\/de\\\/#\\\/schema\\\/person\\\/87be8fbbed69b1562242448c1c3dcbec\"},\"headline\":\"Landhaus und Landeszeughaus\",\"datePublished\":\"2015-02-26T14:46:48+00:00\",\"dateModified\":\"2020-04-27T08:28:47+00:00\",\"mainEntityOfPage\":{\"@id\":\"https:\\\/\\\/blog.myvideomedia.com\\\/de\\\/landhaus-und-landeszeughaus\\\/\"},\"wordCount\":236,\"commentCount\":2,\"publisher\":{\"@id\":\"https:\\\/\\\/blog.myvideomedia.com\\\/de\\\/#\\\/schema\\\/person\\\/87be8fbbed69b1562242448c1c3dcbec\"},\"image\":{\"@id\":\"https:\\\/\\\/blog.myvideomedia.com\\\/de\\\/landhaus-und-landeszeughaus\\\/#primaryimage\"},\"thumbnailUrl\":\"https:\\\/\\\/blog.myvideomedia.com\\\/wp-content\\\/uploads\\\/2015\\\/02\\\/Landeszeughaus_8482.jpg\",\"keywords\":[\"Architektur\",\"Geschichte\",\"Museum\"],\"articleSection\":[\"Europa\",\"Graz\",\"\u00d6sterreich\",\"Steiermark\"],\"inLanguage\":\"de\",\"potentialAction\":[{\"@type\":\"CommentAction\",\"name\":\"Comment\",\"target\":[\"https:\\\/\\\/blog.myvideomedia.com\\\/de\\\/landhaus-und-landeszeughaus\\\/#respond\"]}]},{\"@type\":\"WebPage\",\"@id\":\"https:\\\/\\\/blog.myvideomedia.com\\\/de\\\/landhaus-und-landeszeughaus\\\/\",\"url\":\"https:\\\/\\\/blog.myvideomedia.com\\\/de\\\/landhaus-und-landeszeughaus\\\/\",\"name\":\"Landhaus und Landeszeughaus - Graz - \u00d6sterreich - Reise Video Blog\",\"isPartOf\":{\"@id\":\"https:\\\/\\\/blog.myvideomedia.com\\\/de\\\/#website\"},\"primaryImageOfPage\":{\"@id\":\"https:\\\/\\\/blog.myvideomedia.com\\\/de\\\/landhaus-und-landeszeughaus\\\/#primaryimage\"},\"image\":{\"@id\":\"https:\\\/\\\/blog.myvideomedia.com\\\/de\\\/landhaus-und-landeszeughaus\\\/#primaryimage\"},\"thumbnailUrl\":\"https:\\\/\\\/blog.myvideomedia.com\\\/wp-content\\\/uploads\\\/2015\\\/02\\\/Landeszeughaus_8482.jpg\",\"datePublished\":\"2015-02-26T14:46:48+00:00\",\"dateModified\":\"2020-04-27T08:28:47+00:00\",\"description\":\"Im Landhaus, einem der bedeutendsten Renaissancegeb\u00e4ude Mitteleuropas, ist das Landeszeughaus, zentrales Arsenal zur Zeit der T\u00fcrkenkriege, untergebracht.\",\"breadcrumb\":{\"@id\":\"https:\\\/\\\/blog.myvideomedia.com\\\/de\\\/landhaus-und-landeszeughaus\\\/#breadcrumb\"},\"inLanguage\":\"de\",\"potentialAction\":[{\"@type\":\"ReadAction\",\"target\":[\"https:\\\/\\\/blog.myvideomedia.com\\\/de\\\/landhaus-und-landeszeughaus\\\/\"]}]},{\"@type\":\"ImageObject\",\"inLanguage\":\"de\",\"@id\":\"https:\\\/\\\/blog.myvideomedia.com\\\/de\\\/landhaus-und-landeszeughaus\\\/#primaryimage\",\"url\":\"https:\\\/\\\/blog.myvideomedia.com\\\/wp-content\\\/uploads\\\/2015\\\/02\\\/Landeszeughaus_8482.jpg\",\"contentUrl\":\"https:\\\/\\\/blog.myvideomedia.com\\\/wp-content\\\/uploads\\\/2015\\\/02\\\/Landeszeughaus_8482.jpg\",\"width\":1304,\"height\":869,\"caption\":\"Landhaus und Landeszeughaus\"},{\"@type\":\"BreadcrumbList\",\"@id\":\"https:\\\/\\\/blog.myvideomedia.com\\\/de\\\/landhaus-und-landeszeughaus\\\/#breadcrumb\",\"itemListElement\":[{\"@type\":\"ListItem\",\"position\":1,\"name\":\"Home\",\"item\":\"https:\\\/\\\/blog.myvideomedia.com\\\/de\\\/\"},{\"@type\":\"ListItem\",\"position\":2,\"name\":\"Landhaus und Landeszeughaus\"}]},{\"@type\":\"WebSite\",\"@id\":\"https:\\\/\\\/blog.myvideomedia.com\\\/de\\\/#website\",\"url\":\"https:\\\/\\\/blog.myvideomedia.com\\\/de\\\/\",\"name\":\"Travel Video Blog\",\"description\":\"myVideoMedia Reisetipps und Reisevideos\",\"publisher\":{\"@id\":\"https:\\\/\\\/blog.myvideomedia.com\\\/de\\\/#\\\/schema\\\/person\\\/87be8fbbed69b1562242448c1c3dcbec\"},\"potentialAction\":[{\"@type\":\"SearchAction\",\"target\":{\"@type\":\"EntryPoint\",\"urlTemplate\":\"https:\\\/\\\/blog.myvideomedia.com\\\/de\\\/?s={search_term_string}\"},\"query-input\":{\"@type\":\"PropertyValueSpecification\",\"valueRequired\":true,\"valueName\":\"search_term_string\"}}],\"inLanguage\":\"de\"},{\"@type\":[\"Person\",\"Organization\"],\"@id\":\"https:\\\/\\\/blog.myvideomedia.com\\\/de\\\/#\\\/schema\\\/person\\\/87be8fbbed69b1562242448c1c3dcbec\",\"name\":\"myVideoMedia\",\"image\":{\"@type\":\"ImageObject\",\"inLanguage\":\"de\",\"@id\":\"https:\\\/\\\/secure.gravatar.com\\\/avatar\\\/460720160715ef8975b781abd1b6985e55ce2f01567bb6757bebd73e7cf74c97?s=96&d=mm&r=g\",\"url\":\"https:\\\/\\\/secure.gravatar.com\\\/avatar\\\/460720160715ef8975b781abd1b6985e55ce2f01567bb6757bebd73e7cf74c97?s=96&d=mm&r=g\",\"contentUrl\":\"https:\\\/\\\/secure.gravatar.com\\\/avatar\\\/460720160715ef8975b781abd1b6985e55ce2f01567bb6757bebd73e7cf74c97?s=96&d=mm&r=g\",\"caption\":\"myVideoMedia\"},\"logo\":{\"@id\":\"https:\\\/\\\/secure.gravatar.com\\\/avatar\\\/460720160715ef8975b781abd1b6985e55ce2f01567bb6757bebd73e7cf74c97?s=96&d=mm&r=g\"},\"description\":\"\\\"The World is a book, and those who do not travel read only a page\\\" - Aurelius Augustinus (354 - 430 AD) Travel is our passion. With our posts and videos we like to inspire people who are planning or preparing for holidays as well as people who simply want to escape from everyday life and dream of faraway countries.\",\"sameAs\":[\"https:\\\/\\\/www.myvideomedia.com\",\"https:\\\/\\\/www.facebook.com\\\/ursula.streit.520\"],\"url\":\"https:\\\/\\\/blog.myvideomedia.com\\\/de\\\/author\\\/traveladm\\\/\"}]}<\/script>\n<!-- \/ Yoast SEO plugin. -->","yoast_head_json":{"title":"Landhaus und Landeszeughaus - Graz - \u00d6sterreich - Reise Video Blog","description":"Im Landhaus, einem der bedeutendsten Renaissancegeb\u00e4ude Mitteleuropas, ist das Landeszeughaus, zentrales Arsenal zur Zeit der T\u00fcrkenkriege, untergebracht.","robots":{"index":"index","follow":"follow","max-snippet":"max-snippet:-1","max-image-preview":"max-image-preview:large","max-video-preview":"max-video-preview:-1"},"canonical":"https:\/\/blog.myvideomedia.com\/de\/landhaus-und-landeszeughaus\/","og_locale":"de_DE","og_type":"article","og_title":"Landhaus und Landeszeughaus - Graz - \u00d6sterreich - Reise Video Blog","og_description":"Im Landhaus, einem der bedeutendsten Renaissancegeb\u00e4ude Mitteleuropas, ist das Landeszeughaus, zentrales Arsenal zur Zeit der T\u00fcrkenkriege, untergebracht.","og_url":"https:\/\/blog.myvideomedia.com\/de\/landhaus-und-landeszeughaus\/","og_site_name":"Reise Video Blog","article_publisher":"https:\/\/www.facebook.com\/ursula.streit.520","article_author":"https:\/\/www.facebook.com\/ursula.streit.520","article_published_time":"2015-02-26T14:46:48+00:00","article_modified_time":"2020-04-27T08:28:47+00:00","og_image":[{"width":1304,"height":869,"url":"https:\/\/blog.myvideomedia.com\/wp-content\/uploads\/2015\/02\/Landeszeughaus_8482.jpg","type":"image\/jpeg"}],"author":"myVideoMedia","twitter_card":"summary_large_image","twitter_creator":"@myvideomedia","twitter_site":"@myvideomedia","twitter_misc":{"Verfasst von":"myVideoMedia","Gesch\u00e4tzte Lesezeit":"1\u00a0Minute"},"schema":{"@context":"https:\/\/schema.org","@graph":[{"@type":"Article","@id":"https:\/\/blog.myvideomedia.com\/de\/landhaus-und-landeszeughaus\/#article","isPartOf":{"@id":"https:\/\/blog.myvideomedia.com\/de\/landhaus-und-landeszeughaus\/"},"author":{"name":"myVideoMedia","@id":"https:\/\/blog.myvideomedia.com\/de\/#\/schema\/person\/87be8fbbed69b1562242448c1c3dcbec"},"headline":"Landhaus und Landeszeughaus","datePublished":"2015-02-26T14:46:48+00:00","dateModified":"2020-04-27T08:28:47+00:00","mainEntityOfPage":{"@id":"https:\/\/blog.myvideomedia.com\/de\/landhaus-und-landeszeughaus\/"},"wordCount":236,"commentCount":2,"publisher":{"@id":"https:\/\/blog.myvideomedia.com\/de\/#\/schema\/person\/87be8fbbed69b1562242448c1c3dcbec"},"image":{"@id":"https:\/\/blog.myvideomedia.com\/de\/landhaus-und-landeszeughaus\/#primaryimage"},"thumbnailUrl":"https:\/\/blog.myvideomedia.com\/wp-content\/uploads\/2015\/02\/Landeszeughaus_8482.jpg","keywords":["Architektur","Geschichte","Museum"],"articleSection":["Europa","Graz","\u00d6sterreich","Steiermark"],"inLanguage":"de","potentialAction":[{"@type":"CommentAction","name":"Comment","target":["https:\/\/blog.myvideomedia.com\/de\/landhaus-und-landeszeughaus\/#respond"]}]},{"@type":"WebPage","@id":"https:\/\/blog.myvideomedia.com\/de\/landhaus-und-landeszeughaus\/","url":"https:\/\/blog.myvideomedia.com\/de\/landhaus-und-landeszeughaus\/","name":"Landhaus und Landeszeughaus - Graz - \u00d6sterreich - Reise Video Blog","isPartOf":{"@id":"https:\/\/blog.myvideomedia.com\/de\/#website"},"primaryImageOfPage":{"@id":"https:\/\/blog.myvideomedia.com\/de\/landhaus-und-landeszeughaus\/#primaryimage"},"image":{"@id":"https:\/\/blog.myvideomedia.com\/de\/landhaus-und-landeszeughaus\/#primaryimage"},"thumbnailUrl":"https:\/\/blog.myvideomedia.com\/wp-content\/uploads\/2015\/02\/Landeszeughaus_8482.jpg","datePublished":"2015-02-26T14:46:48+00:00","dateModified":"2020-04-27T08:28:47+00:00","description":"Im Landhaus, einem der bedeutendsten Renaissancegeb\u00e4ude Mitteleuropas, ist das Landeszeughaus, zentrales Arsenal zur Zeit der T\u00fcrkenkriege, untergebracht.","breadcrumb":{"@id":"https:\/\/blog.myvideomedia.com\/de\/landhaus-und-landeszeughaus\/#breadcrumb"},"inLanguage":"de","potentialAction":[{"@type":"ReadAction","target":["https:\/\/blog.myvideomedia.com\/de\/landhaus-und-landeszeughaus\/"]}]},{"@type":"ImageObject","inLanguage":"de","@id":"https:\/\/blog.myvideomedia.com\/de\/landhaus-und-landeszeughaus\/#primaryimage","url":"https:\/\/blog.myvideomedia.com\/wp-content\/uploads\/2015\/02\/Landeszeughaus_8482.jpg","contentUrl":"https:\/\/blog.myvideomedia.com\/wp-content\/uploads\/2015\/02\/Landeszeughaus_8482.jpg","width":1304,"height":869,"caption":"Landhaus und Landeszeughaus"},{"@type":"BreadcrumbList","@id":"https:\/\/blog.myvideomedia.com\/de\/landhaus-und-landeszeughaus\/#breadcrumb","itemListElement":[{"@type":"ListItem","position":1,"name":"Home","item":"https:\/\/blog.myvideomedia.com\/de\/"},{"@type":"ListItem","position":2,"name":"Landhaus und Landeszeughaus"}]},{"@type":"WebSite","@id":"https:\/\/blog.myvideomedia.com\/de\/#website","url":"https:\/\/blog.myvideomedia.com\/de\/","name":"Travel Video Blog","description":"myVideoMedia Reisetipps und Reisevideos","publisher":{"@id":"https:\/\/blog.myvideomedia.com\/de\/#\/schema\/person\/87be8fbbed69b1562242448c1c3dcbec"},"potentialAction":[{"@type":"SearchAction","target":{"@type":"EntryPoint","urlTemplate":"https:\/\/blog.myvideomedia.com\/de\/?s={search_term_string}"},"query-input":{"@type":"PropertyValueSpecification","valueRequired":true,"valueName":"search_term_string"}}],"inLanguage":"de"},{"@type":["Person","Organization"],"@id":"https:\/\/blog.myvideomedia.com\/de\/#\/schema\/person\/87be8fbbed69b1562242448c1c3dcbec","name":"myVideoMedia","image":{"@type":"ImageObject","inLanguage":"de","@id":"https:\/\/secure.gravatar.com\/avatar\/460720160715ef8975b781abd1b6985e55ce2f01567bb6757bebd73e7cf74c97?s=96&d=mm&r=g","url":"https:\/\/secure.gravatar.com\/avatar\/460720160715ef8975b781abd1b6985e55ce2f01567bb6757bebd73e7cf74c97?s=96&d=mm&r=g","contentUrl":"https:\/\/secure.gravatar.com\/avatar\/460720160715ef8975b781abd1b6985e55ce2f01567bb6757bebd73e7cf74c97?s=96&d=mm&r=g","caption":"myVideoMedia"},"logo":{"@id":"https:\/\/secure.gravatar.com\/avatar\/460720160715ef8975b781abd1b6985e55ce2f01567bb6757bebd73e7cf74c97?s=96&d=mm&r=g"},"description":"\"The World is a book, and those who do not travel read only a page\" - Aurelius Augustinus (354 - 430 AD) Travel is our passion. With our posts and videos we like to inspire people who are planning or preparing for holidays as well as people who simply want to escape from everyday life and dream of faraway countries.","sameAs":["https:\/\/www.myvideomedia.com","https:\/\/www.facebook.com\/ursula.streit.520"],"url":"https:\/\/blog.myvideomedia.com\/de\/author\/traveladm\/"}]}},"featured_image_src":"https:\/\/blog.myvideomedia.com\/wp-content\/uploads\/2015\/02\/Landeszeughaus_8482.jpg","featured_image_src_square":"https:\/\/blog.myvideomedia.com\/wp-content\/uploads\/2015\/02\/Landeszeughaus_8482.jpg","author_info":{"display_name":"myVideoMedia","author_link":"https:\/\/blog.myvideomedia.com\/de\/author\/traveladm\/"},"_links":{"self":[{"href":"https:\/\/blog.myvideomedia.com\/de\/wp-json\/wp\/v2\/posts\/6601","targetHints":{"allow":["GET"]}}],"collection":[{"href":"https:\/\/blog.myvideomedia.com\/de\/wp-json\/wp\/v2\/posts"}],"about":[{"href":"https:\/\/blog.myvideomedia.com\/de\/wp-json\/wp\/v2\/types\/post"}],"author":[{"embeddable":true,"href":"https:\/\/blog.myvideomedia.com\/de\/wp-json\/wp\/v2\/users\/1"}],"replies":[{"embeddable":true,"href":"https:\/\/blog.myvideomedia.com\/de\/wp-json\/wp\/v2\/comments?post=6601"}],"version-history":[{"count":0,"href":"https:\/\/blog.myvideomedia.com\/de\/wp-json\/wp\/v2\/posts\/6601\/revisions"}],"wp:featuredmedia":[{"embeddable":true,"href":"https:\/\/blog.myvideomedia.com\/de\/wp-json\/wp\/v2\/media\/6602"}],"wp:attachment":[{"href":"https:\/\/blog.myvideomedia.com\/de\/wp-json\/wp\/v2\/media?parent=6601"}],"wp:term":[{"taxonomy":"category","embeddable":true,"href":"https:\/\/blog.myvideomedia.com\/de\/wp-json\/wp\/v2\/categories?post=6601"},{"taxonomy":"post_tag","embeddable":true,"href":"https:\/\/blog.myvideomedia.com\/de\/wp-json\/wp\/v2\/tags?post=6601"}],"curies":[{"name":"wp","href":"https:\/\/api.w.org\/{rel}","templated":true}]}}