{"id":6878,"date":"2015-04-08T13:56:32","date_gmt":"2015-04-08T12:56:32","guid":{"rendered":"https:\/\/blog.myvideomedia.com\/?p=6878"},"modified":"2020-04-19T09:56:16","modified_gmt":"2020-04-19T08:56:16","slug":"sintra-portugal","status":"publish","type":"post","link":"https:\/\/blog.myvideomedia.com\/de\/sintra-portugal\/","title":{"rendered":"Sintra &#8211; eine Stadt mit jahrhundertealten Pal\u00e4sten"},"content":{"rendered":"\n<p>Sintra liegt ca. 25 km nordwestlich von Lissabon und ist Teil der Kulturlandschaft Sintra, die seit 1995 Weltkulturerbe der UNESCO ist.<\/p>\n\n\n\n<p>In der Gemeinde S\u00e3o Martinho befindet sich der, im wesentlichen von K\u00f6nig Manuel I. erbaute K\u00f6nigspalast, der Pal\u00e1cio Nacional de Sintra. Bekannt ist er durch die markante Form seiner beiden Kamine.<\/p>\n\n\n\n<div class=\"wp-block-image\"><figure class=\"aligncenter\"><img loading=\"lazy\" decoding=\"async\" width=\"738\" height=\"555\" src=\"https:\/\/blog.myvideomedia.com\/wp-content\/uploads\/2014\/06\/sintra-1.jpg\" alt=\"Pal\u00e1cio Nacional de Sintra\" class=\"wp-image-480\" srcset=\"https:\/\/blog.myvideomedia.com\/wp-content\/uploads\/2014\/06\/sintra-1.jpg 738w, https:\/\/blog.myvideomedia.com\/wp-content\/uploads\/2014\/06\/sintra-1-300x225.jpg 300w\" sizes=\"auto, (max-width: 738px) 100vw, 738px\" \/><\/figure><\/div>\n\n\n\n<p>Unter Manuel I entwickelte sich Portugal zur Weltmacht. Der Seeweg nach Indien wurde entdeckt und die Niederlassungen \u00fcber Malakka bis nach Osttimor und Macau ausgedehnt.<\/p>\n\n\n\n<h3 class=\"wp-block-heading\"><a href=\"https:\/\/youtu.be\/pdwVnaAeyxI\" target=\"_blank\" rel=\"noopener nofollow noreferrer\">Hier sehen Sie das Video<\/a><\/h3>\n\n\n\n<figure> <div class=\"brlbs-cmpnt-container brlbs-cmpnt-content-blocker brlbs-cmpnt-with-individual-styles\" data-borlabs-cookie-content-blocker-id=\"youtube-content-blocker\" data-borlabs-cookie-content=\"PGlmcmFtZSBzcmM9Imh0dHBzOi8vd3d3LnlvdXR1YmUtbm9jb29raWUuY29tL2VtYmVkL3Bkd1ZuYUFleXhJIiB3aWR0aD0iNTYwIiBoZWlnaHQ9IjMxNSI+PC9pZnJhbWU+\"><div class=\"brlbs-cmpnt-cb-preset-c brlbs-cmpnt-cb-youtube\"> <div class=\"brlbs-cmpnt-cb-thumbnail\" style=\"background-image: url('https:\/\/blog.myvideomedia.com\/wp-content\/uploads\/borlabs-cookie\/1\/yt_pdwVnaAeyxI_hqdefault.jpg')\"><\/div> <div class=\"brlbs-cmpnt-cb-main\"> <div class=\"brlbs-cmpnt-cb-play-button\"><\/div> <div class=\"brlbs-cmpnt-cb-content\"> <p class=\"brlbs-cmpnt-cb-description\">Sie sehen gerade einen Platzhalterinhalt von <strong>YouTube<\/strong>. Um auf den eigentlichen Inhalt zuzugreifen, klicken Sie auf die Schaltfl\u00e4che unten. Bitte beachten Sie, dass dabei Daten an Drittanbieter weitergegeben werden.<\/p> <a class=\"brlbs-cmpnt-cb-provider-toggle\" href=\"#\" data-borlabs-cookie-show-provider-information role=\"button\">Mehr Informationen<\/a> <\/div> <div class=\"brlbs-cmpnt-cb-buttons\"> <a class=\"brlbs-cmpnt-cb-btn\" href=\"#\" data-borlabs-cookie-unblock role=\"button\">Inhalt entsperren<\/a> <a class=\"brlbs-cmpnt-cb-btn\" href=\"#\" data-borlabs-cookie-accept-service role=\"button\" style=\"display: inherit\">Erforderlichen Service akzeptieren und Inhalte entsperren<\/a> <\/div> <\/div> <\/div><\/div><\/figure>\n\n\n\n<p>Dadurch wurde das Handelsmonopol der Araber f\u00fcr Gew\u00fcrze gebrochen. Au\u00dferdem wurde Brasilien entdeckt und als Kolonie einverleibt. Dadurch kamen erhebliche Mengen an Gold und Silber nach Portugal.<\/p>\n\n\n\n<div class=\"wp-block-image\"><figure class=\"aligncenter\"><img loading=\"lazy\" decoding=\"async\" width=\"744\" height=\"553\" src=\"https:\/\/blog.myvideomedia.com\/wp-content\/uploads\/2014\/06\/sintra-7.jpg\" alt=\"Pal\u00e1cio de Seteais\" class=\"wp-image-481\" srcset=\"https:\/\/blog.myvideomedia.com\/wp-content\/uploads\/2014\/06\/sintra-7.jpg 744w, https:\/\/blog.myvideomedia.com\/wp-content\/uploads\/2014\/06\/sintra-7-300x222.jpg 300w\" sizes=\"auto, (max-width: 744px) 100vw, 744px\" \/><\/figure><\/div>\n\n\n\n<p>Der Pal\u00e1cio de Setais wurde 1787 vom holl\u00e4ndischen Konsul Daniel Gildemeester errichtet und 1802 zu Ehren von Prinzregenten John VI und Prinzessin Carlota Joaquina in seine heutige Form umgebaut. Zur Zeit dient es als Tivoli Hotel.<\/p>\n\n\n\n<div class=\"wp-block-image\"><figure class=\"aligncenter\"><img loading=\"lazy\" decoding=\"async\" width=\"738\" height=\"555\" src=\"https:\/\/blog.myvideomedia.com\/wp-content\/uploads\/2014\/06\/sintra-3.jpg\" alt=\"Palacio de Monserrate Sintra\" class=\"wp-image-482\" srcset=\"https:\/\/blog.myvideomedia.com\/wp-content\/uploads\/2014\/06\/sintra-3.jpg 738w, https:\/\/blog.myvideomedia.com\/wp-content\/uploads\/2014\/06\/sintra-3-300x225.jpg 300w\" sizes=\"auto, (max-width: 738px) 100vw, 738px\" \/><\/figure><\/div>\n\n\n\n<p>Der Pal\u00e1cio de Monserrate war der traditionelle Sommeraufenthaltsort des portugiesischen Hofes. Seine Architektur wurde vom indischen Mogulreich inspiriert und ist in Portugal einmalig.<\/p>\n\n\n\n<div class=\"wp-block-image\"><figure class=\"aligncenter\"><img loading=\"lazy\" decoding=\"async\" width=\"738\" height=\"555\" src=\"https:\/\/blog.myvideomedia.com\/wp-content\/uploads\/2014\/06\/sintra-5.jpg\" alt=\"Palacio Nacional da Pena\" class=\"wp-image-483\" srcset=\"https:\/\/blog.myvideomedia.com\/wp-content\/uploads\/2014\/06\/sintra-5.jpg 738w, https:\/\/blog.myvideomedia.com\/wp-content\/uploads\/2014\/06\/sintra-5-300x225.jpg 300w\" sizes=\"auto, (max-width: 738px) 100vw, 738px\" \/><\/figure><\/div>\n\n\n\n<p>\u00dcber der gesamten Landschaft schwebt der <a href=\"https:\/\/blog.myvideomedia.com\/de\/palacio-nacional-da-pena\/\">Pal\u00e1cio Nacional de Pena<\/a>.<\/p>\n\n\n\n<p>Text, Fotos und Video: Copyright \u00a9 <a href=\"https:\/\/www.myvideomedia.de\/\" target=\"_blank\" rel=\"noopener noreferrer\">myVideoMedia <\/a><\/p>\n","protected":false},"excerpt":{"rendered":"<p>Sintra liegt ca. 25 km nordwestlich von Lissabon und ist Teil der Kulturlandschaft Sintra, die seit 1995 Weltkulturerbe der UNESCO ist. In der Gemeinde S\u00e3o Martinho befindet sich der, im wesentlichen von K\u00f6nig Manuel I. erbaute K\u00f6nigspalast, der Pal\u00e1cio Nacional de Sintra. Bekannt ist er durch die markante Form seiner beiden Kamine. Unter Manuel I [&hellip;]<\/p>\n","protected":false},"author":1,"featured_media":3628,"comment_status":"open","ping_status":"closed","sticky":false,"template":"","format":"standard","meta":{"_genesis_hide_title":false,"_genesis_hide_breadcrumbs":false,"_genesis_hide_singular_image":false,"_genesis_hide_footer_widgets":false,"_genesis_custom_body_class":"","_genesis_custom_post_class":"","_genesis_layout":"","footnotes":""},"categories":[1550,525],"tags":[455,476],"class_list":{"0":"post-6878","1":"post","2":"type-post","3":"status-publish","4":"format-standard","5":"has-post-thumbnail","7":"category-europa","8":"category-portugal_d","9":"tag-kultur","10":"tag-unesco-weltkulturerbe","11":"entry"},"yoast_head":"<!-- This site is optimized with the Yoast SEO plugin v27.4 - https:\/\/yoast.com\/product\/yoast-seo-wordpress\/ -->\n<title>Sintra - eine Stadt mit jahrhundertealten Pal\u00e4sten - Portugal<\/title>\n<meta name=\"description\" content=\"Sintra liegt ca. 25 km nordwestlich von Lissabon und ist Teil der Kulturlandschaft Sintra, die seit 1995 Weltkulturerbe der UNESCO ist.\" \/>\n<meta name=\"robots\" content=\"index, follow, max-snippet:-1, max-image-preview:large, max-video-preview:-1\" \/>\n<link rel=\"canonical\" href=\"https:\/\/blog.myvideomedia.com\/de\/sintra-portugal\/\" \/>\n<meta property=\"og:locale\" content=\"de_DE\" \/>\n<meta property=\"og:type\" content=\"article\" \/>\n<meta property=\"og:title\" content=\"Sintra - eine Stadt mit jahrhundertealten Pal\u00e4sten - Portugal\" \/>\n<meta property=\"og:description\" content=\"Sintra liegt ca. 25 km nordwestlich von Lissabon und ist Teil der Kulturlandschaft Sintra, die seit 1995 Weltkulturerbe der UNESCO ist.\" \/>\n<meta property=\"og:url\" content=\"https:\/\/blog.myvideomedia.com\/de\/sintra-portugal\/\" \/>\n<meta property=\"og:site_name\" content=\"Reise Video Blog\" \/>\n<meta property=\"article:publisher\" content=\"https:\/\/www.facebook.com\/ursula.streit.520\" \/>\n<meta property=\"article:author\" content=\"https:\/\/www.facebook.com\/ursula.streit.520\" \/>\n<meta property=\"article:published_time\" content=\"2015-04-08T12:56:32+00:00\" \/>\n<meta property=\"article:modified_time\" content=\"2020-04-19T08:56:16+00:00\" \/>\n<meta property=\"og:image\" content=\"https:\/\/blog.myvideomedia.com\/wp-content\/uploads\/2014\/06\/sintra-1.jpg\" \/>\n\t<meta property=\"og:image:width\" content=\"738\" \/>\n\t<meta property=\"og:image:height\" content=\"555\" \/>\n\t<meta property=\"og:image:type\" content=\"image\/jpeg\" \/>\n<meta name=\"author\" content=\"myVideoMedia\" \/>\n<meta name=\"twitter:card\" content=\"summary_large_image\" \/>\n<meta name=\"twitter:creator\" content=\"@myvideomedia\" \/>\n<meta name=\"twitter:site\" content=\"@myvideomedia\" \/>\n<meta name=\"twitter:label1\" content=\"Verfasst von\" \/>\n\t<meta name=\"twitter:data1\" content=\"myVideoMedia\" \/>\n\t<meta name=\"twitter:label2\" content=\"Gesch\u00e4tzte Lesezeit\" \/>\n\t<meta name=\"twitter:data2\" content=\"1\u00a0Minute\" \/>\n<script type=\"application\/ld+json\" class=\"yoast-schema-graph\">{\"@context\":\"https:\\\/\\\/schema.org\",\"@graph\":[{\"@type\":\"Article\",\"@id\":\"https:\\\/\\\/blog.myvideomedia.com\\\/de\\\/sintra-portugal\\\/#article\",\"isPartOf\":{\"@id\":\"https:\\\/\\\/blog.myvideomedia.com\\\/de\\\/sintra-portugal\\\/\"},\"author\":{\"name\":\"myVideoMedia\",\"@id\":\"https:\\\/\\\/blog.myvideomedia.com\\\/de\\\/#\\\/schema\\\/person\\\/87be8fbbed69b1562242448c1c3dcbec\"},\"headline\":\"Sintra &#8211; eine Stadt mit jahrhundertealten Pal\u00e4sten\",\"datePublished\":\"2015-04-08T12:56:32+00:00\",\"dateModified\":\"2020-04-19T08:56:16+00:00\",\"mainEntityOfPage\":{\"@id\":\"https:\\\/\\\/blog.myvideomedia.com\\\/de\\\/sintra-portugal\\\/\"},\"wordCount\":199,\"commentCount\":0,\"publisher\":{\"@id\":\"https:\\\/\\\/blog.myvideomedia.com\\\/de\\\/#\\\/schema\\\/person\\\/87be8fbbed69b1562242448c1c3dcbec\"},\"image\":{\"@id\":\"https:\\\/\\\/blog.myvideomedia.com\\\/de\\\/sintra-portugal\\\/#primaryimage\"},\"thumbnailUrl\":\"https:\\\/\\\/blog.myvideomedia.com\\\/wp-content\\\/uploads\\\/2014\\\/06\\\/sintra-1.jpg\",\"keywords\":[\"Kultur\",\"UNESCO Weltkulturerbe\"],\"articleSection\":[\"Europa\",\"Portugal\"],\"inLanguage\":\"de\",\"potentialAction\":[{\"@type\":\"CommentAction\",\"name\":\"Comment\",\"target\":[\"https:\\\/\\\/blog.myvideomedia.com\\\/de\\\/sintra-portugal\\\/#respond\"]}]},{\"@type\":\"WebPage\",\"@id\":\"https:\\\/\\\/blog.myvideomedia.com\\\/de\\\/sintra-portugal\\\/\",\"url\":\"https:\\\/\\\/blog.myvideomedia.com\\\/de\\\/sintra-portugal\\\/\",\"name\":\"Sintra - eine Stadt mit jahrhundertealten Pal\u00e4sten - Portugal\",\"isPartOf\":{\"@id\":\"https:\\\/\\\/blog.myvideomedia.com\\\/de\\\/#website\"},\"primaryImageOfPage\":{\"@id\":\"https:\\\/\\\/blog.myvideomedia.com\\\/de\\\/sintra-portugal\\\/#primaryimage\"},\"image\":{\"@id\":\"https:\\\/\\\/blog.myvideomedia.com\\\/de\\\/sintra-portugal\\\/#primaryimage\"},\"thumbnailUrl\":\"https:\\\/\\\/blog.myvideomedia.com\\\/wp-content\\\/uploads\\\/2014\\\/06\\\/sintra-1.jpg\",\"datePublished\":\"2015-04-08T12:56:32+00:00\",\"dateModified\":\"2020-04-19T08:56:16+00:00\",\"description\":\"Sintra liegt ca. 25 km nordwestlich von Lissabon und ist Teil der Kulturlandschaft Sintra, die seit 1995 Weltkulturerbe der UNESCO ist.\",\"breadcrumb\":{\"@id\":\"https:\\\/\\\/blog.myvideomedia.com\\\/de\\\/sintra-portugal\\\/#breadcrumb\"},\"inLanguage\":\"de\",\"potentialAction\":[{\"@type\":\"ReadAction\",\"target\":[\"https:\\\/\\\/blog.myvideomedia.com\\\/de\\\/sintra-portugal\\\/\"]}]},{\"@type\":\"ImageObject\",\"inLanguage\":\"de\",\"@id\":\"https:\\\/\\\/blog.myvideomedia.com\\\/de\\\/sintra-portugal\\\/#primaryimage\",\"url\":\"https:\\\/\\\/blog.myvideomedia.com\\\/wp-content\\\/uploads\\\/2014\\\/06\\\/sintra-1.jpg\",\"contentUrl\":\"https:\\\/\\\/blog.myvideomedia.com\\\/wp-content\\\/uploads\\\/2014\\\/06\\\/sintra-1.jpg\",\"width\":738,\"height\":555,\"caption\":\"Pal\u00e1cio Nacional de Sintra\"},{\"@type\":\"BreadcrumbList\",\"@id\":\"https:\\\/\\\/blog.myvideomedia.com\\\/de\\\/sintra-portugal\\\/#breadcrumb\",\"itemListElement\":[{\"@type\":\"ListItem\",\"position\":1,\"name\":\"Home\",\"item\":\"https:\\\/\\\/blog.myvideomedia.com\\\/de\\\/\"},{\"@type\":\"ListItem\",\"position\":2,\"name\":\"Sintra &#8211; eine Stadt mit jahrhundertealten Pal\u00e4sten\"}]},{\"@type\":\"WebSite\",\"@id\":\"https:\\\/\\\/blog.myvideomedia.com\\\/de\\\/#website\",\"url\":\"https:\\\/\\\/blog.myvideomedia.com\\\/de\\\/\",\"name\":\"Travel Video Blog\",\"description\":\"myVideoMedia Reisetipps und Reisevideos\",\"publisher\":{\"@id\":\"https:\\\/\\\/blog.myvideomedia.com\\\/de\\\/#\\\/schema\\\/person\\\/87be8fbbed69b1562242448c1c3dcbec\"},\"potentialAction\":[{\"@type\":\"SearchAction\",\"target\":{\"@type\":\"EntryPoint\",\"urlTemplate\":\"https:\\\/\\\/blog.myvideomedia.com\\\/de\\\/?s={search_term_string}\"},\"query-input\":{\"@type\":\"PropertyValueSpecification\",\"valueRequired\":true,\"valueName\":\"search_term_string\"}}],\"inLanguage\":\"de\"},{\"@type\":[\"Person\",\"Organization\"],\"@id\":\"https:\\\/\\\/blog.myvideomedia.com\\\/de\\\/#\\\/schema\\\/person\\\/87be8fbbed69b1562242448c1c3dcbec\",\"name\":\"myVideoMedia\",\"image\":{\"@type\":\"ImageObject\",\"inLanguage\":\"de\",\"@id\":\"https:\\\/\\\/secure.gravatar.com\\\/avatar\\\/460720160715ef8975b781abd1b6985e55ce2f01567bb6757bebd73e7cf74c97?s=96&d=mm&r=g\",\"url\":\"https:\\\/\\\/secure.gravatar.com\\\/avatar\\\/460720160715ef8975b781abd1b6985e55ce2f01567bb6757bebd73e7cf74c97?s=96&d=mm&r=g\",\"contentUrl\":\"https:\\\/\\\/secure.gravatar.com\\\/avatar\\\/460720160715ef8975b781abd1b6985e55ce2f01567bb6757bebd73e7cf74c97?s=96&d=mm&r=g\",\"caption\":\"myVideoMedia\"},\"logo\":{\"@id\":\"https:\\\/\\\/secure.gravatar.com\\\/avatar\\\/460720160715ef8975b781abd1b6985e55ce2f01567bb6757bebd73e7cf74c97?s=96&d=mm&r=g\"},\"description\":\"\\\"The World is a book, and those who do not travel read only a page\\\" - Aurelius Augustinus (354 - 430 AD) Travel is our passion. With our posts and videos we like to inspire people who are planning or preparing for holidays as well as people who simply want to escape from everyday life and dream of faraway countries.\",\"sameAs\":[\"https:\\\/\\\/www.myvideomedia.com\",\"https:\\\/\\\/www.facebook.com\\\/ursula.streit.520\"],\"url\":\"https:\\\/\\\/blog.myvideomedia.com\\\/de\\\/author\\\/traveladm\\\/\"}]}<\/script>\n<!-- \/ Yoast SEO plugin. -->","yoast_head_json":{"title":"Sintra - eine Stadt mit jahrhundertealten Pal\u00e4sten - Portugal","description":"Sintra liegt ca. 25 km nordwestlich von Lissabon und ist Teil der Kulturlandschaft Sintra, die seit 1995 Weltkulturerbe der UNESCO ist.","robots":{"index":"index","follow":"follow","max-snippet":"max-snippet:-1","max-image-preview":"max-image-preview:large","max-video-preview":"max-video-preview:-1"},"canonical":"https:\/\/blog.myvideomedia.com\/de\/sintra-portugal\/","og_locale":"de_DE","og_type":"article","og_title":"Sintra - eine Stadt mit jahrhundertealten Pal\u00e4sten - Portugal","og_description":"Sintra liegt ca. 25 km nordwestlich von Lissabon und ist Teil der Kulturlandschaft Sintra, die seit 1995 Weltkulturerbe der UNESCO ist.","og_url":"https:\/\/blog.myvideomedia.com\/de\/sintra-portugal\/","og_site_name":"Reise Video Blog","article_publisher":"https:\/\/www.facebook.com\/ursula.streit.520","article_author":"https:\/\/www.facebook.com\/ursula.streit.520","article_published_time":"2015-04-08T12:56:32+00:00","article_modified_time":"2020-04-19T08:56:16+00:00","og_image":[{"width":738,"height":555,"url":"https:\/\/blog.myvideomedia.com\/wp-content\/uploads\/2014\/06\/sintra-1.jpg","type":"image\/jpeg"}],"author":"myVideoMedia","twitter_card":"summary_large_image","twitter_creator":"@myvideomedia","twitter_site":"@myvideomedia","twitter_misc":{"Verfasst von":"myVideoMedia","Gesch\u00e4tzte Lesezeit":"1\u00a0Minute"},"schema":{"@context":"https:\/\/schema.org","@graph":[{"@type":"Article","@id":"https:\/\/blog.myvideomedia.com\/de\/sintra-portugal\/#article","isPartOf":{"@id":"https:\/\/blog.myvideomedia.com\/de\/sintra-portugal\/"},"author":{"name":"myVideoMedia","@id":"https:\/\/blog.myvideomedia.com\/de\/#\/schema\/person\/87be8fbbed69b1562242448c1c3dcbec"},"headline":"Sintra &#8211; eine Stadt mit jahrhundertealten Pal\u00e4sten","datePublished":"2015-04-08T12:56:32+00:00","dateModified":"2020-04-19T08:56:16+00:00","mainEntityOfPage":{"@id":"https:\/\/blog.myvideomedia.com\/de\/sintra-portugal\/"},"wordCount":199,"commentCount":0,"publisher":{"@id":"https:\/\/blog.myvideomedia.com\/de\/#\/schema\/person\/87be8fbbed69b1562242448c1c3dcbec"},"image":{"@id":"https:\/\/blog.myvideomedia.com\/de\/sintra-portugal\/#primaryimage"},"thumbnailUrl":"https:\/\/blog.myvideomedia.com\/wp-content\/uploads\/2014\/06\/sintra-1.jpg","keywords":["Kultur","UNESCO Weltkulturerbe"],"articleSection":["Europa","Portugal"],"inLanguage":"de","potentialAction":[{"@type":"CommentAction","name":"Comment","target":["https:\/\/blog.myvideomedia.com\/de\/sintra-portugal\/#respond"]}]},{"@type":"WebPage","@id":"https:\/\/blog.myvideomedia.com\/de\/sintra-portugal\/","url":"https:\/\/blog.myvideomedia.com\/de\/sintra-portugal\/","name":"Sintra - eine Stadt mit jahrhundertealten Pal\u00e4sten - Portugal","isPartOf":{"@id":"https:\/\/blog.myvideomedia.com\/de\/#website"},"primaryImageOfPage":{"@id":"https:\/\/blog.myvideomedia.com\/de\/sintra-portugal\/#primaryimage"},"image":{"@id":"https:\/\/blog.myvideomedia.com\/de\/sintra-portugal\/#primaryimage"},"thumbnailUrl":"https:\/\/blog.myvideomedia.com\/wp-content\/uploads\/2014\/06\/sintra-1.jpg","datePublished":"2015-04-08T12:56:32+00:00","dateModified":"2020-04-19T08:56:16+00:00","description":"Sintra liegt ca. 25 km nordwestlich von Lissabon und ist Teil der Kulturlandschaft Sintra, die seit 1995 Weltkulturerbe der UNESCO ist.","breadcrumb":{"@id":"https:\/\/blog.myvideomedia.com\/de\/sintra-portugal\/#breadcrumb"},"inLanguage":"de","potentialAction":[{"@type":"ReadAction","target":["https:\/\/blog.myvideomedia.com\/de\/sintra-portugal\/"]}]},{"@type":"ImageObject","inLanguage":"de","@id":"https:\/\/blog.myvideomedia.com\/de\/sintra-portugal\/#primaryimage","url":"https:\/\/blog.myvideomedia.com\/wp-content\/uploads\/2014\/06\/sintra-1.jpg","contentUrl":"https:\/\/blog.myvideomedia.com\/wp-content\/uploads\/2014\/06\/sintra-1.jpg","width":738,"height":555,"caption":"Pal\u00e1cio Nacional de Sintra"},{"@type":"BreadcrumbList","@id":"https:\/\/blog.myvideomedia.com\/de\/sintra-portugal\/#breadcrumb","itemListElement":[{"@type":"ListItem","position":1,"name":"Home","item":"https:\/\/blog.myvideomedia.com\/de\/"},{"@type":"ListItem","position":2,"name":"Sintra &#8211; eine Stadt mit jahrhundertealten Pal\u00e4sten"}]},{"@type":"WebSite","@id":"https:\/\/blog.myvideomedia.com\/de\/#website","url":"https:\/\/blog.myvideomedia.com\/de\/","name":"Travel Video Blog","description":"myVideoMedia Reisetipps und Reisevideos","publisher":{"@id":"https:\/\/blog.myvideomedia.com\/de\/#\/schema\/person\/87be8fbbed69b1562242448c1c3dcbec"},"potentialAction":[{"@type":"SearchAction","target":{"@type":"EntryPoint","urlTemplate":"https:\/\/blog.myvideomedia.com\/de\/?s={search_term_string}"},"query-input":{"@type":"PropertyValueSpecification","valueRequired":true,"valueName":"search_term_string"}}],"inLanguage":"de"},{"@type":["Person","Organization"],"@id":"https:\/\/blog.myvideomedia.com\/de\/#\/schema\/person\/87be8fbbed69b1562242448c1c3dcbec","name":"myVideoMedia","image":{"@type":"ImageObject","inLanguage":"de","@id":"https:\/\/secure.gravatar.com\/avatar\/460720160715ef8975b781abd1b6985e55ce2f01567bb6757bebd73e7cf74c97?s=96&d=mm&r=g","url":"https:\/\/secure.gravatar.com\/avatar\/460720160715ef8975b781abd1b6985e55ce2f01567bb6757bebd73e7cf74c97?s=96&d=mm&r=g","contentUrl":"https:\/\/secure.gravatar.com\/avatar\/460720160715ef8975b781abd1b6985e55ce2f01567bb6757bebd73e7cf74c97?s=96&d=mm&r=g","caption":"myVideoMedia"},"logo":{"@id":"https:\/\/secure.gravatar.com\/avatar\/460720160715ef8975b781abd1b6985e55ce2f01567bb6757bebd73e7cf74c97?s=96&d=mm&r=g"},"description":"\"The World is a book, and those who do not travel read only a page\" - Aurelius Augustinus (354 - 430 AD) Travel is our passion. With our posts and videos we like to inspire people who are planning or preparing for holidays as well as people who simply want to escape from everyday life and dream of faraway countries.","sameAs":["https:\/\/www.myvideomedia.com","https:\/\/www.facebook.com\/ursula.streit.520"],"url":"https:\/\/blog.myvideomedia.com\/de\/author\/traveladm\/"}]}},"featured_image_src":"https:\/\/blog.myvideomedia.com\/wp-content\/uploads\/2014\/06\/sintra-1.jpg","featured_image_src_square":"https:\/\/blog.myvideomedia.com\/wp-content\/uploads\/2014\/06\/sintra-1.jpg","author_info":{"display_name":"myVideoMedia","author_link":"https:\/\/blog.myvideomedia.com\/de\/author\/traveladm\/"},"_links":{"self":[{"href":"https:\/\/blog.myvideomedia.com\/de\/wp-json\/wp\/v2\/posts\/6878","targetHints":{"allow":["GET"]}}],"collection":[{"href":"https:\/\/blog.myvideomedia.com\/de\/wp-json\/wp\/v2\/posts"}],"about":[{"href":"https:\/\/blog.myvideomedia.com\/de\/wp-json\/wp\/v2\/types\/post"}],"author":[{"embeddable":true,"href":"https:\/\/blog.myvideomedia.com\/de\/wp-json\/wp\/v2\/users\/1"}],"replies":[{"embeddable":true,"href":"https:\/\/blog.myvideomedia.com\/de\/wp-json\/wp\/v2\/comments?post=6878"}],"version-history":[{"count":0,"href":"https:\/\/blog.myvideomedia.com\/de\/wp-json\/wp\/v2\/posts\/6878\/revisions"}],"wp:featuredmedia":[{"embeddable":true,"href":"https:\/\/blog.myvideomedia.com\/de\/wp-json\/wp\/v2\/media\/3628"}],"wp:attachment":[{"href":"https:\/\/blog.myvideomedia.com\/de\/wp-json\/wp\/v2\/media?parent=6878"}],"wp:term":[{"taxonomy":"category","embeddable":true,"href":"https:\/\/blog.myvideomedia.com\/de\/wp-json\/wp\/v2\/categories?post=6878"},{"taxonomy":"post_tag","embeddable":true,"href":"https:\/\/blog.myvideomedia.com\/de\/wp-json\/wp\/v2\/tags?post=6878"}],"curies":[{"name":"wp","href":"https:\/\/api.w.org\/{rel}","templated":true}]}}