{"id":6936,"date":"2015-04-11T09:18:28","date_gmt":"2015-04-11T08:18:28","guid":{"rendered":"https:\/\/blog.myvideomedia.com\/?p=6936"},"modified":"2022-02-16T15:55:09","modified_gmt":"2022-02-16T14:55:09","slug":"halbinsel-methana","status":"publish","type":"post","link":"https:\/\/blog.myvideomedia.com\/de\/halbinsel-methana\/","title":{"rendered":"Poros und die Halbinsel Methana"},"content":{"rendered":"\n<p>Von Didima kommend treffen im S\u00fcden bei Achladitsa auf das Meer.<\/p>\n\n\n\n<p>Wir fahren die K\u00fcste entlang, vorbei an der Insel Hydra, bis Galatas gegen\u00fcber der Insel Poros.<\/p>\n\n\n\n<div class=\"wp-block-image is-style-default\"><figure class=\"aligncenter\"><img loading=\"lazy\" decoding=\"async\" width=\"1024\" height=\"682\" src=\"https:\/\/blog.myvideomedia.com\/wp-content\/uploads\/2014\/07\/Poros_4040-1024x682.jpg\" alt=\"Poros\" class=\"wp-image-4740\" srcset=\"https:\/\/blog.myvideomedia.com\/wp-content\/uploads\/2014\/07\/Poros_4040-1024x682.jpg 1024w, https:\/\/blog.myvideomedia.com\/wp-content\/uploads\/2014\/07\/Poros_4040-560x373.jpg 560w, https:\/\/blog.myvideomedia.com\/wp-content\/uploads\/2014\/07\/Poros_4040-600x400.jpg 600w, https:\/\/blog.myvideomedia.com\/wp-content\/uploads\/2014\/07\/Poros_4040.jpg 1080w\" sizes=\"auto, (max-width: 1024px) 100vw, 1024px\" \/><\/figure><\/div>\n\n\n\n<p><a title=\"Poros \u2013 Eine Kurzbesuch auf der Insel\" href=\"https:\/\/blog.myvideomedia.com\/de\/insel-poros\/\">Poros<\/a> geh\u00f6rt zu den beliebten Ausflugszielen der Athener, da es \u00fcber das Meer rasch erreichbar ist. Aber auch kleine Kreuzfahrtschiffe legen hier gerne an.<\/p>\n\n\n\n<h3 class=\"has-text-align-center wp-block-heading\" id=\"hier-sehen-sie-das-video\"><a href=\"https:\/\/youtu.be\/dTFczPi4pYc\" target=\"_blank\" rel=\"noopener nofollow noreferrer\">Hier sehen Sie das Video<\/a><\/h3>\n\n\n\n<figure> <div class=\"brlbs-cmpnt-container brlbs-cmpnt-content-blocker brlbs-cmpnt-with-individual-styles\" data-borlabs-cookie-content-blocker-id=\"youtube-content-blocker\" data-borlabs-cookie-content=\"PGlmcmFtZSBzcmM9Imh0dHBzOi8vd3d3LnlvdXR1YmUtbm9jb29raWUuY29tL2VtYmVkL2RURmN6UGk0cFljIiB3aWR0aD0iNTYwIiBoZWlnaHQ9IjMxNSI+PC9pZnJhbWU+\"><div class=\"brlbs-cmpnt-cb-preset-c brlbs-cmpnt-cb-youtube\"> <div class=\"brlbs-cmpnt-cb-thumbnail\" style=\"background-image: url('https:\/\/blog.myvideomedia.com\/wp-content\/uploads\/borlabs-cookie\/1\/yt_dTFczPi4pYc_hqdefault.jpg')\"><\/div> <div class=\"brlbs-cmpnt-cb-main\"> <div class=\"brlbs-cmpnt-cb-play-button\"><\/div> <div class=\"brlbs-cmpnt-cb-content\"> <p class=\"brlbs-cmpnt-cb-description\">Sie sehen gerade einen Platzhalterinhalt von <strong>YouTube<\/strong>. Um auf den eigentlichen Inhalt zuzugreifen, klicken Sie auf die Schaltfl\u00e4che unten. Bitte beachten Sie, dass dabei Daten an Drittanbieter weitergegeben werden.<\/p> <a class=\"brlbs-cmpnt-cb-provider-toggle\" href=\"#\" data-borlabs-cookie-show-provider-information role=\"button\">Mehr Informationen<\/a> <\/div> <div class=\"brlbs-cmpnt-cb-buttons\"> <a class=\"brlbs-cmpnt-cb-btn\" href=\"#\" data-borlabs-cookie-unblock role=\"button\">Inhalt entsperren<\/a> <a class=\"brlbs-cmpnt-cb-btn\" href=\"#\" data-borlabs-cookie-accept-service role=\"button\" style=\"display: inherit\">Erforderlichen Service akzeptieren und Inhalte entsperren<\/a> <\/div> <\/div> <\/div><\/div><\/figure>\n\n\n\n<p>Die Insel liegt in einem seismisch aktiven Gebiet und die nahegelegenen Vulkane auf der Halbinsel Methana und im saronischen Golf k\u00f6nnen jederzeit wieder ausbrechen.<\/p>\n\n\n\n<div class=\"wp-block-image\"><figure class=\"aligncenter\"><img loading=\"lazy\" decoding=\"async\" width=\"1080\" height=\"720\" src=\"https:\/\/blog.myvideomedia.com\/wp-content\/uploads\/2014\/07\/Methana_4057.jpg\" alt=\"Halbinsel Methana\" class=\"wp-image-4738\" srcset=\"https:\/\/blog.myvideomedia.com\/wp-content\/uploads\/2014\/07\/Methana_4057.jpg 1080w, https:\/\/blog.myvideomedia.com\/wp-content\/uploads\/2014\/07\/Methana_4057-560x373.jpg 560w, https:\/\/blog.myvideomedia.com\/wp-content\/uploads\/2014\/07\/Methana_4057-1024x682.jpg 1024w, https:\/\/blog.myvideomedia.com\/wp-content\/uploads\/2014\/07\/Methana_4057-600x400.jpg 600w\" sizes=\"auto, (max-width: 1080px) 100vw, 1080px\" \/><\/figure><\/div>\n\n\n\n<p>Am Eingang der Halbinsel Methana befindet sich der gleichnamige Ort, der f\u00fcr seine schwefelhaltigen Thermalquellen ber\u00fchmt ist. Sie sind ca. 230 v.Chr. nach einem heftigen Vulkanausbruch entstanden.<\/p>\n\n\n\n<p>Die Insel besitzt steil abfallende Flanken und die Stra\u00dfen sind nur m\u00e4\u00dfig ausgebaut. \u00dcber Schotterpisten erreichen wir den ruhenden Hauptvulkan. Die urspr\u00fcngliche Landschaft eignet sich gut f\u00fcr Wanderungen.<\/p>\n\n\n\n<div class=\"wp-block-image\"><figure class=\"aligncenter\"><img loading=\"lazy\" decoding=\"async\" width=\"1080\" height=\"720\" src=\"https:\/\/blog.myvideomedia.com\/wp-content\/uploads\/2014\/07\/Methana_4049.jpg\" alt=\"Methana Ziegen\" class=\"wp-image-4737\" srcset=\"https:\/\/blog.myvideomedia.com\/wp-content\/uploads\/2014\/07\/Methana_4049.jpg 1080w, https:\/\/blog.myvideomedia.com\/wp-content\/uploads\/2014\/07\/Methana_4049-560x373.jpg 560w, https:\/\/blog.myvideomedia.com\/wp-content\/uploads\/2014\/07\/Methana_4049-1024x682.jpg 1024w, https:\/\/blog.myvideomedia.com\/wp-content\/uploads\/2014\/07\/Methana_4049-600x400.jpg 600w\" sizes=\"auto, (max-width: 1080px) 100vw, 1080px\" \/><\/figure><\/div>\n\n\n\n<p>Au\u00dfer neugierigen Ziegen gibt es auch antike Artefakte zu entdecken, wie der Fund einer mykenischen Siedlung 1990 beweist.<\/p>\n\n\n\n<p>Text, Fotos und Video: Copyright \u00a9 <a title=\"myVdeoMedia\" href=\"https:\/\/www.myvideomedia.de\" target=\"_blank\" rel=\"noopener noreferrer\">myVideoMedia<\/a><\/p>\n","protected":false},"excerpt":{"rendered":"<p>Von Didima kommend treffen im S\u00fcden bei Achladitsa auf das Meer. Wir fahren die K\u00fcste entlang, vorbei an der Insel Hydra, bis Galatas gegen\u00fcber der Insel Poros. Poros geh\u00f6rt zu den beliebten Ausflugszielen der Athener, da es \u00fcber das Meer rasch erreichbar ist. Aber auch kleine Kreuzfahrtschiffe legen hier gerne an. Hier sehen Sie das [&hellip;]<\/p>\n","protected":false},"author":1,"featured_media":26547,"comment_status":"open","ping_status":"closed","sticky":false,"template":"","format":"standard","meta":{"_genesis_hide_title":false,"_genesis_hide_breadcrumbs":false,"_genesis_hide_singular_image":false,"_genesis_hide_footer_widgets":false,"_genesis_custom_body_class":"","_genesis_custom_post_class":"","_genesis_layout":"","footnotes":""},"categories":[1550,506,515],"tags":[455,469],"class_list":{"0":"post-6936","1":"post","2":"type-post","3":"status-publish","4":"format-standard","5":"has-post-thumbnail","7":"category-europa","8":"category-griechenland","9":"category-peloponnes","10":"tag-kultur","11":"tag-natur","12":"entry"},"yoast_head":"<!-- This site is optimized with the Yoast SEO plugin v27.4 - https:\/\/yoast.com\/product\/yoast-seo-wordpress\/ -->\n<title>Poros und die Halbinsel Methana - Griechenland - Reise Video Blog<\/title>\n<meta name=\"description\" content=\"Die Halbinsel Methana, nach einem heftigen Vulkanausbruch entstanden, ist bekannt f\u00fcr die schwefelhaltigen Thermalquellen.\" \/>\n<meta name=\"robots\" content=\"index, follow, max-snippet:-1, max-image-preview:large, max-video-preview:-1\" \/>\n<link rel=\"canonical\" href=\"https:\/\/blog.myvideomedia.com\/de\/halbinsel-methana\/\" \/>\n<meta property=\"og:locale\" content=\"de_DE\" \/>\n<meta property=\"og:type\" content=\"article\" \/>\n<meta property=\"og:title\" content=\"Poros und die Halbinsel Methana - Griechenland - Reise Video Blog\" \/>\n<meta property=\"og:description\" content=\"Die Halbinsel Methana, nach einem heftigen Vulkanausbruch entstanden, ist bekannt f\u00fcr die schwefelhaltigen Thermalquellen.\" \/>\n<meta property=\"og:url\" content=\"https:\/\/blog.myvideomedia.com\/de\/halbinsel-methana\/\" \/>\n<meta property=\"og:site_name\" content=\"Reise Video Blog\" \/>\n<meta property=\"article:publisher\" content=\"https:\/\/www.facebook.com\/ursula.streit.520\" \/>\n<meta property=\"article:author\" content=\"https:\/\/www.facebook.com\/ursula.streit.520\" \/>\n<meta property=\"article:published_time\" content=\"2015-04-11T08:18:28+00:00\" \/>\n<meta property=\"article:modified_time\" content=\"2022-02-16T14:55:09+00:00\" \/>\n<meta property=\"og:image\" content=\"https:\/\/blog.myvideomedia.com\/wp-content\/uploads\/2020\/06\/Poros_4036.jpg\" \/>\n\t<meta property=\"og:image:width\" content=\"1260\" \/>\n\t<meta property=\"og:image:height\" content=\"840\" \/>\n\t<meta property=\"og:image:type\" content=\"image\/jpeg\" \/>\n<meta name=\"author\" content=\"myVideoMedia\" \/>\n<meta name=\"twitter:card\" content=\"summary_large_image\" \/>\n<meta name=\"twitter:creator\" content=\"@myvideomedia\" \/>\n<meta name=\"twitter:site\" content=\"@myvideomedia\" \/>\n<meta name=\"twitter:label1\" content=\"Verfasst von\" \/>\n\t<meta name=\"twitter:data1\" content=\"myVideoMedia\" \/>\n\t<meta name=\"twitter:label2\" content=\"Gesch\u00e4tzte Lesezeit\" \/>\n\t<meta name=\"twitter:data2\" content=\"2\u00a0Minuten\" \/>\n<script type=\"application\/ld+json\" class=\"yoast-schema-graph\">{\"@context\":\"https:\\\/\\\/schema.org\",\"@graph\":[{\"@type\":\"Article\",\"@id\":\"https:\\\/\\\/blog.myvideomedia.com\\\/de\\\/halbinsel-methana\\\/#article\",\"isPartOf\":{\"@id\":\"https:\\\/\\\/blog.myvideomedia.com\\\/de\\\/halbinsel-methana\\\/\"},\"author\":{\"name\":\"myVideoMedia\",\"@id\":\"https:\\\/\\\/blog.myvideomedia.com\\\/de\\\/#\\\/schema\\\/person\\\/87be8fbbed69b1562242448c1c3dcbec\"},\"headline\":\"Poros und die Halbinsel Methana\",\"datePublished\":\"2015-04-11T08:18:28+00:00\",\"dateModified\":\"2022-02-16T14:55:09+00:00\",\"mainEntityOfPage\":{\"@id\":\"https:\\\/\\\/blog.myvideomedia.com\\\/de\\\/halbinsel-methana\\\/\"},\"wordCount\":175,\"commentCount\":0,\"publisher\":{\"@id\":\"https:\\\/\\\/blog.myvideomedia.com\\\/de\\\/#\\\/schema\\\/person\\\/87be8fbbed69b1562242448c1c3dcbec\"},\"image\":{\"@id\":\"https:\\\/\\\/blog.myvideomedia.com\\\/de\\\/halbinsel-methana\\\/#primaryimage\"},\"thumbnailUrl\":\"https:\\\/\\\/blog.myvideomedia.com\\\/wp-content\\\/uploads\\\/2020\\\/06\\\/Poros_4036.jpg\",\"keywords\":[\"Kultur\",\"Natur\"],\"articleSection\":[\"Europa\",\"Griechenland\",\"Peloponnes\"],\"inLanguage\":\"de\",\"potentialAction\":[{\"@type\":\"CommentAction\",\"name\":\"Comment\",\"target\":[\"https:\\\/\\\/blog.myvideomedia.com\\\/de\\\/halbinsel-methana\\\/#respond\"]}]},{\"@type\":\"WebPage\",\"@id\":\"https:\\\/\\\/blog.myvideomedia.com\\\/de\\\/halbinsel-methana\\\/\",\"url\":\"https:\\\/\\\/blog.myvideomedia.com\\\/de\\\/halbinsel-methana\\\/\",\"name\":\"Poros und die Halbinsel Methana - Griechenland - Reise Video Blog\",\"isPartOf\":{\"@id\":\"https:\\\/\\\/blog.myvideomedia.com\\\/de\\\/#website\"},\"primaryImageOfPage\":{\"@id\":\"https:\\\/\\\/blog.myvideomedia.com\\\/de\\\/halbinsel-methana\\\/#primaryimage\"},\"image\":{\"@id\":\"https:\\\/\\\/blog.myvideomedia.com\\\/de\\\/halbinsel-methana\\\/#primaryimage\"},\"thumbnailUrl\":\"https:\\\/\\\/blog.myvideomedia.com\\\/wp-content\\\/uploads\\\/2020\\\/06\\\/Poros_4036.jpg\",\"datePublished\":\"2015-04-11T08:18:28+00:00\",\"dateModified\":\"2022-02-16T14:55:09+00:00\",\"description\":\"Die Halbinsel Methana, nach einem heftigen Vulkanausbruch entstanden, ist bekannt f\u00fcr die schwefelhaltigen Thermalquellen.\",\"breadcrumb\":{\"@id\":\"https:\\\/\\\/blog.myvideomedia.com\\\/de\\\/halbinsel-methana\\\/#breadcrumb\"},\"inLanguage\":\"de\",\"potentialAction\":[{\"@type\":\"ReadAction\",\"target\":[\"https:\\\/\\\/blog.myvideomedia.com\\\/de\\\/halbinsel-methana\\\/\"]}]},{\"@type\":\"ImageObject\",\"inLanguage\":\"de\",\"@id\":\"https:\\\/\\\/blog.myvideomedia.com\\\/de\\\/halbinsel-methana\\\/#primaryimage\",\"url\":\"https:\\\/\\\/blog.myvideomedia.com\\\/wp-content\\\/uploads\\\/2020\\\/06\\\/Poros_4036.jpg\",\"contentUrl\":\"https:\\\/\\\/blog.myvideomedia.com\\\/wp-content\\\/uploads\\\/2020\\\/06\\\/Poros_4036.jpg\",\"width\":1260,\"height\":840,\"caption\":\"Poros\"},{\"@type\":\"BreadcrumbList\",\"@id\":\"https:\\\/\\\/blog.myvideomedia.com\\\/de\\\/halbinsel-methana\\\/#breadcrumb\",\"itemListElement\":[{\"@type\":\"ListItem\",\"position\":1,\"name\":\"Home\",\"item\":\"https:\\\/\\\/blog.myvideomedia.com\\\/de\\\/\"},{\"@type\":\"ListItem\",\"position\":2,\"name\":\"Poros und die Halbinsel Methana\"}]},{\"@type\":\"WebSite\",\"@id\":\"https:\\\/\\\/blog.myvideomedia.com\\\/de\\\/#website\",\"url\":\"https:\\\/\\\/blog.myvideomedia.com\\\/de\\\/\",\"name\":\"Travel Video Blog\",\"description\":\"myVideoMedia Reisetipps und Reisevideos\",\"publisher\":{\"@id\":\"https:\\\/\\\/blog.myvideomedia.com\\\/de\\\/#\\\/schema\\\/person\\\/87be8fbbed69b1562242448c1c3dcbec\"},\"potentialAction\":[{\"@type\":\"SearchAction\",\"target\":{\"@type\":\"EntryPoint\",\"urlTemplate\":\"https:\\\/\\\/blog.myvideomedia.com\\\/de\\\/?s={search_term_string}\"},\"query-input\":{\"@type\":\"PropertyValueSpecification\",\"valueRequired\":true,\"valueName\":\"search_term_string\"}}],\"inLanguage\":\"de\"},{\"@type\":[\"Person\",\"Organization\"],\"@id\":\"https:\\\/\\\/blog.myvideomedia.com\\\/de\\\/#\\\/schema\\\/person\\\/87be8fbbed69b1562242448c1c3dcbec\",\"name\":\"myVideoMedia\",\"image\":{\"@type\":\"ImageObject\",\"inLanguage\":\"de\",\"@id\":\"https:\\\/\\\/secure.gravatar.com\\\/avatar\\\/460720160715ef8975b781abd1b6985e55ce2f01567bb6757bebd73e7cf74c97?s=96&d=mm&r=g\",\"url\":\"https:\\\/\\\/secure.gravatar.com\\\/avatar\\\/460720160715ef8975b781abd1b6985e55ce2f01567bb6757bebd73e7cf74c97?s=96&d=mm&r=g\",\"contentUrl\":\"https:\\\/\\\/secure.gravatar.com\\\/avatar\\\/460720160715ef8975b781abd1b6985e55ce2f01567bb6757bebd73e7cf74c97?s=96&d=mm&r=g\",\"caption\":\"myVideoMedia\"},\"logo\":{\"@id\":\"https:\\\/\\\/secure.gravatar.com\\\/avatar\\\/460720160715ef8975b781abd1b6985e55ce2f01567bb6757bebd73e7cf74c97?s=96&d=mm&r=g\"},\"description\":\"\\\"The World is a book, and those who do not travel read only a page\\\" - Aurelius Augustinus (354 - 430 AD) Travel is our passion. With our posts and videos we like to inspire people who are planning or preparing for holidays as well as people who simply want to escape from everyday life and dream of faraway countries.\",\"sameAs\":[\"https:\\\/\\\/www.myvideomedia.com\",\"https:\\\/\\\/www.facebook.com\\\/ursula.streit.520\"],\"url\":\"https:\\\/\\\/blog.myvideomedia.com\\\/de\\\/author\\\/traveladm\\\/\"}]}<\/script>\n<!-- \/ Yoast SEO plugin. -->","yoast_head_json":{"title":"Poros und die Halbinsel Methana - Griechenland - Reise Video Blog","description":"Die Halbinsel Methana, nach einem heftigen Vulkanausbruch entstanden, ist bekannt f\u00fcr die schwefelhaltigen Thermalquellen.","robots":{"index":"index","follow":"follow","max-snippet":"max-snippet:-1","max-image-preview":"max-image-preview:large","max-video-preview":"max-video-preview:-1"},"canonical":"https:\/\/blog.myvideomedia.com\/de\/halbinsel-methana\/","og_locale":"de_DE","og_type":"article","og_title":"Poros und die Halbinsel Methana - Griechenland - Reise Video Blog","og_description":"Die Halbinsel Methana, nach einem heftigen Vulkanausbruch entstanden, ist bekannt f\u00fcr die schwefelhaltigen Thermalquellen.","og_url":"https:\/\/blog.myvideomedia.com\/de\/halbinsel-methana\/","og_site_name":"Reise Video Blog","article_publisher":"https:\/\/www.facebook.com\/ursula.streit.520","article_author":"https:\/\/www.facebook.com\/ursula.streit.520","article_published_time":"2015-04-11T08:18:28+00:00","article_modified_time":"2022-02-16T14:55:09+00:00","og_image":[{"width":1260,"height":840,"url":"https:\/\/blog.myvideomedia.com\/wp-content\/uploads\/2020\/06\/Poros_4036.jpg","type":"image\/jpeg"}],"author":"myVideoMedia","twitter_card":"summary_large_image","twitter_creator":"@myvideomedia","twitter_site":"@myvideomedia","twitter_misc":{"Verfasst von":"myVideoMedia","Gesch\u00e4tzte Lesezeit":"2\u00a0Minuten"},"schema":{"@context":"https:\/\/schema.org","@graph":[{"@type":"Article","@id":"https:\/\/blog.myvideomedia.com\/de\/halbinsel-methana\/#article","isPartOf":{"@id":"https:\/\/blog.myvideomedia.com\/de\/halbinsel-methana\/"},"author":{"name":"myVideoMedia","@id":"https:\/\/blog.myvideomedia.com\/de\/#\/schema\/person\/87be8fbbed69b1562242448c1c3dcbec"},"headline":"Poros und die Halbinsel Methana","datePublished":"2015-04-11T08:18:28+00:00","dateModified":"2022-02-16T14:55:09+00:00","mainEntityOfPage":{"@id":"https:\/\/blog.myvideomedia.com\/de\/halbinsel-methana\/"},"wordCount":175,"commentCount":0,"publisher":{"@id":"https:\/\/blog.myvideomedia.com\/de\/#\/schema\/person\/87be8fbbed69b1562242448c1c3dcbec"},"image":{"@id":"https:\/\/blog.myvideomedia.com\/de\/halbinsel-methana\/#primaryimage"},"thumbnailUrl":"https:\/\/blog.myvideomedia.com\/wp-content\/uploads\/2020\/06\/Poros_4036.jpg","keywords":["Kultur","Natur"],"articleSection":["Europa","Griechenland","Peloponnes"],"inLanguage":"de","potentialAction":[{"@type":"CommentAction","name":"Comment","target":["https:\/\/blog.myvideomedia.com\/de\/halbinsel-methana\/#respond"]}]},{"@type":"WebPage","@id":"https:\/\/blog.myvideomedia.com\/de\/halbinsel-methana\/","url":"https:\/\/blog.myvideomedia.com\/de\/halbinsel-methana\/","name":"Poros und die Halbinsel Methana - Griechenland - Reise Video Blog","isPartOf":{"@id":"https:\/\/blog.myvideomedia.com\/de\/#website"},"primaryImageOfPage":{"@id":"https:\/\/blog.myvideomedia.com\/de\/halbinsel-methana\/#primaryimage"},"image":{"@id":"https:\/\/blog.myvideomedia.com\/de\/halbinsel-methana\/#primaryimage"},"thumbnailUrl":"https:\/\/blog.myvideomedia.com\/wp-content\/uploads\/2020\/06\/Poros_4036.jpg","datePublished":"2015-04-11T08:18:28+00:00","dateModified":"2022-02-16T14:55:09+00:00","description":"Die Halbinsel Methana, nach einem heftigen Vulkanausbruch entstanden, ist bekannt f\u00fcr die schwefelhaltigen Thermalquellen.","breadcrumb":{"@id":"https:\/\/blog.myvideomedia.com\/de\/halbinsel-methana\/#breadcrumb"},"inLanguage":"de","potentialAction":[{"@type":"ReadAction","target":["https:\/\/blog.myvideomedia.com\/de\/halbinsel-methana\/"]}]},{"@type":"ImageObject","inLanguage":"de","@id":"https:\/\/blog.myvideomedia.com\/de\/halbinsel-methana\/#primaryimage","url":"https:\/\/blog.myvideomedia.com\/wp-content\/uploads\/2020\/06\/Poros_4036.jpg","contentUrl":"https:\/\/blog.myvideomedia.com\/wp-content\/uploads\/2020\/06\/Poros_4036.jpg","width":1260,"height":840,"caption":"Poros"},{"@type":"BreadcrumbList","@id":"https:\/\/blog.myvideomedia.com\/de\/halbinsel-methana\/#breadcrumb","itemListElement":[{"@type":"ListItem","position":1,"name":"Home","item":"https:\/\/blog.myvideomedia.com\/de\/"},{"@type":"ListItem","position":2,"name":"Poros und die Halbinsel Methana"}]},{"@type":"WebSite","@id":"https:\/\/blog.myvideomedia.com\/de\/#website","url":"https:\/\/blog.myvideomedia.com\/de\/","name":"Travel Video Blog","description":"myVideoMedia Reisetipps und Reisevideos","publisher":{"@id":"https:\/\/blog.myvideomedia.com\/de\/#\/schema\/person\/87be8fbbed69b1562242448c1c3dcbec"},"potentialAction":[{"@type":"SearchAction","target":{"@type":"EntryPoint","urlTemplate":"https:\/\/blog.myvideomedia.com\/de\/?s={search_term_string}"},"query-input":{"@type":"PropertyValueSpecification","valueRequired":true,"valueName":"search_term_string"}}],"inLanguage":"de"},{"@type":["Person","Organization"],"@id":"https:\/\/blog.myvideomedia.com\/de\/#\/schema\/person\/87be8fbbed69b1562242448c1c3dcbec","name":"myVideoMedia","image":{"@type":"ImageObject","inLanguage":"de","@id":"https:\/\/secure.gravatar.com\/avatar\/460720160715ef8975b781abd1b6985e55ce2f01567bb6757bebd73e7cf74c97?s=96&d=mm&r=g","url":"https:\/\/secure.gravatar.com\/avatar\/460720160715ef8975b781abd1b6985e55ce2f01567bb6757bebd73e7cf74c97?s=96&d=mm&r=g","contentUrl":"https:\/\/secure.gravatar.com\/avatar\/460720160715ef8975b781abd1b6985e55ce2f01567bb6757bebd73e7cf74c97?s=96&d=mm&r=g","caption":"myVideoMedia"},"logo":{"@id":"https:\/\/secure.gravatar.com\/avatar\/460720160715ef8975b781abd1b6985e55ce2f01567bb6757bebd73e7cf74c97?s=96&d=mm&r=g"},"description":"\"The World is a book, and those who do not travel read only a page\" - Aurelius Augustinus (354 - 430 AD) Travel is our passion. With our posts and videos we like to inspire people who are planning or preparing for holidays as well as people who simply want to escape from everyday life and dream of faraway countries.","sameAs":["https:\/\/www.myvideomedia.com","https:\/\/www.facebook.com\/ursula.streit.520"],"url":"https:\/\/blog.myvideomedia.com\/de\/author\/traveladm\/"}]}},"featured_image_src":"https:\/\/blog.myvideomedia.com\/wp-content\/uploads\/2020\/06\/Poros_4036.jpg","featured_image_src_square":"https:\/\/blog.myvideomedia.com\/wp-content\/uploads\/2020\/06\/Poros_4036.jpg","author_info":{"display_name":"myVideoMedia","author_link":"https:\/\/blog.myvideomedia.com\/de\/author\/traveladm\/"},"_links":{"self":[{"href":"https:\/\/blog.myvideomedia.com\/de\/wp-json\/wp\/v2\/posts\/6936","targetHints":{"allow":["GET"]}}],"collection":[{"href":"https:\/\/blog.myvideomedia.com\/de\/wp-json\/wp\/v2\/posts"}],"about":[{"href":"https:\/\/blog.myvideomedia.com\/de\/wp-json\/wp\/v2\/types\/post"}],"author":[{"embeddable":true,"href":"https:\/\/blog.myvideomedia.com\/de\/wp-json\/wp\/v2\/users\/1"}],"replies":[{"embeddable":true,"href":"https:\/\/blog.myvideomedia.com\/de\/wp-json\/wp\/v2\/comments?post=6936"}],"version-history":[{"count":0,"href":"https:\/\/blog.myvideomedia.com\/de\/wp-json\/wp\/v2\/posts\/6936\/revisions"}],"wp:featuredmedia":[{"embeddable":true,"href":"https:\/\/blog.myvideomedia.com\/de\/wp-json\/wp\/v2\/media\/26547"}],"wp:attachment":[{"href":"https:\/\/blog.myvideomedia.com\/de\/wp-json\/wp\/v2\/media?parent=6936"}],"wp:term":[{"taxonomy":"category","embeddable":true,"href":"https:\/\/blog.myvideomedia.com\/de\/wp-json\/wp\/v2\/categories?post=6936"},{"taxonomy":"post_tag","embeddable":true,"href":"https:\/\/blog.myvideomedia.com\/de\/wp-json\/wp\/v2\/tags?post=6936"}],"curies":[{"name":"wp","href":"https:\/\/api.w.org\/{rel}","templated":true}]}}