{"id":7069,"date":"2015-05-23T08:47:27","date_gmt":"2015-05-23T07:47:27","guid":{"rendered":"https:\/\/blog.myvideomedia.com\/?p=7069"},"modified":"2020-10-14T08:23:18","modified_gmt":"2020-10-14T07:23:18","slug":"saarbrucken-kurzbesuch","status":"publish","type":"post","link":"https:\/\/blog.myvideomedia.com\/de\/saarbrucken-kurzbesuch\/","title":{"rendered":"Saarbr\u00fccken &#8211; ein ungeplanter Kurzbesuch"},"content":{"rendered":"\n<p>Saarbr\u00fccken stand eigentlich nicht auf unserem Reiseplan! Vier Wochen Spanien waren geplant, aber durch den Streik der Lokf\u00fchrer Gewerkschaft GDL waren wir gezwungen einen Tag fr\u00fcher anzureisen um unseren Intercity nach Paris zu erreichen.<\/p>\n\n\n\n<div class=\"wp-block-image\"><figure class=\"aligncenter\"><img loading=\"lazy\" decoding=\"async\" width=\"600\" height=\"338\" src=\"https:\/\/blog.myvideomedia.com\/wp-content\/uploads\/2015\/05\/Saarbruecken_20150422_170214-600x338.jpg\" alt=\"Saarbr\u00fccken Fussg\u00e4ngerzone\" class=\"wp-image-7064\" srcset=\"https:\/\/blog.myvideomedia.com\/wp-content\/uploads\/2015\/05\/Saarbruecken_20150422_170214-600x338.jpg 600w, https:\/\/blog.myvideomedia.com\/wp-content\/uploads\/2015\/05\/Saarbruecken_20150422_170214-1260x709.jpg 1260w, https:\/\/blog.myvideomedia.com\/wp-content\/uploads\/2015\/05\/Saarbruecken_20150422_170214.jpg 1304w\" sizes=\"auto, (max-width: 600px) 100vw, 600px\" \/><\/figure><\/div>\n\n\n\n<p>So nutzen wir die Gelegenheit zu einem kleinen Rundgang durch die Innenstadt. Wir haben uns ein Hotel gegen\u00fcber der Kongresshall genommen, da es nur wenige Minuten vom Bahnhof entfernt liegt.<\/p>\n\n\n\n<h3 class=\"has-text-align-center wp-block-heading\"><a href=\"https:\/\/youtu.be\/rdZy8re77TM\" target=\"_blank\" rel=\"noopener nofollow noreferrer\">Hier sehen Sie das 4k UHD Video<\/a><\/h3>\n\n\n\n<figure> <div class=\"brlbs-cmpnt-container brlbs-cmpnt-content-blocker brlbs-cmpnt-with-individual-styles\" data-borlabs-cookie-content-blocker-id=\"youtube-content-blocker\" data-borlabs-cookie-content=\"PGlmcmFtZSBzcmM9Imh0dHBzOi8vd3d3LnlvdXR1YmUtbm9jb29raWUuY29tL2VtYmVkL3JkWnk4cmU3N1RNIiB3aWR0aD0iNjAwIiBoZWlnaHQ9IjMzOCI+PC9pZnJhbWU+\"><div class=\"brlbs-cmpnt-cb-preset-c brlbs-cmpnt-cb-youtube\"> <div class=\"brlbs-cmpnt-cb-thumbnail\" style=\"background-image: url('https:\/\/blog.myvideomedia.com\/wp-content\/uploads\/borlabs-cookie\/1\/yt_rdZy8re77TM_hqdefault.jpg')\"><\/div> <div class=\"brlbs-cmpnt-cb-main\"> <div class=\"brlbs-cmpnt-cb-play-button\"><\/div> <div class=\"brlbs-cmpnt-cb-content\"> <p class=\"brlbs-cmpnt-cb-description\">Sie sehen gerade einen Platzhalterinhalt von <strong>YouTube<\/strong>. Um auf den eigentlichen Inhalt zuzugreifen, klicken Sie auf die Schaltfl\u00e4che unten. Bitte beachten Sie, dass dabei Daten an Drittanbieter weitergegeben werden.<\/p> <a class=\"brlbs-cmpnt-cb-provider-toggle\" href=\"#\" data-borlabs-cookie-show-provider-information role=\"button\">Mehr Informationen<\/a> <\/div> <div class=\"brlbs-cmpnt-cb-buttons\"> <a class=\"brlbs-cmpnt-cb-btn\" href=\"#\" data-borlabs-cookie-unblock role=\"button\">Inhalt entsperren<\/a> <a class=\"brlbs-cmpnt-cb-btn\" href=\"#\" data-borlabs-cookie-accept-service role=\"button\" style=\"display: inherit\">Erforderlichen Service akzeptieren und Inhalte entsperren<\/a> <\/div> <\/div> <\/div><\/div><\/figure>\n\n\n\n<p>Am Anfang der Fu\u00dfg\u00e4ngerzone sticht uns die Bergwerksdirektion ins Auge. Das unter Denkmalschutz stehende Geb\u00e4ude beherbergt heute die Europa Galerie. Wir gehen durch die Fu\u00dfg\u00e4ngerzone und biegen dann links ab zum Rathaus St. Johann und zur Johanneskirche.<\/p>\n\n\n\n<div class=\"wp-block-image\"><figure class=\"aligncenter\"><img loading=\"lazy\" decoding=\"async\" width=\"600\" height=\"338\" src=\"https:\/\/blog.myvideomedia.com\/wp-content\/uploads\/2015\/05\/Saarbruecken_20150422_172714-600x338.jpg\" alt=\"Johanneskirche\" class=\"wp-image-7062\" srcset=\"https:\/\/blog.myvideomedia.com\/wp-content\/uploads\/2015\/05\/Saarbruecken_20150422_172714-600x338.jpg 600w, https:\/\/blog.myvideomedia.com\/wp-content\/uploads\/2015\/05\/Saarbruecken_20150422_172714-1260x709.jpg 1260w, https:\/\/blog.myvideomedia.com\/wp-content\/uploads\/2015\/05\/Saarbruecken_20150422_172714.jpg 1304w\" sizes=\"auto, (max-width: 600px) 100vw, 600px\" \/><\/figure><\/div>\n\n\n\n<p>Nat\u00fcrlich darf auch ein Besuch am St. Johanner Markt, mit vielen netten Cafes, Bars und Restaurants, nicht fehlen. Der erste warme Fr\u00fchlingstag hat die Menschen auf die Stra\u00dfen getrieben, so dass \u00fcberall lebhaftes Treiben herrscht.<\/p>\n\n\n\n<div class=\"wp-block-image\"><figure class=\"aligncenter\"><img loading=\"lazy\" decoding=\"async\" width=\"600\" height=\"338\" src=\"https:\/\/blog.myvideomedia.com\/wp-content\/uploads\/2015\/05\/Saarbruecken_20150422_174009-600x338.jpg\" alt=\"St Johanner Markt 2\" class=\"wp-image-7058\" srcset=\"https:\/\/blog.myvideomedia.com\/wp-content\/uploads\/2015\/05\/Saarbruecken_20150422_174009-600x338.jpg 600w, https:\/\/blog.myvideomedia.com\/wp-content\/uploads\/2015\/05\/Saarbruecken_20150422_174009-1260x709.jpg 1260w, https:\/\/blog.myvideomedia.com\/wp-content\/uploads\/2015\/05\/Saarbruecken_20150422_174009.jpg 1304w\" sizes=\"auto, (max-width: 600px) 100vw, 600px\" \/><\/figure><\/div>\n\n\n\n<p>Wir erreichen die Saar beim Staatstheater und \u00fcberqueren sie. Am anderen Ufer lassen wir das Schloss links liegen und gehen ein wenig durch die schmalen Gassen von Alt-Saarbr\u00fccken.<\/p>\n\n\n\n<div class=\"wp-block-image\"><figure class=\"aligncenter\"><img loading=\"lazy\" decoding=\"async\" width=\"600\" height=\"338\" src=\"https:\/\/blog.myvideomedia.com\/wp-content\/uploads\/2015\/05\/Saarbruecken_20150422_175712-600x338.jpg\" alt=\"Altstadt Saarbr\u00fccken\" class=\"wp-image-7056\" srcset=\"https:\/\/blog.myvideomedia.com\/wp-content\/uploads\/2015\/05\/Saarbruecken_20150422_175712-600x338.jpg 600w, https:\/\/blog.myvideomedia.com\/wp-content\/uploads\/2015\/05\/Saarbruecken_20150422_175712-1260x709.jpg 1260w, https:\/\/blog.myvideomedia.com\/wp-content\/uploads\/2015\/05\/Saarbruecken_20150422_175712.jpg 1304w\" sizes=\"auto, (max-width: 600px) 100vw, 600px\" \/><\/figure><\/div>\n\n\n\n<p>Von der Wilhelm Heinrich Br\u00fccke aus hat man den besten \u00dcberblick \u00fcber die Ufer der Saar, den Hafen und die Uferpromenade, die sich Berliner Promenade nennt. In der Ferne ist das Klinikum Saarbr\u00fccken auf dem Winterberg erkennbar.<\/p>\n\n\n\n<div class=\"wp-block-image\"><figure class=\"aligncenter\"><img loading=\"lazy\" decoding=\"async\" width=\"600\" height=\"338\" src=\"https:\/\/blog.myvideomedia.com\/wp-content\/uploads\/2015\/05\/Saarbruecken_20150422_181414-600x338.jpg\" alt=\"Saarufer\" class=\"wp-image-7054\" srcset=\"https:\/\/blog.myvideomedia.com\/wp-content\/uploads\/2015\/05\/Saarbruecken_20150422_181414-600x338.jpg 600w, https:\/\/blog.myvideomedia.com\/wp-content\/uploads\/2015\/05\/Saarbruecken_20150422_181414-1260x709.jpg 1260w, https:\/\/blog.myvideomedia.com\/wp-content\/uploads\/2015\/05\/Saarbruecken_20150422_181414.jpg 1304w\" sizes=\"auto, (max-width: 600px) 100vw, 600px\" \/><\/figure><\/div>\n\n\n\n<p>Den Abend lassen wir in einem Restaurant mit Saarl\u00e4ndischen Spezialit\u00e4ten ausklingen.<\/p>\n\n\n\n<div class=\"wp-block-image\"><figure class=\"aligncenter\"><img loading=\"lazy\" decoding=\"async\" width=\"600\" height=\"338\" src=\"https:\/\/blog.myvideomedia.com\/wp-content\/uploads\/2015\/05\/Saarbruecken_20150422_184930-600x338.jpg\" alt=\"Saarl\u00e4ndische Spezialit\u00e4t\" class=\"wp-image-7066\" srcset=\"https:\/\/blog.myvideomedia.com\/wp-content\/uploads\/2015\/05\/Saarbruecken_20150422_184930-600x338.jpg 600w, https:\/\/blog.myvideomedia.com\/wp-content\/uploads\/2015\/05\/Saarbruecken_20150422_184930-1260x709.jpg 1260w, https:\/\/blog.myvideomedia.com\/wp-content\/uploads\/2015\/05\/Saarbruecken_20150422_184930.jpg 1304w\" sizes=\"auto, (max-width: 600px) 100vw, 600px\" \/><\/figure><\/div>\n\n\n\n<p><strong>Bitte lesen Sie auch &gt;<\/strong> <a href=\"https:\/\/blog.myvideomedia.com\/de\/hochgeschwindigkeitszug\/\">Fahrt mit dem Hochgeschwindigkeitszug von Saarbr\u00fccken nach Barcelona<\/a><\/p>\n\n\n\n<p>Text, Fotos und Video: Copyright \u00a9 <a href=\"https:\/\/www.myvideomedia.com\/de\" target=\"_blank\" rel=\"noopener noreferrer\">myVideoMedia<\/a><\/p>\n","protected":false},"excerpt":{"rendered":"<p>Saarbr\u00fccken stand eigentlich nicht auf unserem Reiseplan! Vier Wochen Spanien waren geplant, aber durch den Streik der Lokf\u00fchrer Gewerkschaft GDL waren wir gezwungen einen Tag fr\u00fcher anzureisen um unseren Intercity nach Paris zu erreichen. So nutzen wir die Gelegenheit zu einem kleinen Rundgang durch die Innenstadt. Wir haben uns ein Hotel gegen\u00fcber der Kongresshall genommen, [&hellip;]<\/p>\n","protected":false},"author":1,"featured_media":7068,"comment_status":"open","ping_status":"closed","sticky":false,"template":"","format":"standard","meta":{"_genesis_hide_title":false,"_genesis_hide_breadcrumbs":false,"_genesis_hide_singular_image":false,"_genesis_hide_footer_widgets":false,"_genesis_custom_body_class":"","_genesis_custom_post_class":"","_genesis_layout":"","footnotes":""},"categories":[501,1550,921],"tags":[447,584,379],"class_list":{"0":"post-7069","1":"post","2":"type-post","3":"status-publish","4":"format-standard","5":"has-post-thumbnail","7":"category-deutschland","8":"category-europa","9":"category-saarland-de","10":"tag-architektur","11":"tag-city-tour-de","12":"tag-city-tour","13":"entry"},"yoast_head":"<!-- This site is optimized with the Yoast SEO plugin v27.4 - https:\/\/yoast.com\/product\/yoast-seo-wordpress\/ -->\n<title>Saarbr\u00fccken - ein ungeplanter Kurzbesuch - Reise Video Blog<\/title>\n<meta name=\"description\" content=\"Saarbr\u00fccken stand eigentlich nicht auf unserem Reiseplan. Durch einen Streik mussten wir einen Tag fr\u00fcher anreisen\" \/>\n<meta name=\"robots\" content=\"index, follow, max-snippet:-1, max-image-preview:large, max-video-preview:-1\" \/>\n<link rel=\"canonical\" href=\"https:\/\/blog.myvideomedia.com\/de\/saarbrucken-kurzbesuch\/\" \/>\n<meta property=\"og:locale\" content=\"de_DE\" \/>\n<meta property=\"og:type\" content=\"article\" \/>\n<meta property=\"og:title\" content=\"Saarbr\u00fccken - ein ungeplanter Kurzbesuch - Reise Video Blog\" \/>\n<meta property=\"og:description\" content=\"Saarbr\u00fccken stand eigentlich nicht auf unserem Reiseplan. Durch einen Streik mussten wir einen Tag fr\u00fcher anreisen\" \/>\n<meta property=\"og:url\" content=\"https:\/\/blog.myvideomedia.com\/de\/saarbrucken-kurzbesuch\/\" \/>\n<meta property=\"og:site_name\" content=\"Reise Video Blog\" \/>\n<meta property=\"article:publisher\" content=\"https:\/\/www.facebook.com\/ursula.streit.520\" \/>\n<meta property=\"article:author\" content=\"https:\/\/www.facebook.com\/ursula.streit.520\" \/>\n<meta property=\"article:published_time\" content=\"2015-05-23T07:47:27+00:00\" \/>\n<meta property=\"article:modified_time\" content=\"2020-10-14T07:23:18+00:00\" \/>\n<meta property=\"og:image\" content=\"https:\/\/blog.myvideomedia.com\/wp-content\/uploads\/2015\/05\/Saarbruecken_20150422_180758.jpg\" \/>\n\t<meta property=\"og:image:width\" content=\"1304\" \/>\n\t<meta property=\"og:image:height\" content=\"734\" \/>\n\t<meta property=\"og:image:type\" content=\"image\/jpeg\" \/>\n<meta name=\"author\" content=\"myVideoMedia\" \/>\n<meta name=\"twitter:card\" content=\"summary_large_image\" \/>\n<meta name=\"twitter:creator\" content=\"@myvideomedia\" \/>\n<meta name=\"twitter:site\" content=\"@myvideomedia\" \/>\n<meta name=\"twitter:label1\" content=\"Verfasst von\" \/>\n\t<meta name=\"twitter:data1\" content=\"myVideoMedia\" \/>\n\t<meta name=\"twitter:label2\" content=\"Gesch\u00e4tzte Lesezeit\" \/>\n\t<meta name=\"twitter:data2\" content=\"1\u00a0Minute\" \/>\n<script type=\"application\/ld+json\" class=\"yoast-schema-graph\">{\"@context\":\"https:\\\/\\\/schema.org\",\"@graph\":[{\"@type\":\"Article\",\"@id\":\"https:\\\/\\\/blog.myvideomedia.com\\\/de\\\/saarbrucken-kurzbesuch\\\/#article\",\"isPartOf\":{\"@id\":\"https:\\\/\\\/blog.myvideomedia.com\\\/de\\\/saarbrucken-kurzbesuch\\\/\"},\"author\":{\"name\":\"myVideoMedia\",\"@id\":\"https:\\\/\\\/blog.myvideomedia.com\\\/de\\\/#\\\/schema\\\/person\\\/87be8fbbed69b1562242448c1c3dcbec\"},\"headline\":\"Saarbr\u00fccken &#8211; ein ungeplanter Kurzbesuch\",\"datePublished\":\"2015-05-23T07:47:27+00:00\",\"dateModified\":\"2020-10-14T07:23:18+00:00\",\"mainEntityOfPage\":{\"@id\":\"https:\\\/\\\/blog.myvideomedia.com\\\/de\\\/saarbrucken-kurzbesuch\\\/\"},\"wordCount\":262,\"commentCount\":0,\"publisher\":{\"@id\":\"https:\\\/\\\/blog.myvideomedia.com\\\/de\\\/#\\\/schema\\\/person\\\/87be8fbbed69b1562242448c1c3dcbec\"},\"image\":{\"@id\":\"https:\\\/\\\/blog.myvideomedia.com\\\/de\\\/saarbrucken-kurzbesuch\\\/#primaryimage\"},\"thumbnailUrl\":\"https:\\\/\\\/blog.myvideomedia.com\\\/wp-content\\\/uploads\\\/2015\\\/05\\\/Saarbruecken_20150422_180758.jpg\",\"keywords\":[\"Architektur\",\"City tour\",\"City tour\"],\"articleSection\":[\"Deutschland\",\"Europa\",\"Saarland\"],\"inLanguage\":\"de\",\"potentialAction\":[{\"@type\":\"CommentAction\",\"name\":\"Comment\",\"target\":[\"https:\\\/\\\/blog.myvideomedia.com\\\/de\\\/saarbrucken-kurzbesuch\\\/#respond\"]}]},{\"@type\":\"WebPage\",\"@id\":\"https:\\\/\\\/blog.myvideomedia.com\\\/de\\\/saarbrucken-kurzbesuch\\\/\",\"url\":\"https:\\\/\\\/blog.myvideomedia.com\\\/de\\\/saarbrucken-kurzbesuch\\\/\",\"name\":\"Saarbr\u00fccken - ein ungeplanter Kurzbesuch - Reise Video Blog\",\"isPartOf\":{\"@id\":\"https:\\\/\\\/blog.myvideomedia.com\\\/de\\\/#website\"},\"primaryImageOfPage\":{\"@id\":\"https:\\\/\\\/blog.myvideomedia.com\\\/de\\\/saarbrucken-kurzbesuch\\\/#primaryimage\"},\"image\":{\"@id\":\"https:\\\/\\\/blog.myvideomedia.com\\\/de\\\/saarbrucken-kurzbesuch\\\/#primaryimage\"},\"thumbnailUrl\":\"https:\\\/\\\/blog.myvideomedia.com\\\/wp-content\\\/uploads\\\/2015\\\/05\\\/Saarbruecken_20150422_180758.jpg\",\"datePublished\":\"2015-05-23T07:47:27+00:00\",\"dateModified\":\"2020-10-14T07:23:18+00:00\",\"description\":\"Saarbr\u00fccken stand eigentlich nicht auf unserem Reiseplan. Durch einen Streik mussten wir einen Tag fr\u00fcher anreisen\",\"breadcrumb\":{\"@id\":\"https:\\\/\\\/blog.myvideomedia.com\\\/de\\\/saarbrucken-kurzbesuch\\\/#breadcrumb\"},\"inLanguage\":\"de\",\"potentialAction\":[{\"@type\":\"ReadAction\",\"target\":[\"https:\\\/\\\/blog.myvideomedia.com\\\/de\\\/saarbrucken-kurzbesuch\\\/\"]}]},{\"@type\":\"ImageObject\",\"inLanguage\":\"de\",\"@id\":\"https:\\\/\\\/blog.myvideomedia.com\\\/de\\\/saarbrucken-kurzbesuch\\\/#primaryimage\",\"url\":\"https:\\\/\\\/blog.myvideomedia.com\\\/wp-content\\\/uploads\\\/2015\\\/05\\\/Saarbruecken_20150422_180758.jpg\",\"contentUrl\":\"https:\\\/\\\/blog.myvideomedia.com\\\/wp-content\\\/uploads\\\/2015\\\/05\\\/Saarbruecken_20150422_180758.jpg\",\"width\":1304,\"height\":734,\"caption\":\"Saarbr\u00fccken - An der Saar\"},{\"@type\":\"BreadcrumbList\",\"@id\":\"https:\\\/\\\/blog.myvideomedia.com\\\/de\\\/saarbrucken-kurzbesuch\\\/#breadcrumb\",\"itemListElement\":[{\"@type\":\"ListItem\",\"position\":1,\"name\":\"Home\",\"item\":\"https:\\\/\\\/blog.myvideomedia.com\\\/de\\\/\"},{\"@type\":\"ListItem\",\"position\":2,\"name\":\"Saarbr\u00fccken &#8211; ein ungeplanter Kurzbesuch\"}]},{\"@type\":\"WebSite\",\"@id\":\"https:\\\/\\\/blog.myvideomedia.com\\\/de\\\/#website\",\"url\":\"https:\\\/\\\/blog.myvideomedia.com\\\/de\\\/\",\"name\":\"Travel Video Blog\",\"description\":\"myVideoMedia Reisetipps und Reisevideos\",\"publisher\":{\"@id\":\"https:\\\/\\\/blog.myvideomedia.com\\\/de\\\/#\\\/schema\\\/person\\\/87be8fbbed69b1562242448c1c3dcbec\"},\"potentialAction\":[{\"@type\":\"SearchAction\",\"target\":{\"@type\":\"EntryPoint\",\"urlTemplate\":\"https:\\\/\\\/blog.myvideomedia.com\\\/de\\\/?s={search_term_string}\"},\"query-input\":{\"@type\":\"PropertyValueSpecification\",\"valueRequired\":true,\"valueName\":\"search_term_string\"}}],\"inLanguage\":\"de\"},{\"@type\":[\"Person\",\"Organization\"],\"@id\":\"https:\\\/\\\/blog.myvideomedia.com\\\/de\\\/#\\\/schema\\\/person\\\/87be8fbbed69b1562242448c1c3dcbec\",\"name\":\"myVideoMedia\",\"image\":{\"@type\":\"ImageObject\",\"inLanguage\":\"de\",\"@id\":\"https:\\\/\\\/secure.gravatar.com\\\/avatar\\\/460720160715ef8975b781abd1b6985e55ce2f01567bb6757bebd73e7cf74c97?s=96&d=mm&r=g\",\"url\":\"https:\\\/\\\/secure.gravatar.com\\\/avatar\\\/460720160715ef8975b781abd1b6985e55ce2f01567bb6757bebd73e7cf74c97?s=96&d=mm&r=g\",\"contentUrl\":\"https:\\\/\\\/secure.gravatar.com\\\/avatar\\\/460720160715ef8975b781abd1b6985e55ce2f01567bb6757bebd73e7cf74c97?s=96&d=mm&r=g\",\"caption\":\"myVideoMedia\"},\"logo\":{\"@id\":\"https:\\\/\\\/secure.gravatar.com\\\/avatar\\\/460720160715ef8975b781abd1b6985e55ce2f01567bb6757bebd73e7cf74c97?s=96&d=mm&r=g\"},\"description\":\"\\\"The World is a book, and those who do not travel read only a page\\\" - Aurelius Augustinus (354 - 430 AD) Travel is our passion. With our posts and videos we like to inspire people who are planning or preparing for holidays as well as people who simply want to escape from everyday life and dream of faraway countries.\",\"sameAs\":[\"https:\\\/\\\/www.myvideomedia.com\",\"https:\\\/\\\/www.facebook.com\\\/ursula.streit.520\"],\"url\":\"https:\\\/\\\/blog.myvideomedia.com\\\/de\\\/author\\\/traveladm\\\/\"}]}<\/script>\n<!-- \/ Yoast SEO plugin. -->","yoast_head_json":{"title":"Saarbr\u00fccken - ein ungeplanter Kurzbesuch - Reise Video Blog","description":"Saarbr\u00fccken stand eigentlich nicht auf unserem Reiseplan. Durch einen Streik mussten wir einen Tag fr\u00fcher anreisen","robots":{"index":"index","follow":"follow","max-snippet":"max-snippet:-1","max-image-preview":"max-image-preview:large","max-video-preview":"max-video-preview:-1"},"canonical":"https:\/\/blog.myvideomedia.com\/de\/saarbrucken-kurzbesuch\/","og_locale":"de_DE","og_type":"article","og_title":"Saarbr\u00fccken - ein ungeplanter Kurzbesuch - Reise Video Blog","og_description":"Saarbr\u00fccken stand eigentlich nicht auf unserem Reiseplan. Durch einen Streik mussten wir einen Tag fr\u00fcher anreisen","og_url":"https:\/\/blog.myvideomedia.com\/de\/saarbrucken-kurzbesuch\/","og_site_name":"Reise Video Blog","article_publisher":"https:\/\/www.facebook.com\/ursula.streit.520","article_author":"https:\/\/www.facebook.com\/ursula.streit.520","article_published_time":"2015-05-23T07:47:27+00:00","article_modified_time":"2020-10-14T07:23:18+00:00","og_image":[{"width":1304,"height":734,"url":"https:\/\/blog.myvideomedia.com\/wp-content\/uploads\/2015\/05\/Saarbruecken_20150422_180758.jpg","type":"image\/jpeg"}],"author":"myVideoMedia","twitter_card":"summary_large_image","twitter_creator":"@myvideomedia","twitter_site":"@myvideomedia","twitter_misc":{"Verfasst von":"myVideoMedia","Gesch\u00e4tzte Lesezeit":"1\u00a0Minute"},"schema":{"@context":"https:\/\/schema.org","@graph":[{"@type":"Article","@id":"https:\/\/blog.myvideomedia.com\/de\/saarbrucken-kurzbesuch\/#article","isPartOf":{"@id":"https:\/\/blog.myvideomedia.com\/de\/saarbrucken-kurzbesuch\/"},"author":{"name":"myVideoMedia","@id":"https:\/\/blog.myvideomedia.com\/de\/#\/schema\/person\/87be8fbbed69b1562242448c1c3dcbec"},"headline":"Saarbr\u00fccken &#8211; ein ungeplanter Kurzbesuch","datePublished":"2015-05-23T07:47:27+00:00","dateModified":"2020-10-14T07:23:18+00:00","mainEntityOfPage":{"@id":"https:\/\/blog.myvideomedia.com\/de\/saarbrucken-kurzbesuch\/"},"wordCount":262,"commentCount":0,"publisher":{"@id":"https:\/\/blog.myvideomedia.com\/de\/#\/schema\/person\/87be8fbbed69b1562242448c1c3dcbec"},"image":{"@id":"https:\/\/blog.myvideomedia.com\/de\/saarbrucken-kurzbesuch\/#primaryimage"},"thumbnailUrl":"https:\/\/blog.myvideomedia.com\/wp-content\/uploads\/2015\/05\/Saarbruecken_20150422_180758.jpg","keywords":["Architektur","City tour","City tour"],"articleSection":["Deutschland","Europa","Saarland"],"inLanguage":"de","potentialAction":[{"@type":"CommentAction","name":"Comment","target":["https:\/\/blog.myvideomedia.com\/de\/saarbrucken-kurzbesuch\/#respond"]}]},{"@type":"WebPage","@id":"https:\/\/blog.myvideomedia.com\/de\/saarbrucken-kurzbesuch\/","url":"https:\/\/blog.myvideomedia.com\/de\/saarbrucken-kurzbesuch\/","name":"Saarbr\u00fccken - ein ungeplanter Kurzbesuch - Reise Video Blog","isPartOf":{"@id":"https:\/\/blog.myvideomedia.com\/de\/#website"},"primaryImageOfPage":{"@id":"https:\/\/blog.myvideomedia.com\/de\/saarbrucken-kurzbesuch\/#primaryimage"},"image":{"@id":"https:\/\/blog.myvideomedia.com\/de\/saarbrucken-kurzbesuch\/#primaryimage"},"thumbnailUrl":"https:\/\/blog.myvideomedia.com\/wp-content\/uploads\/2015\/05\/Saarbruecken_20150422_180758.jpg","datePublished":"2015-05-23T07:47:27+00:00","dateModified":"2020-10-14T07:23:18+00:00","description":"Saarbr\u00fccken stand eigentlich nicht auf unserem Reiseplan. Durch einen Streik mussten wir einen Tag fr\u00fcher anreisen","breadcrumb":{"@id":"https:\/\/blog.myvideomedia.com\/de\/saarbrucken-kurzbesuch\/#breadcrumb"},"inLanguage":"de","potentialAction":[{"@type":"ReadAction","target":["https:\/\/blog.myvideomedia.com\/de\/saarbrucken-kurzbesuch\/"]}]},{"@type":"ImageObject","inLanguage":"de","@id":"https:\/\/blog.myvideomedia.com\/de\/saarbrucken-kurzbesuch\/#primaryimage","url":"https:\/\/blog.myvideomedia.com\/wp-content\/uploads\/2015\/05\/Saarbruecken_20150422_180758.jpg","contentUrl":"https:\/\/blog.myvideomedia.com\/wp-content\/uploads\/2015\/05\/Saarbruecken_20150422_180758.jpg","width":1304,"height":734,"caption":"Saarbr\u00fccken - An der Saar"},{"@type":"BreadcrumbList","@id":"https:\/\/blog.myvideomedia.com\/de\/saarbrucken-kurzbesuch\/#breadcrumb","itemListElement":[{"@type":"ListItem","position":1,"name":"Home","item":"https:\/\/blog.myvideomedia.com\/de\/"},{"@type":"ListItem","position":2,"name":"Saarbr\u00fccken &#8211; ein ungeplanter Kurzbesuch"}]},{"@type":"WebSite","@id":"https:\/\/blog.myvideomedia.com\/de\/#website","url":"https:\/\/blog.myvideomedia.com\/de\/","name":"Travel Video Blog","description":"myVideoMedia Reisetipps und Reisevideos","publisher":{"@id":"https:\/\/blog.myvideomedia.com\/de\/#\/schema\/person\/87be8fbbed69b1562242448c1c3dcbec"},"potentialAction":[{"@type":"SearchAction","target":{"@type":"EntryPoint","urlTemplate":"https:\/\/blog.myvideomedia.com\/de\/?s={search_term_string}"},"query-input":{"@type":"PropertyValueSpecification","valueRequired":true,"valueName":"search_term_string"}}],"inLanguage":"de"},{"@type":["Person","Organization"],"@id":"https:\/\/blog.myvideomedia.com\/de\/#\/schema\/person\/87be8fbbed69b1562242448c1c3dcbec","name":"myVideoMedia","image":{"@type":"ImageObject","inLanguage":"de","@id":"https:\/\/secure.gravatar.com\/avatar\/460720160715ef8975b781abd1b6985e55ce2f01567bb6757bebd73e7cf74c97?s=96&d=mm&r=g","url":"https:\/\/secure.gravatar.com\/avatar\/460720160715ef8975b781abd1b6985e55ce2f01567bb6757bebd73e7cf74c97?s=96&d=mm&r=g","contentUrl":"https:\/\/secure.gravatar.com\/avatar\/460720160715ef8975b781abd1b6985e55ce2f01567bb6757bebd73e7cf74c97?s=96&d=mm&r=g","caption":"myVideoMedia"},"logo":{"@id":"https:\/\/secure.gravatar.com\/avatar\/460720160715ef8975b781abd1b6985e55ce2f01567bb6757bebd73e7cf74c97?s=96&d=mm&r=g"},"description":"\"The World is a book, and those who do not travel read only a page\" - Aurelius Augustinus (354 - 430 AD) Travel is our passion. With our posts and videos we like to inspire people who are planning or preparing for holidays as well as people who simply want to escape from everyday life and dream of faraway countries.","sameAs":["https:\/\/www.myvideomedia.com","https:\/\/www.facebook.com\/ursula.streit.520"],"url":"https:\/\/blog.myvideomedia.com\/de\/author\/traveladm\/"}]}},"featured_image_src":"https:\/\/blog.myvideomedia.com\/wp-content\/uploads\/2015\/05\/Saarbruecken_20150422_180758.jpg","featured_image_src_square":"https:\/\/blog.myvideomedia.com\/wp-content\/uploads\/2015\/05\/Saarbruecken_20150422_180758.jpg","author_info":{"display_name":"myVideoMedia","author_link":"https:\/\/blog.myvideomedia.com\/de\/author\/traveladm\/"},"_links":{"self":[{"href":"https:\/\/blog.myvideomedia.com\/de\/wp-json\/wp\/v2\/posts\/7069","targetHints":{"allow":["GET"]}}],"collection":[{"href":"https:\/\/blog.myvideomedia.com\/de\/wp-json\/wp\/v2\/posts"}],"about":[{"href":"https:\/\/blog.myvideomedia.com\/de\/wp-json\/wp\/v2\/types\/post"}],"author":[{"embeddable":true,"href":"https:\/\/blog.myvideomedia.com\/de\/wp-json\/wp\/v2\/users\/1"}],"replies":[{"embeddable":true,"href":"https:\/\/blog.myvideomedia.com\/de\/wp-json\/wp\/v2\/comments?post=7069"}],"version-history":[{"count":0,"href":"https:\/\/blog.myvideomedia.com\/de\/wp-json\/wp\/v2\/posts\/7069\/revisions"}],"wp:featuredmedia":[{"embeddable":true,"href":"https:\/\/blog.myvideomedia.com\/de\/wp-json\/wp\/v2\/media\/7068"}],"wp:attachment":[{"href":"https:\/\/blog.myvideomedia.com\/de\/wp-json\/wp\/v2\/media?parent=7069"}],"wp:term":[{"taxonomy":"category","embeddable":true,"href":"https:\/\/blog.myvideomedia.com\/de\/wp-json\/wp\/v2\/categories?post=7069"},{"taxonomy":"post_tag","embeddable":true,"href":"https:\/\/blog.myvideomedia.com\/de\/wp-json\/wp\/v2\/tags?post=7069"}],"curies":[{"name":"wp","href":"https:\/\/api.w.org\/{rel}","templated":true}]}}