{"id":7078,"date":"2015-05-25T10:10:33","date_gmt":"2015-05-25T09:10:33","guid":{"rendered":"https:\/\/blog.myvideomedia.com\/?p=7078"},"modified":"2020-09-20T15:13:10","modified_gmt":"2020-09-20T14:13:10","slug":"hochgeschwindigkeitszug","status":"publish","type":"post","link":"https:\/\/blog.myvideomedia.com\/de\/hochgeschwindigkeitszug\/","title":{"rendered":"Fahrt mit dem Hochgeschwindigkeitszug von Saarbr\u00fccken nach Barcelona"},"content":{"rendered":"\n<p>Trotz Bahnstreiks durch die Lokf\u00fchrer-Gewerkschaft GDL f\u00e4hrt unser Intercity der DB nach Paris p\u00fcnktlich auf dem Bahnhof von <a href=\"https:\/\/blog.myvideomedia.com\/de\/saarbrucken-kurzbesuch\/\">Saarbr\u00fccken<\/a> ein. Wir haben uns einen <strong>Renfe Pass<\/strong> f\u00fcr Spanien gekauft, der es erlaubt mit den Hochgeschwindigkeitsz\u00fcgen in Spanien umher zu reisen. Deshalb haben wir beschlossen auch von Deutschland bis Spanien den Zug zu nehmen. Die Tickets haben wir problemlos \u00fcber Internet bei Voyages-SNCF gebucht. Eine Entscheidung, die wir nicht bereuen.<\/p>\n\n\n\n<div id=\"ez-toc-container\" class=\"ez-toc-v2_0_82_2 counter-hierarchy ez-toc-counter ez-toc-grey ez-toc-container-direction\">\n<div class=\"ez-toc-title-container\">\n<p class=\"ez-toc-title\" style=\"cursor:inherit\">Inhaltsverzeichnis<\/p>\n<span class=\"ez-toc-title-toggle\"><a href=\"#\" class=\"ez-toc-pull-right ez-toc-btn ez-toc-btn-xs ez-toc-btn-default ez-toc-toggle\" aria-label=\"Toggle Table of Content\"><span class=\"ez-toc-js-icon-con\"><span class=\"\"><span class=\"eztoc-hide\" style=\"display:none;\">Toggle<\/span><span class=\"ez-toc-icon-toggle-span\"><svg style=\"fill: #999;color:#999\" xmlns=\"http:\/\/www.w3.org\/2000\/svg\" class=\"list-377408\" width=\"20px\" height=\"20px\" viewBox=\"0 0 24 24\" fill=\"none\"><path d=\"M6 6H4v2h2V6zm14 0H8v2h12V6zM4 11h2v2H4v-2zm16 0H8v2h12v-2zM4 16h2v2H4v-2zm16 0H8v2h12v-2z\" fill=\"currentColor\"><\/path><\/svg><svg style=\"fill: #999;color:#999\" class=\"arrow-unsorted-368013\" xmlns=\"http:\/\/www.w3.org\/2000\/svg\" width=\"10px\" height=\"10px\" viewBox=\"0 0 24 24\" version=\"1.2\" baseProfile=\"tiny\"><path d=\"M18.2 9.3l-6.2-6.3-6.2 6.3c-.2.2-.3.4-.3.7s.1.5.3.7c.2.2.4.3.7.3h11c.3 0 .5-.1.7-.3.2-.2.3-.5.3-.7s-.1-.5-.3-.7zM5.8 14.7l6.2 6.3 6.2-6.3c.2-.2.3-.5.3-.7s-.1-.5-.3-.7c-.2-.2-.4-.3-.7-.3h-11c-.3 0-.5.1-.7.3-.2.2-.3.5-.3.7s.1.5.3.7z\"\/><\/svg><\/span><\/span><\/span><\/a><\/span><\/div>\n<nav><ul class='ez-toc-list ez-toc-list-level-1 ' ><ul class='ez-toc-list-level-3' ><li class='ez-toc-heading-level-3'><a class=\"ez-toc-link ez-toc-heading-1\" href=\"https:\/\/blog.myvideomedia.com\/de\/hochgeschwindigkeitszug\/#4k_UltraHD_Video_%E2%80%93_Fahrt_mit_dem_Hochgeschwindigkeitszug\" >4k UltraHD Video\u00a0&#8211; Fahrt mit dem Hochgeschwindigkeitszug<\/a><\/li><\/ul><\/li><li class='ez-toc-page-1 ez-toc-heading-level-2'><a class=\"ez-toc-link ez-toc-heading-2\" href=\"https:\/\/blog.myvideomedia.com\/de\/hochgeschwindigkeitszug\/#Paris\" >Paris<\/a><\/li><li class='ez-toc-page-1 ez-toc-heading-level-2'><a class=\"ez-toc-link ez-toc-heading-3\" href=\"https:\/\/blog.myvideomedia.com\/de\/hochgeschwindigkeitszug\/#Nimes_%E2%80%93_Sete\" >Nimes &#8211; Sete<\/a><\/li><li class='ez-toc-page-1 ez-toc-heading-level-2'><a class=\"ez-toc-link ez-toc-heading-4\" href=\"https:\/\/blog.myvideomedia.com\/de\/hochgeschwindigkeitszug\/#Pyrenaeen\" >Pyren\u00e4en<\/a><\/li><li class='ez-toc-page-1 ez-toc-heading-level-2'><a class=\"ez-toc-link ez-toc-heading-5\" href=\"https:\/\/blog.myvideomedia.com\/de\/hochgeschwindigkeitszug\/#Barcelona\" >Barcelona<\/a><\/li><\/ul><\/nav><\/div>\n<h3 class=\"has-text-align-center wp-block-heading\"><span class=\"ez-toc-section\" id=\"4k_UltraHD_Video_%E2%80%93_Fahrt_mit_dem_Hochgeschwindigkeitszug\"><\/span><a href=\"https:\/\/youtu.be\/OaFDxvlgVhA\" target=\"_blank\" rel=\"noopener nofollow noreferrer\">4k UltraHD Video\u00a0&#8211; Fahrt mit dem Hochgeschwindigkeitszug<\/a><span class=\"ez-toc-section-end\"><\/span><\/h3>\n\n\n\n<figure> <div class=\"brlbs-cmpnt-container brlbs-cmpnt-content-blocker brlbs-cmpnt-with-individual-styles\" data-borlabs-cookie-content-blocker-id=\"youtube-content-blocker\" data-borlabs-cookie-content=\"PGlmcmFtZSBzcmM9Imh0dHBzOi8vd3d3LnlvdXR1YmUtbm9jb29raWUuY29tL2VtYmVkL09hRkR4dmxnVmhBIiB3aWR0aD0iNjAwIiBoZWlnaHQ9IjMzOCI+PC9pZnJhbWU+\"><div class=\"brlbs-cmpnt-cb-preset-c brlbs-cmpnt-cb-youtube\"> <div class=\"brlbs-cmpnt-cb-thumbnail\" style=\"background-image: url('https:\/\/blog.myvideomedia.com\/wp-content\/uploads\/borlabs-cookie\/1\/yt_OaFDxvlgVhA_hqdefault.jpg')\"><\/div> <div class=\"brlbs-cmpnt-cb-main\"> <div class=\"brlbs-cmpnt-cb-play-button\"><\/div> <div class=\"brlbs-cmpnt-cb-content\"> <p class=\"brlbs-cmpnt-cb-description\">Sie sehen gerade einen Platzhalterinhalt von <strong>YouTube<\/strong>. Um auf den eigentlichen Inhalt zuzugreifen, klicken Sie auf die Schaltfl\u00e4che unten. Bitte beachten Sie, dass dabei Daten an Drittanbieter weitergegeben werden.<\/p> <a class=\"brlbs-cmpnt-cb-provider-toggle\" href=\"#\" data-borlabs-cookie-show-provider-information role=\"button\">Mehr Informationen<\/a> <\/div> <div class=\"brlbs-cmpnt-cb-buttons\"> <a class=\"brlbs-cmpnt-cb-btn\" href=\"#\" data-borlabs-cookie-unblock role=\"button\">Inhalt entsperren<\/a> <a class=\"brlbs-cmpnt-cb-btn\" href=\"#\" data-borlabs-cookie-accept-service role=\"button\" style=\"display: inherit\">Erforderlichen Service akzeptieren und Inhalte entsperren<\/a> <\/div> <\/div> <\/div><\/div><\/figure>\n\n\n\n<p>Ver\u00e4rgert \u00fcber den Bahnstreik sind wir trotzdem, da wir eine zus\u00e4tzliche \u00dcbernachtung in Saarbr\u00fccken einlegen mussten, um den Zug nach Paris zu erreichen. Noch wissen wir nicht, dass uns bei der R\u00fcckkehr der n\u00e4chste Streik der GDL \u00fcberraschte.<\/p>\n\n\n\n<div class=\"wp-block-image\"><figure class=\"aligncenter\"><img loading=\"lazy\" decoding=\"async\" width=\"600\" height=\"338\" src=\"https:\/\/blog.myvideomedia.com\/wp-content\/uploads\/2015\/05\/Zugfahrt_Bild001-600x338.jpg\" alt=\"Hochgeschwindigkeitszug\" class=\"wp-image-7080\" srcset=\"https:\/\/blog.myvideomedia.com\/wp-content\/uploads\/2015\/05\/Zugfahrt_Bild001-600x338.jpg 600w, https:\/\/blog.myvideomedia.com\/wp-content\/uploads\/2015\/05\/Zugfahrt_Bild001-1260x709.jpg 1260w, https:\/\/blog.myvideomedia.com\/wp-content\/uploads\/2015\/05\/Zugfahrt_Bild001.jpg 1304w\" sizes=\"auto, (max-width: 600px) 100vw, 600px\" \/><\/figure><\/div>\n\n\n\n<p>Die ersten Kilometer von Saarbr\u00fccken ins benachbarte Frankreich verlaufen noch gem\u00e4chlich. Erst als der Zug die schmalen T\u00e4ler hinter sich l\u00e4sst, beschleunigt er auf 320 km\/h. Eine Geschwindigkeit, die er fast die ganze restliche Strecke nach Paris beibeh\u00e4lt. Gro\u00dfe landwirtschaftliche Fl\u00e4chen und W\u00e4lder fliegen an unserem Auge vorbei.<\/p>\n\n\n\n<p>F\u00fcr die Fokussierung auf ein bestimmtes Highlight, wie ein Chateau bleiben nur wenige Sekunden Zeit und schon ist es wieder aus dem Geschichtskreis verschwunden. Die Zeit vergeht rasch und nach ann\u00e4hernd 2 Stunden erreichen wir Paris auf die Minute p\u00fcnktlich.<\/p>\n\n\n\n<h2 class=\"wp-block-heading\"><span class=\"ez-toc-section\" id=\"Paris\"><\/span>Paris<span class=\"ez-toc-section-end\"><\/span><\/h2>\n\n\n\n<p>Unsere Ankunft erfolgt am Gare de l&#8217;Est. Auf dem Vorplatz erstaunt uns eine Ausstellung mit drei Trabis und Gem\u00e4lden, die die ehemalige DDR und den Mauerfall behandelt.<\/p>\n\n\n\n<div class=\"wp-block-image\"><figure class=\"aligncenter\"><img loading=\"lazy\" decoding=\"async\" width=\"600\" height=\"338\" src=\"https:\/\/blog.myvideomedia.com\/wp-content\/uploads\/2015\/05\/Zugfahrt_20150423_101342-600x338.jpg\" alt=\"Ausstellung Paris\" class=\"wp-image-7075\" srcset=\"https:\/\/blog.myvideomedia.com\/wp-content\/uploads\/2015\/05\/Zugfahrt_20150423_101342-600x338.jpg 600w, https:\/\/blog.myvideomedia.com\/wp-content\/uploads\/2015\/05\/Zugfahrt_20150423_101342-1260x709.jpg 1260w, https:\/\/blog.myvideomedia.com\/wp-content\/uploads\/2015\/05\/Zugfahrt_20150423_101342.jpg 1304w\" sizes=\"auto, (max-width: 600px) 100vw, 600px\" \/><\/figure><\/div>\n\n\n\n<p>Zur Weiterfahrt von Paris nach Barcelona muss man in Paris den Bahnhof wechseln. So fahren wir mit der Metro vom Gare de l&#8217;Est zum Gare de Lyon. Die Metro Tickets konnten wir beim Schaffner kaufen. Nat\u00fcrlich, h\u00e4tten wir auch ein Taxi nehmen k\u00f6nnen, da wir 4 Stunden Zeit hatten und an der Bastille umsteigen m\u00fcssen, g\u00f6nnen wir uns noch einen Kaffee am Place de la Bastille.<\/p>\n\n\n\n<div class=\"wp-block-image\"><figure class=\"aligncenter\"><img loading=\"lazy\" decoding=\"async\" width=\"600\" height=\"338\" src=\"https:\/\/blog.myvideomedia.com\/wp-content\/uploads\/2015\/05\/Zugfahrt_Bild006-600x338.jpg\" alt=\"Blick auf die Seine\" class=\"wp-image-7082\" srcset=\"https:\/\/blog.myvideomedia.com\/wp-content\/uploads\/2015\/05\/Zugfahrt_Bild006-600x338.jpg 600w, https:\/\/blog.myvideomedia.com\/wp-content\/uploads\/2015\/05\/Zugfahrt_Bild006-1260x709.jpg 1260w, https:\/\/blog.myvideomedia.com\/wp-content\/uploads\/2015\/05\/Zugfahrt_Bild006.jpg 1304w\" sizes=\"auto, (max-width: 600px) 100vw, 600px\" \/><\/figure><\/div>\n\n\n\n<p>Ausserdem nutzen auch die Zeit uns auf dem Place de la Bastille umzusehen. Neben einer Triumphs\u00e4ule, wurde hier eine moderne Oper errichtet. Auch die Seine bietet von hier aus einen sch\u00f6nen Anblick.<\/p>\n\n\n\n<p>Der Gare de Lyon ist in zwei Hallen unterteilt. In der ersten Halle wird der normal Zugverkehr innerhalb Frankreichs abgewickelt, in der zweiten Halle der Fernverkehr. Die zweite Halle ist modern und hell mit Licht durchflutet. Inmitten der Halle steht ein Klavier und jeder der es sich zutraut, darf darauf spielen. Zwei junge M\u00e4nner, die ausgezeichnet spielen bieten den Wartenden ein gelungenes Konzert, das auch mit Applaus belohnt wird.<\/p>\n\n\n\n<div class=\"wp-block-image\"><figure class=\"aligncenter\"><img loading=\"lazy\" decoding=\"async\" width=\"600\" height=\"338\" src=\"https:\/\/blog.myvideomedia.com\/wp-content\/uploads\/2015\/05\/Zugfahrt_20150423_134740-600x338.jpg\" alt=\"Hochgeschwindigkeitszug\" class=\"wp-image-7077\" srcset=\"https:\/\/blog.myvideomedia.com\/wp-content\/uploads\/2015\/05\/Zugfahrt_20150423_134740-600x338.jpg 600w, https:\/\/blog.myvideomedia.com\/wp-content\/uploads\/2015\/05\/Zugfahrt_20150423_134740-1260x709.jpg 1260w, https:\/\/blog.myvideomedia.com\/wp-content\/uploads\/2015\/05\/Zugfahrt_20150423_134740.jpg 1304w\" sizes=\"auto, (max-width: 600px) 100vw, 600px\" \/><\/figure><\/div>\n\n\n\n<p>Ab Paris verkehrt ein TGV der franz\u00f6sischen Bahngesellschaft SNCF. Der Zug ist doppelst\u00f6ckig und wir haben zwei Sitze im oberen Stockwerk reserviert, womit ein guter Ausblick gegeben ist. Schon unmittelbar nach dem Verlassen des Bahnhofs erreicht der TGV eine Geschwindigkeit von 300 km\/h, Die er mit wenigen Ausnahmen bis Valence beibeh\u00e4lt. Nach 2 Stunden befindet man sich bereits im S\u00fcden Frankreichs.<\/p>\n\n\n\n<p>Nach Paris ist das Gel\u00e4nde sehr eben und auch von gro\u00dfen Agrarfl\u00e4chen bedeckt. Danach wird es etwas h\u00fcgeliger und auch die Waldfl\u00e4chen mehren sich. Erst mit Erreichen des Rhone Tals wird es abwechslungsreicher. Die Landschaft und Pflanzen besitzen bereits einen mediterranen Flair. Erste Felsw\u00e4nde sind zu sehen und in der Ferne kann man die schneebedeckten Alpen erkennen.Mehrmals wird die Rhone \u00fcberquert, was jedes mal den Blick in die Ferne freigibt.<\/p>\n\n\n\n<h2 class=\"wp-block-heading\"><span class=\"ez-toc-section\" id=\"Nimes_%E2%80%93_Sete\"><\/span>Nimes &#8211; Sete<span class=\"ez-toc-section-end\"><\/span><\/h2>\n\n\n\n<p>Ab Nimes geht es etwas gem\u00e4chlicher weiter, was aber kein Nachteil ist. Ab Sete f\u00e4hrt der Zug direkt durch die Lagunen Landschaft. Auch ein Blick auf den K\u00f6nigskanal von Sete wird dem Passagier aus dem Zug geg\u00f6nnt.<\/p>\n\n\n\n<div class=\"wp-block-image\"><figure class=\"aligncenter\"><img loading=\"lazy\" decoding=\"async\" width=\"600\" height=\"338\" src=\"https:\/\/blog.myvideomedia.com\/wp-content\/uploads\/2015\/05\/Zugfahrt_Bild011-600x338.jpg\" alt=\"Kanal Nimes - Sete\" class=\"wp-image-7090\" srcset=\"https:\/\/blog.myvideomedia.com\/wp-content\/uploads\/2015\/05\/Zugfahrt_Bild011-600x338.jpg 600w, https:\/\/blog.myvideomedia.com\/wp-content\/uploads\/2015\/05\/Zugfahrt_Bild011-1260x709.jpg 1260w, https:\/\/blog.myvideomedia.com\/wp-content\/uploads\/2015\/05\/Zugfahrt_Bild011.jpg 1304w\" sizes=\"auto, (max-width: 600px) 100vw, 600px\" \/><\/figure><\/div>\n\n\n\n<p>Zwischen Sete und Cap d&#8217;Adge, sowie ab Narbonne wurde der Bahndamm direkt entlang der Meeresk\u00fcste und im Marschland verlegt.<\/p>\n\n\n\n<h2 class=\"wp-block-heading\"><span class=\"ez-toc-section\" id=\"Pyrenaeen\"><\/span>Pyren\u00e4en<span class=\"ez-toc-section-end\"><\/span><\/h2>\n\n\n\n<p>Bei den Pyren\u00e4en tr\u00fcbt sich das Wetter etwas ein, doch es reicht um einen Blick auf die Schnee bedeckten Gipfel zu erhaschen. Der Grenz\u00fcbertritt zwischen Frankreich und Spanien erfolgt unterirdisch in einem Tunnel.<\/p>\n\n\n\n<div class=\"wp-block-image\"><figure class=\"aligncenter\"><img loading=\"lazy\" decoding=\"async\" width=\"600\" height=\"338\" src=\"https:\/\/blog.myvideomedia.com\/wp-content\/uploads\/2015\/05\/Zugfahrt_Bild013-600x338.jpg\" alt=\"Pyren\u00e4en\" class=\"wp-image-7086\" srcset=\"https:\/\/blog.myvideomedia.com\/wp-content\/uploads\/2015\/05\/Zugfahrt_Bild013-600x338.jpg 600w, https:\/\/blog.myvideomedia.com\/wp-content\/uploads\/2015\/05\/Zugfahrt_Bild013-1260x709.jpg 1260w, https:\/\/blog.myvideomedia.com\/wp-content\/uploads\/2015\/05\/Zugfahrt_Bild013.jpg 1304w\" sizes=\"auto, (max-width: 600px) 100vw, 600px\" \/><\/figure><\/div>\n\n\n\n<p>Eigentlich hatten wir vor, von Girona noch ein Foto aus dem Zug zu machen, doch der verkehrt im gesamten Stadtgebiet unterirdisch. Nur der Regional-Verkehr f\u00fchrt \u00fcber eine Hochbr\u00fccke.<\/p>\n\n\n\n<h2 class=\"wp-block-heading\"><span class=\"ez-toc-section\" id=\"Barcelona\"><\/span>Barcelona<span class=\"ez-toc-section-end\"><\/span><\/h2>\n\n\n\n<p>Mit der untergehenden Sonne erreichen wir Barcelona. Sechs Stunden waren wir von Paris aus unterwegs gewesen, doch die Zeit war rasch vergangen.<\/p>\n\n\n\n<div class=\"wp-block-image\"><figure class=\"aligncenter\"><img loading=\"lazy\" decoding=\"async\" width=\"600\" height=\"338\" src=\"https:\/\/blog.myvideomedia.com\/wp-content\/uploads\/2015\/05\/Zugfahrt_Bild014-600x338.jpg\" alt=\"Ankunft Barcelona\" class=\"wp-image-7088\" srcset=\"https:\/\/blog.myvideomedia.com\/wp-content\/uploads\/2015\/05\/Zugfahrt_Bild014-600x338.jpg 600w, https:\/\/blog.myvideomedia.com\/wp-content\/uploads\/2015\/05\/Zugfahrt_Bild014-1260x709.jpg 1260w, https:\/\/blog.myvideomedia.com\/wp-content\/uploads\/2015\/05\/Zugfahrt_Bild014.jpg 1304w\" sizes=\"auto, (max-width: 600px) 100vw, 600px\" \/><\/figure><\/div>\n\n\n\n<p>Entspannt konnten wir ins unser Hotel fahren und unser erstes spanisches Abendessen in Barcelona genie\u00dfen.<\/p>\n\n\n\n<p>Bitte lesen Sie weiter &gt; <a href=\"https:\/\/blog.myvideomedia.com\/de\/hochgeschwindigkeitszug-girona-madrid\/\" target=\"_blank\" rel=\"noopener noreferrer\">Hochgeschwindigkeitszug Girona nach Madrid<\/a><\/p>\n\n\n\n<p>Text, Fotos und Video: Copyright \u00a9 <a href=\"https:\/\/www.myvideomedia.com\/de\" target=\"_blank\" rel=\"noopener noreferrer\">myVideoMedia<\/a><\/p>\n","protected":false},"excerpt":{"rendered":"<p>Trotz Bahnstreiks durch die Lokf\u00fchrer-Gewerkschaft GDL f\u00e4hrt unser Intercity der DB nach Paris p\u00fcnktlich auf dem Bahnhof von Saarbr\u00fccken ein. Wir haben uns einen Renfe Pass f\u00fcr Spanien gekauft, der es erlaubt mit den Hochgeschwindigkeitsz\u00fcgen in Spanien umher zu reisen. Deshalb haben wir beschlossen auch von Deutschland bis Spanien den Zug zu nehmen. Die Tickets [&hellip;]<\/p>\n","protected":false},"author":1,"featured_media":7077,"comment_status":"open","ping_status":"closed","sticky":false,"template":"","format":"standard","meta":{"_genesis_hide_title":false,"_genesis_hide_breadcrumbs":false,"_genesis_hide_singular_image":false,"_genesis_hide_footer_widgets":false,"_genesis_custom_body_class":"","_genesis_custom_post_class":"","_genesis_layout":"","footnotes":""},"categories":[501,1550,442,921,526],"tags":[669],"class_list":{"0":"post-7078","1":"post","2":"type-post","3":"status-publish","4":"format-standard","5":"has-post-thumbnail","7":"category-deutschland","8":"category-europa","9":"category-frankreich","10":"category-saarland-de","11":"category-spanien","12":"tag-zugfahrt","13":"entry"},"yoast_head":"<!-- This site is optimized with the Yoast SEO plugin v27.4 - https:\/\/yoast.com\/product\/yoast-seo-wordpress\/ -->\n<title>Fahrt mit dem Hochgeschwindigkeitszug von Saarbr\u00fccken nach Barcelona<\/title>\n<meta name=\"description\" content=\"Impressionen unseres Fahrt mit Renfe-SNCF Hochgeschwindigkeitszug von Saarbr\u00fccken \u00fcber Paris nach Barcelona.\" \/>\n<meta name=\"robots\" content=\"index, follow, max-snippet:-1, max-image-preview:large, max-video-preview:-1\" \/>\n<link rel=\"canonical\" href=\"https:\/\/blog.myvideomedia.com\/de\/hochgeschwindigkeitszug\/\" \/>\n<meta property=\"og:locale\" content=\"de_DE\" \/>\n<meta property=\"og:type\" content=\"article\" \/>\n<meta property=\"og:title\" content=\"Fahrt mit dem Hochgeschwindigkeitszug von Saarbr\u00fccken nach Barcelona\" \/>\n<meta property=\"og:description\" content=\"Impressionen unseres Fahrt mit Renfe-SNCF Hochgeschwindigkeitszug von Saarbr\u00fccken \u00fcber Paris nach Barcelona.\" \/>\n<meta property=\"og:url\" content=\"https:\/\/blog.myvideomedia.com\/de\/hochgeschwindigkeitszug\/\" \/>\n<meta property=\"og:site_name\" content=\"Reise Video Blog\" \/>\n<meta property=\"article:publisher\" content=\"https:\/\/www.facebook.com\/ursula.streit.520\" \/>\n<meta property=\"article:author\" content=\"https:\/\/www.facebook.com\/ursula.streit.520\" \/>\n<meta property=\"article:published_time\" content=\"2015-05-25T09:10:33+00:00\" \/>\n<meta property=\"article:modified_time\" content=\"2020-09-20T14:13:10+00:00\" \/>\n<meta property=\"og:image\" content=\"https:\/\/blog.myvideomedia.com\/wp-content\/uploads\/2015\/05\/Zugfahrt_20150423_134740.jpg\" \/>\n\t<meta property=\"og:image:width\" content=\"1304\" \/>\n\t<meta property=\"og:image:height\" content=\"734\" \/>\n\t<meta property=\"og:image:type\" content=\"image\/jpeg\" \/>\n<meta name=\"author\" content=\"myVideoMedia\" \/>\n<meta name=\"twitter:card\" content=\"summary_large_image\" \/>\n<meta name=\"twitter:creator\" content=\"@myvideomedia\" \/>\n<meta name=\"twitter:site\" content=\"@myvideomedia\" \/>\n<meta name=\"twitter:label1\" content=\"Verfasst von\" \/>\n\t<meta name=\"twitter:data1\" content=\"myVideoMedia\" \/>\n\t<meta name=\"twitter:label2\" content=\"Gesch\u00e4tzte Lesezeit\" \/>\n\t<meta name=\"twitter:data2\" content=\"4\u00a0Minuten\" \/>\n<script type=\"application\/ld+json\" class=\"yoast-schema-graph\">{\"@context\":\"https:\\\/\\\/schema.org\",\"@graph\":[{\"@type\":\"Article\",\"@id\":\"https:\\\/\\\/blog.myvideomedia.com\\\/de\\\/hochgeschwindigkeitszug\\\/#article\",\"isPartOf\":{\"@id\":\"https:\\\/\\\/blog.myvideomedia.com\\\/de\\\/hochgeschwindigkeitszug\\\/\"},\"author\":{\"name\":\"myVideoMedia\",\"@id\":\"https:\\\/\\\/blog.myvideomedia.com\\\/de\\\/#\\\/schema\\\/person\\\/87be8fbbed69b1562242448c1c3dcbec\"},\"headline\":\"Fahrt mit dem Hochgeschwindigkeitszug von Saarbr\u00fccken nach Barcelona\",\"datePublished\":\"2015-05-25T09:10:33+00:00\",\"dateModified\":\"2020-09-20T14:13:10+00:00\",\"mainEntityOfPage\":{\"@id\":\"https:\\\/\\\/blog.myvideomedia.com\\\/de\\\/hochgeschwindigkeitszug\\\/\"},\"wordCount\":766,\"commentCount\":0,\"publisher\":{\"@id\":\"https:\\\/\\\/blog.myvideomedia.com\\\/de\\\/#\\\/schema\\\/person\\\/87be8fbbed69b1562242448c1c3dcbec\"},\"image\":{\"@id\":\"https:\\\/\\\/blog.myvideomedia.com\\\/de\\\/hochgeschwindigkeitszug\\\/#primaryimage\"},\"thumbnailUrl\":\"https:\\\/\\\/blog.myvideomedia.com\\\/wp-content\\\/uploads\\\/2015\\\/05\\\/Zugfahrt_20150423_134740.jpg\",\"keywords\":[\"Zugfahrt\"],\"articleSection\":[\"Deutschland\",\"Europa\",\"Frankreich\",\"Saarland\",\"Spanien\"],\"inLanguage\":\"de\",\"potentialAction\":[{\"@type\":\"CommentAction\",\"name\":\"Comment\",\"target\":[\"https:\\\/\\\/blog.myvideomedia.com\\\/de\\\/hochgeschwindigkeitszug\\\/#respond\"]}]},{\"@type\":\"WebPage\",\"@id\":\"https:\\\/\\\/blog.myvideomedia.com\\\/de\\\/hochgeschwindigkeitszug\\\/\",\"url\":\"https:\\\/\\\/blog.myvideomedia.com\\\/de\\\/hochgeschwindigkeitszug\\\/\",\"name\":\"Fahrt mit dem Hochgeschwindigkeitszug von Saarbr\u00fccken nach Barcelona\",\"isPartOf\":{\"@id\":\"https:\\\/\\\/blog.myvideomedia.com\\\/de\\\/#website\"},\"primaryImageOfPage\":{\"@id\":\"https:\\\/\\\/blog.myvideomedia.com\\\/de\\\/hochgeschwindigkeitszug\\\/#primaryimage\"},\"image\":{\"@id\":\"https:\\\/\\\/blog.myvideomedia.com\\\/de\\\/hochgeschwindigkeitszug\\\/#primaryimage\"},\"thumbnailUrl\":\"https:\\\/\\\/blog.myvideomedia.com\\\/wp-content\\\/uploads\\\/2015\\\/05\\\/Zugfahrt_20150423_134740.jpg\",\"datePublished\":\"2015-05-25T09:10:33+00:00\",\"dateModified\":\"2020-09-20T14:13:10+00:00\",\"description\":\"Impressionen unseres Fahrt mit Renfe-SNCF Hochgeschwindigkeitszug von Saarbr\u00fccken \u00fcber Paris nach Barcelona.\",\"breadcrumb\":{\"@id\":\"https:\\\/\\\/blog.myvideomedia.com\\\/de\\\/hochgeschwindigkeitszug\\\/#breadcrumb\"},\"inLanguage\":\"de\",\"potentialAction\":[{\"@type\":\"ReadAction\",\"target\":[\"https:\\\/\\\/blog.myvideomedia.com\\\/de\\\/hochgeschwindigkeitszug\\\/\"]}]},{\"@type\":\"ImageObject\",\"inLanguage\":\"de\",\"@id\":\"https:\\\/\\\/blog.myvideomedia.com\\\/de\\\/hochgeschwindigkeitszug\\\/#primaryimage\",\"url\":\"https:\\\/\\\/blog.myvideomedia.com\\\/wp-content\\\/uploads\\\/2015\\\/05\\\/Zugfahrt_20150423_134740.jpg\",\"contentUrl\":\"https:\\\/\\\/blog.myvideomedia.com\\\/wp-content\\\/uploads\\\/2015\\\/05\\\/Zugfahrt_20150423_134740.jpg\",\"width\":1304,\"height\":734,\"caption\":\"Hochgeschwindigkeitszug\"},{\"@type\":\"BreadcrumbList\",\"@id\":\"https:\\\/\\\/blog.myvideomedia.com\\\/de\\\/hochgeschwindigkeitszug\\\/#breadcrumb\",\"itemListElement\":[{\"@type\":\"ListItem\",\"position\":1,\"name\":\"Home\",\"item\":\"https:\\\/\\\/blog.myvideomedia.com\\\/de\\\/\"},{\"@type\":\"ListItem\",\"position\":2,\"name\":\"Fahrt mit dem Hochgeschwindigkeitszug von Saarbr\u00fccken nach Barcelona\"}]},{\"@type\":\"WebSite\",\"@id\":\"https:\\\/\\\/blog.myvideomedia.com\\\/de\\\/#website\",\"url\":\"https:\\\/\\\/blog.myvideomedia.com\\\/de\\\/\",\"name\":\"Travel Video Blog\",\"description\":\"myVideoMedia Reisetipps und Reisevideos\",\"publisher\":{\"@id\":\"https:\\\/\\\/blog.myvideomedia.com\\\/de\\\/#\\\/schema\\\/person\\\/87be8fbbed69b1562242448c1c3dcbec\"},\"potentialAction\":[{\"@type\":\"SearchAction\",\"target\":{\"@type\":\"EntryPoint\",\"urlTemplate\":\"https:\\\/\\\/blog.myvideomedia.com\\\/de\\\/?s={search_term_string}\"},\"query-input\":{\"@type\":\"PropertyValueSpecification\",\"valueRequired\":true,\"valueName\":\"search_term_string\"}}],\"inLanguage\":\"de\"},{\"@type\":[\"Person\",\"Organization\"],\"@id\":\"https:\\\/\\\/blog.myvideomedia.com\\\/de\\\/#\\\/schema\\\/person\\\/87be8fbbed69b1562242448c1c3dcbec\",\"name\":\"myVideoMedia\",\"image\":{\"@type\":\"ImageObject\",\"inLanguage\":\"de\",\"@id\":\"https:\\\/\\\/secure.gravatar.com\\\/avatar\\\/460720160715ef8975b781abd1b6985e55ce2f01567bb6757bebd73e7cf74c97?s=96&d=mm&r=g\",\"url\":\"https:\\\/\\\/secure.gravatar.com\\\/avatar\\\/460720160715ef8975b781abd1b6985e55ce2f01567bb6757bebd73e7cf74c97?s=96&d=mm&r=g\",\"contentUrl\":\"https:\\\/\\\/secure.gravatar.com\\\/avatar\\\/460720160715ef8975b781abd1b6985e55ce2f01567bb6757bebd73e7cf74c97?s=96&d=mm&r=g\",\"caption\":\"myVideoMedia\"},\"logo\":{\"@id\":\"https:\\\/\\\/secure.gravatar.com\\\/avatar\\\/460720160715ef8975b781abd1b6985e55ce2f01567bb6757bebd73e7cf74c97?s=96&d=mm&r=g\"},\"description\":\"\\\"The World is a book, and those who do not travel read only a page\\\" - Aurelius Augustinus (354 - 430 AD) Travel is our passion. With our posts and videos we like to inspire people who are planning or preparing for holidays as well as people who simply want to escape from everyday life and dream of faraway countries.\",\"sameAs\":[\"https:\\\/\\\/www.myvideomedia.com\",\"https:\\\/\\\/www.facebook.com\\\/ursula.streit.520\"],\"url\":\"https:\\\/\\\/blog.myvideomedia.com\\\/de\\\/author\\\/traveladm\\\/\"}]}<\/script>\n<!-- \/ Yoast SEO plugin. -->","yoast_head_json":{"title":"Fahrt mit dem Hochgeschwindigkeitszug von Saarbr\u00fccken nach Barcelona","description":"Impressionen unseres Fahrt mit Renfe-SNCF Hochgeschwindigkeitszug von Saarbr\u00fccken \u00fcber Paris nach Barcelona.","robots":{"index":"index","follow":"follow","max-snippet":"max-snippet:-1","max-image-preview":"max-image-preview:large","max-video-preview":"max-video-preview:-1"},"canonical":"https:\/\/blog.myvideomedia.com\/de\/hochgeschwindigkeitszug\/","og_locale":"de_DE","og_type":"article","og_title":"Fahrt mit dem Hochgeschwindigkeitszug von Saarbr\u00fccken nach Barcelona","og_description":"Impressionen unseres Fahrt mit Renfe-SNCF Hochgeschwindigkeitszug von Saarbr\u00fccken \u00fcber Paris nach Barcelona.","og_url":"https:\/\/blog.myvideomedia.com\/de\/hochgeschwindigkeitszug\/","og_site_name":"Reise Video Blog","article_publisher":"https:\/\/www.facebook.com\/ursula.streit.520","article_author":"https:\/\/www.facebook.com\/ursula.streit.520","article_published_time":"2015-05-25T09:10:33+00:00","article_modified_time":"2020-09-20T14:13:10+00:00","og_image":[{"width":1304,"height":734,"url":"https:\/\/blog.myvideomedia.com\/wp-content\/uploads\/2015\/05\/Zugfahrt_20150423_134740.jpg","type":"image\/jpeg"}],"author":"myVideoMedia","twitter_card":"summary_large_image","twitter_creator":"@myvideomedia","twitter_site":"@myvideomedia","twitter_misc":{"Verfasst von":"myVideoMedia","Gesch\u00e4tzte Lesezeit":"4\u00a0Minuten"},"schema":{"@context":"https:\/\/schema.org","@graph":[{"@type":"Article","@id":"https:\/\/blog.myvideomedia.com\/de\/hochgeschwindigkeitszug\/#article","isPartOf":{"@id":"https:\/\/blog.myvideomedia.com\/de\/hochgeschwindigkeitszug\/"},"author":{"name":"myVideoMedia","@id":"https:\/\/blog.myvideomedia.com\/de\/#\/schema\/person\/87be8fbbed69b1562242448c1c3dcbec"},"headline":"Fahrt mit dem Hochgeschwindigkeitszug von Saarbr\u00fccken nach Barcelona","datePublished":"2015-05-25T09:10:33+00:00","dateModified":"2020-09-20T14:13:10+00:00","mainEntityOfPage":{"@id":"https:\/\/blog.myvideomedia.com\/de\/hochgeschwindigkeitszug\/"},"wordCount":766,"commentCount":0,"publisher":{"@id":"https:\/\/blog.myvideomedia.com\/de\/#\/schema\/person\/87be8fbbed69b1562242448c1c3dcbec"},"image":{"@id":"https:\/\/blog.myvideomedia.com\/de\/hochgeschwindigkeitszug\/#primaryimage"},"thumbnailUrl":"https:\/\/blog.myvideomedia.com\/wp-content\/uploads\/2015\/05\/Zugfahrt_20150423_134740.jpg","keywords":["Zugfahrt"],"articleSection":["Deutschland","Europa","Frankreich","Saarland","Spanien"],"inLanguage":"de","potentialAction":[{"@type":"CommentAction","name":"Comment","target":["https:\/\/blog.myvideomedia.com\/de\/hochgeschwindigkeitszug\/#respond"]}]},{"@type":"WebPage","@id":"https:\/\/blog.myvideomedia.com\/de\/hochgeschwindigkeitszug\/","url":"https:\/\/blog.myvideomedia.com\/de\/hochgeschwindigkeitszug\/","name":"Fahrt mit dem Hochgeschwindigkeitszug von Saarbr\u00fccken nach Barcelona","isPartOf":{"@id":"https:\/\/blog.myvideomedia.com\/de\/#website"},"primaryImageOfPage":{"@id":"https:\/\/blog.myvideomedia.com\/de\/hochgeschwindigkeitszug\/#primaryimage"},"image":{"@id":"https:\/\/blog.myvideomedia.com\/de\/hochgeschwindigkeitszug\/#primaryimage"},"thumbnailUrl":"https:\/\/blog.myvideomedia.com\/wp-content\/uploads\/2015\/05\/Zugfahrt_20150423_134740.jpg","datePublished":"2015-05-25T09:10:33+00:00","dateModified":"2020-09-20T14:13:10+00:00","description":"Impressionen unseres Fahrt mit Renfe-SNCF Hochgeschwindigkeitszug von Saarbr\u00fccken \u00fcber Paris nach Barcelona.","breadcrumb":{"@id":"https:\/\/blog.myvideomedia.com\/de\/hochgeschwindigkeitszug\/#breadcrumb"},"inLanguage":"de","potentialAction":[{"@type":"ReadAction","target":["https:\/\/blog.myvideomedia.com\/de\/hochgeschwindigkeitszug\/"]}]},{"@type":"ImageObject","inLanguage":"de","@id":"https:\/\/blog.myvideomedia.com\/de\/hochgeschwindigkeitszug\/#primaryimage","url":"https:\/\/blog.myvideomedia.com\/wp-content\/uploads\/2015\/05\/Zugfahrt_20150423_134740.jpg","contentUrl":"https:\/\/blog.myvideomedia.com\/wp-content\/uploads\/2015\/05\/Zugfahrt_20150423_134740.jpg","width":1304,"height":734,"caption":"Hochgeschwindigkeitszug"},{"@type":"BreadcrumbList","@id":"https:\/\/blog.myvideomedia.com\/de\/hochgeschwindigkeitszug\/#breadcrumb","itemListElement":[{"@type":"ListItem","position":1,"name":"Home","item":"https:\/\/blog.myvideomedia.com\/de\/"},{"@type":"ListItem","position":2,"name":"Fahrt mit dem Hochgeschwindigkeitszug von Saarbr\u00fccken nach Barcelona"}]},{"@type":"WebSite","@id":"https:\/\/blog.myvideomedia.com\/de\/#website","url":"https:\/\/blog.myvideomedia.com\/de\/","name":"Travel Video Blog","description":"myVideoMedia Reisetipps und Reisevideos","publisher":{"@id":"https:\/\/blog.myvideomedia.com\/de\/#\/schema\/person\/87be8fbbed69b1562242448c1c3dcbec"},"potentialAction":[{"@type":"SearchAction","target":{"@type":"EntryPoint","urlTemplate":"https:\/\/blog.myvideomedia.com\/de\/?s={search_term_string}"},"query-input":{"@type":"PropertyValueSpecification","valueRequired":true,"valueName":"search_term_string"}}],"inLanguage":"de"},{"@type":["Person","Organization"],"@id":"https:\/\/blog.myvideomedia.com\/de\/#\/schema\/person\/87be8fbbed69b1562242448c1c3dcbec","name":"myVideoMedia","image":{"@type":"ImageObject","inLanguage":"de","@id":"https:\/\/secure.gravatar.com\/avatar\/460720160715ef8975b781abd1b6985e55ce2f01567bb6757bebd73e7cf74c97?s=96&d=mm&r=g","url":"https:\/\/secure.gravatar.com\/avatar\/460720160715ef8975b781abd1b6985e55ce2f01567bb6757bebd73e7cf74c97?s=96&d=mm&r=g","contentUrl":"https:\/\/secure.gravatar.com\/avatar\/460720160715ef8975b781abd1b6985e55ce2f01567bb6757bebd73e7cf74c97?s=96&d=mm&r=g","caption":"myVideoMedia"},"logo":{"@id":"https:\/\/secure.gravatar.com\/avatar\/460720160715ef8975b781abd1b6985e55ce2f01567bb6757bebd73e7cf74c97?s=96&d=mm&r=g"},"description":"\"The World is a book, and those who do not travel read only a page\" - Aurelius Augustinus (354 - 430 AD) Travel is our passion. With our posts and videos we like to inspire people who are planning or preparing for holidays as well as people who simply want to escape from everyday life and dream of faraway countries.","sameAs":["https:\/\/www.myvideomedia.com","https:\/\/www.facebook.com\/ursula.streit.520"],"url":"https:\/\/blog.myvideomedia.com\/de\/author\/traveladm\/"}]}},"featured_image_src":"https:\/\/blog.myvideomedia.com\/wp-content\/uploads\/2015\/05\/Zugfahrt_20150423_134740.jpg","featured_image_src_square":"https:\/\/blog.myvideomedia.com\/wp-content\/uploads\/2015\/05\/Zugfahrt_20150423_134740.jpg","author_info":{"display_name":"myVideoMedia","author_link":"https:\/\/blog.myvideomedia.com\/de\/author\/traveladm\/"},"_links":{"self":[{"href":"https:\/\/blog.myvideomedia.com\/de\/wp-json\/wp\/v2\/posts\/7078","targetHints":{"allow":["GET"]}}],"collection":[{"href":"https:\/\/blog.myvideomedia.com\/de\/wp-json\/wp\/v2\/posts"}],"about":[{"href":"https:\/\/blog.myvideomedia.com\/de\/wp-json\/wp\/v2\/types\/post"}],"author":[{"embeddable":true,"href":"https:\/\/blog.myvideomedia.com\/de\/wp-json\/wp\/v2\/users\/1"}],"replies":[{"embeddable":true,"href":"https:\/\/blog.myvideomedia.com\/de\/wp-json\/wp\/v2\/comments?post=7078"}],"version-history":[{"count":0,"href":"https:\/\/blog.myvideomedia.com\/de\/wp-json\/wp\/v2\/posts\/7078\/revisions"}],"wp:featuredmedia":[{"embeddable":true,"href":"https:\/\/blog.myvideomedia.com\/de\/wp-json\/wp\/v2\/media\/7077"}],"wp:attachment":[{"href":"https:\/\/blog.myvideomedia.com\/de\/wp-json\/wp\/v2\/media?parent=7078"}],"wp:term":[{"taxonomy":"category","embeddable":true,"href":"https:\/\/blog.myvideomedia.com\/de\/wp-json\/wp\/v2\/categories?post=7078"},{"taxonomy":"post_tag","embeddable":true,"href":"https:\/\/blog.myvideomedia.com\/de\/wp-json\/wp\/v2\/tags?post=7078"}],"curies":[{"name":"wp","href":"https:\/\/api.w.org\/{rel}","templated":true}]}}