{"id":7095,"date":"2015-05-26T16:28:15","date_gmt":"2015-05-26T15:28:15","guid":{"rendered":"https:\/\/blog.myvideomedia.com\/?p=7095"},"modified":"2022-01-22T16:41:58","modified_gmt":"2022-01-22T15:41:58","slug":"palast-des-nestor","status":"publish","type":"post","link":"https:\/\/blog.myvideomedia.com\/de\/palast-des-nestor\/","title":{"rendered":"Der Palast des Nestor"},"content":{"rendered":"\n<p>Der Palast des Nestor liegt auf einem H\u00fcgel, 3 km s\u00fcdwestlich von Chora und 9 km nord\u00f6stlich der Bucht von Navarino auf dem Peloponnes, Griechenland.<\/p>\n\n\n\n<p>Die alte mykenische Siedlung mit dem Palast, wurde 1939 von Carl W. Blegen, einem US-amerikanischen Arch\u00e4ologen und seinem Team von der Universit\u00e4t Cincinnati entdeckt.<\/p>\n\n\n\n<p>M\u00f6glicherweise handelt es sich um die von Homer in der Illias beschriebene Residenz. Belegt ist jedenfalls, dass dieser Ort die Hauptstadt eines bedeutenden mykenischen Reiches war.<\/p>\n\n\n\n<h3 class=\"has-text-align-left wp-block-heading\"><a href=\"https:\/\/youtu.be\/FaFcxs9T1fs\" target=\"_blank\" rel=\"noopener nofollow noreferrer\">Hier sehen Sie das Video<\/a><\/h3>\n\n\n\n<figure> <div class=\"brlbs-cmpnt-container brlbs-cmpnt-content-blocker brlbs-cmpnt-with-individual-styles\" data-borlabs-cookie-content-blocker-id=\"youtube-content-blocker\" data-borlabs-cookie-content=\"PGlmcmFtZSBzcmM9Imh0dHBzOi8vd3d3LnlvdXR1YmUtbm9jb29raWUuY29tL2VtYmVkL0ZhRmN4czlUMWZzIiB3aWR0aD0iNjAwIiBoZWlnaHQ9IjM0MCI+PC9pZnJhbWU+\"><div class=\"brlbs-cmpnt-cb-preset-c brlbs-cmpnt-cb-youtube\"> <div class=\"brlbs-cmpnt-cb-thumbnail\" style=\"background-image: url('https:\/\/blog.myvideomedia.com\/wp-content\/uploads\/borlabs-cookie\/1\/yt_FaFcxs9T1fs_hqdefault.jpg')\"><\/div> <div class=\"brlbs-cmpnt-cb-main\"> <div class=\"brlbs-cmpnt-cb-play-button\"><\/div> <div class=\"brlbs-cmpnt-cb-content\"> <p class=\"brlbs-cmpnt-cb-description\">Sie sehen gerade einen Platzhalterinhalt von <strong>YouTube<\/strong>. Um auf den eigentlichen Inhalt zuzugreifen, klicken Sie auf die Schaltfl\u00e4che unten. Bitte beachten Sie, dass dabei Daten an Drittanbieter weitergegeben werden.<\/p> <a class=\"brlbs-cmpnt-cb-provider-toggle\" href=\"#\" data-borlabs-cookie-show-provider-information role=\"button\">Mehr Informationen<\/a> <\/div> <div class=\"brlbs-cmpnt-cb-buttons\"> <a class=\"brlbs-cmpnt-cb-btn\" href=\"#\" data-borlabs-cookie-unblock role=\"button\">Inhalt entsperren<\/a> <a class=\"brlbs-cmpnt-cb-btn\" href=\"#\" data-borlabs-cookie-accept-service role=\"button\" style=\"display: inherit\">Erforderlichen Service akzeptieren und Inhalte entsperren<\/a> <\/div> <\/div> <\/div><\/div><\/figure>\n\n\n\n<p>Bei Ausgrabungen kam ein urspr\u00fcnglich zweigeschossiger Palast mit zahlreichen Vorratsr\u00e4umen und einer Vielzahl an Beh\u00e4ltern ans Tageslicht.<\/p>\n\n\n\n<div class=\"wp-block-image\"><figure class=\"aligncenter size-large\"><img loading=\"lazy\" decoding=\"async\" width=\"1260\" height=\"840\" src=\"https:\/\/blog.myvideomedia.com\/wp-content\/uploads\/2013\/06\/palace-of-nestor_3657.jpg\" alt=\"Palace of Nestor\" class=\"wp-image-26022\" srcset=\"https:\/\/blog.myvideomedia.com\/wp-content\/uploads\/2013\/06\/palace-of-nestor_3657.jpg 1260w, https:\/\/blog.myvideomedia.com\/wp-content\/uploads\/2013\/06\/palace-of-nestor_3657-600x400.jpg 600w, https:\/\/blog.myvideomedia.com\/wp-content\/uploads\/2013\/06\/palace-of-nestor_3657-768x512.jpg 768w\" sizes=\"auto, (max-width: 1260px) 100vw, 1260px\" \/><\/figure><\/div>\n\n\n\n<p>Faszinierend sind eine kunstvoll gestaltete Badewanne sowie die reichhaltig verzierte Feuerstelle inmitten des Thronsaales.<\/p>\n\n\n\n<div class=\"wp-block-image\"><figure class=\"aligncenter\"><img loading=\"lazy\" decoding=\"async\" width=\"800\" height=\"533\" src=\"https:\/\/blog.myvideomedia.com\/wp-content\/uploads\/2013\/06\/Tholos-Tomb-IV_3654.jpg\" alt=\"Kuppelgr\u00e4ber\" class=\"wp-image-4099\" srcset=\"https:\/\/blog.myvideomedia.com\/wp-content\/uploads\/2013\/06\/Tholos-Tomb-IV_3654.jpg 800w, https:\/\/blog.myvideomedia.com\/wp-content\/uploads\/2013\/06\/Tholos-Tomb-IV_3654-300x199.jpg 300w\" sizes=\"auto, (max-width: 800px) 100vw, 800px\" \/><\/figure><\/div>\n\n\n\n<p>Unmittelbar neben dem Palast des Nestor wurden einige Kuppelgr\u00e4ber gefunden, von denen eines restauriert wurde.<\/p>\n\n\n\n<p>Die meisten Fundgegenst\u00e4nde werden in einem eigenen Museum in der nahegelegenen Ortschaft Chora gezeigt.<\/p>\n\n\n\n<div class=\"wp-block-image\"><figure class=\"aligncenter\"><img loading=\"lazy\" decoding=\"async\" width=\"800\" height=\"533\" src=\"https:\/\/blog.myvideomedia.com\/wp-content\/uploads\/2013\/06\/Palace-of-Nestor_3668.jpg\" alt=\"Palast des Nestor\" class=\"wp-image-4100\" srcset=\"https:\/\/blog.myvideomedia.com\/wp-content\/uploads\/2013\/06\/Palace-of-Nestor_3668.jpg 800w, https:\/\/blog.myvideomedia.com\/wp-content\/uploads\/2013\/06\/Palace-of-Nestor_3668-300x199.jpg 300w\" sizes=\"auto, (max-width: 800px) 100vw, 800px\" \/><\/figure><\/div>\n\n\n\n<p>Die Ausgrabungsst\u00e4tte ist \u00fcberdacht, so dass man sie auch in der Sommerhitze besuchen kann.<\/p>\n\n\n\n<p>Bitte lesen Sie weiter &gt; <a href=\"https:\/\/blog.myvideomedia.com\/de\/koroni-griechenland\/\">Besuch in Koroni<\/a><\/p>\n\n\n\n<h3 class=\"has-text-align-center wp-block-heading\">Pin it &#8211; f\u00fcr sp\u00e4ter merken<\/h3>\n\n\n\n<div class=\"wp-block-image\"><figure class=\"aligncenter\"><img loading=\"lazy\" decoding=\"async\" width=\"400\" height=\"600\" src=\"https:\/\/blog.myvideomedia.com\/wp-content\/uploads\/2019\/04\/Palast-des-Nestor-400x600.jpg\" alt=\"Palast des Nestor\" class=\"wp-image-22980\" srcset=\"https:\/\/blog.myvideomedia.com\/wp-content\/uploads\/2019\/04\/Palast-des-Nestor-400x600.jpg 400w, https:\/\/blog.myvideomedia.com\/wp-content\/uploads\/2019\/04\/Palast-des-Nestor.jpg 600w\" sizes=\"auto, (max-width: 400px) 100vw, 400px\" \/><\/figure><\/div>\n\n\n\n<p>Text, Fotos und Video: Copyright \u00a9 <a href=\"https:\/\/www.myvideomedia.de\/\" target=\"_blank\" rel=\"noopener noreferrer\">myVideoMedia <\/a><\/p>\n","protected":false},"excerpt":{"rendered":"<p>Der Palast des Nestor liegt auf einem H\u00fcgel, 3 km s\u00fcdwestlich von Chora und 9 km nord\u00f6stlich der Bucht von Navarino auf dem Peloponnes, Griechenland. Die alte mykenische Siedlung mit dem Palast, wurde 1939 von Carl W. Blegen, einem US-amerikanischen Arch\u00e4ologen und seinem Team von der Universit\u00e4t Cincinnati entdeckt. M\u00f6glicherweise handelt es sich um die [&hellip;]<\/p>\n","protected":false},"author":1,"featured_media":26022,"comment_status":"open","ping_status":"closed","sticky":false,"template":"","format":"standard","meta":{"_genesis_hide_title":false,"_genesis_hide_breadcrumbs":false,"_genesis_hide_singular_image":false,"_genesis_hide_footer_widgets":false,"_genesis_custom_body_class":"","_genesis_custom_post_class":"","_genesis_layout":"","footnotes":""},"categories":[1550,506,515],"tags":[446,1532],"class_list":{"0":"post-7095","1":"post","2":"type-post","3":"status-publish","4":"format-standard","5":"has-post-thumbnail","7":"category-europa","8":"category-griechenland","9":"category-peloponnes","10":"tag-archaeologie","11":"tag-geschichte-de","12":"entry"},"yoast_head":"<!-- This site is optimized with the Yoast SEO plugin v27.4 - https:\/\/yoast.com\/product\/yoast-seo-wordpress\/ -->\n<title>Der Palast des Nestor - Peloponnes - Griechenland - Reise Video Blog<\/title>\n<meta name=\"description\" content=\"Der Palast des Nestor liegt auf einem H\u00fcgel, 3 km s\u00fcdwestlich von Chora und 9 km nord\u00f6stlich der Bucht von Navarino\" \/>\n<meta name=\"robots\" content=\"index, follow, max-snippet:-1, max-image-preview:large, max-video-preview:-1\" \/>\n<link rel=\"canonical\" href=\"https:\/\/blog.myvideomedia.com\/de\/palast-des-nestor\/\" \/>\n<meta property=\"og:locale\" content=\"de_DE\" \/>\n<meta property=\"og:type\" content=\"article\" \/>\n<meta property=\"og:title\" content=\"Der Palast des Nestor - Peloponnes - Griechenland - Reise Video Blog\" \/>\n<meta property=\"og:description\" content=\"Der Palast des Nestor liegt auf einem H\u00fcgel, 3 km s\u00fcdwestlich von Chora und 9 km nord\u00f6stlich der Bucht von Navarino\" \/>\n<meta property=\"og:url\" content=\"https:\/\/blog.myvideomedia.com\/de\/palast-des-nestor\/\" \/>\n<meta property=\"og:site_name\" content=\"Reise Video Blog\" \/>\n<meta property=\"article:publisher\" content=\"https:\/\/www.facebook.com\/ursula.streit.520\" \/>\n<meta property=\"article:author\" content=\"https:\/\/www.facebook.com\/ursula.streit.520\" \/>\n<meta property=\"article:published_time\" content=\"2015-05-26T15:28:15+00:00\" \/>\n<meta property=\"article:modified_time\" content=\"2022-01-22T15:41:58+00:00\" \/>\n<meta property=\"og:image\" content=\"https:\/\/blog.myvideomedia.com\/wp-content\/uploads\/2013\/06\/palace-of-nestor_3657.jpg\" \/>\n\t<meta property=\"og:image:width\" content=\"1260\" \/>\n\t<meta property=\"og:image:height\" content=\"840\" \/>\n\t<meta property=\"og:image:type\" content=\"image\/jpeg\" \/>\n<meta name=\"author\" content=\"myVideoMedia\" \/>\n<meta name=\"twitter:card\" content=\"summary_large_image\" \/>\n<meta name=\"twitter:creator\" content=\"@myvideomedia\" \/>\n<meta name=\"twitter:site\" content=\"@myvideomedia\" \/>\n<meta name=\"twitter:label1\" content=\"Verfasst von\" \/>\n\t<meta name=\"twitter:data1\" content=\"myVideoMedia\" \/>\n\t<meta name=\"twitter:label2\" content=\"Gesch\u00e4tzte Lesezeit\" \/>\n\t<meta name=\"twitter:data2\" content=\"2\u00a0Minuten\" \/>\n<script type=\"application\/ld+json\" class=\"yoast-schema-graph\">{\"@context\":\"https:\\\/\\\/schema.org\",\"@graph\":[{\"@type\":\"Article\",\"@id\":\"https:\\\/\\\/blog.myvideomedia.com\\\/de\\\/palast-des-nestor\\\/#article\",\"isPartOf\":{\"@id\":\"https:\\\/\\\/blog.myvideomedia.com\\\/de\\\/palast-des-nestor\\\/\"},\"author\":{\"name\":\"myVideoMedia\",\"@id\":\"https:\\\/\\\/blog.myvideomedia.com\\\/de\\\/#\\\/schema\\\/person\\\/87be8fbbed69b1562242448c1c3dcbec\"},\"headline\":\"Der Palast des Nestor\",\"datePublished\":\"2015-05-26T15:28:15+00:00\",\"dateModified\":\"2022-01-22T15:41:58+00:00\",\"mainEntityOfPage\":{\"@id\":\"https:\\\/\\\/blog.myvideomedia.com\\\/de\\\/palast-des-nestor\\\/\"},\"wordCount\":189,\"commentCount\":0,\"publisher\":{\"@id\":\"https:\\\/\\\/blog.myvideomedia.com\\\/de\\\/#\\\/schema\\\/person\\\/87be8fbbed69b1562242448c1c3dcbec\"},\"image\":{\"@id\":\"https:\\\/\\\/blog.myvideomedia.com\\\/de\\\/palast-des-nestor\\\/#primaryimage\"},\"thumbnailUrl\":\"https:\\\/\\\/blog.myvideomedia.com\\\/wp-content\\\/uploads\\\/2013\\\/06\\\/palace-of-nestor_3657.jpg\",\"keywords\":[\"Arch\u00e4ologie\",\"Geschichte\"],\"articleSection\":[\"Europa\",\"Griechenland\",\"Peloponnes\"],\"inLanguage\":\"de\",\"potentialAction\":[{\"@type\":\"CommentAction\",\"name\":\"Comment\",\"target\":[\"https:\\\/\\\/blog.myvideomedia.com\\\/de\\\/palast-des-nestor\\\/#respond\"]}]},{\"@type\":\"WebPage\",\"@id\":\"https:\\\/\\\/blog.myvideomedia.com\\\/de\\\/palast-des-nestor\\\/\",\"url\":\"https:\\\/\\\/blog.myvideomedia.com\\\/de\\\/palast-des-nestor\\\/\",\"name\":\"Der Palast des Nestor - Peloponnes - Griechenland - Reise Video Blog\",\"isPartOf\":{\"@id\":\"https:\\\/\\\/blog.myvideomedia.com\\\/de\\\/#website\"},\"primaryImageOfPage\":{\"@id\":\"https:\\\/\\\/blog.myvideomedia.com\\\/de\\\/palast-des-nestor\\\/#primaryimage\"},\"image\":{\"@id\":\"https:\\\/\\\/blog.myvideomedia.com\\\/de\\\/palast-des-nestor\\\/#primaryimage\"},\"thumbnailUrl\":\"https:\\\/\\\/blog.myvideomedia.com\\\/wp-content\\\/uploads\\\/2013\\\/06\\\/palace-of-nestor_3657.jpg\",\"datePublished\":\"2015-05-26T15:28:15+00:00\",\"dateModified\":\"2022-01-22T15:41:58+00:00\",\"description\":\"Der Palast des Nestor liegt auf einem H\u00fcgel, 3 km s\u00fcdwestlich von Chora und 9 km nord\u00f6stlich der Bucht von Navarino\",\"breadcrumb\":{\"@id\":\"https:\\\/\\\/blog.myvideomedia.com\\\/de\\\/palast-des-nestor\\\/#breadcrumb\"},\"inLanguage\":\"de\",\"potentialAction\":[{\"@type\":\"ReadAction\",\"target\":[\"https:\\\/\\\/blog.myvideomedia.com\\\/de\\\/palast-des-nestor\\\/\"]}]},{\"@type\":\"ImageObject\",\"inLanguage\":\"de\",\"@id\":\"https:\\\/\\\/blog.myvideomedia.com\\\/de\\\/palast-des-nestor\\\/#primaryimage\",\"url\":\"https:\\\/\\\/blog.myvideomedia.com\\\/wp-content\\\/uploads\\\/2013\\\/06\\\/palace-of-nestor_3657.jpg\",\"contentUrl\":\"https:\\\/\\\/blog.myvideomedia.com\\\/wp-content\\\/uploads\\\/2013\\\/06\\\/palace-of-nestor_3657.jpg\",\"width\":1260,\"height\":840,\"caption\":\"Palace of Nestor\"},{\"@type\":\"BreadcrumbList\",\"@id\":\"https:\\\/\\\/blog.myvideomedia.com\\\/de\\\/palast-des-nestor\\\/#breadcrumb\",\"itemListElement\":[{\"@type\":\"ListItem\",\"position\":1,\"name\":\"Home\",\"item\":\"https:\\\/\\\/blog.myvideomedia.com\\\/de\\\/\"},{\"@type\":\"ListItem\",\"position\":2,\"name\":\"Der Palast des Nestor\"}]},{\"@type\":\"WebSite\",\"@id\":\"https:\\\/\\\/blog.myvideomedia.com\\\/de\\\/#website\",\"url\":\"https:\\\/\\\/blog.myvideomedia.com\\\/de\\\/\",\"name\":\"Travel Video Blog\",\"description\":\"myVideoMedia Reisetipps und Reisevideos\",\"publisher\":{\"@id\":\"https:\\\/\\\/blog.myvideomedia.com\\\/de\\\/#\\\/schema\\\/person\\\/87be8fbbed69b1562242448c1c3dcbec\"},\"potentialAction\":[{\"@type\":\"SearchAction\",\"target\":{\"@type\":\"EntryPoint\",\"urlTemplate\":\"https:\\\/\\\/blog.myvideomedia.com\\\/de\\\/?s={search_term_string}\"},\"query-input\":{\"@type\":\"PropertyValueSpecification\",\"valueRequired\":true,\"valueName\":\"search_term_string\"}}],\"inLanguage\":\"de\"},{\"@type\":[\"Person\",\"Organization\"],\"@id\":\"https:\\\/\\\/blog.myvideomedia.com\\\/de\\\/#\\\/schema\\\/person\\\/87be8fbbed69b1562242448c1c3dcbec\",\"name\":\"myVideoMedia\",\"image\":{\"@type\":\"ImageObject\",\"inLanguage\":\"de\",\"@id\":\"https:\\\/\\\/secure.gravatar.com\\\/avatar\\\/460720160715ef8975b781abd1b6985e55ce2f01567bb6757bebd73e7cf74c97?s=96&d=mm&r=g\",\"url\":\"https:\\\/\\\/secure.gravatar.com\\\/avatar\\\/460720160715ef8975b781abd1b6985e55ce2f01567bb6757bebd73e7cf74c97?s=96&d=mm&r=g\",\"contentUrl\":\"https:\\\/\\\/secure.gravatar.com\\\/avatar\\\/460720160715ef8975b781abd1b6985e55ce2f01567bb6757bebd73e7cf74c97?s=96&d=mm&r=g\",\"caption\":\"myVideoMedia\"},\"logo\":{\"@id\":\"https:\\\/\\\/secure.gravatar.com\\\/avatar\\\/460720160715ef8975b781abd1b6985e55ce2f01567bb6757bebd73e7cf74c97?s=96&d=mm&r=g\"},\"description\":\"\\\"The World is a book, and those who do not travel read only a page\\\" - Aurelius Augustinus (354 - 430 AD) Travel is our passion. With our posts and videos we like to inspire people who are planning or preparing for holidays as well as people who simply want to escape from everyday life and dream of faraway countries.\",\"sameAs\":[\"https:\\\/\\\/www.myvideomedia.com\",\"https:\\\/\\\/www.facebook.com\\\/ursula.streit.520\"],\"url\":\"https:\\\/\\\/blog.myvideomedia.com\\\/de\\\/author\\\/traveladm\\\/\"}]}<\/script>\n<!-- \/ Yoast SEO plugin. -->","yoast_head_json":{"title":"Der Palast des Nestor - Peloponnes - Griechenland - Reise Video Blog","description":"Der Palast des Nestor liegt auf einem H\u00fcgel, 3 km s\u00fcdwestlich von Chora und 9 km nord\u00f6stlich der Bucht von Navarino","robots":{"index":"index","follow":"follow","max-snippet":"max-snippet:-1","max-image-preview":"max-image-preview:large","max-video-preview":"max-video-preview:-1"},"canonical":"https:\/\/blog.myvideomedia.com\/de\/palast-des-nestor\/","og_locale":"de_DE","og_type":"article","og_title":"Der Palast des Nestor - Peloponnes - Griechenland - Reise Video Blog","og_description":"Der Palast des Nestor liegt auf einem H\u00fcgel, 3 km s\u00fcdwestlich von Chora und 9 km nord\u00f6stlich der Bucht von Navarino","og_url":"https:\/\/blog.myvideomedia.com\/de\/palast-des-nestor\/","og_site_name":"Reise Video Blog","article_publisher":"https:\/\/www.facebook.com\/ursula.streit.520","article_author":"https:\/\/www.facebook.com\/ursula.streit.520","article_published_time":"2015-05-26T15:28:15+00:00","article_modified_time":"2022-01-22T15:41:58+00:00","og_image":[{"width":1260,"height":840,"url":"https:\/\/blog.myvideomedia.com\/wp-content\/uploads\/2013\/06\/palace-of-nestor_3657.jpg","type":"image\/jpeg"}],"author":"myVideoMedia","twitter_card":"summary_large_image","twitter_creator":"@myvideomedia","twitter_site":"@myvideomedia","twitter_misc":{"Verfasst von":"myVideoMedia","Gesch\u00e4tzte Lesezeit":"2\u00a0Minuten"},"schema":{"@context":"https:\/\/schema.org","@graph":[{"@type":"Article","@id":"https:\/\/blog.myvideomedia.com\/de\/palast-des-nestor\/#article","isPartOf":{"@id":"https:\/\/blog.myvideomedia.com\/de\/palast-des-nestor\/"},"author":{"name":"myVideoMedia","@id":"https:\/\/blog.myvideomedia.com\/de\/#\/schema\/person\/87be8fbbed69b1562242448c1c3dcbec"},"headline":"Der Palast des Nestor","datePublished":"2015-05-26T15:28:15+00:00","dateModified":"2022-01-22T15:41:58+00:00","mainEntityOfPage":{"@id":"https:\/\/blog.myvideomedia.com\/de\/palast-des-nestor\/"},"wordCount":189,"commentCount":0,"publisher":{"@id":"https:\/\/blog.myvideomedia.com\/de\/#\/schema\/person\/87be8fbbed69b1562242448c1c3dcbec"},"image":{"@id":"https:\/\/blog.myvideomedia.com\/de\/palast-des-nestor\/#primaryimage"},"thumbnailUrl":"https:\/\/blog.myvideomedia.com\/wp-content\/uploads\/2013\/06\/palace-of-nestor_3657.jpg","keywords":["Arch\u00e4ologie","Geschichte"],"articleSection":["Europa","Griechenland","Peloponnes"],"inLanguage":"de","potentialAction":[{"@type":"CommentAction","name":"Comment","target":["https:\/\/blog.myvideomedia.com\/de\/palast-des-nestor\/#respond"]}]},{"@type":"WebPage","@id":"https:\/\/blog.myvideomedia.com\/de\/palast-des-nestor\/","url":"https:\/\/blog.myvideomedia.com\/de\/palast-des-nestor\/","name":"Der Palast des Nestor - Peloponnes - Griechenland - Reise Video Blog","isPartOf":{"@id":"https:\/\/blog.myvideomedia.com\/de\/#website"},"primaryImageOfPage":{"@id":"https:\/\/blog.myvideomedia.com\/de\/palast-des-nestor\/#primaryimage"},"image":{"@id":"https:\/\/blog.myvideomedia.com\/de\/palast-des-nestor\/#primaryimage"},"thumbnailUrl":"https:\/\/blog.myvideomedia.com\/wp-content\/uploads\/2013\/06\/palace-of-nestor_3657.jpg","datePublished":"2015-05-26T15:28:15+00:00","dateModified":"2022-01-22T15:41:58+00:00","description":"Der Palast des Nestor liegt auf einem H\u00fcgel, 3 km s\u00fcdwestlich von Chora und 9 km nord\u00f6stlich der Bucht von Navarino","breadcrumb":{"@id":"https:\/\/blog.myvideomedia.com\/de\/palast-des-nestor\/#breadcrumb"},"inLanguage":"de","potentialAction":[{"@type":"ReadAction","target":["https:\/\/blog.myvideomedia.com\/de\/palast-des-nestor\/"]}]},{"@type":"ImageObject","inLanguage":"de","@id":"https:\/\/blog.myvideomedia.com\/de\/palast-des-nestor\/#primaryimage","url":"https:\/\/blog.myvideomedia.com\/wp-content\/uploads\/2013\/06\/palace-of-nestor_3657.jpg","contentUrl":"https:\/\/blog.myvideomedia.com\/wp-content\/uploads\/2013\/06\/palace-of-nestor_3657.jpg","width":1260,"height":840,"caption":"Palace of Nestor"},{"@type":"BreadcrumbList","@id":"https:\/\/blog.myvideomedia.com\/de\/palast-des-nestor\/#breadcrumb","itemListElement":[{"@type":"ListItem","position":1,"name":"Home","item":"https:\/\/blog.myvideomedia.com\/de\/"},{"@type":"ListItem","position":2,"name":"Der Palast des Nestor"}]},{"@type":"WebSite","@id":"https:\/\/blog.myvideomedia.com\/de\/#website","url":"https:\/\/blog.myvideomedia.com\/de\/","name":"Travel Video Blog","description":"myVideoMedia Reisetipps und Reisevideos","publisher":{"@id":"https:\/\/blog.myvideomedia.com\/de\/#\/schema\/person\/87be8fbbed69b1562242448c1c3dcbec"},"potentialAction":[{"@type":"SearchAction","target":{"@type":"EntryPoint","urlTemplate":"https:\/\/blog.myvideomedia.com\/de\/?s={search_term_string}"},"query-input":{"@type":"PropertyValueSpecification","valueRequired":true,"valueName":"search_term_string"}}],"inLanguage":"de"},{"@type":["Person","Organization"],"@id":"https:\/\/blog.myvideomedia.com\/de\/#\/schema\/person\/87be8fbbed69b1562242448c1c3dcbec","name":"myVideoMedia","image":{"@type":"ImageObject","inLanguage":"de","@id":"https:\/\/secure.gravatar.com\/avatar\/460720160715ef8975b781abd1b6985e55ce2f01567bb6757bebd73e7cf74c97?s=96&d=mm&r=g","url":"https:\/\/secure.gravatar.com\/avatar\/460720160715ef8975b781abd1b6985e55ce2f01567bb6757bebd73e7cf74c97?s=96&d=mm&r=g","contentUrl":"https:\/\/secure.gravatar.com\/avatar\/460720160715ef8975b781abd1b6985e55ce2f01567bb6757bebd73e7cf74c97?s=96&d=mm&r=g","caption":"myVideoMedia"},"logo":{"@id":"https:\/\/secure.gravatar.com\/avatar\/460720160715ef8975b781abd1b6985e55ce2f01567bb6757bebd73e7cf74c97?s=96&d=mm&r=g"},"description":"\"The World is a book, and those who do not travel read only a page\" - Aurelius Augustinus (354 - 430 AD) Travel is our passion. With our posts and videos we like to inspire people who are planning or preparing for holidays as well as people who simply want to escape from everyday life and dream of faraway countries.","sameAs":["https:\/\/www.myvideomedia.com","https:\/\/www.facebook.com\/ursula.streit.520"],"url":"https:\/\/blog.myvideomedia.com\/de\/author\/traveladm\/"}]}},"featured_image_src":"https:\/\/blog.myvideomedia.com\/wp-content\/uploads\/2013\/06\/palace-of-nestor_3657.jpg","featured_image_src_square":"https:\/\/blog.myvideomedia.com\/wp-content\/uploads\/2013\/06\/palace-of-nestor_3657.jpg","author_info":{"display_name":"myVideoMedia","author_link":"https:\/\/blog.myvideomedia.com\/de\/author\/traveladm\/"},"_links":{"self":[{"href":"https:\/\/blog.myvideomedia.com\/de\/wp-json\/wp\/v2\/posts\/7095","targetHints":{"allow":["GET"]}}],"collection":[{"href":"https:\/\/blog.myvideomedia.com\/de\/wp-json\/wp\/v2\/posts"}],"about":[{"href":"https:\/\/blog.myvideomedia.com\/de\/wp-json\/wp\/v2\/types\/post"}],"author":[{"embeddable":true,"href":"https:\/\/blog.myvideomedia.com\/de\/wp-json\/wp\/v2\/users\/1"}],"replies":[{"embeddable":true,"href":"https:\/\/blog.myvideomedia.com\/de\/wp-json\/wp\/v2\/comments?post=7095"}],"version-history":[{"count":0,"href":"https:\/\/blog.myvideomedia.com\/de\/wp-json\/wp\/v2\/posts\/7095\/revisions"}],"wp:featuredmedia":[{"embeddable":true,"href":"https:\/\/blog.myvideomedia.com\/de\/wp-json\/wp\/v2\/media\/26022"}],"wp:attachment":[{"href":"https:\/\/blog.myvideomedia.com\/de\/wp-json\/wp\/v2\/media?parent=7095"}],"wp:term":[{"taxonomy":"category","embeddable":true,"href":"https:\/\/blog.myvideomedia.com\/de\/wp-json\/wp\/v2\/categories?post=7095"},{"taxonomy":"post_tag","embeddable":true,"href":"https:\/\/blog.myvideomedia.com\/de\/wp-json\/wp\/v2\/tags?post=7095"}],"curies":[{"name":"wp","href":"https:\/\/api.w.org\/{rel}","templated":true}]}}