{"id":7101,"date":"2015-05-27T07:45:08","date_gmt":"2015-05-27T06:45:08","guid":{"rendered":"https:\/\/blog.myvideomedia.com\/?p=7101"},"modified":"2022-01-22T15:46:08","modified_gmt":"2022-01-22T14:46:08","slug":"pyramidenkogel-in-karnten","status":"publish","type":"post","link":"https:\/\/blog.myvideomedia.com\/de\/pyramidenkogel-in-karnten\/","title":{"rendered":"Pyramidenkogel in K\u00e4rnten"},"content":{"rendered":"\n<p>Der Pyramidenkogel ist eine 851 m Erhebung s\u00fcdlich des W\u00f6rthersees in K\u00e4rnten.<\/p>\n\n\n\n<p>Im Winter 2012\/2013 wird die 54 m hohe Stahlbetonkonstruktion durch eine \u00fcber 100 m hohe Holzkonstruktion f\u00fcr die Aussichtsplattform ersetzt.<\/p>\n\n\n\n<p>Damit wird dies der weltweit h\u00f6chste h\u00f6lzerne Aussichtsturm.<\/p>\n\n\n\n<p>Als Highlight beinhaltet der neue Turm eine Rutschbahn aus einer H\u00f6he von 66 m.<\/p>\n\n\n\n<h3 class=\"wp-block-heading\"><a href=\"https:\/\/youtu.be\/e9c2wzg6E5g\" target=\"_blank\" rel=\"noopener\">Hier sehen Sie das Video<\/a><\/h3>\n\n\n\n<figure> <div class=\"brlbs-cmpnt-container brlbs-cmpnt-content-blocker brlbs-cmpnt-with-individual-styles\" data-borlabs-cookie-content-blocker-id=\"youtube-content-blocker\" data-borlabs-cookie-content=\"PGlmcmFtZSBzcmM9Imh0dHBzOi8vd3d3LnlvdXR1YmUtbm9jb29raWUuY29tL2VtYmVkL2U5YzJ3emc2RTVnIiB3aWR0aD0iNjAwIiBoZWlnaHQ9IjMzOCI+PC9pZnJhbWU+\"><div class=\"brlbs-cmpnt-cb-preset-c brlbs-cmpnt-cb-youtube\"> <div class=\"brlbs-cmpnt-cb-thumbnail\" style=\"background-image: url('https:\/\/blog.myvideomedia.com\/wp-content\/uploads\/borlabs-cookie\/1\/yt_e9c2wzg6E5g_hqdefault.jpg')\"><\/div> <div class=\"brlbs-cmpnt-cb-main\"> <div class=\"brlbs-cmpnt-cb-play-button\"><\/div> <div class=\"brlbs-cmpnt-cb-content\"> <p class=\"brlbs-cmpnt-cb-description\">Sie sehen gerade einen Platzhalterinhalt von <strong>YouTube<\/strong>. Um auf den eigentlichen Inhalt zuzugreifen, klicken Sie auf die Schaltfl\u00e4che unten. Bitte beachten Sie, dass dabei Daten an Drittanbieter weitergegeben werden.<\/p> <a class=\"brlbs-cmpnt-cb-provider-toggle\" href=\"#\" data-borlabs-cookie-show-provider-information role=\"button\">Mehr Informationen<\/a> <\/div> <div class=\"brlbs-cmpnt-cb-buttons\"> <a class=\"brlbs-cmpnt-cb-btn\" href=\"#\" data-borlabs-cookie-unblock role=\"button\">Inhalt entsperren<\/a> <a class=\"brlbs-cmpnt-cb-btn\" href=\"#\" data-borlabs-cookie-accept-service role=\"button\" style=\"display: inherit\">Erforderlichen Service akzeptieren und Inhalte entsperren<\/a> <\/div> <\/div> <\/div><\/div><\/figure>\n\n\n\n<p>Die Aussichtsplattform bietet einen wundersch\u00f6nen Panoramablick \u00fcber den W\u00f6rthersee, von Klagenfurt bis Velden und die angrenzende Region.<\/p>\n\n\n\n<div class=\"wp-block-image is-style-default\"><figure class=\"aligncenter\"><img loading=\"lazy\" decoding=\"async\" width=\"699\" height=\"467\" src=\"https:\/\/blog.myvideomedia.com\/wp-content\/uploads\/2013\/05\/oes2017-Poertschach.jpg\" alt=\"Poertschach\" class=\"wp-image-4135\" srcset=\"https:\/\/blog.myvideomedia.com\/wp-content\/uploads\/2013\/05\/oes2017-Poertschach.jpg 699w, https:\/\/blog.myvideomedia.com\/wp-content\/uploads\/2013\/05\/oes2017-Poertschach-300x200.jpg 300w\" sizes=\"auto, (max-width: 699px) 100vw, 699px\" \/><\/figure><\/div>\n\n\n\n<p>Besonders gut zu sehen ist P\u00f6rtschach an der gegen\u00fcberliegende Seite des Sees und Maria W\u00f6rth. Im S\u00fcden sind die Karawanken und der Keutschachersee zu erkennen.<\/p>\n\n\n\n<div class=\"wp-block-image is-style-default\"><figure class=\"aligncenter\"><img loading=\"lazy\" decoding=\"async\" width=\"1080\" height=\"720\" src=\"https:\/\/blog.myvideomedia.com\/wp-content\/uploads\/2014\/07\/Maria-Woerth_8835.jpg\" alt=\"Maria Woerth\" class=\"wp-image-4718\" srcset=\"https:\/\/blog.myvideomedia.com\/wp-content\/uploads\/2014\/07\/Maria-Woerth_8835.jpg 1080w, https:\/\/blog.myvideomedia.com\/wp-content\/uploads\/2014\/07\/Maria-Woerth_8835-525x350.jpg 525w, https:\/\/blog.myvideomedia.com\/wp-content\/uploads\/2014\/07\/Maria-Woerth_8835-1024x682.jpg 1024w, https:\/\/blog.myvideomedia.com\/wp-content\/uploads\/2014\/07\/Maria-Woerth_8835-600x400.jpg 600w\" sizes=\"auto, (max-width: 1080px) 100vw, 1080px\" \/><\/figure><\/div>\n\n\n\n<p>Please read on &gt; <a href=\"https:\/\/blog.myvideomedia.com\/de\/teurnia-kaernten\/\" target=\"_blank\" rel=\"noopener\">Teurnia ein Metropolitansitz in K\u00e4rnten<\/a><\/p>\n\n\n\n<p>Text, Fotos und Video: Copyright \u00a9 <a href=\"https:\/\/www.myvideomedia.com\/de\" target=\"_blank\" rel=\"noopener\">myVideoMedia<\/a><\/p>\n","protected":false},"excerpt":{"rendered":"<p>Der Pyramidenkogel ist eine 851 m Erhebung s\u00fcdlich des W\u00f6rthersees in K\u00e4rnten. Im Winter 2012\/2013 wird die 54 m hohe Stahlbetonkonstruktion durch eine \u00fcber 100 m hohe Holzkonstruktion f\u00fcr die Aussichtsplattform ersetzt. Damit wird dies der weltweit h\u00f6chste h\u00f6lzerne Aussichtsturm. Als Highlight beinhaltet der neue Turm eine Rutschbahn aus einer H\u00f6he von 66 m. Hier [&hellip;]<\/p>\n","protected":false},"author":1,"featured_media":4134,"comment_status":"open","ping_status":"closed","sticky":false,"template":"","format":"standard","meta":{"_genesis_hide_title":false,"_genesis_hide_breadcrumbs":false,"_genesis_hide_singular_image":false,"_genesis_hide_footer_widgets":false,"_genesis_custom_body_class":"","_genesis_custom_post_class":"","_genesis_layout":"","footnotes":""},"categories":[1550,493,492],"tags":[466,469,461],"class_list":{"0":"post-7101","1":"post","2":"type-post","3":"status-publish","4":"format-standard","5":"has-post-thumbnail","7":"category-europa","8":"category-kaernten","9":"category-oesterreich","10":"tag-berge","11":"tag-natur","12":"tag-see","13":"entry"},"yoast_head":"<!-- This site is optimized with the Yoast SEO plugin v27.4 - https:\/\/yoast.com\/product\/yoast-seo-wordpress\/ -->\n<title>Pyramidenkogel in K\u00e4rnten - \u00d6sterreich - Reise Video Blog<\/title>\n<meta name=\"description\" content=\"Der Pyramidenkogel ist eine 851 m Erhebung s\u00fcdlich des W\u00f6rthersees. Die Aussichtsplattform bietet einen wundersch\u00f6nen Panoramablick\" \/>\n<meta name=\"robots\" content=\"index, follow, max-snippet:-1, max-image-preview:large, max-video-preview:-1\" \/>\n<link rel=\"canonical\" href=\"https:\/\/blog.myvideomedia.com\/de\/pyramidenkogel-in-karnten\/\" \/>\n<meta property=\"og:locale\" content=\"de_DE\" \/>\n<meta property=\"og:type\" content=\"article\" \/>\n<meta property=\"og:title\" content=\"Pyramidenkogel in K\u00e4rnten - \u00d6sterreich - Reise Video Blog\" \/>\n<meta property=\"og:description\" content=\"Der Pyramidenkogel ist eine 851 m Erhebung s\u00fcdlich des W\u00f6rthersees. Die Aussichtsplattform bietet einen wundersch\u00f6nen Panoramablick\" \/>\n<meta property=\"og:url\" content=\"https:\/\/blog.myvideomedia.com\/de\/pyramidenkogel-in-karnten\/\" \/>\n<meta property=\"og:site_name\" content=\"Reise Video Blog\" \/>\n<meta property=\"article:publisher\" content=\"https:\/\/www.facebook.com\/ursula.streit.520\" \/>\n<meta property=\"article:author\" content=\"https:\/\/www.facebook.com\/ursula.streit.520\" \/>\n<meta property=\"article:published_time\" content=\"2015-05-27T06:45:08+00:00\" \/>\n<meta property=\"article:modified_time\" content=\"2022-01-22T14:46:08+00:00\" \/>\n<meta property=\"og:image\" content=\"https:\/\/blog.myvideomedia.com\/wp-content\/uploads\/2013\/05\/oes2015-Poertschach.jpg\" \/>\n\t<meta property=\"og:image:width\" content=\"699\" \/>\n\t<meta property=\"og:image:height\" content=\"467\" \/>\n\t<meta property=\"og:image:type\" content=\"image\/jpeg\" \/>\n<meta name=\"author\" content=\"myVideoMedia\" \/>\n<meta name=\"twitter:card\" content=\"summary_large_image\" \/>\n<meta name=\"twitter:creator\" content=\"@myvideomedia\" \/>\n<meta name=\"twitter:site\" content=\"@myvideomedia\" \/>\n<meta name=\"twitter:label1\" content=\"Verfasst von\" \/>\n\t<meta name=\"twitter:data1\" content=\"myVideoMedia\" \/>\n\t<meta name=\"twitter:label2\" content=\"Gesch\u00e4tzte Lesezeit\" \/>\n\t<meta name=\"twitter:data2\" content=\"1\u00a0Minute\" \/>\n<script type=\"application\/ld+json\" class=\"yoast-schema-graph\">{\"@context\":\"https:\\\/\\\/schema.org\",\"@graph\":[{\"@type\":\"Article\",\"@id\":\"https:\\\/\\\/blog.myvideomedia.com\\\/de\\\/pyramidenkogel-in-karnten\\\/#article\",\"isPartOf\":{\"@id\":\"https:\\\/\\\/blog.myvideomedia.com\\\/de\\\/pyramidenkogel-in-karnten\\\/\"},\"author\":{\"name\":\"myVideoMedia\",\"@id\":\"https:\\\/\\\/blog.myvideomedia.com\\\/de\\\/#\\\/schema\\\/person\\\/87be8fbbed69b1562242448c1c3dcbec\"},\"headline\":\"Pyramidenkogel in K\u00e4rnten\",\"datePublished\":\"2015-05-27T06:45:08+00:00\",\"dateModified\":\"2022-01-22T14:46:08+00:00\",\"mainEntityOfPage\":{\"@id\":\"https:\\\/\\\/blog.myvideomedia.com\\\/de\\\/pyramidenkogel-in-karnten\\\/\"},\"wordCount\":129,\"commentCount\":0,\"publisher\":{\"@id\":\"https:\\\/\\\/blog.myvideomedia.com\\\/de\\\/#\\\/schema\\\/person\\\/87be8fbbed69b1562242448c1c3dcbec\"},\"image\":{\"@id\":\"https:\\\/\\\/blog.myvideomedia.com\\\/de\\\/pyramidenkogel-in-karnten\\\/#primaryimage\"},\"thumbnailUrl\":\"https:\\\/\\\/blog.myvideomedia.com\\\/wp-content\\\/uploads\\\/2013\\\/05\\\/oes2015-Poertschach.jpg\",\"keywords\":[\"Berge\",\"Natur\",\"See\"],\"articleSection\":[\"Europa\",\"K\u00e4rnten\",\"\u00d6sterreich\"],\"inLanguage\":\"de\",\"potentialAction\":[{\"@type\":\"CommentAction\",\"name\":\"Comment\",\"target\":[\"https:\\\/\\\/blog.myvideomedia.com\\\/de\\\/pyramidenkogel-in-karnten\\\/#respond\"]}]},{\"@type\":\"WebPage\",\"@id\":\"https:\\\/\\\/blog.myvideomedia.com\\\/de\\\/pyramidenkogel-in-karnten\\\/\",\"url\":\"https:\\\/\\\/blog.myvideomedia.com\\\/de\\\/pyramidenkogel-in-karnten\\\/\",\"name\":\"Pyramidenkogel in K\u00e4rnten - \u00d6sterreich - Reise Video Blog\",\"isPartOf\":{\"@id\":\"https:\\\/\\\/blog.myvideomedia.com\\\/de\\\/#website\"},\"primaryImageOfPage\":{\"@id\":\"https:\\\/\\\/blog.myvideomedia.com\\\/de\\\/pyramidenkogel-in-karnten\\\/#primaryimage\"},\"image\":{\"@id\":\"https:\\\/\\\/blog.myvideomedia.com\\\/de\\\/pyramidenkogel-in-karnten\\\/#primaryimage\"},\"thumbnailUrl\":\"https:\\\/\\\/blog.myvideomedia.com\\\/wp-content\\\/uploads\\\/2013\\\/05\\\/oes2015-Poertschach.jpg\",\"datePublished\":\"2015-05-27T06:45:08+00:00\",\"dateModified\":\"2022-01-22T14:46:08+00:00\",\"description\":\"Der Pyramidenkogel ist eine 851 m Erhebung s\u00fcdlich des W\u00f6rthersees. Die Aussichtsplattform bietet einen wundersch\u00f6nen Panoramablick\",\"breadcrumb\":{\"@id\":\"https:\\\/\\\/blog.myvideomedia.com\\\/de\\\/pyramidenkogel-in-karnten\\\/#breadcrumb\"},\"inLanguage\":\"de\",\"potentialAction\":[{\"@type\":\"ReadAction\",\"target\":[\"https:\\\/\\\/blog.myvideomedia.com\\\/de\\\/pyramidenkogel-in-karnten\\\/\"]}]},{\"@type\":\"ImageObject\",\"inLanguage\":\"de\",\"@id\":\"https:\\\/\\\/blog.myvideomedia.com\\\/de\\\/pyramidenkogel-in-karnten\\\/#primaryimage\",\"url\":\"https:\\\/\\\/blog.myvideomedia.com\\\/wp-content\\\/uploads\\\/2013\\\/05\\\/oes2015-Poertschach.jpg\",\"contentUrl\":\"https:\\\/\\\/blog.myvideomedia.com\\\/wp-content\\\/uploads\\\/2013\\\/05\\\/oes2015-Poertschach.jpg\",\"width\":699,\"height\":467,\"caption\":\"Pyramidenkogel\"},{\"@type\":\"BreadcrumbList\",\"@id\":\"https:\\\/\\\/blog.myvideomedia.com\\\/de\\\/pyramidenkogel-in-karnten\\\/#breadcrumb\",\"itemListElement\":[{\"@type\":\"ListItem\",\"position\":1,\"name\":\"Home\",\"item\":\"https:\\\/\\\/blog.myvideomedia.com\\\/de\\\/\"},{\"@type\":\"ListItem\",\"position\":2,\"name\":\"Pyramidenkogel in K\u00e4rnten\"}]},{\"@type\":\"WebSite\",\"@id\":\"https:\\\/\\\/blog.myvideomedia.com\\\/de\\\/#website\",\"url\":\"https:\\\/\\\/blog.myvideomedia.com\\\/de\\\/\",\"name\":\"Travel Video Blog\",\"description\":\"myVideoMedia Reisetipps und Reisevideos\",\"publisher\":{\"@id\":\"https:\\\/\\\/blog.myvideomedia.com\\\/de\\\/#\\\/schema\\\/person\\\/87be8fbbed69b1562242448c1c3dcbec\"},\"potentialAction\":[{\"@type\":\"SearchAction\",\"target\":{\"@type\":\"EntryPoint\",\"urlTemplate\":\"https:\\\/\\\/blog.myvideomedia.com\\\/de\\\/?s={search_term_string}\"},\"query-input\":{\"@type\":\"PropertyValueSpecification\",\"valueRequired\":true,\"valueName\":\"search_term_string\"}}],\"inLanguage\":\"de\"},{\"@type\":[\"Person\",\"Organization\"],\"@id\":\"https:\\\/\\\/blog.myvideomedia.com\\\/de\\\/#\\\/schema\\\/person\\\/87be8fbbed69b1562242448c1c3dcbec\",\"name\":\"myVideoMedia\",\"image\":{\"@type\":\"ImageObject\",\"inLanguage\":\"de\",\"@id\":\"https:\\\/\\\/secure.gravatar.com\\\/avatar\\\/460720160715ef8975b781abd1b6985e55ce2f01567bb6757bebd73e7cf74c97?s=96&d=mm&r=g\",\"url\":\"https:\\\/\\\/secure.gravatar.com\\\/avatar\\\/460720160715ef8975b781abd1b6985e55ce2f01567bb6757bebd73e7cf74c97?s=96&d=mm&r=g\",\"contentUrl\":\"https:\\\/\\\/secure.gravatar.com\\\/avatar\\\/460720160715ef8975b781abd1b6985e55ce2f01567bb6757bebd73e7cf74c97?s=96&d=mm&r=g\",\"caption\":\"myVideoMedia\"},\"logo\":{\"@id\":\"https:\\\/\\\/secure.gravatar.com\\\/avatar\\\/460720160715ef8975b781abd1b6985e55ce2f01567bb6757bebd73e7cf74c97?s=96&d=mm&r=g\"},\"description\":\"\\\"The World is a book, and those who do not travel read only a page\\\" - Aurelius Augustinus (354 - 430 AD) Travel is our passion. With our posts and videos we like to inspire people who are planning or preparing for holidays as well as people who simply want to escape from everyday life and dream of faraway countries.\",\"sameAs\":[\"https:\\\/\\\/www.myvideomedia.com\",\"https:\\\/\\\/www.facebook.com\\\/ursula.streit.520\"],\"url\":\"https:\\\/\\\/blog.myvideomedia.com\\\/de\\\/author\\\/traveladm\\\/\"}]}<\/script>\n<!-- \/ Yoast SEO plugin. -->","yoast_head_json":{"title":"Pyramidenkogel in K\u00e4rnten - \u00d6sterreich - Reise Video Blog","description":"Der Pyramidenkogel ist eine 851 m Erhebung s\u00fcdlich des W\u00f6rthersees. Die Aussichtsplattform bietet einen wundersch\u00f6nen Panoramablick","robots":{"index":"index","follow":"follow","max-snippet":"max-snippet:-1","max-image-preview":"max-image-preview:large","max-video-preview":"max-video-preview:-1"},"canonical":"https:\/\/blog.myvideomedia.com\/de\/pyramidenkogel-in-karnten\/","og_locale":"de_DE","og_type":"article","og_title":"Pyramidenkogel in K\u00e4rnten - \u00d6sterreich - Reise Video Blog","og_description":"Der Pyramidenkogel ist eine 851 m Erhebung s\u00fcdlich des W\u00f6rthersees. Die Aussichtsplattform bietet einen wundersch\u00f6nen Panoramablick","og_url":"https:\/\/blog.myvideomedia.com\/de\/pyramidenkogel-in-karnten\/","og_site_name":"Reise Video Blog","article_publisher":"https:\/\/www.facebook.com\/ursula.streit.520","article_author":"https:\/\/www.facebook.com\/ursula.streit.520","article_published_time":"2015-05-27T06:45:08+00:00","article_modified_time":"2022-01-22T14:46:08+00:00","og_image":[{"width":699,"height":467,"url":"https:\/\/blog.myvideomedia.com\/wp-content\/uploads\/2013\/05\/oes2015-Poertschach.jpg","type":"image\/jpeg"}],"author":"myVideoMedia","twitter_card":"summary_large_image","twitter_creator":"@myvideomedia","twitter_site":"@myvideomedia","twitter_misc":{"Verfasst von":"myVideoMedia","Gesch\u00e4tzte Lesezeit":"1\u00a0Minute"},"schema":{"@context":"https:\/\/schema.org","@graph":[{"@type":"Article","@id":"https:\/\/blog.myvideomedia.com\/de\/pyramidenkogel-in-karnten\/#article","isPartOf":{"@id":"https:\/\/blog.myvideomedia.com\/de\/pyramidenkogel-in-karnten\/"},"author":{"name":"myVideoMedia","@id":"https:\/\/blog.myvideomedia.com\/de\/#\/schema\/person\/87be8fbbed69b1562242448c1c3dcbec"},"headline":"Pyramidenkogel in K\u00e4rnten","datePublished":"2015-05-27T06:45:08+00:00","dateModified":"2022-01-22T14:46:08+00:00","mainEntityOfPage":{"@id":"https:\/\/blog.myvideomedia.com\/de\/pyramidenkogel-in-karnten\/"},"wordCount":129,"commentCount":0,"publisher":{"@id":"https:\/\/blog.myvideomedia.com\/de\/#\/schema\/person\/87be8fbbed69b1562242448c1c3dcbec"},"image":{"@id":"https:\/\/blog.myvideomedia.com\/de\/pyramidenkogel-in-karnten\/#primaryimage"},"thumbnailUrl":"https:\/\/blog.myvideomedia.com\/wp-content\/uploads\/2013\/05\/oes2015-Poertschach.jpg","keywords":["Berge","Natur","See"],"articleSection":["Europa","K\u00e4rnten","\u00d6sterreich"],"inLanguage":"de","potentialAction":[{"@type":"CommentAction","name":"Comment","target":["https:\/\/blog.myvideomedia.com\/de\/pyramidenkogel-in-karnten\/#respond"]}]},{"@type":"WebPage","@id":"https:\/\/blog.myvideomedia.com\/de\/pyramidenkogel-in-karnten\/","url":"https:\/\/blog.myvideomedia.com\/de\/pyramidenkogel-in-karnten\/","name":"Pyramidenkogel in K\u00e4rnten - \u00d6sterreich - Reise Video Blog","isPartOf":{"@id":"https:\/\/blog.myvideomedia.com\/de\/#website"},"primaryImageOfPage":{"@id":"https:\/\/blog.myvideomedia.com\/de\/pyramidenkogel-in-karnten\/#primaryimage"},"image":{"@id":"https:\/\/blog.myvideomedia.com\/de\/pyramidenkogel-in-karnten\/#primaryimage"},"thumbnailUrl":"https:\/\/blog.myvideomedia.com\/wp-content\/uploads\/2013\/05\/oes2015-Poertschach.jpg","datePublished":"2015-05-27T06:45:08+00:00","dateModified":"2022-01-22T14:46:08+00:00","description":"Der Pyramidenkogel ist eine 851 m Erhebung s\u00fcdlich des W\u00f6rthersees. Die Aussichtsplattform bietet einen wundersch\u00f6nen Panoramablick","breadcrumb":{"@id":"https:\/\/blog.myvideomedia.com\/de\/pyramidenkogel-in-karnten\/#breadcrumb"},"inLanguage":"de","potentialAction":[{"@type":"ReadAction","target":["https:\/\/blog.myvideomedia.com\/de\/pyramidenkogel-in-karnten\/"]}]},{"@type":"ImageObject","inLanguage":"de","@id":"https:\/\/blog.myvideomedia.com\/de\/pyramidenkogel-in-karnten\/#primaryimage","url":"https:\/\/blog.myvideomedia.com\/wp-content\/uploads\/2013\/05\/oes2015-Poertschach.jpg","contentUrl":"https:\/\/blog.myvideomedia.com\/wp-content\/uploads\/2013\/05\/oes2015-Poertschach.jpg","width":699,"height":467,"caption":"Pyramidenkogel"},{"@type":"BreadcrumbList","@id":"https:\/\/blog.myvideomedia.com\/de\/pyramidenkogel-in-karnten\/#breadcrumb","itemListElement":[{"@type":"ListItem","position":1,"name":"Home","item":"https:\/\/blog.myvideomedia.com\/de\/"},{"@type":"ListItem","position":2,"name":"Pyramidenkogel in K\u00e4rnten"}]},{"@type":"WebSite","@id":"https:\/\/blog.myvideomedia.com\/de\/#website","url":"https:\/\/blog.myvideomedia.com\/de\/","name":"Travel Video Blog","description":"myVideoMedia Reisetipps und Reisevideos","publisher":{"@id":"https:\/\/blog.myvideomedia.com\/de\/#\/schema\/person\/87be8fbbed69b1562242448c1c3dcbec"},"potentialAction":[{"@type":"SearchAction","target":{"@type":"EntryPoint","urlTemplate":"https:\/\/blog.myvideomedia.com\/de\/?s={search_term_string}"},"query-input":{"@type":"PropertyValueSpecification","valueRequired":true,"valueName":"search_term_string"}}],"inLanguage":"de"},{"@type":["Person","Organization"],"@id":"https:\/\/blog.myvideomedia.com\/de\/#\/schema\/person\/87be8fbbed69b1562242448c1c3dcbec","name":"myVideoMedia","image":{"@type":"ImageObject","inLanguage":"de","@id":"https:\/\/secure.gravatar.com\/avatar\/460720160715ef8975b781abd1b6985e55ce2f01567bb6757bebd73e7cf74c97?s=96&d=mm&r=g","url":"https:\/\/secure.gravatar.com\/avatar\/460720160715ef8975b781abd1b6985e55ce2f01567bb6757bebd73e7cf74c97?s=96&d=mm&r=g","contentUrl":"https:\/\/secure.gravatar.com\/avatar\/460720160715ef8975b781abd1b6985e55ce2f01567bb6757bebd73e7cf74c97?s=96&d=mm&r=g","caption":"myVideoMedia"},"logo":{"@id":"https:\/\/secure.gravatar.com\/avatar\/460720160715ef8975b781abd1b6985e55ce2f01567bb6757bebd73e7cf74c97?s=96&d=mm&r=g"},"description":"\"The World is a book, and those who do not travel read only a page\" - Aurelius Augustinus (354 - 430 AD) Travel is our passion. With our posts and videos we like to inspire people who are planning or preparing for holidays as well as people who simply want to escape from everyday life and dream of faraway countries.","sameAs":["https:\/\/www.myvideomedia.com","https:\/\/www.facebook.com\/ursula.streit.520"],"url":"https:\/\/blog.myvideomedia.com\/de\/author\/traveladm\/"}]}},"featured_image_src":"https:\/\/blog.myvideomedia.com\/wp-content\/uploads\/2013\/05\/oes2015-Poertschach.jpg","featured_image_src_square":"https:\/\/blog.myvideomedia.com\/wp-content\/uploads\/2013\/05\/oes2015-Poertschach.jpg","author_info":{"display_name":"myVideoMedia","author_link":"https:\/\/blog.myvideomedia.com\/de\/author\/traveladm\/"},"_links":{"self":[{"href":"https:\/\/blog.myvideomedia.com\/de\/wp-json\/wp\/v2\/posts\/7101","targetHints":{"allow":["GET"]}}],"collection":[{"href":"https:\/\/blog.myvideomedia.com\/de\/wp-json\/wp\/v2\/posts"}],"about":[{"href":"https:\/\/blog.myvideomedia.com\/de\/wp-json\/wp\/v2\/types\/post"}],"author":[{"embeddable":true,"href":"https:\/\/blog.myvideomedia.com\/de\/wp-json\/wp\/v2\/users\/1"}],"replies":[{"embeddable":true,"href":"https:\/\/blog.myvideomedia.com\/de\/wp-json\/wp\/v2\/comments?post=7101"}],"version-history":[{"count":0,"href":"https:\/\/blog.myvideomedia.com\/de\/wp-json\/wp\/v2\/posts\/7101\/revisions"}],"wp:featuredmedia":[{"embeddable":true,"href":"https:\/\/blog.myvideomedia.com\/de\/wp-json\/wp\/v2\/media\/4134"}],"wp:attachment":[{"href":"https:\/\/blog.myvideomedia.com\/de\/wp-json\/wp\/v2\/media?parent=7101"}],"wp:term":[{"taxonomy":"category","embeddable":true,"href":"https:\/\/blog.myvideomedia.com\/de\/wp-json\/wp\/v2\/categories?post=7101"},{"taxonomy":"post_tag","embeddable":true,"href":"https:\/\/blog.myvideomedia.com\/de\/wp-json\/wp\/v2\/tags?post=7101"}],"curies":[{"name":"wp","href":"https:\/\/api.w.org\/{rel}","templated":true}]}}