{"id":7173,"date":"2015-05-30T13:21:06","date_gmt":"2015-05-30T12:21:06","guid":{"rendered":"https:\/\/blog.myvideomedia.com\/?p=7173"},"modified":"2022-02-15T16:18:34","modified_gmt":"2022-02-15T15:18:34","slug":"meteora-griechenland","status":"publish","type":"post","link":"https:\/\/blog.myvideomedia.com\/de\/meteora-griechenland\/","title":{"rendered":"Meteora &#8211; T\u00e1 met\u00e9ora monast\u00edra &#8211; die Kl\u00f6ster in der Luft"},"content":{"rendered":"\n<p>Die Met\u00e9ora-Kl\u00f6ster befinden sich in der N\u00e4he von Kalambaka in Thessalien, Griechenland.&nbsp;Seit 1988 sind sie UNESCO-Weltkulturerbe.<\/p>\n\n\n\n<p>Vorbei an Larissa erreichen wir die phantastischen Meteora Kl\u00f6ster. Auf 300 m hohen Konglomeratfelsen \u00fcber der Ortschaft Kalabaka wurden ab dem 11. Jahrhundert 24 Kl\u00f6ster errichtet, von denen 6 noch bewohnt sind.<\/p>\n\n\n\n<p>\u00c4hnlich wie in Athos gibt es eine Klostergemeinschaft, die sich strengen Regeln unterworfen hat. Im Gegensatz zu Athos gibt es in Meteora aber auch zwei Frauenkl\u00f6ster.<\/p>\n\n\n\n<h3 class=\"has-text-align-left wp-block-heading\" id=\"hier-sehen-sie-das-video\"><a href=\"https:\/\/youtu.be\/Onq6eBXbLiI\" target=\"_blank\" rel=\"noopener noreferrer\">Hier sehen Sie das Video<\/a><\/h3>\n\n\n\n<figure> <div class=\"brlbs-cmpnt-container brlbs-cmpnt-content-blocker brlbs-cmpnt-with-individual-styles\" data-borlabs-cookie-content-blocker-id=\"youtube-content-blocker\" data-borlabs-cookie-content=\"PGlmcmFtZSBzcmM9Imh0dHBzOi8vd3d3LnlvdXR1YmUtbm9jb29raWUuY29tL2VtYmVkL09ucTZlQlhiTGlJIiB3aWR0aD0iNjAwIiBoZWlnaHQ9IjMzOCI+PC9pZnJhbWU+\"><div class=\"brlbs-cmpnt-cb-preset-c brlbs-cmpnt-cb-youtube\"> <div class=\"brlbs-cmpnt-cb-thumbnail\" style=\"background-image: url('https:\/\/blog.myvideomedia.com\/wp-content\/uploads\/borlabs-cookie\/1\/yt_Onq6eBXbLiI_hqdefault.jpg')\"><\/div> <div class=\"brlbs-cmpnt-cb-main\"> <div class=\"brlbs-cmpnt-cb-play-button\"><\/div> <div class=\"brlbs-cmpnt-cb-content\"> <p class=\"brlbs-cmpnt-cb-description\">Sie sehen gerade einen Platzhalterinhalt von <strong>YouTube<\/strong>. Um auf den eigentlichen Inhalt zuzugreifen, klicken Sie auf die Schaltfl\u00e4che unten. Bitte beachten Sie, dass dabei Daten an Drittanbieter weitergegeben werden.<\/p> <a class=\"brlbs-cmpnt-cb-provider-toggle\" href=\"#\" data-borlabs-cookie-show-provider-information role=\"button\">Mehr Informationen<\/a> <\/div> <div class=\"brlbs-cmpnt-cb-buttons\"> <a class=\"brlbs-cmpnt-cb-btn\" href=\"#\" data-borlabs-cookie-unblock role=\"button\">Inhalt entsperren<\/a> <a class=\"brlbs-cmpnt-cb-btn\" href=\"#\" data-borlabs-cookie-accept-service role=\"button\" style=\"display: inherit\">Erforderlichen Service akzeptieren und Inhalte entsperren<\/a> <\/div> <\/div> <\/div><\/div><\/figure>\n\n\n\n<p>Einige Kl\u00f6ster waren bis in die 20er Jahre des letzten Jahrhunderts nur \u00fcber Strickleitern oder Aufz\u00fcge erreichbar.<\/p>\n\n\n\n<p>Der Grund f\u00fcr die Bauweise in luftiger H\u00f6he mag die Hinwendung zu Gott gewesen sein, aber auch weil die Kl\u00f6ster oft Ziele von \u00dcberf\u00e4llen und Pl\u00fcnderungen darstellten.<\/p>\n\n\n\n<p>In den Kl\u00f6stern sind ber\u00fchmte Fresken sowie Sch\u00e4del ehemaliger M\u00f6nche zu besichtigen.<\/p>\n\n\n\n<div class=\"wp-block-image wp-image-13612 size-medium\"><figure class=\"aligncenter\"><img loading=\"lazy\" decoding=\"async\" width=\"600\" height=\"400\" src=\"https:\/\/blog.myvideomedia.com\/wp-content\/uploads\/2015\/05\/meteora_3250-600x400.jpg\" alt=\"Meteora\" class=\"wp-image-13612\" srcset=\"https:\/\/blog.myvideomedia.com\/wp-content\/uploads\/2015\/05\/meteora_3250-600x400.jpg 600w, https:\/\/blog.myvideomedia.com\/wp-content\/uploads\/2015\/05\/meteora_3250-768x512.jpg 768w, https:\/\/blog.myvideomedia.com\/wp-content\/uploads\/2015\/05\/meteora_3250-1260x840.jpg 1260w, https:\/\/blog.myvideomedia.com\/wp-content\/uploads\/2015\/05\/meteora_3250.jpg 1280w\" sizes=\"auto, (max-width: 600px) 100vw, 600px\" \/><figcaption>Agios Stephanos<\/figcaption><\/figure><\/div>\n\n\n\n<p>Je nach Tageslicht vermitteln die Anlagen immer wieder unterschiedliche Stimmungsbilder.<\/p>\n\n\n\n<p>Das verleitet Besucher zu riskanten Fotoshootings in abenteuerlichem Schuhwerk am Rande des Abgrunds.<\/p>\n\n\n\n<div class=\"wp-block-image\"><figure class=\"aligncenter\"><img loading=\"lazy\" decoding=\"async\" width=\"600\" height=\"400\" src=\"https:\/\/blog.myvideomedia.com\/wp-content\/uploads\/2015\/05\/Meteora_3230-600x400.jpg\" alt=\"Meteora H\u00f6hle\" class=\"wp-image-13614\" srcset=\"https:\/\/blog.myvideomedia.com\/wp-content\/uploads\/2015\/05\/Meteora_3230-600x400.jpg 600w, https:\/\/blog.myvideomedia.com\/wp-content\/uploads\/2015\/05\/Meteora_3230-768x512.jpg 768w, https:\/\/blog.myvideomedia.com\/wp-content\/uploads\/2015\/05\/Meteora_3230-1260x840.jpg 1260w, https:\/\/blog.myvideomedia.com\/wp-content\/uploads\/2015\/05\/Meteora_3230.jpg 1280w\" sizes=\"auto, (max-width: 600px) 100vw, 600px\" \/><\/figure><\/div>\n\n\n\n<p>Einmal im Jahr, am 23. April oder am 2. Ostertag erklettern Jugendliche zu Ehren des hl. Georgos eine H\u00f6hle inmitten einer der Felsw\u00e4nde und befestigen darin bunte Kopft\u00fccher ihrer Angebeteten.<\/p>\n\n\n\n<div class=\"wp-block-image\"><figure class=\"aligncenter\"><img loading=\"lazy\" decoding=\"async\" width=\"1080\" height=\"720\" src=\"https:\/\/blog.myvideomedia.com\/wp-content\/uploads\/2014\/07\/Meteora_3286.jpg\" alt=\"Meteora Kloster Agia Triada\" class=\"wp-image-4589\" srcset=\"https:\/\/blog.myvideomedia.com\/wp-content\/uploads\/2014\/07\/Meteora_3286.jpg 1080w, https:\/\/blog.myvideomedia.com\/wp-content\/uploads\/2014\/07\/Meteora_3286-300x200.jpg 300w, https:\/\/blog.myvideomedia.com\/wp-content\/uploads\/2014\/07\/Meteora_3286-1024x682.jpg 1024w, https:\/\/blog.myvideomedia.com\/wp-content\/uploads\/2014\/07\/Meteora_3286-600x400.jpg 600w\" sizes=\"auto, (max-width: 1080px) 100vw, 1080px\" \/><\/figure><\/div>\n\n\n\n<p>Das Kloster Agia Triada auf einem 565 m hohen Felsen diente als Kulisse f\u00fcr den James Bond Film \u201eIn t\u00f6dlicher Mission\u201c<\/p>\n\n\n\n<p>Bitte lesen Sie weiter &gt; <a href=\"https:\/\/blog.myvideomedia.com\/de\/kastraki\/\">Kastraki<\/a><\/p>\n\n\n\n<p>Text, Fotos und Video: Copyright \u00a9 <a title=\"myVideoMedia Home\" href=\"https:\/\/www.myvideomedia.com\/de\" target=\"_blank\" rel=\"noopener noreferrer\">myVideoMedia<\/a><\/p>\n","protected":false},"excerpt":{"rendered":"<p>Die Met\u00e9ora-Kl\u00f6ster befinden sich in der N\u00e4he von Kalambaka in Thessalien, Griechenland.&nbsp;Seit 1988 sind sie UNESCO-Weltkulturerbe. Vorbei an Larissa erreichen wir die phantastischen Meteora Kl\u00f6ster. Auf 300 m hohen Konglomeratfelsen \u00fcber der Ortschaft Kalabaka wurden ab dem 11. Jahrhundert 24 Kl\u00f6ster errichtet, von denen 6 noch bewohnt sind. \u00c4hnlich wie in Athos gibt es eine [&hellip;]<\/p>\n","protected":false},"author":1,"featured_media":13612,"comment_status":"open","ping_status":"closed","sticky":false,"template":"","format":"standard","meta":{"_genesis_hide_title":false,"_genesis_hide_breadcrumbs":false,"_genesis_hide_singular_image":false,"_genesis_hide_footer_widgets":false,"_genesis_custom_body_class":"","_genesis_custom_post_class":"","_genesis_layout":"","footnotes":""},"categories":[1550,506,516],"tags":[460,465,476],"class_list":{"0":"post-7173","1":"post","2":"type-post","3":"status-publish","4":"format-standard","5":"has-post-thumbnail","7":"category-europa","8":"category-griechenland","9":"category-thessalien","10":"tag-filmkulisse","11":"tag-kloster-de","12":"tag-unesco-weltkulturerbe","13":"entry"},"yoast_head":"<!-- This site is optimized with the Yoast SEO plugin v27.4 - https:\/\/yoast.com\/product\/yoast-seo-wordpress\/ -->\n<title>Meteora - T\u00e1 met\u00e9ora monast\u00edra - die Kl\u00f6ster in der Luft - Reise Video Blog<\/title>\n<meta name=\"description\" content=\"In den Meteora Kl\u00f6stern siedelten die ersten M\u00f6nche bereits im 10. Jh. Im 16.Jh gab es noch 24 wohlhabende Kl\u00f6ster.\" \/>\n<meta name=\"robots\" content=\"index, follow, max-snippet:-1, max-image-preview:large, max-video-preview:-1\" \/>\n<link rel=\"canonical\" href=\"https:\/\/blog.myvideomedia.com\/de\/meteora-griechenland\/\" \/>\n<meta property=\"og:locale\" content=\"de_DE\" \/>\n<meta property=\"og:type\" content=\"article\" \/>\n<meta property=\"og:title\" content=\"Meteora - T\u00e1 met\u00e9ora monast\u00edra - die Kl\u00f6ster in der Luft - Reise Video Blog\" \/>\n<meta property=\"og:description\" content=\"In den Meteora Kl\u00f6stern siedelten die ersten M\u00f6nche bereits im 10. Jh. Im 16.Jh gab es noch 24 wohlhabende Kl\u00f6ster.\" \/>\n<meta property=\"og:url\" content=\"https:\/\/blog.myvideomedia.com\/de\/meteora-griechenland\/\" \/>\n<meta property=\"og:site_name\" content=\"Reise Video Blog\" \/>\n<meta property=\"article:publisher\" content=\"https:\/\/www.facebook.com\/ursula.streit.520\" \/>\n<meta property=\"article:author\" content=\"https:\/\/www.facebook.com\/ursula.streit.520\" \/>\n<meta property=\"article:published_time\" content=\"2015-05-30T12:21:06+00:00\" \/>\n<meta property=\"article:modified_time\" content=\"2022-02-15T15:18:34+00:00\" \/>\n<meta property=\"og:image\" content=\"https:\/\/blog.myvideomedia.com\/wp-content\/uploads\/2015\/05\/meteora_3250.jpg\" \/>\n\t<meta property=\"og:image:width\" content=\"1280\" \/>\n\t<meta property=\"og:image:height\" content=\"853\" \/>\n\t<meta property=\"og:image:type\" content=\"image\/jpeg\" \/>\n<meta name=\"author\" content=\"myVideoMedia\" \/>\n<meta name=\"twitter:card\" content=\"summary_large_image\" \/>\n<meta name=\"twitter:creator\" content=\"@myvideomedia\" \/>\n<meta name=\"twitter:site\" content=\"@myvideomedia\" \/>\n<meta name=\"twitter:label1\" content=\"Verfasst von\" \/>\n\t<meta name=\"twitter:data1\" content=\"myVideoMedia\" \/>\n\t<meta name=\"twitter:label2\" content=\"Gesch\u00e4tzte Lesezeit\" \/>\n\t<meta name=\"twitter:data2\" content=\"2\u00a0Minuten\" \/>\n<script type=\"application\/ld+json\" class=\"yoast-schema-graph\">{\"@context\":\"https:\\\/\\\/schema.org\",\"@graph\":[{\"@type\":\"Article\",\"@id\":\"https:\\\/\\\/blog.myvideomedia.com\\\/de\\\/meteora-griechenland\\\/#article\",\"isPartOf\":{\"@id\":\"https:\\\/\\\/blog.myvideomedia.com\\\/de\\\/meteora-griechenland\\\/\"},\"author\":{\"name\":\"myVideoMedia\",\"@id\":\"https:\\\/\\\/blog.myvideomedia.com\\\/de\\\/#\\\/schema\\\/person\\\/87be8fbbed69b1562242448c1c3dcbec\"},\"headline\":\"Meteora &#8211; T\u00e1 met\u00e9ora monast\u00edra &#8211; die Kl\u00f6ster in der Luft\",\"datePublished\":\"2015-05-30T12:21:06+00:00\",\"dateModified\":\"2022-02-15T15:18:34+00:00\",\"mainEntityOfPage\":{\"@id\":\"https:\\\/\\\/blog.myvideomedia.com\\\/de\\\/meteora-griechenland\\\/\"},\"wordCount\":253,\"commentCount\":0,\"publisher\":{\"@id\":\"https:\\\/\\\/blog.myvideomedia.com\\\/de\\\/#\\\/schema\\\/person\\\/87be8fbbed69b1562242448c1c3dcbec\"},\"image\":{\"@id\":\"https:\\\/\\\/blog.myvideomedia.com\\\/de\\\/meteora-griechenland\\\/#primaryimage\"},\"thumbnailUrl\":\"https:\\\/\\\/blog.myvideomedia.com\\\/wp-content\\\/uploads\\\/2015\\\/05\\\/meteora_3250.jpg\",\"keywords\":[\"Filmkulisse\",\"Kloster\",\"UNESCO Weltkulturerbe\"],\"articleSection\":[\"Europa\",\"Griechenland\",\"Thessalien\"],\"inLanguage\":\"de\",\"potentialAction\":[{\"@type\":\"CommentAction\",\"name\":\"Comment\",\"target\":[\"https:\\\/\\\/blog.myvideomedia.com\\\/de\\\/meteora-griechenland\\\/#respond\"]}]},{\"@type\":\"WebPage\",\"@id\":\"https:\\\/\\\/blog.myvideomedia.com\\\/de\\\/meteora-griechenland\\\/\",\"url\":\"https:\\\/\\\/blog.myvideomedia.com\\\/de\\\/meteora-griechenland\\\/\",\"name\":\"Meteora - T\u00e1 met\u00e9ora monast\u00edra - die Kl\u00f6ster in der Luft - Reise Video Blog\",\"isPartOf\":{\"@id\":\"https:\\\/\\\/blog.myvideomedia.com\\\/de\\\/#website\"},\"primaryImageOfPage\":{\"@id\":\"https:\\\/\\\/blog.myvideomedia.com\\\/de\\\/meteora-griechenland\\\/#primaryimage\"},\"image\":{\"@id\":\"https:\\\/\\\/blog.myvideomedia.com\\\/de\\\/meteora-griechenland\\\/#primaryimage\"},\"thumbnailUrl\":\"https:\\\/\\\/blog.myvideomedia.com\\\/wp-content\\\/uploads\\\/2015\\\/05\\\/meteora_3250.jpg\",\"datePublished\":\"2015-05-30T12:21:06+00:00\",\"dateModified\":\"2022-02-15T15:18:34+00:00\",\"description\":\"In den Meteora Kl\u00f6stern siedelten die ersten M\u00f6nche bereits im 10. Jh. Im 16.Jh gab es noch 24 wohlhabende Kl\u00f6ster.\",\"breadcrumb\":{\"@id\":\"https:\\\/\\\/blog.myvideomedia.com\\\/de\\\/meteora-griechenland\\\/#breadcrumb\"},\"inLanguage\":\"de\",\"potentialAction\":[{\"@type\":\"ReadAction\",\"target\":[\"https:\\\/\\\/blog.myvideomedia.com\\\/de\\\/meteora-griechenland\\\/\"]}]},{\"@type\":\"ImageObject\",\"inLanguage\":\"de\",\"@id\":\"https:\\\/\\\/blog.myvideomedia.com\\\/de\\\/meteora-griechenland\\\/#primaryimage\",\"url\":\"https:\\\/\\\/blog.myvideomedia.com\\\/wp-content\\\/uploads\\\/2015\\\/05\\\/meteora_3250.jpg\",\"contentUrl\":\"https:\\\/\\\/blog.myvideomedia.com\\\/wp-content\\\/uploads\\\/2015\\\/05\\\/meteora_3250.jpg\",\"width\":1280,\"height\":853},{\"@type\":\"BreadcrumbList\",\"@id\":\"https:\\\/\\\/blog.myvideomedia.com\\\/de\\\/meteora-griechenland\\\/#breadcrumb\",\"itemListElement\":[{\"@type\":\"ListItem\",\"position\":1,\"name\":\"Home\",\"item\":\"https:\\\/\\\/blog.myvideomedia.com\\\/de\\\/\"},{\"@type\":\"ListItem\",\"position\":2,\"name\":\"Meteora &#8211; T\u00e1 met\u00e9ora monast\u00edra &#8211; die Kl\u00f6ster in der Luft\"}]},{\"@type\":\"WebSite\",\"@id\":\"https:\\\/\\\/blog.myvideomedia.com\\\/de\\\/#website\",\"url\":\"https:\\\/\\\/blog.myvideomedia.com\\\/de\\\/\",\"name\":\"Travel Video Blog\",\"description\":\"myVideoMedia Reisetipps und Reisevideos\",\"publisher\":{\"@id\":\"https:\\\/\\\/blog.myvideomedia.com\\\/de\\\/#\\\/schema\\\/person\\\/87be8fbbed69b1562242448c1c3dcbec\"},\"potentialAction\":[{\"@type\":\"SearchAction\",\"target\":{\"@type\":\"EntryPoint\",\"urlTemplate\":\"https:\\\/\\\/blog.myvideomedia.com\\\/de\\\/?s={search_term_string}\"},\"query-input\":{\"@type\":\"PropertyValueSpecification\",\"valueRequired\":true,\"valueName\":\"search_term_string\"}}],\"inLanguage\":\"de\"},{\"@type\":[\"Person\",\"Organization\"],\"@id\":\"https:\\\/\\\/blog.myvideomedia.com\\\/de\\\/#\\\/schema\\\/person\\\/87be8fbbed69b1562242448c1c3dcbec\",\"name\":\"myVideoMedia\",\"image\":{\"@type\":\"ImageObject\",\"inLanguage\":\"de\",\"@id\":\"https:\\\/\\\/secure.gravatar.com\\\/avatar\\\/460720160715ef8975b781abd1b6985e55ce2f01567bb6757bebd73e7cf74c97?s=96&d=mm&r=g\",\"url\":\"https:\\\/\\\/secure.gravatar.com\\\/avatar\\\/460720160715ef8975b781abd1b6985e55ce2f01567bb6757bebd73e7cf74c97?s=96&d=mm&r=g\",\"contentUrl\":\"https:\\\/\\\/secure.gravatar.com\\\/avatar\\\/460720160715ef8975b781abd1b6985e55ce2f01567bb6757bebd73e7cf74c97?s=96&d=mm&r=g\",\"caption\":\"myVideoMedia\"},\"logo\":{\"@id\":\"https:\\\/\\\/secure.gravatar.com\\\/avatar\\\/460720160715ef8975b781abd1b6985e55ce2f01567bb6757bebd73e7cf74c97?s=96&d=mm&r=g\"},\"description\":\"\\\"The World is a book, and those who do not travel read only a page\\\" - Aurelius Augustinus (354 - 430 AD) Travel is our passion. With our posts and videos we like to inspire people who are planning or preparing for holidays as well as people who simply want to escape from everyday life and dream of faraway countries.\",\"sameAs\":[\"https:\\\/\\\/www.myvideomedia.com\",\"https:\\\/\\\/www.facebook.com\\\/ursula.streit.520\"],\"url\":\"https:\\\/\\\/blog.myvideomedia.com\\\/de\\\/author\\\/traveladm\\\/\"}]}<\/script>\n<!-- \/ Yoast SEO plugin. -->","yoast_head_json":{"title":"Meteora - T\u00e1 met\u00e9ora monast\u00edra - die Kl\u00f6ster in der Luft - Reise Video Blog","description":"In den Meteora Kl\u00f6stern siedelten die ersten M\u00f6nche bereits im 10. Jh. Im 16.Jh gab es noch 24 wohlhabende Kl\u00f6ster.","robots":{"index":"index","follow":"follow","max-snippet":"max-snippet:-1","max-image-preview":"max-image-preview:large","max-video-preview":"max-video-preview:-1"},"canonical":"https:\/\/blog.myvideomedia.com\/de\/meteora-griechenland\/","og_locale":"de_DE","og_type":"article","og_title":"Meteora - T\u00e1 met\u00e9ora monast\u00edra - die Kl\u00f6ster in der Luft - Reise Video Blog","og_description":"In den Meteora Kl\u00f6stern siedelten die ersten M\u00f6nche bereits im 10. Jh. Im 16.Jh gab es noch 24 wohlhabende Kl\u00f6ster.","og_url":"https:\/\/blog.myvideomedia.com\/de\/meteora-griechenland\/","og_site_name":"Reise Video Blog","article_publisher":"https:\/\/www.facebook.com\/ursula.streit.520","article_author":"https:\/\/www.facebook.com\/ursula.streit.520","article_published_time":"2015-05-30T12:21:06+00:00","article_modified_time":"2022-02-15T15:18:34+00:00","og_image":[{"width":1280,"height":853,"url":"https:\/\/blog.myvideomedia.com\/wp-content\/uploads\/2015\/05\/meteora_3250.jpg","type":"image\/jpeg"}],"author":"myVideoMedia","twitter_card":"summary_large_image","twitter_creator":"@myvideomedia","twitter_site":"@myvideomedia","twitter_misc":{"Verfasst von":"myVideoMedia","Gesch\u00e4tzte Lesezeit":"2\u00a0Minuten"},"schema":{"@context":"https:\/\/schema.org","@graph":[{"@type":"Article","@id":"https:\/\/blog.myvideomedia.com\/de\/meteora-griechenland\/#article","isPartOf":{"@id":"https:\/\/blog.myvideomedia.com\/de\/meteora-griechenland\/"},"author":{"name":"myVideoMedia","@id":"https:\/\/blog.myvideomedia.com\/de\/#\/schema\/person\/87be8fbbed69b1562242448c1c3dcbec"},"headline":"Meteora &#8211; T\u00e1 met\u00e9ora monast\u00edra &#8211; die Kl\u00f6ster in der Luft","datePublished":"2015-05-30T12:21:06+00:00","dateModified":"2022-02-15T15:18:34+00:00","mainEntityOfPage":{"@id":"https:\/\/blog.myvideomedia.com\/de\/meteora-griechenland\/"},"wordCount":253,"commentCount":0,"publisher":{"@id":"https:\/\/blog.myvideomedia.com\/de\/#\/schema\/person\/87be8fbbed69b1562242448c1c3dcbec"},"image":{"@id":"https:\/\/blog.myvideomedia.com\/de\/meteora-griechenland\/#primaryimage"},"thumbnailUrl":"https:\/\/blog.myvideomedia.com\/wp-content\/uploads\/2015\/05\/meteora_3250.jpg","keywords":["Filmkulisse","Kloster","UNESCO Weltkulturerbe"],"articleSection":["Europa","Griechenland","Thessalien"],"inLanguage":"de","potentialAction":[{"@type":"CommentAction","name":"Comment","target":["https:\/\/blog.myvideomedia.com\/de\/meteora-griechenland\/#respond"]}]},{"@type":"WebPage","@id":"https:\/\/blog.myvideomedia.com\/de\/meteora-griechenland\/","url":"https:\/\/blog.myvideomedia.com\/de\/meteora-griechenland\/","name":"Meteora - T\u00e1 met\u00e9ora monast\u00edra - die Kl\u00f6ster in der Luft - Reise Video Blog","isPartOf":{"@id":"https:\/\/blog.myvideomedia.com\/de\/#website"},"primaryImageOfPage":{"@id":"https:\/\/blog.myvideomedia.com\/de\/meteora-griechenland\/#primaryimage"},"image":{"@id":"https:\/\/blog.myvideomedia.com\/de\/meteora-griechenland\/#primaryimage"},"thumbnailUrl":"https:\/\/blog.myvideomedia.com\/wp-content\/uploads\/2015\/05\/meteora_3250.jpg","datePublished":"2015-05-30T12:21:06+00:00","dateModified":"2022-02-15T15:18:34+00:00","description":"In den Meteora Kl\u00f6stern siedelten die ersten M\u00f6nche bereits im 10. Jh. Im 16.Jh gab es noch 24 wohlhabende Kl\u00f6ster.","breadcrumb":{"@id":"https:\/\/blog.myvideomedia.com\/de\/meteora-griechenland\/#breadcrumb"},"inLanguage":"de","potentialAction":[{"@type":"ReadAction","target":["https:\/\/blog.myvideomedia.com\/de\/meteora-griechenland\/"]}]},{"@type":"ImageObject","inLanguage":"de","@id":"https:\/\/blog.myvideomedia.com\/de\/meteora-griechenland\/#primaryimage","url":"https:\/\/blog.myvideomedia.com\/wp-content\/uploads\/2015\/05\/meteora_3250.jpg","contentUrl":"https:\/\/blog.myvideomedia.com\/wp-content\/uploads\/2015\/05\/meteora_3250.jpg","width":1280,"height":853},{"@type":"BreadcrumbList","@id":"https:\/\/blog.myvideomedia.com\/de\/meteora-griechenland\/#breadcrumb","itemListElement":[{"@type":"ListItem","position":1,"name":"Home","item":"https:\/\/blog.myvideomedia.com\/de\/"},{"@type":"ListItem","position":2,"name":"Meteora &#8211; T\u00e1 met\u00e9ora monast\u00edra &#8211; die Kl\u00f6ster in der Luft"}]},{"@type":"WebSite","@id":"https:\/\/blog.myvideomedia.com\/de\/#website","url":"https:\/\/blog.myvideomedia.com\/de\/","name":"Travel Video Blog","description":"myVideoMedia Reisetipps und Reisevideos","publisher":{"@id":"https:\/\/blog.myvideomedia.com\/de\/#\/schema\/person\/87be8fbbed69b1562242448c1c3dcbec"},"potentialAction":[{"@type":"SearchAction","target":{"@type":"EntryPoint","urlTemplate":"https:\/\/blog.myvideomedia.com\/de\/?s={search_term_string}"},"query-input":{"@type":"PropertyValueSpecification","valueRequired":true,"valueName":"search_term_string"}}],"inLanguage":"de"},{"@type":["Person","Organization"],"@id":"https:\/\/blog.myvideomedia.com\/de\/#\/schema\/person\/87be8fbbed69b1562242448c1c3dcbec","name":"myVideoMedia","image":{"@type":"ImageObject","inLanguage":"de","@id":"https:\/\/secure.gravatar.com\/avatar\/460720160715ef8975b781abd1b6985e55ce2f01567bb6757bebd73e7cf74c97?s=96&d=mm&r=g","url":"https:\/\/secure.gravatar.com\/avatar\/460720160715ef8975b781abd1b6985e55ce2f01567bb6757bebd73e7cf74c97?s=96&d=mm&r=g","contentUrl":"https:\/\/secure.gravatar.com\/avatar\/460720160715ef8975b781abd1b6985e55ce2f01567bb6757bebd73e7cf74c97?s=96&d=mm&r=g","caption":"myVideoMedia"},"logo":{"@id":"https:\/\/secure.gravatar.com\/avatar\/460720160715ef8975b781abd1b6985e55ce2f01567bb6757bebd73e7cf74c97?s=96&d=mm&r=g"},"description":"\"The World is a book, and those who do not travel read only a page\" - Aurelius Augustinus (354 - 430 AD) Travel is our passion. With our posts and videos we like to inspire people who are planning or preparing for holidays as well as people who simply want to escape from everyday life and dream of faraway countries.","sameAs":["https:\/\/www.myvideomedia.com","https:\/\/www.facebook.com\/ursula.streit.520"],"url":"https:\/\/blog.myvideomedia.com\/de\/author\/traveladm\/"}]}},"featured_image_src":"https:\/\/blog.myvideomedia.com\/wp-content\/uploads\/2015\/05\/meteora_3250.jpg","featured_image_src_square":"https:\/\/blog.myvideomedia.com\/wp-content\/uploads\/2015\/05\/meteora_3250.jpg","author_info":{"display_name":"myVideoMedia","author_link":"https:\/\/blog.myvideomedia.com\/de\/author\/traveladm\/"},"_links":{"self":[{"href":"https:\/\/blog.myvideomedia.com\/de\/wp-json\/wp\/v2\/posts\/7173","targetHints":{"allow":["GET"]}}],"collection":[{"href":"https:\/\/blog.myvideomedia.com\/de\/wp-json\/wp\/v2\/posts"}],"about":[{"href":"https:\/\/blog.myvideomedia.com\/de\/wp-json\/wp\/v2\/types\/post"}],"author":[{"embeddable":true,"href":"https:\/\/blog.myvideomedia.com\/de\/wp-json\/wp\/v2\/users\/1"}],"replies":[{"embeddable":true,"href":"https:\/\/blog.myvideomedia.com\/de\/wp-json\/wp\/v2\/comments?post=7173"}],"version-history":[{"count":0,"href":"https:\/\/blog.myvideomedia.com\/de\/wp-json\/wp\/v2\/posts\/7173\/revisions"}],"wp:featuredmedia":[{"embeddable":true,"href":"https:\/\/blog.myvideomedia.com\/de\/wp-json\/wp\/v2\/media\/13612"}],"wp:attachment":[{"href":"https:\/\/blog.myvideomedia.com\/de\/wp-json\/wp\/v2\/media?parent=7173"}],"wp:term":[{"taxonomy":"category","embeddable":true,"href":"https:\/\/blog.myvideomedia.com\/de\/wp-json\/wp\/v2\/categories?post=7173"},{"taxonomy":"post_tag","embeddable":true,"href":"https:\/\/blog.myvideomedia.com\/de\/wp-json\/wp\/v2\/tags?post=7173"}],"curies":[{"name":"wp","href":"https:\/\/api.w.org\/{rel}","templated":true}]}}