{"id":7325,"date":"2015-06-05T08:13:21","date_gmt":"2015-06-05T07:13:21","guid":{"rendered":"https:\/\/blog.myvideomedia.com\/?p=7325"},"modified":"2022-01-28T08:42:45","modified_gmt":"2022-01-28T07:42:45","slug":"lienz-osttirol","status":"publish","type":"post","link":"https:\/\/blog.myvideomedia.com\/de\/lienz-osttirol\/","title":{"rendered":"Lienz in Osttirol"},"content":{"rendered":"\n<p>Lienz, die wichtigste Stadt Osttirols liegt im breiten M\u00fcndungstal der Isel in die Drau liegt.<\/p>\n\n\n\n<p>Bereits um 2.200 v.&nbsp;Chr. wurde die Region besiedelt, sp\u00e4ter lie\u00dfen sich hier die Kelten nieder. Einen ersten gro\u00dfen Aufschwung erlebte die Region, als die R\u00f6mer die Nordgrenze entlang der Donau durch den Limes gesichert hatten.<\/p>\n\n\n\n<h3 class=\"wp-block-heading\" id=\"hier-sehen-sie-das-video\"><a href=\"https:\/\/youtu.be\/HB0VPuVCmYU\" target=\"_blank\" rel=\"noopener nofollow\">Hier sehen Sie das Video<\/a><\/h3>\n\n\n\n<figure> <div class=\"brlbs-cmpnt-container brlbs-cmpnt-content-blocker brlbs-cmpnt-with-individual-styles\" data-borlabs-cookie-content-blocker-id=\"youtube-content-blocker\" data-borlabs-cookie-content=\"PGlmcmFtZSBzcmM9Imh0dHBzOi8vd3d3LnlvdXR1YmUtbm9jb29raWUuY29tL2VtYmVkL0hCMFZQdVZDbVlVIiB3aWR0aD0iNTYwIiBoZWlnaHQ9IjMxNSI+PC9pZnJhbWU+\"><div class=\"brlbs-cmpnt-cb-preset-c brlbs-cmpnt-cb-youtube\"> <div class=\"brlbs-cmpnt-cb-thumbnail\" style=\"background-image: url('https:\/\/blog.myvideomedia.com\/wp-content\/uploads\/borlabs-cookie\/1\/yt_HB0VPuVCmYU_hqdefault.jpg')\"><\/div> <div class=\"brlbs-cmpnt-cb-main\"> <div class=\"brlbs-cmpnt-cb-play-button\"><\/div> <div class=\"brlbs-cmpnt-cb-content\"> <p class=\"brlbs-cmpnt-cb-description\">Sie sehen gerade einen Platzhalterinhalt von <strong>YouTube<\/strong>. Um auf den eigentlichen Inhalt zuzugreifen, klicken Sie auf die Schaltfl\u00e4che unten. Bitte beachten Sie, dass dabei Daten an Drittanbieter weitergegeben werden.<\/p> <a class=\"brlbs-cmpnt-cb-provider-toggle\" href=\"#\" data-borlabs-cookie-show-provider-information role=\"button\">Mehr Informationen<\/a> <\/div> <div class=\"brlbs-cmpnt-cb-buttons\"> <a class=\"brlbs-cmpnt-cb-btn\" href=\"#\" data-borlabs-cookie-unblock role=\"button\">Inhalt entsperren<\/a> <a class=\"brlbs-cmpnt-cb-btn\" href=\"#\" data-borlabs-cookie-accept-service role=\"button\" style=\"display: inherit\">Erforderlichen Service akzeptieren und Inhalte entsperren<\/a> <\/div> <\/div> <\/div><\/div><\/figure>\n\n\n\n<p>Das heutige Lienz hat einen weit ausladenden Hauptplatz, auf dem man gem\u00fctlich vor Restaurants oder Eisdielen sitzen und das Treiben beobachten kann. <\/p>\n\n\n\n<div class=\"wp-block-image is-style-default\"><figure class=\"aligncenter\"><img loading=\"lazy\" decoding=\"async\" width=\"1080\" height=\"720\" src=\"https:\/\/blog.myvideomedia.com\/wp-content\/uploads\/2014\/07\/lienz_1077.jpg\" alt=\"Hauptplatz Lienz\" class=\"wp-image-4567\" srcset=\"https:\/\/blog.myvideomedia.com\/wp-content\/uploads\/2014\/07\/lienz_1077.jpg 1080w, https:\/\/blog.myvideomedia.com\/wp-content\/uploads\/2014\/07\/lienz_1077-300x200.jpg 300w, https:\/\/blog.myvideomedia.com\/wp-content\/uploads\/2014\/07\/lienz_1077-1024x682.jpg 1024w\" sizes=\"auto, (max-width: 1080px) 100vw, 1080px\" \/><\/figure><\/div>\n\n\n\n<p>Die einstige Liebburg aus dem 17. Jahrhundert wurde zum Rathaus umgebaut.<\/p>\n\n\n\n<div class=\"wp-block-image is-style-default\"><figure class=\"aligncenter\"><img loading=\"lazy\" decoding=\"async\" width=\"1080\" height=\"608\" src=\"https:\/\/blog.myvideomedia.com\/wp-content\/uploads\/2014\/07\/Lienz-1.jpg\" alt=\"Liebburg Lienz\" class=\"wp-image-4568\" srcset=\"https:\/\/blog.myvideomedia.com\/wp-content\/uploads\/2014\/07\/Lienz-1.jpg 1080w, https:\/\/blog.myvideomedia.com\/wp-content\/uploads\/2014\/07\/Lienz-1-300x168.jpg 300w, https:\/\/blog.myvideomedia.com\/wp-content\/uploads\/2014\/07\/Lienz-1-1024x576.jpg 1024w\" sizes=\"auto, (max-width: 1080px) 100vw, 1080px\" \/><\/figure><\/div>\n\n\n\n<p>Den Abschluss des Platzes bildet das Antoniuskirchl, heute eine orthodoxe Kirche f\u00fcr die nach dem Krieg in Lienz verbliebenen Kosaken ist.<\/p>\n\n\n\n<p>Die Kosaken haben ein unw\u00fcrdiges Schicksal erfahren, als sie nach dem Krieg, in dem sie auf deutscher Seite k\u00e4mpften, trotz gegenteiliger Zusage, von den Briten an die Sowjets ausgeliefert wurden.<\/p>\n\n\n\n<div class=\"wp-block-image is-style-default\"><figure class=\"aligncenter\"><img loading=\"lazy\" decoding=\"async\" width=\"1080\" height=\"720\" src=\"https:\/\/blog.myvideomedia.com\/wp-content\/uploads\/2014\/07\/lienz_1072.jpg\" alt=\"Kosakenfriedhof \" class=\"wp-image-4569\" srcset=\"https:\/\/blog.myvideomedia.com\/wp-content\/uploads\/2014\/07\/lienz_1072.jpg 1080w, https:\/\/blog.myvideomedia.com\/wp-content\/uploads\/2014\/07\/lienz_1072-300x200.jpg 300w, https:\/\/blog.myvideomedia.com\/wp-content\/uploads\/2014\/07\/lienz_1072-1024x682.jpg 1024w\" sizes=\"auto, (max-width: 1080px) 100vw, 1080px\" \/><\/figure><\/div>\n\n\n\n<p>Daraufhin fanden ungef\u00e4hr 3.000 Menschen den Tod, viele zogen den Selbstmord vor. S\u00e4uglinge wurden von ihren M\u00fcttern in die rei\u00dfende Drau geworfen, bevor die M\u00fctter folgten. Fast alle \u00dcberlebenden wurden nach Sibirien deportiert. Ein kleiner Kosakenfriedhof erinnert an diese f\u00fcrchterlichen Tage.<\/p>\n\n\n\n<div class=\"wp-block-image is-style-default\"><figure class=\"aligncenter\"><img loading=\"lazy\" decoding=\"async\" width=\"1080\" height=\"608\" src=\"https:\/\/blog.myvideomedia.com\/wp-content\/uploads\/2014\/07\/Lienz-2.jpg\" alt=\"Bildstock aus dem 14. Jahrhundert\" class=\"wp-image-4570\" srcset=\"https:\/\/blog.myvideomedia.com\/wp-content\/uploads\/2014\/07\/Lienz-2.jpg 1080w, https:\/\/blog.myvideomedia.com\/wp-content\/uploads\/2014\/07\/Lienz-2-300x168.jpg 300w, https:\/\/blog.myvideomedia.com\/wp-content\/uploads\/2014\/07\/Lienz-2-1024x576.jpg 1024w\" sizes=\"auto, (max-width: 1080px) 100vw, 1080px\" \/><\/figure><\/div>\n\n\n\n<p>In der K\u00e4rntner Stra\u00dfe halten wir kurz vor Tirols \u00e4ltestem bemalten Bildstock aus dem 14. Jahrhundert.<\/p>\n\n\n\n<p>Bitte lesen Sie auch &gt; <a href=\"https:\/\/blog.myvideomedia.com\/de\/hall-in-tirol\/\">Hall in Tirol<\/a><\/p>\n\n\n\n<p>Text, Fotos und Video: copyright \u00a9 <a title=\"Homepage myVideoMedia - Videoproduktion\" href=\"https:\/\/www.myvideomedia.de\" target=\"_blank\" rel=\"noopener\">myVideoMedia<\/a><\/p>\n","protected":false},"excerpt":{"rendered":"<p>Lienz, die wichtigste Stadt Osttirols liegt im breiten M\u00fcndungstal der Isel in die Drau liegt. Bereits um 2.200 v.&nbsp;Chr. wurde die Region besiedelt, sp\u00e4ter lie\u00dfen sich hier die Kelten nieder. Einen ersten gro\u00dfen Aufschwung erlebte die Region, als die R\u00f6mer die Nordgrenze entlang der Donau durch den Limes gesichert hatten. Hier sehen Sie das Video [&hellip;]<\/p>\n","protected":false},"author":1,"featured_media":4567,"comment_status":"open","ping_status":"closed","sticky":false,"template":"","format":"standard","meta":{"_genesis_hide_title":false,"_genesis_hide_breadcrumbs":false,"_genesis_hide_singular_image":false,"_genesis_hide_footer_widgets":false,"_genesis_custom_body_class":"","_genesis_custom_post_class":"","_genesis_layout":"","footnotes":""},"categories":[1550,492,496],"tags":[1532,455,453],"class_list":{"0":"post-7325","1":"post","2":"type-post","3":"status-publish","4":"format-standard","5":"has-post-thumbnail","7":"category-europa","8":"category-oesterreich","9":"category-tirol","10":"tag-geschichte-de","11":"tag-kultur","12":"tag-stadt","13":"entry"},"yoast_head":"<!-- This site is optimized with the Yoast SEO plugin v27.4 - https:\/\/yoast.com\/product\/yoast-seo-wordpress\/ -->\n<title>Lienz in Osttirol - \u00d6sterreich - Reise Video Blog<\/title>\n<meta name=\"description\" content=\"Lienz, die wichtigste Stadt Osttirols liegt im breiten M\u00fcndungstal der Isel in die Drau liegt. Es ist eine Stadt mit wechselhafter Geschichte.\" \/>\n<meta name=\"robots\" content=\"index, follow, max-snippet:-1, max-image-preview:large, max-video-preview:-1\" \/>\n<link rel=\"canonical\" href=\"https:\/\/blog.myvideomedia.com\/de\/lienz-osttirol\/\" \/>\n<meta property=\"og:locale\" content=\"de_DE\" \/>\n<meta property=\"og:type\" content=\"article\" \/>\n<meta property=\"og:title\" content=\"Lienz in Osttirol - \u00d6sterreich - Reise Video Blog\" \/>\n<meta property=\"og:description\" content=\"Lienz, die wichtigste Stadt Osttirols liegt im breiten M\u00fcndungstal der Isel in die Drau liegt. Es ist eine Stadt mit wechselhafter Geschichte.\" \/>\n<meta property=\"og:url\" content=\"https:\/\/blog.myvideomedia.com\/de\/lienz-osttirol\/\" \/>\n<meta property=\"og:site_name\" content=\"Reise Video Blog\" \/>\n<meta property=\"article:publisher\" content=\"https:\/\/www.facebook.com\/ursula.streit.520\" \/>\n<meta property=\"article:author\" content=\"https:\/\/www.facebook.com\/ursula.streit.520\" \/>\n<meta property=\"article:published_time\" content=\"2015-06-05T07:13:21+00:00\" \/>\n<meta property=\"article:modified_time\" content=\"2022-01-28T07:42:45+00:00\" \/>\n<meta property=\"og:image\" content=\"https:\/\/blog.myvideomedia.com\/wp-content\/uploads\/2014\/07\/lienz_1077.jpg\" \/>\n\t<meta property=\"og:image:width\" content=\"1080\" \/>\n\t<meta property=\"og:image:height\" content=\"720\" \/>\n\t<meta property=\"og:image:type\" content=\"image\/jpeg\" \/>\n<meta name=\"author\" content=\"myVideoMedia\" \/>\n<meta name=\"twitter:card\" content=\"summary_large_image\" \/>\n<meta name=\"twitter:creator\" content=\"@myvideomedia\" \/>\n<meta name=\"twitter:site\" content=\"@myvideomedia\" \/>\n<meta name=\"twitter:label1\" content=\"Verfasst von\" \/>\n\t<meta name=\"twitter:data1\" content=\"myVideoMedia\" \/>\n\t<meta name=\"twitter:label2\" content=\"Gesch\u00e4tzte Lesezeit\" \/>\n\t<meta name=\"twitter:data2\" content=\"2\u00a0Minuten\" \/>\n<script type=\"application\/ld+json\" class=\"yoast-schema-graph\">{\"@context\":\"https:\\\/\\\/schema.org\",\"@graph\":[{\"@type\":\"Article\",\"@id\":\"https:\\\/\\\/blog.myvideomedia.com\\\/de\\\/lienz-osttirol\\\/#article\",\"isPartOf\":{\"@id\":\"https:\\\/\\\/blog.myvideomedia.com\\\/de\\\/lienz-osttirol\\\/\"},\"author\":{\"name\":\"myVideoMedia\",\"@id\":\"https:\\\/\\\/blog.myvideomedia.com\\\/de\\\/#\\\/schema\\\/person\\\/87be8fbbed69b1562242448c1c3dcbec\"},\"headline\":\"Lienz in Osttirol\",\"datePublished\":\"2015-06-05T07:13:21+00:00\",\"dateModified\":\"2022-01-28T07:42:45+00:00\",\"mainEntityOfPage\":{\"@id\":\"https:\\\/\\\/blog.myvideomedia.com\\\/de\\\/lienz-osttirol\\\/\"},\"wordCount\":228,\"commentCount\":0,\"publisher\":{\"@id\":\"https:\\\/\\\/blog.myvideomedia.com\\\/de\\\/#\\\/schema\\\/person\\\/87be8fbbed69b1562242448c1c3dcbec\"},\"image\":{\"@id\":\"https:\\\/\\\/blog.myvideomedia.com\\\/de\\\/lienz-osttirol\\\/#primaryimage\"},\"thumbnailUrl\":\"https:\\\/\\\/blog.myvideomedia.com\\\/wp-content\\\/uploads\\\/2014\\\/07\\\/lienz_1077.jpg\",\"keywords\":[\"Geschichte\",\"Kultur\",\"Stadt\"],\"articleSection\":[\"Europa\",\"\u00d6sterreich\",\"Tirol\"],\"inLanguage\":\"de\",\"potentialAction\":[{\"@type\":\"CommentAction\",\"name\":\"Comment\",\"target\":[\"https:\\\/\\\/blog.myvideomedia.com\\\/de\\\/lienz-osttirol\\\/#respond\"]}]},{\"@type\":\"WebPage\",\"@id\":\"https:\\\/\\\/blog.myvideomedia.com\\\/de\\\/lienz-osttirol\\\/\",\"url\":\"https:\\\/\\\/blog.myvideomedia.com\\\/de\\\/lienz-osttirol\\\/\",\"name\":\"Lienz in Osttirol - \u00d6sterreich - Reise Video Blog\",\"isPartOf\":{\"@id\":\"https:\\\/\\\/blog.myvideomedia.com\\\/de\\\/#website\"},\"primaryImageOfPage\":{\"@id\":\"https:\\\/\\\/blog.myvideomedia.com\\\/de\\\/lienz-osttirol\\\/#primaryimage\"},\"image\":{\"@id\":\"https:\\\/\\\/blog.myvideomedia.com\\\/de\\\/lienz-osttirol\\\/#primaryimage\"},\"thumbnailUrl\":\"https:\\\/\\\/blog.myvideomedia.com\\\/wp-content\\\/uploads\\\/2014\\\/07\\\/lienz_1077.jpg\",\"datePublished\":\"2015-06-05T07:13:21+00:00\",\"dateModified\":\"2022-01-28T07:42:45+00:00\",\"description\":\"Lienz, die wichtigste Stadt Osttirols liegt im breiten M\u00fcndungstal der Isel in die Drau liegt. Es ist eine Stadt mit wechselhafter Geschichte.\",\"breadcrumb\":{\"@id\":\"https:\\\/\\\/blog.myvideomedia.com\\\/de\\\/lienz-osttirol\\\/#breadcrumb\"},\"inLanguage\":\"de\",\"potentialAction\":[{\"@type\":\"ReadAction\",\"target\":[\"https:\\\/\\\/blog.myvideomedia.com\\\/de\\\/lienz-osttirol\\\/\"]}]},{\"@type\":\"ImageObject\",\"inLanguage\":\"de\",\"@id\":\"https:\\\/\\\/blog.myvideomedia.com\\\/de\\\/lienz-osttirol\\\/#primaryimage\",\"url\":\"https:\\\/\\\/blog.myvideomedia.com\\\/wp-content\\\/uploads\\\/2014\\\/07\\\/lienz_1077.jpg\",\"contentUrl\":\"https:\\\/\\\/blog.myvideomedia.com\\\/wp-content\\\/uploads\\\/2014\\\/07\\\/lienz_1077.jpg\",\"width\":1080,\"height\":720,\"caption\":\"Hauptplatz Lienz\"},{\"@type\":\"BreadcrumbList\",\"@id\":\"https:\\\/\\\/blog.myvideomedia.com\\\/de\\\/lienz-osttirol\\\/#breadcrumb\",\"itemListElement\":[{\"@type\":\"ListItem\",\"position\":1,\"name\":\"Home\",\"item\":\"https:\\\/\\\/blog.myvideomedia.com\\\/de\\\/\"},{\"@type\":\"ListItem\",\"position\":2,\"name\":\"Lienz in Osttirol\"}]},{\"@type\":\"WebSite\",\"@id\":\"https:\\\/\\\/blog.myvideomedia.com\\\/de\\\/#website\",\"url\":\"https:\\\/\\\/blog.myvideomedia.com\\\/de\\\/\",\"name\":\"Travel Video Blog\",\"description\":\"myVideoMedia Reisetipps und Reisevideos\",\"publisher\":{\"@id\":\"https:\\\/\\\/blog.myvideomedia.com\\\/de\\\/#\\\/schema\\\/person\\\/87be8fbbed69b1562242448c1c3dcbec\"},\"potentialAction\":[{\"@type\":\"SearchAction\",\"target\":{\"@type\":\"EntryPoint\",\"urlTemplate\":\"https:\\\/\\\/blog.myvideomedia.com\\\/de\\\/?s={search_term_string}\"},\"query-input\":{\"@type\":\"PropertyValueSpecification\",\"valueRequired\":true,\"valueName\":\"search_term_string\"}}],\"inLanguage\":\"de\"},{\"@type\":[\"Person\",\"Organization\"],\"@id\":\"https:\\\/\\\/blog.myvideomedia.com\\\/de\\\/#\\\/schema\\\/person\\\/87be8fbbed69b1562242448c1c3dcbec\",\"name\":\"myVideoMedia\",\"image\":{\"@type\":\"ImageObject\",\"inLanguage\":\"de\",\"@id\":\"https:\\\/\\\/secure.gravatar.com\\\/avatar\\\/460720160715ef8975b781abd1b6985e55ce2f01567bb6757bebd73e7cf74c97?s=96&d=mm&r=g\",\"url\":\"https:\\\/\\\/secure.gravatar.com\\\/avatar\\\/460720160715ef8975b781abd1b6985e55ce2f01567bb6757bebd73e7cf74c97?s=96&d=mm&r=g\",\"contentUrl\":\"https:\\\/\\\/secure.gravatar.com\\\/avatar\\\/460720160715ef8975b781abd1b6985e55ce2f01567bb6757bebd73e7cf74c97?s=96&d=mm&r=g\",\"caption\":\"myVideoMedia\"},\"logo\":{\"@id\":\"https:\\\/\\\/secure.gravatar.com\\\/avatar\\\/460720160715ef8975b781abd1b6985e55ce2f01567bb6757bebd73e7cf74c97?s=96&d=mm&r=g\"},\"description\":\"\\\"The World is a book, and those who do not travel read only a page\\\" - Aurelius Augustinus (354 - 430 AD) Travel is our passion. With our posts and videos we like to inspire people who are planning or preparing for holidays as well as people who simply want to escape from everyday life and dream of faraway countries.\",\"sameAs\":[\"https:\\\/\\\/www.myvideomedia.com\",\"https:\\\/\\\/www.facebook.com\\\/ursula.streit.520\"],\"url\":\"https:\\\/\\\/blog.myvideomedia.com\\\/de\\\/author\\\/traveladm\\\/\"}]}<\/script>\n<!-- \/ Yoast SEO plugin. -->","yoast_head_json":{"title":"Lienz in Osttirol - \u00d6sterreich - Reise Video Blog","description":"Lienz, die wichtigste Stadt Osttirols liegt im breiten M\u00fcndungstal der Isel in die Drau liegt. Es ist eine Stadt mit wechselhafter Geschichte.","robots":{"index":"index","follow":"follow","max-snippet":"max-snippet:-1","max-image-preview":"max-image-preview:large","max-video-preview":"max-video-preview:-1"},"canonical":"https:\/\/blog.myvideomedia.com\/de\/lienz-osttirol\/","og_locale":"de_DE","og_type":"article","og_title":"Lienz in Osttirol - \u00d6sterreich - Reise Video Blog","og_description":"Lienz, die wichtigste Stadt Osttirols liegt im breiten M\u00fcndungstal der Isel in die Drau liegt. Es ist eine Stadt mit wechselhafter Geschichte.","og_url":"https:\/\/blog.myvideomedia.com\/de\/lienz-osttirol\/","og_site_name":"Reise Video Blog","article_publisher":"https:\/\/www.facebook.com\/ursula.streit.520","article_author":"https:\/\/www.facebook.com\/ursula.streit.520","article_published_time":"2015-06-05T07:13:21+00:00","article_modified_time":"2022-01-28T07:42:45+00:00","og_image":[{"width":1080,"height":720,"url":"https:\/\/blog.myvideomedia.com\/wp-content\/uploads\/2014\/07\/lienz_1077.jpg","type":"image\/jpeg"}],"author":"myVideoMedia","twitter_card":"summary_large_image","twitter_creator":"@myvideomedia","twitter_site":"@myvideomedia","twitter_misc":{"Verfasst von":"myVideoMedia","Gesch\u00e4tzte Lesezeit":"2\u00a0Minuten"},"schema":{"@context":"https:\/\/schema.org","@graph":[{"@type":"Article","@id":"https:\/\/blog.myvideomedia.com\/de\/lienz-osttirol\/#article","isPartOf":{"@id":"https:\/\/blog.myvideomedia.com\/de\/lienz-osttirol\/"},"author":{"name":"myVideoMedia","@id":"https:\/\/blog.myvideomedia.com\/de\/#\/schema\/person\/87be8fbbed69b1562242448c1c3dcbec"},"headline":"Lienz in Osttirol","datePublished":"2015-06-05T07:13:21+00:00","dateModified":"2022-01-28T07:42:45+00:00","mainEntityOfPage":{"@id":"https:\/\/blog.myvideomedia.com\/de\/lienz-osttirol\/"},"wordCount":228,"commentCount":0,"publisher":{"@id":"https:\/\/blog.myvideomedia.com\/de\/#\/schema\/person\/87be8fbbed69b1562242448c1c3dcbec"},"image":{"@id":"https:\/\/blog.myvideomedia.com\/de\/lienz-osttirol\/#primaryimage"},"thumbnailUrl":"https:\/\/blog.myvideomedia.com\/wp-content\/uploads\/2014\/07\/lienz_1077.jpg","keywords":["Geschichte","Kultur","Stadt"],"articleSection":["Europa","\u00d6sterreich","Tirol"],"inLanguage":"de","potentialAction":[{"@type":"CommentAction","name":"Comment","target":["https:\/\/blog.myvideomedia.com\/de\/lienz-osttirol\/#respond"]}]},{"@type":"WebPage","@id":"https:\/\/blog.myvideomedia.com\/de\/lienz-osttirol\/","url":"https:\/\/blog.myvideomedia.com\/de\/lienz-osttirol\/","name":"Lienz in Osttirol - \u00d6sterreich - Reise Video Blog","isPartOf":{"@id":"https:\/\/blog.myvideomedia.com\/de\/#website"},"primaryImageOfPage":{"@id":"https:\/\/blog.myvideomedia.com\/de\/lienz-osttirol\/#primaryimage"},"image":{"@id":"https:\/\/blog.myvideomedia.com\/de\/lienz-osttirol\/#primaryimage"},"thumbnailUrl":"https:\/\/blog.myvideomedia.com\/wp-content\/uploads\/2014\/07\/lienz_1077.jpg","datePublished":"2015-06-05T07:13:21+00:00","dateModified":"2022-01-28T07:42:45+00:00","description":"Lienz, die wichtigste Stadt Osttirols liegt im breiten M\u00fcndungstal der Isel in die Drau liegt. Es ist eine Stadt mit wechselhafter Geschichte.","breadcrumb":{"@id":"https:\/\/blog.myvideomedia.com\/de\/lienz-osttirol\/#breadcrumb"},"inLanguage":"de","potentialAction":[{"@type":"ReadAction","target":["https:\/\/blog.myvideomedia.com\/de\/lienz-osttirol\/"]}]},{"@type":"ImageObject","inLanguage":"de","@id":"https:\/\/blog.myvideomedia.com\/de\/lienz-osttirol\/#primaryimage","url":"https:\/\/blog.myvideomedia.com\/wp-content\/uploads\/2014\/07\/lienz_1077.jpg","contentUrl":"https:\/\/blog.myvideomedia.com\/wp-content\/uploads\/2014\/07\/lienz_1077.jpg","width":1080,"height":720,"caption":"Hauptplatz Lienz"},{"@type":"BreadcrumbList","@id":"https:\/\/blog.myvideomedia.com\/de\/lienz-osttirol\/#breadcrumb","itemListElement":[{"@type":"ListItem","position":1,"name":"Home","item":"https:\/\/blog.myvideomedia.com\/de\/"},{"@type":"ListItem","position":2,"name":"Lienz in Osttirol"}]},{"@type":"WebSite","@id":"https:\/\/blog.myvideomedia.com\/de\/#website","url":"https:\/\/blog.myvideomedia.com\/de\/","name":"Travel Video Blog","description":"myVideoMedia Reisetipps und Reisevideos","publisher":{"@id":"https:\/\/blog.myvideomedia.com\/de\/#\/schema\/person\/87be8fbbed69b1562242448c1c3dcbec"},"potentialAction":[{"@type":"SearchAction","target":{"@type":"EntryPoint","urlTemplate":"https:\/\/blog.myvideomedia.com\/de\/?s={search_term_string}"},"query-input":{"@type":"PropertyValueSpecification","valueRequired":true,"valueName":"search_term_string"}}],"inLanguage":"de"},{"@type":["Person","Organization"],"@id":"https:\/\/blog.myvideomedia.com\/de\/#\/schema\/person\/87be8fbbed69b1562242448c1c3dcbec","name":"myVideoMedia","image":{"@type":"ImageObject","inLanguage":"de","@id":"https:\/\/secure.gravatar.com\/avatar\/460720160715ef8975b781abd1b6985e55ce2f01567bb6757bebd73e7cf74c97?s=96&d=mm&r=g","url":"https:\/\/secure.gravatar.com\/avatar\/460720160715ef8975b781abd1b6985e55ce2f01567bb6757bebd73e7cf74c97?s=96&d=mm&r=g","contentUrl":"https:\/\/secure.gravatar.com\/avatar\/460720160715ef8975b781abd1b6985e55ce2f01567bb6757bebd73e7cf74c97?s=96&d=mm&r=g","caption":"myVideoMedia"},"logo":{"@id":"https:\/\/secure.gravatar.com\/avatar\/460720160715ef8975b781abd1b6985e55ce2f01567bb6757bebd73e7cf74c97?s=96&d=mm&r=g"},"description":"\"The World is a book, and those who do not travel read only a page\" - Aurelius Augustinus (354 - 430 AD) Travel is our passion. With our posts and videos we like to inspire people who are planning or preparing for holidays as well as people who simply want to escape from everyday life and dream of faraway countries.","sameAs":["https:\/\/www.myvideomedia.com","https:\/\/www.facebook.com\/ursula.streit.520"],"url":"https:\/\/blog.myvideomedia.com\/de\/author\/traveladm\/"}]}},"featured_image_src":"https:\/\/blog.myvideomedia.com\/wp-content\/uploads\/2014\/07\/lienz_1077.jpg","featured_image_src_square":"https:\/\/blog.myvideomedia.com\/wp-content\/uploads\/2014\/07\/lienz_1077.jpg","author_info":{"display_name":"myVideoMedia","author_link":"https:\/\/blog.myvideomedia.com\/de\/author\/traveladm\/"},"_links":{"self":[{"href":"https:\/\/blog.myvideomedia.com\/de\/wp-json\/wp\/v2\/posts\/7325","targetHints":{"allow":["GET"]}}],"collection":[{"href":"https:\/\/blog.myvideomedia.com\/de\/wp-json\/wp\/v2\/posts"}],"about":[{"href":"https:\/\/blog.myvideomedia.com\/de\/wp-json\/wp\/v2\/types\/post"}],"author":[{"embeddable":true,"href":"https:\/\/blog.myvideomedia.com\/de\/wp-json\/wp\/v2\/users\/1"}],"replies":[{"embeddable":true,"href":"https:\/\/blog.myvideomedia.com\/de\/wp-json\/wp\/v2\/comments?post=7325"}],"version-history":[{"count":0,"href":"https:\/\/blog.myvideomedia.com\/de\/wp-json\/wp\/v2\/posts\/7325\/revisions"}],"wp:featuredmedia":[{"embeddable":true,"href":"https:\/\/blog.myvideomedia.com\/de\/wp-json\/wp\/v2\/media\/4567"}],"wp:attachment":[{"href":"https:\/\/blog.myvideomedia.com\/de\/wp-json\/wp\/v2\/media?parent=7325"}],"wp:term":[{"taxonomy":"category","embeddable":true,"href":"https:\/\/blog.myvideomedia.com\/de\/wp-json\/wp\/v2\/categories?post=7325"},{"taxonomy":"post_tag","embeddable":true,"href":"https:\/\/blog.myvideomedia.com\/de\/wp-json\/wp\/v2\/tags?post=7325"}],"curies":[{"name":"wp","href":"https:\/\/api.w.org\/{rel}","templated":true}]}}