{"id":7357,"date":"2015-06-06T17:26:22","date_gmt":"2015-06-06T16:26:22","guid":{"rendered":"https:\/\/blog.myvideomedia.com\/?p=7357"},"modified":"2022-01-28T08:43:51","modified_gmt":"2022-01-28T07:43:51","slug":"bad-gastein","status":"publish","type":"post","link":"https:\/\/blog.myvideomedia.com\/de\/bad-gastein\/","title":{"rendered":"Bad Gastein"},"content":{"rendered":"\n<p>Das Gasteinertal ist bereits seit dem Mittelalter wegen seiner Thermalquellen als Kurregion bekannt.<\/p>\n\n\n\n<p>Kaiser Friedrich III., Paracelsus, Kaiser Franz Josef und Sisi, sowie der deutsche Kaiser Wilhelm I. und F\u00fcrst Bismarck sind nur einige der Prominenten, die in Bad Gastein Linderung ihrer k\u00f6rperlichen Leiden suchten. <\/p>\n\n\n\n<h3 class=\"wp-block-heading\" id=\"hier-sehen-sie-das-zugehorige-video\"><a href=\"https:\/\/youtu.be\/vTNfkf4MYu8\" target=\"_blank\" rel=\"noopener nofollow noreferrer\">Hier sehen Sie das zugeh\u00f6rige Video<\/a><\/h3>\n\n\n\n<figure> <div class=\"brlbs-cmpnt-container brlbs-cmpnt-content-blocker brlbs-cmpnt-with-individual-styles\" data-borlabs-cookie-content-blocker-id=\"youtube-content-blocker\" data-borlabs-cookie-content=\"PGlmcmFtZSBzcmM9Imh0dHBzOi8vd3d3LnlvdXR1YmUtbm9jb29raWUuY29tL2VtYmVkL3ZUTmZrZjRNWXU4IiB3aWR0aD0iNTYwIiBoZWlnaHQ9IjMxNSI+PC9pZnJhbWU+\"><div class=\"brlbs-cmpnt-cb-preset-c brlbs-cmpnt-cb-youtube\"> <div class=\"brlbs-cmpnt-cb-thumbnail\" style=\"background-image: url('https:\/\/blog.myvideomedia.com\/wp-content\/uploads\/borlabs-cookie\/1\/yt_vTNfkf4MYu8_hqdefault.jpg')\"><\/div> <div class=\"brlbs-cmpnt-cb-main\"> <div class=\"brlbs-cmpnt-cb-play-button\"><\/div> <div class=\"brlbs-cmpnt-cb-content\"> <p class=\"brlbs-cmpnt-cb-description\">Sie sehen gerade einen Platzhalterinhalt von <strong>YouTube<\/strong>. Um auf den eigentlichen Inhalt zuzugreifen, klicken Sie auf die Schaltfl\u00e4che unten. Bitte beachten Sie, dass dabei Daten an Drittanbieter weitergegeben werden.<\/p> <a class=\"brlbs-cmpnt-cb-provider-toggle\" href=\"#\" data-borlabs-cookie-show-provider-information role=\"button\">Mehr Informationen<\/a> <\/div> <div class=\"brlbs-cmpnt-cb-buttons\"> <a class=\"brlbs-cmpnt-cb-btn\" href=\"#\" data-borlabs-cookie-unblock role=\"button\">Inhalt entsperren<\/a> <a class=\"brlbs-cmpnt-cb-btn\" href=\"#\" data-borlabs-cookie-accept-service role=\"button\" style=\"display: inherit\">Erforderlichen Service akzeptieren und Inhalte entsperren<\/a> <\/div> <\/div> <\/div><\/div><\/figure>\n\n\n\n<p>Der Nachweis von Radongas im Thermalwasser durch Marie Curie best\u00e4tigte die therapeutische Wirkung.<\/p>\n\n\n\n<div class=\"wp-block-image\"><figure class=\"aligncenter\"><img loading=\"lazy\" decoding=\"async\" width=\"1920\" height=\"1080\" src=\"https:\/\/blog.myvideomedia.com\/wp-content\/uploads\/2014\/06\/Bad-Gastein-3.jpg\" alt=\"Zenrum Bad Gastein\" class=\"wp-image-4557\" srcset=\"https:\/\/blog.myvideomedia.com\/wp-content\/uploads\/2014\/06\/Bad-Gastein-3.jpg 1920w, https:\/\/blog.myvideomedia.com\/wp-content\/uploads\/2014\/06\/Bad-Gastein-3-300x168.jpg 300w, https:\/\/blog.myvideomedia.com\/wp-content\/uploads\/2014\/06\/Bad-Gastein-3-1024x576.jpg 1024w\" sizes=\"auto, (max-width: 1920px) 100vw, 1920px\" \/><\/figure><\/div>\n\n\n\n<p>Auch Vorkommen von Gold und Silber machten das Tal ber\u00fchmt. Mit wechselndem Erfolg betrieb man hier Bergbau vom 16. bis ins 20. Jahrhundert. Ihm verdankt Bad Gastein seinen Heilstollen.<\/p>\n\n\n\n<div class=\"wp-block-image\"><figure class=\"aligncenter\"><img loading=\"lazy\" decoding=\"async\" width=\"1920\" height=\"1080\" src=\"https:\/\/blog.myvideomedia.com\/wp-content\/uploads\/2014\/06\/Bad-Gastein-4.jpg\" alt=\"Wasserfall Bad Gastein\" class=\"wp-image-4558\" srcset=\"https:\/\/blog.myvideomedia.com\/wp-content\/uploads\/2014\/06\/Bad-Gastein-4.jpg 1920w, https:\/\/blog.myvideomedia.com\/wp-content\/uploads\/2014\/06\/Bad-Gastein-4-300x168.jpg 300w, https:\/\/blog.myvideomedia.com\/wp-content\/uploads\/2014\/06\/Bad-Gastein-4-1024x576.jpg 1024w\" sizes=\"auto, (max-width: 1920px) 100vw, 1920px\" \/><\/figure><\/div>\n\n\n\n<p>Wahrzeichen von Bad Gastein ist der Wasserfall der Gasteiner Ache, mitten im Ortszentrum.<\/p>\n\n\n\n<div class=\"wp-block-image\"><figure class=\"aligncenter\"><img loading=\"lazy\" decoding=\"async\" width=\"1920\" height=\"1080\" src=\"https:\/\/blog.myvideomedia.com\/wp-content\/uploads\/2014\/06\/Bad-Gastein-5.jpg\" alt=\"Bad Gastein \" class=\"wp-image-4559\" srcset=\"https:\/\/blog.myvideomedia.com\/wp-content\/uploads\/2014\/06\/Bad-Gastein-5.jpg 1920w, https:\/\/blog.myvideomedia.com\/wp-content\/uploads\/2014\/06\/Bad-Gastein-5-300x168.jpg 300w, https:\/\/blog.myvideomedia.com\/wp-content\/uploads\/2014\/06\/Bad-Gastein-5-1024x576.jpg 1024w\" sizes=\"auto, (max-width: 1920px) 100vw, 1920px\" \/><\/figure><\/div>\n\n\n\n<p>In winter, ski sport is the largest source of income for the entire valley.<\/p>\n\n\n\n<p>Lesen Sie weiter &gt; <a href=\"https:\/\/blog.myvideomedia.com\/de\/hochkonig-steinernes-meer\/\">Vom Hochk\u00f6nig zum Steinernen Meer<\/a><\/p>\n\n\n\n<p>Text, Fotos&nbsp;und Video:&nbsp;Copyright \u00a9&nbsp;<a title=\"Homepage myVideoMedia\" href=\"https:\/\/www.myvideomedia.com\/de\" target=\"_blank\" rel=\"nofollow noopener noreferrer\">myVideoMedia<\/a><\/p>\n","protected":false},"excerpt":{"rendered":"<p>Das Gasteinertal ist bereits seit dem Mittelalter wegen seiner Thermalquellen als Kurregion bekannt. Kaiser Friedrich III., Paracelsus, Kaiser Franz Josef und Sisi, sowie der deutsche Kaiser Wilhelm I. und F\u00fcrst Bismarck sind nur einige der Prominenten, die in Bad Gastein Linderung ihrer k\u00f6rperlichen Leiden suchten. Hier sehen Sie das zugeh\u00f6rige Video Sie sehen gerade einen [&hellip;]<\/p>\n","protected":false},"author":1,"featured_media":4556,"comment_status":"open","ping_status":"closed","sticky":false,"template":"","format":"standard","meta":{"_genesis_hide_title":false,"_genesis_hide_breadcrumbs":false,"_genesis_hide_singular_image":false,"_genesis_hide_footer_widgets":false,"_genesis_custom_body_class":"","_genesis_custom_post_class":"","_genesis_layout":"","footnotes":""},"categories":[1550,492,543],"tags":[469,453],"class_list":{"0":"post-7357","1":"post","2":"type-post","3":"status-publish","4":"format-standard","5":"has-post-thumbnail","7":"category-europa","8":"category-oesterreich","9":"category-salzburg_d","10":"tag-natur","11":"tag-stadt","12":"entry"},"yoast_head":"<!-- This site is optimized with the Yoast SEO plugin v27.4 - https:\/\/yoast.com\/product\/yoast-seo-wordpress\/ -->\n<title>Bad Gastein - \u00d6sterreich - Reise Video Blog<\/title>\n<meta name=\"description\" content=\"Wahrzeichen von Bad Gastein ist der Wasserfall der Gasteiner Ache, mitten im Ortszentrum\" \/>\n<meta name=\"robots\" content=\"index, follow, max-snippet:-1, max-image-preview:large, max-video-preview:-1\" \/>\n<link rel=\"canonical\" href=\"https:\/\/blog.myvideomedia.com\/de\/bad-gastein\/\" \/>\n<meta property=\"og:locale\" content=\"de_DE\" \/>\n<meta property=\"og:type\" content=\"article\" \/>\n<meta property=\"og:title\" content=\"Bad Gastein - \u00d6sterreich - Reise Video Blog\" \/>\n<meta property=\"og:description\" content=\"Wahrzeichen von Bad Gastein ist der Wasserfall der Gasteiner Ache, mitten im Ortszentrum\" \/>\n<meta property=\"og:url\" content=\"https:\/\/blog.myvideomedia.com\/de\/bad-gastein\/\" \/>\n<meta property=\"og:site_name\" content=\"Reise Video Blog\" \/>\n<meta property=\"article:publisher\" content=\"https:\/\/www.facebook.com\/ursula.streit.520\" \/>\n<meta property=\"article:author\" content=\"https:\/\/www.facebook.com\/ursula.streit.520\" \/>\n<meta property=\"article:published_time\" content=\"2015-06-06T16:26:22+00:00\" \/>\n<meta property=\"article:modified_time\" content=\"2022-01-28T07:43:51+00:00\" \/>\n<meta property=\"og:image\" content=\"https:\/\/blog.myvideomedia.com\/wp-content\/uploads\/2014\/06\/Bad-Gastein-1.jpg\" \/>\n\t<meta property=\"og:image:width\" content=\"1920\" \/>\n\t<meta property=\"og:image:height\" content=\"1080\" \/>\n\t<meta property=\"og:image:type\" content=\"image\/jpeg\" \/>\n<meta name=\"author\" content=\"myVideoMedia\" \/>\n<meta name=\"twitter:card\" content=\"summary_large_image\" \/>\n<meta name=\"twitter:creator\" content=\"@myvideomedia\" \/>\n<meta name=\"twitter:site\" content=\"@myvideomedia\" \/>\n<meta name=\"twitter:label1\" content=\"Verfasst von\" \/>\n\t<meta name=\"twitter:data1\" content=\"myVideoMedia\" \/>\n\t<meta name=\"twitter:label2\" content=\"Gesch\u00e4tzte Lesezeit\" \/>\n\t<meta name=\"twitter:data2\" content=\"2\u00a0Minuten\" \/>\n<script type=\"application\/ld+json\" class=\"yoast-schema-graph\">{\"@context\":\"https:\\\/\\\/schema.org\",\"@graph\":[{\"@type\":\"Article\",\"@id\":\"https:\\\/\\\/blog.myvideomedia.com\\\/de\\\/bad-gastein\\\/#article\",\"isPartOf\":{\"@id\":\"https:\\\/\\\/blog.myvideomedia.com\\\/de\\\/bad-gastein\\\/\"},\"author\":{\"name\":\"myVideoMedia\",\"@id\":\"https:\\\/\\\/blog.myvideomedia.com\\\/de\\\/#\\\/schema\\\/person\\\/87be8fbbed69b1562242448c1c3dcbec\"},\"headline\":\"Bad Gastein\",\"datePublished\":\"2015-06-06T16:26:22+00:00\",\"dateModified\":\"2022-01-28T07:43:51+00:00\",\"mainEntityOfPage\":{\"@id\":\"https:\\\/\\\/blog.myvideomedia.com\\\/de\\\/bad-gastein\\\/\"},\"wordCount\":144,\"commentCount\":2,\"publisher\":{\"@id\":\"https:\\\/\\\/blog.myvideomedia.com\\\/de\\\/#\\\/schema\\\/person\\\/87be8fbbed69b1562242448c1c3dcbec\"},\"image\":{\"@id\":\"https:\\\/\\\/blog.myvideomedia.com\\\/de\\\/bad-gastein\\\/#primaryimage\"},\"thumbnailUrl\":\"https:\\\/\\\/blog.myvideomedia.com\\\/wp-content\\\/uploads\\\/2014\\\/06\\\/Bad-Gastein-1.jpg\",\"keywords\":[\"Natur\",\"Stadt\"],\"articleSection\":[\"Europa\",\"\u00d6sterreich\",\"Salzburg\"],\"inLanguage\":\"de\",\"potentialAction\":[{\"@type\":\"CommentAction\",\"name\":\"Comment\",\"target\":[\"https:\\\/\\\/blog.myvideomedia.com\\\/de\\\/bad-gastein\\\/#respond\"]}]},{\"@type\":\"WebPage\",\"@id\":\"https:\\\/\\\/blog.myvideomedia.com\\\/de\\\/bad-gastein\\\/\",\"url\":\"https:\\\/\\\/blog.myvideomedia.com\\\/de\\\/bad-gastein\\\/\",\"name\":\"Bad Gastein - \u00d6sterreich - Reise Video Blog\",\"isPartOf\":{\"@id\":\"https:\\\/\\\/blog.myvideomedia.com\\\/de\\\/#website\"},\"primaryImageOfPage\":{\"@id\":\"https:\\\/\\\/blog.myvideomedia.com\\\/de\\\/bad-gastein\\\/#primaryimage\"},\"image\":{\"@id\":\"https:\\\/\\\/blog.myvideomedia.com\\\/de\\\/bad-gastein\\\/#primaryimage\"},\"thumbnailUrl\":\"https:\\\/\\\/blog.myvideomedia.com\\\/wp-content\\\/uploads\\\/2014\\\/06\\\/Bad-Gastein-1.jpg\",\"datePublished\":\"2015-06-06T16:26:22+00:00\",\"dateModified\":\"2022-01-28T07:43:51+00:00\",\"description\":\"Wahrzeichen von Bad Gastein ist der Wasserfall der Gasteiner Ache, mitten im Ortszentrum\",\"breadcrumb\":{\"@id\":\"https:\\\/\\\/blog.myvideomedia.com\\\/de\\\/bad-gastein\\\/#breadcrumb\"},\"inLanguage\":\"de\",\"potentialAction\":[{\"@type\":\"ReadAction\",\"target\":[\"https:\\\/\\\/blog.myvideomedia.com\\\/de\\\/bad-gastein\\\/\"]}]},{\"@type\":\"ImageObject\",\"inLanguage\":\"de\",\"@id\":\"https:\\\/\\\/blog.myvideomedia.com\\\/de\\\/bad-gastein\\\/#primaryimage\",\"url\":\"https:\\\/\\\/blog.myvideomedia.com\\\/wp-content\\\/uploads\\\/2014\\\/06\\\/Bad-Gastein-1.jpg\",\"contentUrl\":\"https:\\\/\\\/blog.myvideomedia.com\\\/wp-content\\\/uploads\\\/2014\\\/06\\\/Bad-Gastein-1.jpg\",\"width\":1920,\"height\":1080},{\"@type\":\"BreadcrumbList\",\"@id\":\"https:\\\/\\\/blog.myvideomedia.com\\\/de\\\/bad-gastein\\\/#breadcrumb\",\"itemListElement\":[{\"@type\":\"ListItem\",\"position\":1,\"name\":\"Home\",\"item\":\"https:\\\/\\\/blog.myvideomedia.com\\\/de\\\/\"},{\"@type\":\"ListItem\",\"position\":2,\"name\":\"Bad Gastein\"}]},{\"@type\":\"WebSite\",\"@id\":\"https:\\\/\\\/blog.myvideomedia.com\\\/de\\\/#website\",\"url\":\"https:\\\/\\\/blog.myvideomedia.com\\\/de\\\/\",\"name\":\"Travel Video Blog\",\"description\":\"myVideoMedia Reisetipps und Reisevideos\",\"publisher\":{\"@id\":\"https:\\\/\\\/blog.myvideomedia.com\\\/de\\\/#\\\/schema\\\/person\\\/87be8fbbed69b1562242448c1c3dcbec\"},\"potentialAction\":[{\"@type\":\"SearchAction\",\"target\":{\"@type\":\"EntryPoint\",\"urlTemplate\":\"https:\\\/\\\/blog.myvideomedia.com\\\/de\\\/?s={search_term_string}\"},\"query-input\":{\"@type\":\"PropertyValueSpecification\",\"valueRequired\":true,\"valueName\":\"search_term_string\"}}],\"inLanguage\":\"de\"},{\"@type\":[\"Person\",\"Organization\"],\"@id\":\"https:\\\/\\\/blog.myvideomedia.com\\\/de\\\/#\\\/schema\\\/person\\\/87be8fbbed69b1562242448c1c3dcbec\",\"name\":\"myVideoMedia\",\"image\":{\"@type\":\"ImageObject\",\"inLanguage\":\"de\",\"@id\":\"https:\\\/\\\/secure.gravatar.com\\\/avatar\\\/460720160715ef8975b781abd1b6985e55ce2f01567bb6757bebd73e7cf74c97?s=96&d=mm&r=g\",\"url\":\"https:\\\/\\\/secure.gravatar.com\\\/avatar\\\/460720160715ef8975b781abd1b6985e55ce2f01567bb6757bebd73e7cf74c97?s=96&d=mm&r=g\",\"contentUrl\":\"https:\\\/\\\/secure.gravatar.com\\\/avatar\\\/460720160715ef8975b781abd1b6985e55ce2f01567bb6757bebd73e7cf74c97?s=96&d=mm&r=g\",\"caption\":\"myVideoMedia\"},\"logo\":{\"@id\":\"https:\\\/\\\/secure.gravatar.com\\\/avatar\\\/460720160715ef8975b781abd1b6985e55ce2f01567bb6757bebd73e7cf74c97?s=96&d=mm&r=g\"},\"description\":\"\\\"The World is a book, and those who do not travel read only a page\\\" - Aurelius Augustinus (354 - 430 AD) Travel is our passion. With our posts and videos we like to inspire people who are planning or preparing for holidays as well as people who simply want to escape from everyday life and dream of faraway countries.\",\"sameAs\":[\"https:\\\/\\\/www.myvideomedia.com\",\"https:\\\/\\\/www.facebook.com\\\/ursula.streit.520\"],\"url\":\"https:\\\/\\\/blog.myvideomedia.com\\\/de\\\/author\\\/traveladm\\\/\"}]}<\/script>\n<!-- \/ Yoast SEO plugin. -->","yoast_head_json":{"title":"Bad Gastein - \u00d6sterreich - Reise Video Blog","description":"Wahrzeichen von Bad Gastein ist der Wasserfall der Gasteiner Ache, mitten im Ortszentrum","robots":{"index":"index","follow":"follow","max-snippet":"max-snippet:-1","max-image-preview":"max-image-preview:large","max-video-preview":"max-video-preview:-1"},"canonical":"https:\/\/blog.myvideomedia.com\/de\/bad-gastein\/","og_locale":"de_DE","og_type":"article","og_title":"Bad Gastein - \u00d6sterreich - Reise Video Blog","og_description":"Wahrzeichen von Bad Gastein ist der Wasserfall der Gasteiner Ache, mitten im Ortszentrum","og_url":"https:\/\/blog.myvideomedia.com\/de\/bad-gastein\/","og_site_name":"Reise Video Blog","article_publisher":"https:\/\/www.facebook.com\/ursula.streit.520","article_author":"https:\/\/www.facebook.com\/ursula.streit.520","article_published_time":"2015-06-06T16:26:22+00:00","article_modified_time":"2022-01-28T07:43:51+00:00","og_image":[{"width":1920,"height":1080,"url":"https:\/\/blog.myvideomedia.com\/wp-content\/uploads\/2014\/06\/Bad-Gastein-1.jpg","type":"image\/jpeg"}],"author":"myVideoMedia","twitter_card":"summary_large_image","twitter_creator":"@myvideomedia","twitter_site":"@myvideomedia","twitter_misc":{"Verfasst von":"myVideoMedia","Gesch\u00e4tzte Lesezeit":"2\u00a0Minuten"},"schema":{"@context":"https:\/\/schema.org","@graph":[{"@type":"Article","@id":"https:\/\/blog.myvideomedia.com\/de\/bad-gastein\/#article","isPartOf":{"@id":"https:\/\/blog.myvideomedia.com\/de\/bad-gastein\/"},"author":{"name":"myVideoMedia","@id":"https:\/\/blog.myvideomedia.com\/de\/#\/schema\/person\/87be8fbbed69b1562242448c1c3dcbec"},"headline":"Bad Gastein","datePublished":"2015-06-06T16:26:22+00:00","dateModified":"2022-01-28T07:43:51+00:00","mainEntityOfPage":{"@id":"https:\/\/blog.myvideomedia.com\/de\/bad-gastein\/"},"wordCount":144,"commentCount":2,"publisher":{"@id":"https:\/\/blog.myvideomedia.com\/de\/#\/schema\/person\/87be8fbbed69b1562242448c1c3dcbec"},"image":{"@id":"https:\/\/blog.myvideomedia.com\/de\/bad-gastein\/#primaryimage"},"thumbnailUrl":"https:\/\/blog.myvideomedia.com\/wp-content\/uploads\/2014\/06\/Bad-Gastein-1.jpg","keywords":["Natur","Stadt"],"articleSection":["Europa","\u00d6sterreich","Salzburg"],"inLanguage":"de","potentialAction":[{"@type":"CommentAction","name":"Comment","target":["https:\/\/blog.myvideomedia.com\/de\/bad-gastein\/#respond"]}]},{"@type":"WebPage","@id":"https:\/\/blog.myvideomedia.com\/de\/bad-gastein\/","url":"https:\/\/blog.myvideomedia.com\/de\/bad-gastein\/","name":"Bad Gastein - \u00d6sterreich - Reise Video Blog","isPartOf":{"@id":"https:\/\/blog.myvideomedia.com\/de\/#website"},"primaryImageOfPage":{"@id":"https:\/\/blog.myvideomedia.com\/de\/bad-gastein\/#primaryimage"},"image":{"@id":"https:\/\/blog.myvideomedia.com\/de\/bad-gastein\/#primaryimage"},"thumbnailUrl":"https:\/\/blog.myvideomedia.com\/wp-content\/uploads\/2014\/06\/Bad-Gastein-1.jpg","datePublished":"2015-06-06T16:26:22+00:00","dateModified":"2022-01-28T07:43:51+00:00","description":"Wahrzeichen von Bad Gastein ist der Wasserfall der Gasteiner Ache, mitten im Ortszentrum","breadcrumb":{"@id":"https:\/\/blog.myvideomedia.com\/de\/bad-gastein\/#breadcrumb"},"inLanguage":"de","potentialAction":[{"@type":"ReadAction","target":["https:\/\/blog.myvideomedia.com\/de\/bad-gastein\/"]}]},{"@type":"ImageObject","inLanguage":"de","@id":"https:\/\/blog.myvideomedia.com\/de\/bad-gastein\/#primaryimage","url":"https:\/\/blog.myvideomedia.com\/wp-content\/uploads\/2014\/06\/Bad-Gastein-1.jpg","contentUrl":"https:\/\/blog.myvideomedia.com\/wp-content\/uploads\/2014\/06\/Bad-Gastein-1.jpg","width":1920,"height":1080},{"@type":"BreadcrumbList","@id":"https:\/\/blog.myvideomedia.com\/de\/bad-gastein\/#breadcrumb","itemListElement":[{"@type":"ListItem","position":1,"name":"Home","item":"https:\/\/blog.myvideomedia.com\/de\/"},{"@type":"ListItem","position":2,"name":"Bad Gastein"}]},{"@type":"WebSite","@id":"https:\/\/blog.myvideomedia.com\/de\/#website","url":"https:\/\/blog.myvideomedia.com\/de\/","name":"Travel Video Blog","description":"myVideoMedia Reisetipps und Reisevideos","publisher":{"@id":"https:\/\/blog.myvideomedia.com\/de\/#\/schema\/person\/87be8fbbed69b1562242448c1c3dcbec"},"potentialAction":[{"@type":"SearchAction","target":{"@type":"EntryPoint","urlTemplate":"https:\/\/blog.myvideomedia.com\/de\/?s={search_term_string}"},"query-input":{"@type":"PropertyValueSpecification","valueRequired":true,"valueName":"search_term_string"}}],"inLanguage":"de"},{"@type":["Person","Organization"],"@id":"https:\/\/blog.myvideomedia.com\/de\/#\/schema\/person\/87be8fbbed69b1562242448c1c3dcbec","name":"myVideoMedia","image":{"@type":"ImageObject","inLanguage":"de","@id":"https:\/\/secure.gravatar.com\/avatar\/460720160715ef8975b781abd1b6985e55ce2f01567bb6757bebd73e7cf74c97?s=96&d=mm&r=g","url":"https:\/\/secure.gravatar.com\/avatar\/460720160715ef8975b781abd1b6985e55ce2f01567bb6757bebd73e7cf74c97?s=96&d=mm&r=g","contentUrl":"https:\/\/secure.gravatar.com\/avatar\/460720160715ef8975b781abd1b6985e55ce2f01567bb6757bebd73e7cf74c97?s=96&d=mm&r=g","caption":"myVideoMedia"},"logo":{"@id":"https:\/\/secure.gravatar.com\/avatar\/460720160715ef8975b781abd1b6985e55ce2f01567bb6757bebd73e7cf74c97?s=96&d=mm&r=g"},"description":"\"The World is a book, and those who do not travel read only a page\" - Aurelius Augustinus (354 - 430 AD) Travel is our passion. With our posts and videos we like to inspire people who are planning or preparing for holidays as well as people who simply want to escape from everyday life and dream of faraway countries.","sameAs":["https:\/\/www.myvideomedia.com","https:\/\/www.facebook.com\/ursula.streit.520"],"url":"https:\/\/blog.myvideomedia.com\/de\/author\/traveladm\/"}]}},"featured_image_src":"https:\/\/blog.myvideomedia.com\/wp-content\/uploads\/2014\/06\/Bad-Gastein-1.jpg","featured_image_src_square":"https:\/\/blog.myvideomedia.com\/wp-content\/uploads\/2014\/06\/Bad-Gastein-1.jpg","author_info":{"display_name":"myVideoMedia","author_link":"https:\/\/blog.myvideomedia.com\/de\/author\/traveladm\/"},"_links":{"self":[{"href":"https:\/\/blog.myvideomedia.com\/de\/wp-json\/wp\/v2\/posts\/7357","targetHints":{"allow":["GET"]}}],"collection":[{"href":"https:\/\/blog.myvideomedia.com\/de\/wp-json\/wp\/v2\/posts"}],"about":[{"href":"https:\/\/blog.myvideomedia.com\/de\/wp-json\/wp\/v2\/types\/post"}],"author":[{"embeddable":true,"href":"https:\/\/blog.myvideomedia.com\/de\/wp-json\/wp\/v2\/users\/1"}],"replies":[{"embeddable":true,"href":"https:\/\/blog.myvideomedia.com\/de\/wp-json\/wp\/v2\/comments?post=7357"}],"version-history":[{"count":0,"href":"https:\/\/blog.myvideomedia.com\/de\/wp-json\/wp\/v2\/posts\/7357\/revisions"}],"wp:featuredmedia":[{"embeddable":true,"href":"https:\/\/blog.myvideomedia.com\/de\/wp-json\/wp\/v2\/media\/4556"}],"wp:attachment":[{"href":"https:\/\/blog.myvideomedia.com\/de\/wp-json\/wp\/v2\/media?parent=7357"}],"wp:term":[{"taxonomy":"category","embeddable":true,"href":"https:\/\/blog.myvideomedia.com\/de\/wp-json\/wp\/v2\/categories?post=7357"},{"taxonomy":"post_tag","embeddable":true,"href":"https:\/\/blog.myvideomedia.com\/de\/wp-json\/wp\/v2\/tags?post=7357"}],"curies":[{"name":"wp","href":"https:\/\/api.w.org\/{rel}","templated":true}]}}