{"id":7411,"date":"2015-06-07T13:55:36","date_gmt":"2015-06-07T12:55:36","guid":{"rendered":"https:\/\/blog.myvideomedia.com\/?p=7411"},"modified":"2020-04-17T10:03:44","modified_gmt":"2020-04-17T09:03:44","slug":"grossglockner-hochalpenstrasse","status":"publish","type":"post","link":"https:\/\/blog.myvideomedia.com\/de\/grossglockner-hochalpenstrasse\/","title":{"rendered":"Gro\u00dfglockner Hochalpenstrasse"},"content":{"rendered":"\n<p>Die Gro\u00dfglockner Hochalpenstrasse, erbaut in den 30er Jahren, verbindet die Bundesl\u00e4nder Salzburg und K\u00e4rnten. Die gut ausgebaute Strasse ist nur im Sommer befahrbar und geh\u00f6rt zu den sch\u00f6nsten Panoramastrassen \u00d6sterreichs.<\/p>\n\n\n\n<div class=\"wp-block-image\"><figure class=\"aligncenter\"><img loading=\"lazy\" decoding=\"async\" width=\"699\" height=\"467\" src=\"https:\/\/blog.myvideomedia.com\/wp-content\/uploads\/2012\/05\/oes3096-Grossglockner.jpg\" alt=\"Gro\u00dfglockner Hochalpenstrasse\" class=\"wp-image-4505\" srcset=\"https:\/\/blog.myvideomedia.com\/wp-content\/uploads\/2012\/05\/oes3096-Grossglockner.jpg 699w, https:\/\/blog.myvideomedia.com\/wp-content\/uploads\/2012\/05\/oes3096-Grossglockner-300x200.jpg 300w\" sizes=\"auto, (max-width: 699px) 100vw, 699px\" \/><\/figure><\/div>\n\n\n\n<p>Vermutlich existierte hier bereits seit 1600 v.Chr. ein Alpen\u00fcbergang, den einige Fundst\u00fccke und r\u00f6mische Berichte belegen.<\/p>\n\n\n\n<div class=\"wp-block-image\"><figure class=\"aligncenter\"><img loading=\"lazy\" decoding=\"async\" width=\"699\" height=\"467\" src=\"https:\/\/blog.myvideomedia.com\/wp-content\/uploads\/2012\/05\/oes3097-Grossglockner.jpg\" alt=\"Blick Gro\u00dfglockner Hochalpenstrasse\" class=\"wp-image-4504\" srcset=\"https:\/\/blog.myvideomedia.com\/wp-content\/uploads\/2012\/05\/oes3097-Grossglockner.jpg 699w, https:\/\/blog.myvideomedia.com\/wp-content\/uploads\/2012\/05\/oes3097-Grossglockner-300x200.jpg 300w\" sizes=\"auto, (max-width: 699px) 100vw, 699px\" \/><\/figure><\/div>\n\n\n\n<p>Auf der Edelwei\u00df-Spitze mit 2.571 m \u00fcber dem Meeresspiegel erreichen wir den h\u00f6chsten Punkt. Von hier aus hat man die beste Sicht auf die Gletscherregionen, die Spitze des Gro\u00dfglockners und die Serpentinen der sich nach oben windenden Stra\u00dfe.<\/p>\n\n\n\n<h3 class=\"has-text-align-center wp-block-heading\"><a href=\"https:\/\/youtu.be\/TFCguk72V9I\" target=\"_blank\" rel=\"noopener nofollow noreferrer\">Hier sehen Sie das Video zum Artikel !!!<\/a><\/h3>\n\n\n\n<figure> <div class=\"brlbs-cmpnt-container brlbs-cmpnt-content-blocker brlbs-cmpnt-with-individual-styles\" data-borlabs-cookie-content-blocker-id=\"youtube-content-blocker\" data-borlabs-cookie-content=\"PGlmcmFtZSBzcmM9Imh0dHBzOi8vd3d3LnlvdXR1YmUtbm9jb29raWUuY29tL2VtYmVkL1RGQ2d1azcyVjlJIiB3aWR0aD0iNTYwIiBoZWlnaHQ9IjMxNSI+PC9pZnJhbWU+\"><div class=\"brlbs-cmpnt-cb-preset-c brlbs-cmpnt-cb-youtube\"> <div class=\"brlbs-cmpnt-cb-thumbnail\" style=\"background-image: url('https:\/\/blog.myvideomedia.com\/wp-content\/uploads\/borlabs-cookie\/1\/yt_TFCguk72V9I_hqdefault.jpg')\"><\/div> <div class=\"brlbs-cmpnt-cb-main\"> <div class=\"brlbs-cmpnt-cb-play-button\"><\/div> <div class=\"brlbs-cmpnt-cb-content\"> <p class=\"brlbs-cmpnt-cb-description\">Sie sehen gerade einen Platzhalterinhalt von <strong>YouTube<\/strong>. Um auf den eigentlichen Inhalt zuzugreifen, klicken Sie auf die Schaltfl\u00e4che unten. Bitte beachten Sie, dass dabei Daten an Drittanbieter weitergegeben werden.<\/p> <a class=\"brlbs-cmpnt-cb-provider-toggle\" href=\"#\" data-borlabs-cookie-show-provider-information role=\"button\">Mehr Informationen<\/a> <\/div> <div class=\"brlbs-cmpnt-cb-buttons\"> <a class=\"brlbs-cmpnt-cb-btn\" href=\"#\" data-borlabs-cookie-unblock role=\"button\">Inhalt entsperren<\/a> <a class=\"brlbs-cmpnt-cb-btn\" href=\"#\" data-borlabs-cookie-accept-service role=\"button\" style=\"display: inherit\">Erforderlichen Service akzeptieren und Inhalte entsperren<\/a> <\/div> <\/div> <\/div><\/div><\/figure>\n\n\n\n<p>Lesen Sie auch &gt; <a href=\"https:\/\/blog.myvideomedia.com\/de\/zahnradbahn-auf-den-schafberg\/\">Mit der Zahnradbahn auf den Schafberg<\/a><\/p>\n\n\n\n<p>Text, Fotos und Video: Copyright \u00a9 <a href=\"https:\/\/www.myvideomedia.com\/de\" target=\"_blank\" rel=\"noopener noreferrer\">myVideoMedia<\/a><\/p>\n","protected":false},"excerpt":{"rendered":"<p>Die Gro\u00dfglockner Hochalpenstrasse, erbaut in den 30er Jahren, verbindet die Bundesl\u00e4nder Salzburg und K\u00e4rnten. Die gut ausgebaute Strasse ist nur im Sommer befahrbar und geh\u00f6rt zu den sch\u00f6nsten Panoramastrassen \u00d6sterreichs. Vermutlich existierte hier bereits seit 1600 v.Chr. ein Alpen\u00fcbergang, den einige Fundst\u00fccke und r\u00f6mische Berichte belegen. Auf der Edelwei\u00df-Spitze mit 2.571 m \u00fcber dem Meeresspiegel [&hellip;]<\/p>\n","protected":false},"author":1,"featured_media":4504,"comment_status":"open","ping_status":"closed","sticky":false,"template":"","format":"standard","meta":{"_genesis_hide_title":false,"_genesis_hide_breadcrumbs":false,"_genesis_hide_singular_image":false,"_genesis_hide_footer_widgets":false,"_genesis_custom_body_class":"","_genesis_custom_post_class":"","_genesis_layout":"","footnotes":""},"categories":[1550,493,492,543],"tags":[466,469],"class_list":{"0":"post-7411","1":"post","2":"type-post","3":"status-publish","4":"format-standard","5":"has-post-thumbnail","7":"category-europa","8":"category-kaernten","9":"category-oesterreich","10":"category-salzburg_d","11":"tag-berge","12":"tag-natur","13":"entry"},"yoast_head":"<!-- This site is optimized with the Yoast SEO plugin v27.4 - https:\/\/yoast.com\/product\/yoast-seo-wordpress\/ -->\n<title>Gro\u00dfglockner Hochalpenstrasse - \u00d6sterreich - Reise Video Blog<\/title>\n<meta name=\"description\" content=\"Die gut ausgebaute Gro\u00dfglockner Hochalpenstrasse verbindet die Bundesl\u00e4nder Salzburg und K\u00e4rnten und z\u00e4hlt zu den sch\u00f6nsten Panoramastrassen \u00d6sterreichs.\" \/>\n<meta name=\"robots\" content=\"index, follow, max-snippet:-1, max-image-preview:large, max-video-preview:-1\" \/>\n<link rel=\"canonical\" href=\"https:\/\/blog.myvideomedia.com\/de\/grossglockner-hochalpenstrasse\/\" \/>\n<meta property=\"og:locale\" content=\"de_DE\" \/>\n<meta property=\"og:type\" content=\"article\" \/>\n<meta property=\"og:title\" content=\"Gro\u00dfglockner Hochalpenstrasse - \u00d6sterreich - Reise Video Blog\" \/>\n<meta property=\"og:description\" content=\"Die gut ausgebaute Gro\u00dfglockner Hochalpenstrasse verbindet die Bundesl\u00e4nder Salzburg und K\u00e4rnten und z\u00e4hlt zu den sch\u00f6nsten Panoramastrassen \u00d6sterreichs.\" \/>\n<meta property=\"og:url\" content=\"https:\/\/blog.myvideomedia.com\/de\/grossglockner-hochalpenstrasse\/\" \/>\n<meta property=\"og:site_name\" content=\"Reise Video Blog\" \/>\n<meta property=\"article:publisher\" content=\"https:\/\/www.facebook.com\/ursula.streit.520\" \/>\n<meta property=\"article:author\" content=\"https:\/\/www.facebook.com\/ursula.streit.520\" \/>\n<meta property=\"article:published_time\" content=\"2015-06-07T12:55:36+00:00\" \/>\n<meta property=\"article:modified_time\" content=\"2020-04-17T09:03:44+00:00\" \/>\n<meta property=\"og:image\" content=\"https:\/\/blog.myvideomedia.com\/wp-content\/uploads\/2012\/05\/oes3097-Grossglockner.jpg\" \/>\n\t<meta property=\"og:image:width\" content=\"699\" \/>\n\t<meta property=\"og:image:height\" content=\"467\" \/>\n\t<meta property=\"og:image:type\" content=\"image\/jpeg\" \/>\n<meta name=\"author\" content=\"myVideoMedia\" \/>\n<meta name=\"twitter:card\" content=\"summary_large_image\" \/>\n<meta name=\"twitter:creator\" content=\"@myvideomedia\" \/>\n<meta name=\"twitter:site\" content=\"@myvideomedia\" \/>\n<meta name=\"twitter:label1\" content=\"Verfasst von\" \/>\n\t<meta name=\"twitter:data1\" content=\"myVideoMedia\" \/>\n\t<meta name=\"twitter:label2\" content=\"Gesch\u00e4tzte Lesezeit\" \/>\n\t<meta name=\"twitter:data2\" content=\"1\u00a0Minute\" \/>\n<script type=\"application\/ld+json\" class=\"yoast-schema-graph\">{\"@context\":\"https:\\\/\\\/schema.org\",\"@graph\":[{\"@type\":\"Article\",\"@id\":\"https:\\\/\\\/blog.myvideomedia.com\\\/de\\\/grossglockner-hochalpenstrasse\\\/#article\",\"isPartOf\":{\"@id\":\"https:\\\/\\\/blog.myvideomedia.com\\\/de\\\/grossglockner-hochalpenstrasse\\\/\"},\"author\":{\"name\":\"myVideoMedia\",\"@id\":\"https:\\\/\\\/blog.myvideomedia.com\\\/de\\\/#\\\/schema\\\/person\\\/87be8fbbed69b1562242448c1c3dcbec\"},\"headline\":\"Gro\u00dfglockner Hochalpenstrasse\",\"datePublished\":\"2015-06-07T12:55:36+00:00\",\"dateModified\":\"2020-04-17T09:03:44+00:00\",\"mainEntityOfPage\":{\"@id\":\"https:\\\/\\\/blog.myvideomedia.com\\\/de\\\/grossglockner-hochalpenstrasse\\\/\"},\"wordCount\":121,\"commentCount\":0,\"publisher\":{\"@id\":\"https:\\\/\\\/blog.myvideomedia.com\\\/de\\\/#\\\/schema\\\/person\\\/87be8fbbed69b1562242448c1c3dcbec\"},\"image\":{\"@id\":\"https:\\\/\\\/blog.myvideomedia.com\\\/de\\\/grossglockner-hochalpenstrasse\\\/#primaryimage\"},\"thumbnailUrl\":\"https:\\\/\\\/blog.myvideomedia.com\\\/wp-content\\\/uploads\\\/2012\\\/05\\\/oes3097-Grossglockner.jpg\",\"keywords\":[\"Berge\",\"Natur\"],\"articleSection\":[\"Europa\",\"K\u00e4rnten\",\"\u00d6sterreich\",\"Salzburg\"],\"inLanguage\":\"de\",\"potentialAction\":[{\"@type\":\"CommentAction\",\"name\":\"Comment\",\"target\":[\"https:\\\/\\\/blog.myvideomedia.com\\\/de\\\/grossglockner-hochalpenstrasse\\\/#respond\"]}]},{\"@type\":\"WebPage\",\"@id\":\"https:\\\/\\\/blog.myvideomedia.com\\\/de\\\/grossglockner-hochalpenstrasse\\\/\",\"url\":\"https:\\\/\\\/blog.myvideomedia.com\\\/de\\\/grossglockner-hochalpenstrasse\\\/\",\"name\":\"Gro\u00dfglockner Hochalpenstrasse - \u00d6sterreich - Reise Video Blog\",\"isPartOf\":{\"@id\":\"https:\\\/\\\/blog.myvideomedia.com\\\/de\\\/#website\"},\"primaryImageOfPage\":{\"@id\":\"https:\\\/\\\/blog.myvideomedia.com\\\/de\\\/grossglockner-hochalpenstrasse\\\/#primaryimage\"},\"image\":{\"@id\":\"https:\\\/\\\/blog.myvideomedia.com\\\/de\\\/grossglockner-hochalpenstrasse\\\/#primaryimage\"},\"thumbnailUrl\":\"https:\\\/\\\/blog.myvideomedia.com\\\/wp-content\\\/uploads\\\/2012\\\/05\\\/oes3097-Grossglockner.jpg\",\"datePublished\":\"2015-06-07T12:55:36+00:00\",\"dateModified\":\"2020-04-17T09:03:44+00:00\",\"description\":\"Die gut ausgebaute Gro\u00dfglockner Hochalpenstrasse verbindet die Bundesl\u00e4nder Salzburg und K\u00e4rnten und z\u00e4hlt zu den sch\u00f6nsten Panoramastrassen \u00d6sterreichs.\",\"breadcrumb\":{\"@id\":\"https:\\\/\\\/blog.myvideomedia.com\\\/de\\\/grossglockner-hochalpenstrasse\\\/#breadcrumb\"},\"inLanguage\":\"de\",\"potentialAction\":[{\"@type\":\"ReadAction\",\"target\":[\"https:\\\/\\\/blog.myvideomedia.com\\\/de\\\/grossglockner-hochalpenstrasse\\\/\"]}]},{\"@type\":\"ImageObject\",\"inLanguage\":\"de\",\"@id\":\"https:\\\/\\\/blog.myvideomedia.com\\\/de\\\/grossglockner-hochalpenstrasse\\\/#primaryimage\",\"url\":\"https:\\\/\\\/blog.myvideomedia.com\\\/wp-content\\\/uploads\\\/2012\\\/05\\\/oes3097-Grossglockner.jpg\",\"contentUrl\":\"https:\\\/\\\/blog.myvideomedia.com\\\/wp-content\\\/uploads\\\/2012\\\/05\\\/oes3097-Grossglockner.jpg\",\"width\":699,\"height\":467,\"caption\":\"Gro\u00dfglockner Hochalpenstrasse\"},{\"@type\":\"BreadcrumbList\",\"@id\":\"https:\\\/\\\/blog.myvideomedia.com\\\/de\\\/grossglockner-hochalpenstrasse\\\/#breadcrumb\",\"itemListElement\":[{\"@type\":\"ListItem\",\"position\":1,\"name\":\"Home\",\"item\":\"https:\\\/\\\/blog.myvideomedia.com\\\/de\\\/\"},{\"@type\":\"ListItem\",\"position\":2,\"name\":\"Gro\u00dfglockner Hochalpenstrasse\"}]},{\"@type\":\"WebSite\",\"@id\":\"https:\\\/\\\/blog.myvideomedia.com\\\/de\\\/#website\",\"url\":\"https:\\\/\\\/blog.myvideomedia.com\\\/de\\\/\",\"name\":\"Travel Video Blog\",\"description\":\"myVideoMedia Reisetipps und Reisevideos\",\"publisher\":{\"@id\":\"https:\\\/\\\/blog.myvideomedia.com\\\/de\\\/#\\\/schema\\\/person\\\/87be8fbbed69b1562242448c1c3dcbec\"},\"potentialAction\":[{\"@type\":\"SearchAction\",\"target\":{\"@type\":\"EntryPoint\",\"urlTemplate\":\"https:\\\/\\\/blog.myvideomedia.com\\\/de\\\/?s={search_term_string}\"},\"query-input\":{\"@type\":\"PropertyValueSpecification\",\"valueRequired\":true,\"valueName\":\"search_term_string\"}}],\"inLanguage\":\"de\"},{\"@type\":[\"Person\",\"Organization\"],\"@id\":\"https:\\\/\\\/blog.myvideomedia.com\\\/de\\\/#\\\/schema\\\/person\\\/87be8fbbed69b1562242448c1c3dcbec\",\"name\":\"myVideoMedia\",\"image\":{\"@type\":\"ImageObject\",\"inLanguage\":\"de\",\"@id\":\"https:\\\/\\\/secure.gravatar.com\\\/avatar\\\/460720160715ef8975b781abd1b6985e55ce2f01567bb6757bebd73e7cf74c97?s=96&d=mm&r=g\",\"url\":\"https:\\\/\\\/secure.gravatar.com\\\/avatar\\\/460720160715ef8975b781abd1b6985e55ce2f01567bb6757bebd73e7cf74c97?s=96&d=mm&r=g\",\"contentUrl\":\"https:\\\/\\\/secure.gravatar.com\\\/avatar\\\/460720160715ef8975b781abd1b6985e55ce2f01567bb6757bebd73e7cf74c97?s=96&d=mm&r=g\",\"caption\":\"myVideoMedia\"},\"logo\":{\"@id\":\"https:\\\/\\\/secure.gravatar.com\\\/avatar\\\/460720160715ef8975b781abd1b6985e55ce2f01567bb6757bebd73e7cf74c97?s=96&d=mm&r=g\"},\"description\":\"\\\"The World is a book, and those who do not travel read only a page\\\" - Aurelius Augustinus (354 - 430 AD) Travel is our passion. With our posts and videos we like to inspire people who are planning or preparing for holidays as well as people who simply want to escape from everyday life and dream of faraway countries.\",\"sameAs\":[\"https:\\\/\\\/www.myvideomedia.com\",\"https:\\\/\\\/www.facebook.com\\\/ursula.streit.520\"],\"url\":\"https:\\\/\\\/blog.myvideomedia.com\\\/de\\\/author\\\/traveladm\\\/\"}]}<\/script>\n<!-- \/ Yoast SEO plugin. -->","yoast_head_json":{"title":"Gro\u00dfglockner Hochalpenstrasse - \u00d6sterreich - Reise Video Blog","description":"Die gut ausgebaute Gro\u00dfglockner Hochalpenstrasse verbindet die Bundesl\u00e4nder Salzburg und K\u00e4rnten und z\u00e4hlt zu den sch\u00f6nsten Panoramastrassen \u00d6sterreichs.","robots":{"index":"index","follow":"follow","max-snippet":"max-snippet:-1","max-image-preview":"max-image-preview:large","max-video-preview":"max-video-preview:-1"},"canonical":"https:\/\/blog.myvideomedia.com\/de\/grossglockner-hochalpenstrasse\/","og_locale":"de_DE","og_type":"article","og_title":"Gro\u00dfglockner Hochalpenstrasse - \u00d6sterreich - Reise Video Blog","og_description":"Die gut ausgebaute Gro\u00dfglockner Hochalpenstrasse verbindet die Bundesl\u00e4nder Salzburg und K\u00e4rnten und z\u00e4hlt zu den sch\u00f6nsten Panoramastrassen \u00d6sterreichs.","og_url":"https:\/\/blog.myvideomedia.com\/de\/grossglockner-hochalpenstrasse\/","og_site_name":"Reise Video Blog","article_publisher":"https:\/\/www.facebook.com\/ursula.streit.520","article_author":"https:\/\/www.facebook.com\/ursula.streit.520","article_published_time":"2015-06-07T12:55:36+00:00","article_modified_time":"2020-04-17T09:03:44+00:00","og_image":[{"width":699,"height":467,"url":"https:\/\/blog.myvideomedia.com\/wp-content\/uploads\/2012\/05\/oes3097-Grossglockner.jpg","type":"image\/jpeg"}],"author":"myVideoMedia","twitter_card":"summary_large_image","twitter_creator":"@myvideomedia","twitter_site":"@myvideomedia","twitter_misc":{"Verfasst von":"myVideoMedia","Gesch\u00e4tzte Lesezeit":"1\u00a0Minute"},"schema":{"@context":"https:\/\/schema.org","@graph":[{"@type":"Article","@id":"https:\/\/blog.myvideomedia.com\/de\/grossglockner-hochalpenstrasse\/#article","isPartOf":{"@id":"https:\/\/blog.myvideomedia.com\/de\/grossglockner-hochalpenstrasse\/"},"author":{"name":"myVideoMedia","@id":"https:\/\/blog.myvideomedia.com\/de\/#\/schema\/person\/87be8fbbed69b1562242448c1c3dcbec"},"headline":"Gro\u00dfglockner Hochalpenstrasse","datePublished":"2015-06-07T12:55:36+00:00","dateModified":"2020-04-17T09:03:44+00:00","mainEntityOfPage":{"@id":"https:\/\/blog.myvideomedia.com\/de\/grossglockner-hochalpenstrasse\/"},"wordCount":121,"commentCount":0,"publisher":{"@id":"https:\/\/blog.myvideomedia.com\/de\/#\/schema\/person\/87be8fbbed69b1562242448c1c3dcbec"},"image":{"@id":"https:\/\/blog.myvideomedia.com\/de\/grossglockner-hochalpenstrasse\/#primaryimage"},"thumbnailUrl":"https:\/\/blog.myvideomedia.com\/wp-content\/uploads\/2012\/05\/oes3097-Grossglockner.jpg","keywords":["Berge","Natur"],"articleSection":["Europa","K\u00e4rnten","\u00d6sterreich","Salzburg"],"inLanguage":"de","potentialAction":[{"@type":"CommentAction","name":"Comment","target":["https:\/\/blog.myvideomedia.com\/de\/grossglockner-hochalpenstrasse\/#respond"]}]},{"@type":"WebPage","@id":"https:\/\/blog.myvideomedia.com\/de\/grossglockner-hochalpenstrasse\/","url":"https:\/\/blog.myvideomedia.com\/de\/grossglockner-hochalpenstrasse\/","name":"Gro\u00dfglockner Hochalpenstrasse - \u00d6sterreich - Reise Video Blog","isPartOf":{"@id":"https:\/\/blog.myvideomedia.com\/de\/#website"},"primaryImageOfPage":{"@id":"https:\/\/blog.myvideomedia.com\/de\/grossglockner-hochalpenstrasse\/#primaryimage"},"image":{"@id":"https:\/\/blog.myvideomedia.com\/de\/grossglockner-hochalpenstrasse\/#primaryimage"},"thumbnailUrl":"https:\/\/blog.myvideomedia.com\/wp-content\/uploads\/2012\/05\/oes3097-Grossglockner.jpg","datePublished":"2015-06-07T12:55:36+00:00","dateModified":"2020-04-17T09:03:44+00:00","description":"Die gut ausgebaute Gro\u00dfglockner Hochalpenstrasse verbindet die Bundesl\u00e4nder Salzburg und K\u00e4rnten und z\u00e4hlt zu den sch\u00f6nsten Panoramastrassen \u00d6sterreichs.","breadcrumb":{"@id":"https:\/\/blog.myvideomedia.com\/de\/grossglockner-hochalpenstrasse\/#breadcrumb"},"inLanguage":"de","potentialAction":[{"@type":"ReadAction","target":["https:\/\/blog.myvideomedia.com\/de\/grossglockner-hochalpenstrasse\/"]}]},{"@type":"ImageObject","inLanguage":"de","@id":"https:\/\/blog.myvideomedia.com\/de\/grossglockner-hochalpenstrasse\/#primaryimage","url":"https:\/\/blog.myvideomedia.com\/wp-content\/uploads\/2012\/05\/oes3097-Grossglockner.jpg","contentUrl":"https:\/\/blog.myvideomedia.com\/wp-content\/uploads\/2012\/05\/oes3097-Grossglockner.jpg","width":699,"height":467,"caption":"Gro\u00dfglockner Hochalpenstrasse"},{"@type":"BreadcrumbList","@id":"https:\/\/blog.myvideomedia.com\/de\/grossglockner-hochalpenstrasse\/#breadcrumb","itemListElement":[{"@type":"ListItem","position":1,"name":"Home","item":"https:\/\/blog.myvideomedia.com\/de\/"},{"@type":"ListItem","position":2,"name":"Gro\u00dfglockner Hochalpenstrasse"}]},{"@type":"WebSite","@id":"https:\/\/blog.myvideomedia.com\/de\/#website","url":"https:\/\/blog.myvideomedia.com\/de\/","name":"Travel Video Blog","description":"myVideoMedia Reisetipps und Reisevideos","publisher":{"@id":"https:\/\/blog.myvideomedia.com\/de\/#\/schema\/person\/87be8fbbed69b1562242448c1c3dcbec"},"potentialAction":[{"@type":"SearchAction","target":{"@type":"EntryPoint","urlTemplate":"https:\/\/blog.myvideomedia.com\/de\/?s={search_term_string}"},"query-input":{"@type":"PropertyValueSpecification","valueRequired":true,"valueName":"search_term_string"}}],"inLanguage":"de"},{"@type":["Person","Organization"],"@id":"https:\/\/blog.myvideomedia.com\/de\/#\/schema\/person\/87be8fbbed69b1562242448c1c3dcbec","name":"myVideoMedia","image":{"@type":"ImageObject","inLanguage":"de","@id":"https:\/\/secure.gravatar.com\/avatar\/460720160715ef8975b781abd1b6985e55ce2f01567bb6757bebd73e7cf74c97?s=96&d=mm&r=g","url":"https:\/\/secure.gravatar.com\/avatar\/460720160715ef8975b781abd1b6985e55ce2f01567bb6757bebd73e7cf74c97?s=96&d=mm&r=g","contentUrl":"https:\/\/secure.gravatar.com\/avatar\/460720160715ef8975b781abd1b6985e55ce2f01567bb6757bebd73e7cf74c97?s=96&d=mm&r=g","caption":"myVideoMedia"},"logo":{"@id":"https:\/\/secure.gravatar.com\/avatar\/460720160715ef8975b781abd1b6985e55ce2f01567bb6757bebd73e7cf74c97?s=96&d=mm&r=g"},"description":"\"The World is a book, and those who do not travel read only a page\" - Aurelius Augustinus (354 - 430 AD) Travel is our passion. With our posts and videos we like to inspire people who are planning or preparing for holidays as well as people who simply want to escape from everyday life and dream of faraway countries.","sameAs":["https:\/\/www.myvideomedia.com","https:\/\/www.facebook.com\/ursula.streit.520"],"url":"https:\/\/blog.myvideomedia.com\/de\/author\/traveladm\/"}]}},"featured_image_src":"https:\/\/blog.myvideomedia.com\/wp-content\/uploads\/2012\/05\/oes3097-Grossglockner.jpg","featured_image_src_square":"https:\/\/blog.myvideomedia.com\/wp-content\/uploads\/2012\/05\/oes3097-Grossglockner.jpg","author_info":{"display_name":"myVideoMedia","author_link":"https:\/\/blog.myvideomedia.com\/de\/author\/traveladm\/"},"_links":{"self":[{"href":"https:\/\/blog.myvideomedia.com\/de\/wp-json\/wp\/v2\/posts\/7411","targetHints":{"allow":["GET"]}}],"collection":[{"href":"https:\/\/blog.myvideomedia.com\/de\/wp-json\/wp\/v2\/posts"}],"about":[{"href":"https:\/\/blog.myvideomedia.com\/de\/wp-json\/wp\/v2\/types\/post"}],"author":[{"embeddable":true,"href":"https:\/\/blog.myvideomedia.com\/de\/wp-json\/wp\/v2\/users\/1"}],"replies":[{"embeddable":true,"href":"https:\/\/blog.myvideomedia.com\/de\/wp-json\/wp\/v2\/comments?post=7411"}],"version-history":[{"count":0,"href":"https:\/\/blog.myvideomedia.com\/de\/wp-json\/wp\/v2\/posts\/7411\/revisions"}],"wp:featuredmedia":[{"embeddable":true,"href":"https:\/\/blog.myvideomedia.com\/de\/wp-json\/wp\/v2\/media\/4504"}],"wp:attachment":[{"href":"https:\/\/blog.myvideomedia.com\/de\/wp-json\/wp\/v2\/media?parent=7411"}],"wp:term":[{"taxonomy":"category","embeddable":true,"href":"https:\/\/blog.myvideomedia.com\/de\/wp-json\/wp\/v2\/categories?post=7411"},{"taxonomy":"post_tag","embeddable":true,"href":"https:\/\/blog.myvideomedia.com\/de\/wp-json\/wp\/v2\/tags?post=7411"}],"curies":[{"name":"wp","href":"https:\/\/api.w.org\/{rel}","templated":true}]}}