{"id":7446,"date":"2015-06-07T17:19:55","date_gmt":"2015-06-07T16:19:55","guid":{"rendered":"https:\/\/blog.myvideomedia.com\/?p=7446"},"modified":"2020-04-19T10:01:06","modified_gmt":"2020-04-19T09:01:06","slug":"cabo-da-roca","status":"publish","type":"post","link":"https:\/\/blog.myvideomedia.com\/de\/cabo-da-roca\/","title":{"rendered":"Cabo da Roca"},"content":{"rendered":"\n<p>Cabo da Roca liegt an der Atlantikk\u00fcste westlich von Lissabon im Kreis Sintra. Es ist der westlichste Punkt des europ\u00e4ischen Festlandes und bildet damit den Gegenpol zu Cape Spears in der N\u00e4he von St. John&#8217;s in Neufundland.<\/p>\n\n\n\n<p>Die Felsen fallen hier 140&nbsp;m steil nach unten und bieten unterschiedlichsten Pflanzen und V\u00f6gel eine Heimat.<\/p>\n\n\n\n<div class=\"wp-block-image\"><figure class=\"aligncenter\"><img loading=\"lazy\" decoding=\"async\" width=\"738\" height=\"555\" src=\"https:\/\/blog.myvideomedia.com\/wp-content\/uploads\/2014\/06\/Cabo-da-Roca-1.jpg\" alt=\"Cabo da Roca\" class=\"wp-image-3624\" srcset=\"https:\/\/blog.myvideomedia.com\/wp-content\/uploads\/2014\/06\/Cabo-da-Roca-1.jpg 738w, https:\/\/blog.myvideomedia.com\/wp-content\/uploads\/2014\/06\/Cabo-da-Roca-1-300x225.jpg 300w\" sizes=\"auto, (max-width: 738px) 100vw, 738px\" \/><\/figure><\/div>\n\n\n\n<p>Nur wenige Kilometer weiter n\u00f6rdlich liegen zwei der sch\u00f6nsten Str\u00e4nde von Cascais, der Praia da Adraga und der Praia Grande. Weitl\u00e4ufige Sandstr\u00e4nde und steile Felsklippen liegen hier unmittelbar nebeneinander.<\/p>\n\n\n\n<div class=\"wp-block-image\"><figure class=\"aligncenter\"><img loading=\"lazy\" decoding=\"async\" width=\"738\" height=\"555\" src=\"https:\/\/blog.myvideomedia.com\/wp-content\/uploads\/2014\/06\/Cabo-da-Roca-3.jpg\" alt=\"Strand Caiscais\" class=\"wp-image-3625\" srcset=\"https:\/\/blog.myvideomedia.com\/wp-content\/uploads\/2014\/06\/Cabo-da-Roca-3.jpg 738w, https:\/\/blog.myvideomedia.com\/wp-content\/uploads\/2014\/06\/Cabo-da-Roca-3-300x225.jpg 300w\" sizes=\"auto, (max-width: 738px) 100vw, 738px\" \/><\/figure><\/div>\n\n\n\n<p>Am Flughafen von Lissabon warten die Wiener S\u00e4ngerknaben auf ihren Abflug.<\/p>\n\n\n\n<h3 class=\"wp-block-heading\"><a href=\"https:\/\/youtu.be\/WqZfiLgXwwE\" target=\"_blank\" rel=\"noreferrer noopener\" aria-label=\"Hier sehen Sie das Video (\u00f6ffnet in neuem Tab)\">Hier sehen Sie das Video<\/a><\/h3>\n\n\n\n<figure> <div class=\"brlbs-cmpnt-container brlbs-cmpnt-content-blocker brlbs-cmpnt-with-individual-styles\" data-borlabs-cookie-content-blocker-id=\"youtube-content-blocker\" data-borlabs-cookie-content=\"PGlmcmFtZSBzcmM9Ii8vd3d3LnlvdXR1YmUtbm9jb29raWUuY29tL2VtYmVkL1dxWmZpTGdYd3dFIiB3aWR0aD0iNTYwIiBoZWlnaHQ9IjMxNSI+PC9pZnJhbWU+\"><div class=\"brlbs-cmpnt-cb-preset-c brlbs-cmpnt-cb-youtube\"> <div class=\"brlbs-cmpnt-cb-thumbnail\" style=\"background-image: url('https:\/\/blog.myvideomedia.com\/wp-content\/uploads\/borlabs-cookie\/1\/yt_WqZfiLgXwwE_hqdefault.jpg')\"><\/div> <div class=\"brlbs-cmpnt-cb-main\"> <div class=\"brlbs-cmpnt-cb-play-button\"><\/div> <div class=\"brlbs-cmpnt-cb-content\"> <p class=\"brlbs-cmpnt-cb-description\">Sie sehen gerade einen Platzhalterinhalt von <strong>YouTube<\/strong>. Um auf den eigentlichen Inhalt zuzugreifen, klicken Sie auf die Schaltfl\u00e4che unten. Bitte beachten Sie, dass dabei Daten an Drittanbieter weitergegeben werden.<\/p> <a class=\"brlbs-cmpnt-cb-provider-toggle\" href=\"#\" data-borlabs-cookie-show-provider-information role=\"button\">Mehr Informationen<\/a> <\/div> <div class=\"brlbs-cmpnt-cb-buttons\"> <a class=\"brlbs-cmpnt-cb-btn\" href=\"#\" data-borlabs-cookie-unblock role=\"button\">Inhalt entsperren<\/a> <a class=\"brlbs-cmpnt-cb-btn\" href=\"#\" data-borlabs-cookie-accept-service role=\"button\" style=\"display: inherit\">Erforderlichen Service akzeptieren und Inhalte entsperren<\/a> <\/div> <\/div> <\/div><\/div><\/figure>\n\n\n\n<p>Vom Flugzeug haben wir einen guten Blick auf die Puente Vasco da Gama, Lissabons zweite Br\u00fccke \u00fcber den Tejo, die zu dieser Zeit gerade im Bau war.<\/p>\n\n\n\n<div class=\"wp-block-image\"><figure class=\"aligncenter\"><img loading=\"lazy\" decoding=\"async\" width=\"738\" height=\"555\" src=\"https:\/\/blog.myvideomedia.com\/wp-content\/uploads\/2014\/06\/Cabo-da-Roca-5.jpg\" alt=\"Puente Vasco da Gama\" class=\"wp-image-3627\" srcset=\"https:\/\/blog.myvideomedia.com\/wp-content\/uploads\/2014\/06\/Cabo-da-Roca-5.jpg 738w, https:\/\/blog.myvideomedia.com\/wp-content\/uploads\/2014\/06\/Cabo-da-Roca-5-300x225.jpg 300w\" sizes=\"auto, (max-width: 738px) 100vw, 738px\" \/><\/figure><\/div>\n\n\n\n<p>Text, Fotos und Video: Copyright \u00a9 &nbsp;<a rel=\"noopener noreferrer\" href=\"http:s\/\/www.myvideomedia.de\/\" target=\"_blank\">myVideoMedia<\/a><\/p>\n","protected":false},"excerpt":{"rendered":"<p>Cabo da Roca liegt an der Atlantikk\u00fcste westlich von Lissabon im Kreis Sintra. Es ist der westlichste Punkt des europ\u00e4ischen Festlandes und bildet damit den Gegenpol zu Cape Spears in der N\u00e4he von St. John&#8217;s in Neufundland. Die Felsen fallen hier 140&nbsp;m steil nach unten und bieten unterschiedlichsten Pflanzen und V\u00f6gel eine Heimat. Nur wenige [&hellip;]<\/p>\n","protected":false},"author":1,"featured_media":3624,"comment_status":"open","ping_status":"closed","sticky":false,"template":"","format":"standard","meta":{"_genesis_hide_title":false,"_genesis_hide_breadcrumbs":false,"_genesis_hide_singular_image":false,"_genesis_hide_footer_widgets":false,"_genesis_custom_body_class":"","_genesis_custom_post_class":"","_genesis_layout":"","footnotes":""},"categories":[1550,525],"tags":[462,469,449],"class_list":{"0":"post-7446","1":"post","2":"type-post","3":"status-publish","4":"format-standard","5":"has-post-thumbnail","7":"category-europa","8":"category-portugal_d","9":"tag-leuchtturm","10":"tag-natur","11":"tag-strand","12":"entry"},"yoast_head":"<!-- This site is optimized with the Yoast SEO plugin v27.4 - https:\/\/yoast.com\/product\/yoast-seo-wordpress\/ -->\n<title>Cabo da Roca - Portugal - Reise Video Blog<\/title>\n<meta name=\"description\" content=\"Cabo da Roca liegt an der Atlantikk\u00fcste westlich von Lissabon im Kreis Sintra. Es ist der westlichste Punkt des europ\u00e4ischen Festlandes.\" \/>\n<meta name=\"robots\" content=\"index, follow, max-snippet:-1, max-image-preview:large, max-video-preview:-1\" \/>\n<link rel=\"canonical\" href=\"https:\/\/blog.myvideomedia.com\/de\/cabo-da-roca\/\" \/>\n<meta property=\"og:locale\" content=\"de_DE\" \/>\n<meta property=\"og:type\" content=\"article\" \/>\n<meta property=\"og:title\" content=\"Cabo da Roca - Portugal - Reise Video Blog\" \/>\n<meta property=\"og:description\" content=\"Cabo da Roca liegt an der Atlantikk\u00fcste westlich von Lissabon im Kreis Sintra. Es ist der westlichste Punkt des europ\u00e4ischen Festlandes.\" \/>\n<meta property=\"og:url\" content=\"https:\/\/blog.myvideomedia.com\/de\/cabo-da-roca\/\" \/>\n<meta property=\"og:site_name\" content=\"Reise Video Blog\" \/>\n<meta property=\"article:publisher\" content=\"https:\/\/www.facebook.com\/ursula.streit.520\" \/>\n<meta property=\"article:author\" content=\"https:\/\/www.facebook.com\/ursula.streit.520\" \/>\n<meta property=\"article:published_time\" content=\"2015-06-07T16:19:55+00:00\" \/>\n<meta property=\"article:modified_time\" content=\"2020-04-19T09:01:06+00:00\" \/>\n<meta property=\"og:image\" content=\"https:\/\/blog.myvideomedia.com\/wp-content\/uploads\/2014\/06\/Cabo-da-Roca-1.jpg\" \/>\n\t<meta property=\"og:image:width\" content=\"738\" \/>\n\t<meta property=\"og:image:height\" content=\"555\" \/>\n\t<meta property=\"og:image:type\" content=\"image\/jpeg\" \/>\n<meta name=\"author\" content=\"myVideoMedia\" \/>\n<meta name=\"twitter:card\" content=\"summary_large_image\" \/>\n<meta name=\"twitter:creator\" content=\"@myvideomedia\" \/>\n<meta name=\"twitter:site\" content=\"@myvideomedia\" \/>\n<meta name=\"twitter:label1\" content=\"Verfasst von\" \/>\n\t<meta name=\"twitter:data1\" content=\"myVideoMedia\" \/>\n\t<meta name=\"twitter:label2\" content=\"Gesch\u00e4tzte Lesezeit\" \/>\n\t<meta name=\"twitter:data2\" content=\"1\u00a0Minute\" \/>\n<script type=\"application\/ld+json\" class=\"yoast-schema-graph\">{\"@context\":\"https:\\\/\\\/schema.org\",\"@graph\":[{\"@type\":\"Article\",\"@id\":\"https:\\\/\\\/blog.myvideomedia.com\\\/de\\\/cabo-da-roca\\\/#article\",\"isPartOf\":{\"@id\":\"https:\\\/\\\/blog.myvideomedia.com\\\/de\\\/cabo-da-roca\\\/\"},\"author\":{\"name\":\"myVideoMedia\",\"@id\":\"https:\\\/\\\/blog.myvideomedia.com\\\/de\\\/#\\\/schema\\\/person\\\/87be8fbbed69b1562242448c1c3dcbec\"},\"headline\":\"Cabo da Roca\",\"datePublished\":\"2015-06-07T16:19:55+00:00\",\"dateModified\":\"2020-04-19T09:01:06+00:00\",\"mainEntityOfPage\":{\"@id\":\"https:\\\/\\\/blog.myvideomedia.com\\\/de\\\/cabo-da-roca\\\/\"},\"wordCount\":141,\"commentCount\":0,\"publisher\":{\"@id\":\"https:\\\/\\\/blog.myvideomedia.com\\\/de\\\/#\\\/schema\\\/person\\\/87be8fbbed69b1562242448c1c3dcbec\"},\"image\":{\"@id\":\"https:\\\/\\\/blog.myvideomedia.com\\\/de\\\/cabo-da-roca\\\/#primaryimage\"},\"thumbnailUrl\":\"https:\\\/\\\/blog.myvideomedia.com\\\/wp-content\\\/uploads\\\/2014\\\/06\\\/Cabo-da-Roca-1.jpg\",\"keywords\":[\"Leuchtturm\",\"Natur\",\"Strand\"],\"articleSection\":[\"Europa\",\"Portugal\"],\"inLanguage\":\"de\",\"potentialAction\":[{\"@type\":\"CommentAction\",\"name\":\"Comment\",\"target\":[\"https:\\\/\\\/blog.myvideomedia.com\\\/de\\\/cabo-da-roca\\\/#respond\"]}]},{\"@type\":\"WebPage\",\"@id\":\"https:\\\/\\\/blog.myvideomedia.com\\\/de\\\/cabo-da-roca\\\/\",\"url\":\"https:\\\/\\\/blog.myvideomedia.com\\\/de\\\/cabo-da-roca\\\/\",\"name\":\"Cabo da Roca - Portugal - Reise Video Blog\",\"isPartOf\":{\"@id\":\"https:\\\/\\\/blog.myvideomedia.com\\\/de\\\/#website\"},\"primaryImageOfPage\":{\"@id\":\"https:\\\/\\\/blog.myvideomedia.com\\\/de\\\/cabo-da-roca\\\/#primaryimage\"},\"image\":{\"@id\":\"https:\\\/\\\/blog.myvideomedia.com\\\/de\\\/cabo-da-roca\\\/#primaryimage\"},\"thumbnailUrl\":\"https:\\\/\\\/blog.myvideomedia.com\\\/wp-content\\\/uploads\\\/2014\\\/06\\\/Cabo-da-Roca-1.jpg\",\"datePublished\":\"2015-06-07T16:19:55+00:00\",\"dateModified\":\"2020-04-19T09:01:06+00:00\",\"description\":\"Cabo da Roca liegt an der Atlantikk\u00fcste westlich von Lissabon im Kreis Sintra. Es ist der westlichste Punkt des europ\u00e4ischen Festlandes.\",\"breadcrumb\":{\"@id\":\"https:\\\/\\\/blog.myvideomedia.com\\\/de\\\/cabo-da-roca\\\/#breadcrumb\"},\"inLanguage\":\"de\",\"potentialAction\":[{\"@type\":\"ReadAction\",\"target\":[\"https:\\\/\\\/blog.myvideomedia.com\\\/de\\\/cabo-da-roca\\\/\"]}]},{\"@type\":\"ImageObject\",\"inLanguage\":\"de\",\"@id\":\"https:\\\/\\\/blog.myvideomedia.com\\\/de\\\/cabo-da-roca\\\/#primaryimage\",\"url\":\"https:\\\/\\\/blog.myvideomedia.com\\\/wp-content\\\/uploads\\\/2014\\\/06\\\/Cabo-da-Roca-1.jpg\",\"contentUrl\":\"https:\\\/\\\/blog.myvideomedia.com\\\/wp-content\\\/uploads\\\/2014\\\/06\\\/Cabo-da-Roca-1.jpg\",\"width\":738,\"height\":555,\"caption\":\"Cabo da Roca\"},{\"@type\":\"BreadcrumbList\",\"@id\":\"https:\\\/\\\/blog.myvideomedia.com\\\/de\\\/cabo-da-roca\\\/#breadcrumb\",\"itemListElement\":[{\"@type\":\"ListItem\",\"position\":1,\"name\":\"Home\",\"item\":\"https:\\\/\\\/blog.myvideomedia.com\\\/de\\\/\"},{\"@type\":\"ListItem\",\"position\":2,\"name\":\"Cabo da Roca\"}]},{\"@type\":\"WebSite\",\"@id\":\"https:\\\/\\\/blog.myvideomedia.com\\\/de\\\/#website\",\"url\":\"https:\\\/\\\/blog.myvideomedia.com\\\/de\\\/\",\"name\":\"Travel Video Blog\",\"description\":\"myVideoMedia Reisetipps und Reisevideos\",\"publisher\":{\"@id\":\"https:\\\/\\\/blog.myvideomedia.com\\\/de\\\/#\\\/schema\\\/person\\\/87be8fbbed69b1562242448c1c3dcbec\"},\"potentialAction\":[{\"@type\":\"SearchAction\",\"target\":{\"@type\":\"EntryPoint\",\"urlTemplate\":\"https:\\\/\\\/blog.myvideomedia.com\\\/de\\\/?s={search_term_string}\"},\"query-input\":{\"@type\":\"PropertyValueSpecification\",\"valueRequired\":true,\"valueName\":\"search_term_string\"}}],\"inLanguage\":\"de\"},{\"@type\":[\"Person\",\"Organization\"],\"@id\":\"https:\\\/\\\/blog.myvideomedia.com\\\/de\\\/#\\\/schema\\\/person\\\/87be8fbbed69b1562242448c1c3dcbec\",\"name\":\"myVideoMedia\",\"image\":{\"@type\":\"ImageObject\",\"inLanguage\":\"de\",\"@id\":\"https:\\\/\\\/secure.gravatar.com\\\/avatar\\\/460720160715ef8975b781abd1b6985e55ce2f01567bb6757bebd73e7cf74c97?s=96&d=mm&r=g\",\"url\":\"https:\\\/\\\/secure.gravatar.com\\\/avatar\\\/460720160715ef8975b781abd1b6985e55ce2f01567bb6757bebd73e7cf74c97?s=96&d=mm&r=g\",\"contentUrl\":\"https:\\\/\\\/secure.gravatar.com\\\/avatar\\\/460720160715ef8975b781abd1b6985e55ce2f01567bb6757bebd73e7cf74c97?s=96&d=mm&r=g\",\"caption\":\"myVideoMedia\"},\"logo\":{\"@id\":\"https:\\\/\\\/secure.gravatar.com\\\/avatar\\\/460720160715ef8975b781abd1b6985e55ce2f01567bb6757bebd73e7cf74c97?s=96&d=mm&r=g\"},\"description\":\"\\\"The World is a book, and those who do not travel read only a page\\\" - Aurelius Augustinus (354 - 430 AD) Travel is our passion. With our posts and videos we like to inspire people who are planning or preparing for holidays as well as people who simply want to escape from everyday life and dream of faraway countries.\",\"sameAs\":[\"https:\\\/\\\/www.myvideomedia.com\",\"https:\\\/\\\/www.facebook.com\\\/ursula.streit.520\"],\"url\":\"https:\\\/\\\/blog.myvideomedia.com\\\/de\\\/author\\\/traveladm\\\/\"}]}<\/script>\n<!-- \/ Yoast SEO plugin. -->","yoast_head_json":{"title":"Cabo da Roca - Portugal - Reise Video Blog","description":"Cabo da Roca liegt an der Atlantikk\u00fcste westlich von Lissabon im Kreis Sintra. Es ist der westlichste Punkt des europ\u00e4ischen Festlandes.","robots":{"index":"index","follow":"follow","max-snippet":"max-snippet:-1","max-image-preview":"max-image-preview:large","max-video-preview":"max-video-preview:-1"},"canonical":"https:\/\/blog.myvideomedia.com\/de\/cabo-da-roca\/","og_locale":"de_DE","og_type":"article","og_title":"Cabo da Roca - Portugal - Reise Video Blog","og_description":"Cabo da Roca liegt an der Atlantikk\u00fcste westlich von Lissabon im Kreis Sintra. Es ist der westlichste Punkt des europ\u00e4ischen Festlandes.","og_url":"https:\/\/blog.myvideomedia.com\/de\/cabo-da-roca\/","og_site_name":"Reise Video Blog","article_publisher":"https:\/\/www.facebook.com\/ursula.streit.520","article_author":"https:\/\/www.facebook.com\/ursula.streit.520","article_published_time":"2015-06-07T16:19:55+00:00","article_modified_time":"2020-04-19T09:01:06+00:00","og_image":[{"width":738,"height":555,"url":"https:\/\/blog.myvideomedia.com\/wp-content\/uploads\/2014\/06\/Cabo-da-Roca-1.jpg","type":"image\/jpeg"}],"author":"myVideoMedia","twitter_card":"summary_large_image","twitter_creator":"@myvideomedia","twitter_site":"@myvideomedia","twitter_misc":{"Verfasst von":"myVideoMedia","Gesch\u00e4tzte Lesezeit":"1\u00a0Minute"},"schema":{"@context":"https:\/\/schema.org","@graph":[{"@type":"Article","@id":"https:\/\/blog.myvideomedia.com\/de\/cabo-da-roca\/#article","isPartOf":{"@id":"https:\/\/blog.myvideomedia.com\/de\/cabo-da-roca\/"},"author":{"name":"myVideoMedia","@id":"https:\/\/blog.myvideomedia.com\/de\/#\/schema\/person\/87be8fbbed69b1562242448c1c3dcbec"},"headline":"Cabo da Roca","datePublished":"2015-06-07T16:19:55+00:00","dateModified":"2020-04-19T09:01:06+00:00","mainEntityOfPage":{"@id":"https:\/\/blog.myvideomedia.com\/de\/cabo-da-roca\/"},"wordCount":141,"commentCount":0,"publisher":{"@id":"https:\/\/blog.myvideomedia.com\/de\/#\/schema\/person\/87be8fbbed69b1562242448c1c3dcbec"},"image":{"@id":"https:\/\/blog.myvideomedia.com\/de\/cabo-da-roca\/#primaryimage"},"thumbnailUrl":"https:\/\/blog.myvideomedia.com\/wp-content\/uploads\/2014\/06\/Cabo-da-Roca-1.jpg","keywords":["Leuchtturm","Natur","Strand"],"articleSection":["Europa","Portugal"],"inLanguage":"de","potentialAction":[{"@type":"CommentAction","name":"Comment","target":["https:\/\/blog.myvideomedia.com\/de\/cabo-da-roca\/#respond"]}]},{"@type":"WebPage","@id":"https:\/\/blog.myvideomedia.com\/de\/cabo-da-roca\/","url":"https:\/\/blog.myvideomedia.com\/de\/cabo-da-roca\/","name":"Cabo da Roca - Portugal - Reise Video Blog","isPartOf":{"@id":"https:\/\/blog.myvideomedia.com\/de\/#website"},"primaryImageOfPage":{"@id":"https:\/\/blog.myvideomedia.com\/de\/cabo-da-roca\/#primaryimage"},"image":{"@id":"https:\/\/blog.myvideomedia.com\/de\/cabo-da-roca\/#primaryimage"},"thumbnailUrl":"https:\/\/blog.myvideomedia.com\/wp-content\/uploads\/2014\/06\/Cabo-da-Roca-1.jpg","datePublished":"2015-06-07T16:19:55+00:00","dateModified":"2020-04-19T09:01:06+00:00","description":"Cabo da Roca liegt an der Atlantikk\u00fcste westlich von Lissabon im Kreis Sintra. Es ist der westlichste Punkt des europ\u00e4ischen Festlandes.","breadcrumb":{"@id":"https:\/\/blog.myvideomedia.com\/de\/cabo-da-roca\/#breadcrumb"},"inLanguage":"de","potentialAction":[{"@type":"ReadAction","target":["https:\/\/blog.myvideomedia.com\/de\/cabo-da-roca\/"]}]},{"@type":"ImageObject","inLanguage":"de","@id":"https:\/\/blog.myvideomedia.com\/de\/cabo-da-roca\/#primaryimage","url":"https:\/\/blog.myvideomedia.com\/wp-content\/uploads\/2014\/06\/Cabo-da-Roca-1.jpg","contentUrl":"https:\/\/blog.myvideomedia.com\/wp-content\/uploads\/2014\/06\/Cabo-da-Roca-1.jpg","width":738,"height":555,"caption":"Cabo da Roca"},{"@type":"BreadcrumbList","@id":"https:\/\/blog.myvideomedia.com\/de\/cabo-da-roca\/#breadcrumb","itemListElement":[{"@type":"ListItem","position":1,"name":"Home","item":"https:\/\/blog.myvideomedia.com\/de\/"},{"@type":"ListItem","position":2,"name":"Cabo da Roca"}]},{"@type":"WebSite","@id":"https:\/\/blog.myvideomedia.com\/de\/#website","url":"https:\/\/blog.myvideomedia.com\/de\/","name":"Travel Video Blog","description":"myVideoMedia Reisetipps und Reisevideos","publisher":{"@id":"https:\/\/blog.myvideomedia.com\/de\/#\/schema\/person\/87be8fbbed69b1562242448c1c3dcbec"},"potentialAction":[{"@type":"SearchAction","target":{"@type":"EntryPoint","urlTemplate":"https:\/\/blog.myvideomedia.com\/de\/?s={search_term_string}"},"query-input":{"@type":"PropertyValueSpecification","valueRequired":true,"valueName":"search_term_string"}}],"inLanguage":"de"},{"@type":["Person","Organization"],"@id":"https:\/\/blog.myvideomedia.com\/de\/#\/schema\/person\/87be8fbbed69b1562242448c1c3dcbec","name":"myVideoMedia","image":{"@type":"ImageObject","inLanguage":"de","@id":"https:\/\/secure.gravatar.com\/avatar\/460720160715ef8975b781abd1b6985e55ce2f01567bb6757bebd73e7cf74c97?s=96&d=mm&r=g","url":"https:\/\/secure.gravatar.com\/avatar\/460720160715ef8975b781abd1b6985e55ce2f01567bb6757bebd73e7cf74c97?s=96&d=mm&r=g","contentUrl":"https:\/\/secure.gravatar.com\/avatar\/460720160715ef8975b781abd1b6985e55ce2f01567bb6757bebd73e7cf74c97?s=96&d=mm&r=g","caption":"myVideoMedia"},"logo":{"@id":"https:\/\/secure.gravatar.com\/avatar\/460720160715ef8975b781abd1b6985e55ce2f01567bb6757bebd73e7cf74c97?s=96&d=mm&r=g"},"description":"\"The World is a book, and those who do not travel read only a page\" - Aurelius Augustinus (354 - 430 AD) Travel is our passion. With our posts and videos we like to inspire people who are planning or preparing for holidays as well as people who simply want to escape from everyday life and dream of faraway countries.","sameAs":["https:\/\/www.myvideomedia.com","https:\/\/www.facebook.com\/ursula.streit.520"],"url":"https:\/\/blog.myvideomedia.com\/de\/author\/traveladm\/"}]}},"featured_image_src":"https:\/\/blog.myvideomedia.com\/wp-content\/uploads\/2014\/06\/Cabo-da-Roca-1.jpg","featured_image_src_square":"https:\/\/blog.myvideomedia.com\/wp-content\/uploads\/2014\/06\/Cabo-da-Roca-1.jpg","author_info":{"display_name":"myVideoMedia","author_link":"https:\/\/blog.myvideomedia.com\/de\/author\/traveladm\/"},"_links":{"self":[{"href":"https:\/\/blog.myvideomedia.com\/de\/wp-json\/wp\/v2\/posts\/7446","targetHints":{"allow":["GET"]}}],"collection":[{"href":"https:\/\/blog.myvideomedia.com\/de\/wp-json\/wp\/v2\/posts"}],"about":[{"href":"https:\/\/blog.myvideomedia.com\/de\/wp-json\/wp\/v2\/types\/post"}],"author":[{"embeddable":true,"href":"https:\/\/blog.myvideomedia.com\/de\/wp-json\/wp\/v2\/users\/1"}],"replies":[{"embeddable":true,"href":"https:\/\/blog.myvideomedia.com\/de\/wp-json\/wp\/v2\/comments?post=7446"}],"version-history":[{"count":0,"href":"https:\/\/blog.myvideomedia.com\/de\/wp-json\/wp\/v2\/posts\/7446\/revisions"}],"wp:featuredmedia":[{"embeddable":true,"href":"https:\/\/blog.myvideomedia.com\/de\/wp-json\/wp\/v2\/media\/3624"}],"wp:attachment":[{"href":"https:\/\/blog.myvideomedia.com\/de\/wp-json\/wp\/v2\/media?parent=7446"}],"wp:term":[{"taxonomy":"category","embeddable":true,"href":"https:\/\/blog.myvideomedia.com\/de\/wp-json\/wp\/v2\/categories?post=7446"},{"taxonomy":"post_tag","embeddable":true,"href":"https:\/\/blog.myvideomedia.com\/de\/wp-json\/wp\/v2\/tags?post=7446"}],"curies":[{"name":"wp","href":"https:\/\/api.w.org\/{rel}","templated":true}]}}