{"id":7458,"date":"2015-06-08T09:55:58","date_gmt":"2015-06-08T08:55:58","guid":{"rendered":"https:\/\/blog.myvideomedia.com\/?p=7458"},"modified":"2020-05-03T15:09:51","modified_gmt":"2020-05-03T14:09:51","slug":"carnac-megalithen","status":"publish","type":"post","link":"https:\/\/blog.myvideomedia.com\/de\/carnac-megalithen\/","title":{"rendered":"Carnac \u2013 Nachricht aus der Vergangenheit"},"content":{"rendered":"\n<p>Carnac liegt an der S\u00fcdk\u00fcste der Bretagne. Die Gemeinde ist bekannt f\u00fcr seine neolithischen Steinreihen. Urspr\u00fcnglich waren die Steinreihen bis zu 8 Kilometer lang. Heute sind davon noch ca. 3 km erhalten.<\/p>\n\n\n\n<p>Bis zu 11 Megalith-reihen sind parallel aufgestellt, deren einzelne Menhire bis zu 4 m hoch sind. Sie sind ungef\u00e4hr 4500 Jahre alt. In ihrer Art sind die Steinfelder sind die gr\u00f6\u00dften Neolithischen Menhir Ansammlungen der Welt.<\/p>\n\n\n\n<div class=\"wp-block-image\"><figure class=\"aligncenter\"><img loading=\"lazy\" decoding=\"async\" width=\"600\" height=\"338\" src=\"https:\/\/blog.myvideomedia.com\/wp-content\/uploads\/2015\/06\/Carnac_1030658-600x338.jpg\" alt=\"Carnac Menhire\" class=\"wp-image-7453\" srcset=\"https:\/\/blog.myvideomedia.com\/wp-content\/uploads\/2015\/06\/Carnac_1030658-600x338.jpg 600w, https:\/\/blog.myvideomedia.com\/wp-content\/uploads\/2015\/06\/Carnac_1030658-1260x709.jpg 1260w, https:\/\/blog.myvideomedia.com\/wp-content\/uploads\/2015\/06\/Carnac_1030658.jpg 1304w\" sizes=\"auto, (max-width: 600px) 100vw, 600px\" \/><\/figure><\/div>\n\n\n\n<p>Warum unsere Vorfahren diese Steinreihen errichtet hatten ist unklar. M\u00f6glicherweise sollte es ein Monument zu Ehren der G\u00f6tter sein oder der Ahnen sein. M\u00f6glicherweise hat man es aber auch nur gemacht, weil man es konnte.<\/p>\n\n\n\n<h3 class=\"has-text-align-center wp-block-heading\"><a rel=\"noopener noreferrer\" href=\"https:\/\/youtu.be\/HF4EtGht9-0\" target=\"_blank\">Hier sehen Sie das 4k UltraHD Video<\/a><\/h3>\n\n\n\n<figure> <div class=\"brlbs-cmpnt-container brlbs-cmpnt-content-blocker brlbs-cmpnt-with-individual-styles\" data-borlabs-cookie-content-blocker-id=\"youtube-content-blocker\" data-borlabs-cookie-content=\"PGlmcmFtZSBzcmM9Imh0dHBzOi8vd3d3LnlvdXR1YmUtbm9jb29raWUuY29tL2VtYmVkL0hGNEV0R2h0OS0wIiB3aWR0aD0iNjAwIiBoZWlnaHQ9IjMzOCI+PC9pZnJhbWU+\"><div class=\"brlbs-cmpnt-cb-preset-c brlbs-cmpnt-cb-youtube\"> <div class=\"brlbs-cmpnt-cb-thumbnail\" style=\"background-image: url('https:\/\/blog.myvideomedia.com\/wp-content\/uploads\/borlabs-cookie\/1\/yt_HF4EtGht9-0_hqdefault.jpg')\"><\/div> <div class=\"brlbs-cmpnt-cb-main\"> <div class=\"brlbs-cmpnt-cb-play-button\"><\/div> <div class=\"brlbs-cmpnt-cb-content\"> <p class=\"brlbs-cmpnt-cb-description\">Sie sehen gerade einen Platzhalterinhalt von <strong>YouTube<\/strong>. Um auf den eigentlichen Inhalt zuzugreifen, klicken Sie auf die Schaltfl\u00e4che unten. Bitte beachten Sie, dass dabei Daten an Drittanbieter weitergegeben werden.<\/p> <a class=\"brlbs-cmpnt-cb-provider-toggle\" href=\"#\" data-borlabs-cookie-show-provider-information role=\"button\">Mehr Informationen<\/a> <\/div> <div class=\"brlbs-cmpnt-cb-buttons\"> <a class=\"brlbs-cmpnt-cb-btn\" href=\"#\" data-borlabs-cookie-unblock role=\"button\">Inhalt entsperren<\/a> <a class=\"brlbs-cmpnt-cb-btn\" href=\"#\" data-borlabs-cookie-accept-service role=\"button\" style=\"display: inherit\">Erforderlichen Service akzeptieren und Inhalte entsperren<\/a> <\/div> <\/div> <\/div><\/div><\/figure>\n\n\n\n<p>Vielleicht war es aber notwendig solche gewaltigen Zeugnisse zu errichten, um ein Sozialgef\u00fcge zu schaffen.<\/p>\n\n\n\n<p>Andere Menschen wurden gen\u00f6tigt mit zu helfen oder f\u00fchlten sich gen\u00f6tigt. Organisation war erforderlich und Bev\u00f6lkerungsstrukturen wurden geschaffen.<\/p>\n\n\n\n<div class=\"wp-block-image\"><figure class=\"aligncenter\"><img loading=\"lazy\" decoding=\"async\" width=\"600\" height=\"338\" src=\"https:\/\/blog.myvideomedia.com\/wp-content\/uploads\/2015\/06\/Carnac_1030675-600x338.jpg\" alt=\"Megalithen Carnac Kermario\" class=\"wp-image-7451\" srcset=\"https:\/\/blog.myvideomedia.com\/wp-content\/uploads\/2015\/06\/Carnac_1030675-600x338.jpg 600w, https:\/\/blog.myvideomedia.com\/wp-content\/uploads\/2015\/06\/Carnac_1030675-1260x709.jpg 1260w, https:\/\/blog.myvideomedia.com\/wp-content\/uploads\/2015\/06\/Carnac_1030675.jpg 1290w\" sizes=\"auto, (max-width: 600px) 100vw, 600px\" \/><\/figure><\/div>\n\n\n\n<p>Wir wissen nicht, was uns unsere Vorfahren mitteilen wollten, aber es ist beeindruckend!<\/p>\n\n\n\n<div class=\"wp-block-image\"><figure class=\"aligncenter\"><img loading=\"lazy\" decoding=\"async\" width=\"600\" height=\"338\" src=\"https:\/\/blog.myvideomedia.com\/wp-content\/uploads\/2015\/06\/Carnac_1030656-600x338.jpg\" alt=\"Neolithische Steinreihen\" class=\"wp-image-7455\" srcset=\"https:\/\/blog.myvideomedia.com\/wp-content\/uploads\/2015\/06\/Carnac_1030656-600x338.jpg 600w, https:\/\/blog.myvideomedia.com\/wp-content\/uploads\/2015\/06\/Carnac_1030656-1260x709.jpg 1260w, https:\/\/blog.myvideomedia.com\/wp-content\/uploads\/2015\/06\/Carnac_1030656.jpg 1290w\" sizes=\"auto, (max-width: 600px) 100vw, 600px\" \/><\/figure><\/div>\n\n\n\n<p>Die Steinreihen sind in mehrere Gruppen unterteilt, Kerlescan, Le Menec und Kermario. Die gr\u00f6\u00dfte Steinreihe ist die von M\u00e9nec.<\/p>\n\n\n\n<div class=\"wp-block-image\"><figure class=\"aligncenter\"><img loading=\"lazy\" decoding=\"async\" width=\"600\" height=\"338\" src=\"https:\/\/blog.myvideomedia.com\/wp-content\/uploads\/2015\/06\/Carnac_1030653-600x338.jpg\" alt=\"Neolitische Steinreihen M\u00e9nec\" class=\"wp-image-7457\" srcset=\"https:\/\/blog.myvideomedia.com\/wp-content\/uploads\/2015\/06\/Carnac_1030653-600x338.jpg 600w, https:\/\/blog.myvideomedia.com\/wp-content\/uploads\/2015\/06\/Carnac_1030653-1260x709.jpg 1260w, https:\/\/blog.myvideomedia.com\/wp-content\/uploads\/2015\/06\/Carnac_1030653.jpg 1290w\" sizes=\"auto, (max-width: 600px) 100vw, 600px\" \/><\/figure><\/div>\n\n\n\n<p>Zwischen April und September k\u00f6nnen Besucher diese faszinierenden Anlagen in Carnac besuchen.<\/p>\n\n\n\n<p>Bitte lesen Sie weiter &gt; <a href=\"https:\/\/blog.myvideomedia.com\/de\/strand-von-carnac-bretagne\/\">Der Strand von Carnac<\/a><\/p>\n\n\n\n<h3 class=\"has-text-align-center wp-block-heading\">Pin it &#8211; f\u00fcr sp\u00e4ter merken<\/h3>\n\n\n\n<div class=\"wp-block-image\"><figure class=\"aligncenter\"><img loading=\"lazy\" decoding=\"async\" width=\"400\" height=\"600\" src=\"https:\/\/blog.myvideomedia.com\/wp-content\/uploads\/2015\/06\/Carnac-c-400x600.jpg\" alt=\"Carnac - Message from the past\" class=\"wp-image-18546\" srcset=\"https:\/\/blog.myvideomedia.com\/wp-content\/uploads\/2015\/06\/Carnac-c-400x600.jpg 400w, https:\/\/blog.myvideomedia.com\/wp-content\/uploads\/2015\/06\/Carnac-c.jpg 735w\" sizes=\"auto, (max-width: 400px) 100vw, 400px\" \/><\/figure><\/div>\n\n\n\n<p>Text, Fotos und Video: Copyright \u00a9 <a href=\"https:\/\/www.myvideomedia.com\/de\" target=\"_blank\" rel=\"noopener noreferrer\">myVideoMedia<\/a><\/p>\n","protected":false},"excerpt":{"rendered":"<p>Carnac liegt an der S\u00fcdk\u00fcste der Bretagne. Die Gemeinde ist bekannt f\u00fcr seine neolithischen Steinreihen. Urspr\u00fcnglich waren die Steinreihen bis zu 8 Kilometer lang. Heute sind davon noch ca. 3 km erhalten. Bis zu 11 Megalith-reihen sind parallel aufgestellt, deren einzelne Menhire bis zu 4 m hoch sind. Sie sind ungef\u00e4hr 4500 Jahre alt. In [&hellip;]<\/p>\n","protected":false},"author":1,"featured_media":7457,"comment_status":"open","ping_status":"closed","sticky":false,"template":"","format":"standard","meta":{"_genesis_hide_title":false,"_genesis_hide_breadcrumbs":false,"_genesis_hide_singular_image":false,"_genesis_hide_footer_widgets":false,"_genesis_custom_body_class":"","_genesis_custom_post_class":"","_genesis_layout":"","footnotes":""},"categories":[615,1550,442],"tags":[1532,469,448],"class_list":{"0":"post-7458","1":"post","2":"type-post","3":"status-publish","4":"format-standard","5":"has-post-thumbnail","7":"category-bretagne","8":"category-europa","9":"category-frankreich","10":"tag-geschichte-de","11":"tag-natur","12":"tag-sehenswuerdigkeit","13":"entry"},"yoast_head":"<!-- This site is optimized with the Yoast SEO plugin v27.4 - https:\/\/yoast.com\/product\/yoast-seo-wordpress\/ -->\n<title>Carnac \u2013 Nachricht aus der Vergangenheit - Bretagne - Reise Video Blog<\/title>\n<meta name=\"description\" content=\"Carnac, an der S\u00fcdk\u00fcste der Bretagne ist bekannt f\u00fcr seine urspr\u00fcnglich bis zu 8 Kilometer langen neolithischen Steinreihen.\" \/>\n<meta name=\"robots\" content=\"index, follow, max-snippet:-1, max-image-preview:large, max-video-preview:-1\" \/>\n<link rel=\"canonical\" href=\"https:\/\/blog.myvideomedia.com\/de\/carnac-megalithen\/\" \/>\n<meta property=\"og:locale\" content=\"de_DE\" \/>\n<meta property=\"og:type\" content=\"article\" \/>\n<meta property=\"og:title\" content=\"Carnac \u2013 Nachricht aus der Vergangenheit - Bretagne - Reise Video Blog\" \/>\n<meta property=\"og:description\" content=\"Carnac, an der S\u00fcdk\u00fcste der Bretagne ist bekannt f\u00fcr seine urspr\u00fcnglich bis zu 8 Kilometer langen neolithischen Steinreihen.\" \/>\n<meta property=\"og:url\" content=\"https:\/\/blog.myvideomedia.com\/de\/carnac-megalithen\/\" \/>\n<meta property=\"og:site_name\" content=\"Reise Video Blog\" \/>\n<meta property=\"article:publisher\" content=\"https:\/\/www.facebook.com\/ursula.streit.520\" \/>\n<meta property=\"article:author\" content=\"https:\/\/www.facebook.com\/ursula.streit.520\" \/>\n<meta property=\"article:published_time\" content=\"2015-06-08T08:55:58+00:00\" \/>\n<meta property=\"article:modified_time\" content=\"2020-05-03T14:09:51+00:00\" \/>\n<meta property=\"og:image\" content=\"https:\/\/blog.myvideomedia.com\/wp-content\/uploads\/2015\/06\/Carnac_1030653.jpg\" \/>\n\t<meta property=\"og:image:width\" content=\"1290\" \/>\n\t<meta property=\"og:image:height\" content=\"726\" \/>\n\t<meta property=\"og:image:type\" content=\"image\/jpeg\" \/>\n<meta name=\"author\" content=\"myVideoMedia\" \/>\n<meta name=\"twitter:card\" content=\"summary_large_image\" \/>\n<meta name=\"twitter:creator\" content=\"@myvideomedia\" \/>\n<meta name=\"twitter:site\" content=\"@myvideomedia\" \/>\n<meta name=\"twitter:label1\" content=\"Verfasst von\" \/>\n\t<meta name=\"twitter:data1\" content=\"myVideoMedia\" \/>\n\t<meta name=\"twitter:label2\" content=\"Gesch\u00e4tzte Lesezeit\" \/>\n\t<meta name=\"twitter:data2\" content=\"1\u00a0Minute\" \/>\n<script type=\"application\/ld+json\" class=\"yoast-schema-graph\">{\"@context\":\"https:\\\/\\\/schema.org\",\"@graph\":[{\"@type\":\"Article\",\"@id\":\"https:\\\/\\\/blog.myvideomedia.com\\\/de\\\/carnac-megalithen\\\/#article\",\"isPartOf\":{\"@id\":\"https:\\\/\\\/blog.myvideomedia.com\\\/de\\\/carnac-megalithen\\\/\"},\"author\":{\"name\":\"myVideoMedia\",\"@id\":\"https:\\\/\\\/blog.myvideomedia.com\\\/de\\\/#\\\/schema\\\/person\\\/87be8fbbed69b1562242448c1c3dcbec\"},\"headline\":\"Carnac \u2013 Nachricht aus der Vergangenheit\",\"datePublished\":\"2015-06-08T08:55:58+00:00\",\"dateModified\":\"2020-05-03T14:09:51+00:00\",\"mainEntityOfPage\":{\"@id\":\"https:\\\/\\\/blog.myvideomedia.com\\\/de\\\/carnac-megalithen\\\/\"},\"wordCount\":227,\"commentCount\":0,\"publisher\":{\"@id\":\"https:\\\/\\\/blog.myvideomedia.com\\\/de\\\/#\\\/schema\\\/person\\\/87be8fbbed69b1562242448c1c3dcbec\"},\"image\":{\"@id\":\"https:\\\/\\\/blog.myvideomedia.com\\\/de\\\/carnac-megalithen\\\/#primaryimage\"},\"thumbnailUrl\":\"https:\\\/\\\/blog.myvideomedia.com\\\/wp-content\\\/uploads\\\/2015\\\/06\\\/Carnac_1030653.jpg\",\"keywords\":[\"Geschichte\",\"Natur\",\"Sehensw\u00fcrdigkeit\"],\"articleSection\":[\"Bretagne\",\"Europa\",\"Frankreich\"],\"inLanguage\":\"de\",\"potentialAction\":[{\"@type\":\"CommentAction\",\"name\":\"Comment\",\"target\":[\"https:\\\/\\\/blog.myvideomedia.com\\\/de\\\/carnac-megalithen\\\/#respond\"]}]},{\"@type\":\"WebPage\",\"@id\":\"https:\\\/\\\/blog.myvideomedia.com\\\/de\\\/carnac-megalithen\\\/\",\"url\":\"https:\\\/\\\/blog.myvideomedia.com\\\/de\\\/carnac-megalithen\\\/\",\"name\":\"Carnac \u2013 Nachricht aus der Vergangenheit - Bretagne - Reise Video Blog\",\"isPartOf\":{\"@id\":\"https:\\\/\\\/blog.myvideomedia.com\\\/de\\\/#website\"},\"primaryImageOfPage\":{\"@id\":\"https:\\\/\\\/blog.myvideomedia.com\\\/de\\\/carnac-megalithen\\\/#primaryimage\"},\"image\":{\"@id\":\"https:\\\/\\\/blog.myvideomedia.com\\\/de\\\/carnac-megalithen\\\/#primaryimage\"},\"thumbnailUrl\":\"https:\\\/\\\/blog.myvideomedia.com\\\/wp-content\\\/uploads\\\/2015\\\/06\\\/Carnac_1030653.jpg\",\"datePublished\":\"2015-06-08T08:55:58+00:00\",\"dateModified\":\"2020-05-03T14:09:51+00:00\",\"description\":\"Carnac, an der S\u00fcdk\u00fcste der Bretagne ist bekannt f\u00fcr seine urspr\u00fcnglich bis zu 8 Kilometer langen neolithischen Steinreihen.\",\"breadcrumb\":{\"@id\":\"https:\\\/\\\/blog.myvideomedia.com\\\/de\\\/carnac-megalithen\\\/#breadcrumb\"},\"inLanguage\":\"de\",\"potentialAction\":[{\"@type\":\"ReadAction\",\"target\":[\"https:\\\/\\\/blog.myvideomedia.com\\\/de\\\/carnac-megalithen\\\/\"]}]},{\"@type\":\"ImageObject\",\"inLanguage\":\"de\",\"@id\":\"https:\\\/\\\/blog.myvideomedia.com\\\/de\\\/carnac-megalithen\\\/#primaryimage\",\"url\":\"https:\\\/\\\/blog.myvideomedia.com\\\/wp-content\\\/uploads\\\/2015\\\/06\\\/Carnac_1030653.jpg\",\"contentUrl\":\"https:\\\/\\\/blog.myvideomedia.com\\\/wp-content\\\/uploads\\\/2015\\\/06\\\/Carnac_1030653.jpg\",\"width\":1290,\"height\":726,\"caption\":\"Neolitische Steinreihen M\u00e9nec\"},{\"@type\":\"BreadcrumbList\",\"@id\":\"https:\\\/\\\/blog.myvideomedia.com\\\/de\\\/carnac-megalithen\\\/#breadcrumb\",\"itemListElement\":[{\"@type\":\"ListItem\",\"position\":1,\"name\":\"Home\",\"item\":\"https:\\\/\\\/blog.myvideomedia.com\\\/de\\\/\"},{\"@type\":\"ListItem\",\"position\":2,\"name\":\"Carnac \u2013 Nachricht aus der Vergangenheit\"}]},{\"@type\":\"WebSite\",\"@id\":\"https:\\\/\\\/blog.myvideomedia.com\\\/de\\\/#website\",\"url\":\"https:\\\/\\\/blog.myvideomedia.com\\\/de\\\/\",\"name\":\"Travel Video Blog\",\"description\":\"myVideoMedia Reisetipps und Reisevideos\",\"publisher\":{\"@id\":\"https:\\\/\\\/blog.myvideomedia.com\\\/de\\\/#\\\/schema\\\/person\\\/87be8fbbed69b1562242448c1c3dcbec\"},\"potentialAction\":[{\"@type\":\"SearchAction\",\"target\":{\"@type\":\"EntryPoint\",\"urlTemplate\":\"https:\\\/\\\/blog.myvideomedia.com\\\/de\\\/?s={search_term_string}\"},\"query-input\":{\"@type\":\"PropertyValueSpecification\",\"valueRequired\":true,\"valueName\":\"search_term_string\"}}],\"inLanguage\":\"de\"},{\"@type\":[\"Person\",\"Organization\"],\"@id\":\"https:\\\/\\\/blog.myvideomedia.com\\\/de\\\/#\\\/schema\\\/person\\\/87be8fbbed69b1562242448c1c3dcbec\",\"name\":\"myVideoMedia\",\"image\":{\"@type\":\"ImageObject\",\"inLanguage\":\"de\",\"@id\":\"https:\\\/\\\/secure.gravatar.com\\\/avatar\\\/460720160715ef8975b781abd1b6985e55ce2f01567bb6757bebd73e7cf74c97?s=96&d=mm&r=g\",\"url\":\"https:\\\/\\\/secure.gravatar.com\\\/avatar\\\/460720160715ef8975b781abd1b6985e55ce2f01567bb6757bebd73e7cf74c97?s=96&d=mm&r=g\",\"contentUrl\":\"https:\\\/\\\/secure.gravatar.com\\\/avatar\\\/460720160715ef8975b781abd1b6985e55ce2f01567bb6757bebd73e7cf74c97?s=96&d=mm&r=g\",\"caption\":\"myVideoMedia\"},\"logo\":{\"@id\":\"https:\\\/\\\/secure.gravatar.com\\\/avatar\\\/460720160715ef8975b781abd1b6985e55ce2f01567bb6757bebd73e7cf74c97?s=96&d=mm&r=g\"},\"description\":\"\\\"The World is a book, and those who do not travel read only a page\\\" - Aurelius Augustinus (354 - 430 AD) Travel is our passion. With our posts and videos we like to inspire people who are planning or preparing for holidays as well as people who simply want to escape from everyday life and dream of faraway countries.\",\"sameAs\":[\"https:\\\/\\\/www.myvideomedia.com\",\"https:\\\/\\\/www.facebook.com\\\/ursula.streit.520\"],\"url\":\"https:\\\/\\\/blog.myvideomedia.com\\\/de\\\/author\\\/traveladm\\\/\"}]}<\/script>\n<!-- \/ Yoast SEO plugin. -->","yoast_head_json":{"title":"Carnac \u2013 Nachricht aus der Vergangenheit - Bretagne - Reise Video Blog","description":"Carnac, an der S\u00fcdk\u00fcste der Bretagne ist bekannt f\u00fcr seine urspr\u00fcnglich bis zu 8 Kilometer langen neolithischen Steinreihen.","robots":{"index":"index","follow":"follow","max-snippet":"max-snippet:-1","max-image-preview":"max-image-preview:large","max-video-preview":"max-video-preview:-1"},"canonical":"https:\/\/blog.myvideomedia.com\/de\/carnac-megalithen\/","og_locale":"de_DE","og_type":"article","og_title":"Carnac \u2013 Nachricht aus der Vergangenheit - Bretagne - Reise Video Blog","og_description":"Carnac, an der S\u00fcdk\u00fcste der Bretagne ist bekannt f\u00fcr seine urspr\u00fcnglich bis zu 8 Kilometer langen neolithischen Steinreihen.","og_url":"https:\/\/blog.myvideomedia.com\/de\/carnac-megalithen\/","og_site_name":"Reise Video Blog","article_publisher":"https:\/\/www.facebook.com\/ursula.streit.520","article_author":"https:\/\/www.facebook.com\/ursula.streit.520","article_published_time":"2015-06-08T08:55:58+00:00","article_modified_time":"2020-05-03T14:09:51+00:00","og_image":[{"width":1290,"height":726,"url":"https:\/\/blog.myvideomedia.com\/wp-content\/uploads\/2015\/06\/Carnac_1030653.jpg","type":"image\/jpeg"}],"author":"myVideoMedia","twitter_card":"summary_large_image","twitter_creator":"@myvideomedia","twitter_site":"@myvideomedia","twitter_misc":{"Verfasst von":"myVideoMedia","Gesch\u00e4tzte Lesezeit":"1\u00a0Minute"},"schema":{"@context":"https:\/\/schema.org","@graph":[{"@type":"Article","@id":"https:\/\/blog.myvideomedia.com\/de\/carnac-megalithen\/#article","isPartOf":{"@id":"https:\/\/blog.myvideomedia.com\/de\/carnac-megalithen\/"},"author":{"name":"myVideoMedia","@id":"https:\/\/blog.myvideomedia.com\/de\/#\/schema\/person\/87be8fbbed69b1562242448c1c3dcbec"},"headline":"Carnac \u2013 Nachricht aus der Vergangenheit","datePublished":"2015-06-08T08:55:58+00:00","dateModified":"2020-05-03T14:09:51+00:00","mainEntityOfPage":{"@id":"https:\/\/blog.myvideomedia.com\/de\/carnac-megalithen\/"},"wordCount":227,"commentCount":0,"publisher":{"@id":"https:\/\/blog.myvideomedia.com\/de\/#\/schema\/person\/87be8fbbed69b1562242448c1c3dcbec"},"image":{"@id":"https:\/\/blog.myvideomedia.com\/de\/carnac-megalithen\/#primaryimage"},"thumbnailUrl":"https:\/\/blog.myvideomedia.com\/wp-content\/uploads\/2015\/06\/Carnac_1030653.jpg","keywords":["Geschichte","Natur","Sehensw\u00fcrdigkeit"],"articleSection":["Bretagne","Europa","Frankreich"],"inLanguage":"de","potentialAction":[{"@type":"CommentAction","name":"Comment","target":["https:\/\/blog.myvideomedia.com\/de\/carnac-megalithen\/#respond"]}]},{"@type":"WebPage","@id":"https:\/\/blog.myvideomedia.com\/de\/carnac-megalithen\/","url":"https:\/\/blog.myvideomedia.com\/de\/carnac-megalithen\/","name":"Carnac \u2013 Nachricht aus der Vergangenheit - Bretagne - Reise Video Blog","isPartOf":{"@id":"https:\/\/blog.myvideomedia.com\/de\/#website"},"primaryImageOfPage":{"@id":"https:\/\/blog.myvideomedia.com\/de\/carnac-megalithen\/#primaryimage"},"image":{"@id":"https:\/\/blog.myvideomedia.com\/de\/carnac-megalithen\/#primaryimage"},"thumbnailUrl":"https:\/\/blog.myvideomedia.com\/wp-content\/uploads\/2015\/06\/Carnac_1030653.jpg","datePublished":"2015-06-08T08:55:58+00:00","dateModified":"2020-05-03T14:09:51+00:00","description":"Carnac, an der S\u00fcdk\u00fcste der Bretagne ist bekannt f\u00fcr seine urspr\u00fcnglich bis zu 8 Kilometer langen neolithischen Steinreihen.","breadcrumb":{"@id":"https:\/\/blog.myvideomedia.com\/de\/carnac-megalithen\/#breadcrumb"},"inLanguage":"de","potentialAction":[{"@type":"ReadAction","target":["https:\/\/blog.myvideomedia.com\/de\/carnac-megalithen\/"]}]},{"@type":"ImageObject","inLanguage":"de","@id":"https:\/\/blog.myvideomedia.com\/de\/carnac-megalithen\/#primaryimage","url":"https:\/\/blog.myvideomedia.com\/wp-content\/uploads\/2015\/06\/Carnac_1030653.jpg","contentUrl":"https:\/\/blog.myvideomedia.com\/wp-content\/uploads\/2015\/06\/Carnac_1030653.jpg","width":1290,"height":726,"caption":"Neolitische Steinreihen M\u00e9nec"},{"@type":"BreadcrumbList","@id":"https:\/\/blog.myvideomedia.com\/de\/carnac-megalithen\/#breadcrumb","itemListElement":[{"@type":"ListItem","position":1,"name":"Home","item":"https:\/\/blog.myvideomedia.com\/de\/"},{"@type":"ListItem","position":2,"name":"Carnac \u2013 Nachricht aus der Vergangenheit"}]},{"@type":"WebSite","@id":"https:\/\/blog.myvideomedia.com\/de\/#website","url":"https:\/\/blog.myvideomedia.com\/de\/","name":"Travel Video Blog","description":"myVideoMedia Reisetipps und Reisevideos","publisher":{"@id":"https:\/\/blog.myvideomedia.com\/de\/#\/schema\/person\/87be8fbbed69b1562242448c1c3dcbec"},"potentialAction":[{"@type":"SearchAction","target":{"@type":"EntryPoint","urlTemplate":"https:\/\/blog.myvideomedia.com\/de\/?s={search_term_string}"},"query-input":{"@type":"PropertyValueSpecification","valueRequired":true,"valueName":"search_term_string"}}],"inLanguage":"de"},{"@type":["Person","Organization"],"@id":"https:\/\/blog.myvideomedia.com\/de\/#\/schema\/person\/87be8fbbed69b1562242448c1c3dcbec","name":"myVideoMedia","image":{"@type":"ImageObject","inLanguage":"de","@id":"https:\/\/secure.gravatar.com\/avatar\/460720160715ef8975b781abd1b6985e55ce2f01567bb6757bebd73e7cf74c97?s=96&d=mm&r=g","url":"https:\/\/secure.gravatar.com\/avatar\/460720160715ef8975b781abd1b6985e55ce2f01567bb6757bebd73e7cf74c97?s=96&d=mm&r=g","contentUrl":"https:\/\/secure.gravatar.com\/avatar\/460720160715ef8975b781abd1b6985e55ce2f01567bb6757bebd73e7cf74c97?s=96&d=mm&r=g","caption":"myVideoMedia"},"logo":{"@id":"https:\/\/secure.gravatar.com\/avatar\/460720160715ef8975b781abd1b6985e55ce2f01567bb6757bebd73e7cf74c97?s=96&d=mm&r=g"},"description":"\"The World is a book, and those who do not travel read only a page\" - Aurelius Augustinus (354 - 430 AD) Travel is our passion. With our posts and videos we like to inspire people who are planning or preparing for holidays as well as people who simply want to escape from everyday life and dream of faraway countries.","sameAs":["https:\/\/www.myvideomedia.com","https:\/\/www.facebook.com\/ursula.streit.520"],"url":"https:\/\/blog.myvideomedia.com\/de\/author\/traveladm\/"}]}},"featured_image_src":"https:\/\/blog.myvideomedia.com\/wp-content\/uploads\/2015\/06\/Carnac_1030653.jpg","featured_image_src_square":"https:\/\/blog.myvideomedia.com\/wp-content\/uploads\/2015\/06\/Carnac_1030653.jpg","author_info":{"display_name":"myVideoMedia","author_link":"https:\/\/blog.myvideomedia.com\/de\/author\/traveladm\/"},"_links":{"self":[{"href":"https:\/\/blog.myvideomedia.com\/de\/wp-json\/wp\/v2\/posts\/7458","targetHints":{"allow":["GET"]}}],"collection":[{"href":"https:\/\/blog.myvideomedia.com\/de\/wp-json\/wp\/v2\/posts"}],"about":[{"href":"https:\/\/blog.myvideomedia.com\/de\/wp-json\/wp\/v2\/types\/post"}],"author":[{"embeddable":true,"href":"https:\/\/blog.myvideomedia.com\/de\/wp-json\/wp\/v2\/users\/1"}],"replies":[{"embeddable":true,"href":"https:\/\/blog.myvideomedia.com\/de\/wp-json\/wp\/v2\/comments?post=7458"}],"version-history":[{"count":0,"href":"https:\/\/blog.myvideomedia.com\/de\/wp-json\/wp\/v2\/posts\/7458\/revisions"}],"wp:featuredmedia":[{"embeddable":true,"href":"https:\/\/blog.myvideomedia.com\/de\/wp-json\/wp\/v2\/media\/7457"}],"wp:attachment":[{"href":"https:\/\/blog.myvideomedia.com\/de\/wp-json\/wp\/v2\/media?parent=7458"}],"wp:term":[{"taxonomy":"category","embeddable":true,"href":"https:\/\/blog.myvideomedia.com\/de\/wp-json\/wp\/v2\/categories?post=7458"},{"taxonomy":"post_tag","embeddable":true,"href":"https:\/\/blog.myvideomedia.com\/de\/wp-json\/wp\/v2\/tags?post=7458"}],"curies":[{"name":"wp","href":"https:\/\/api.w.org\/{rel}","templated":true}]}}