{"id":7529,"date":"2015-06-11T06:30:15","date_gmt":"2015-06-11T05:30:15","guid":{"rendered":"https:\/\/blog.myvideomedia.com\/?p=7529"},"modified":"2020-06-17T14:52:09","modified_gmt":"2020-06-17T13:52:09","slug":"worthersee-maria-woerth","status":"publish","type":"post","link":"https:\/\/blog.myvideomedia.com\/de\/worthersee-maria-woerth\/","title":{"rendered":"An den Ufern des W\u00f6rthersees \u2013 P\u00f6rtschach und Maria W\u00f6rth"},"content":{"rendered":"\n<p>Am Nordufer des W\u00f6rthersees fahren wir nach P\u00f6rtschach. Fremdenverkehr und Obstanbau pr\u00e4gen die Landschaft.&nbsp;<\/p>\n\n\n\n<p>Richtung S\u00fcden hat man einen herrlichen Blick auf die Karawanken und auf Maria W\u00f6rth, den zweiten bedeutenden Wallfahrtsort in K\u00e4rnten.&nbsp;<\/p>\n\n\n\n<div class=\"wp-block-image\"><figure class=\"aligncenter\"><img loading=\"lazy\" decoding=\"async\" width=\"1080\" height=\"720\" src=\"https:\/\/blog.myvideomedia.com\/wp-content\/uploads\/2014\/07\/Poertschach_8828.jpg\" alt=\"Poertschach und Karawanken\" class=\"wp-image-4717\" srcset=\"https:\/\/blog.myvideomedia.com\/wp-content\/uploads\/2014\/07\/Poertschach_8828.jpg 1080w, https:\/\/blog.myvideomedia.com\/wp-content\/uploads\/2014\/07\/Poertschach_8828-525x350.jpg 525w, https:\/\/blog.myvideomedia.com\/wp-content\/uploads\/2014\/07\/Poertschach_8828-1024x682.jpg 1024w, https:\/\/blog.myvideomedia.com\/wp-content\/uploads\/2014\/07\/Poertschach_8828-600x400.jpg 600w\" sizes=\"auto, (max-width: 1080px) 100vw, 1080px\" \/><\/figure><\/div>\n\n\n\n<p>Urspr\u00fcnglich auf einer Insel gelegen, heute einer Halbinsel, z\u00e4hlt Maria W\u00f6rth zu den beliebtesten Zielen am W\u00f6rthersee.<\/p>\n\n\n\n<h3 class=\"wp-block-heading\"><a href=\"https:\/\/youtu.be\/QITcl68JQNk\">Hier sehen Sie das Video<\/a><\/h3>\n\n\n\n<figure> <div class=\"brlbs-cmpnt-container brlbs-cmpnt-content-blocker brlbs-cmpnt-with-individual-styles\" data-borlabs-cookie-content-blocker-id=\"youtube-content-blocker\" data-borlabs-cookie-content=\"PGlmcmFtZSBzcmM9Ii8vd3d3LnlvdXR1YmUtbm9jb29raWUuY29tL2VtYmVkL1FJVGNsNjhKUU5rIiB3aWR0aD0iNTYwIiBoZWlnaHQ9IjMxNSIgZnJhbWVib3JkZXI9IjAiIGFsbG93ZnVsbHNjcmVlbj0iYWxsb3dmdWxsc2NyZWVuIj48L2lmcmFtZT4=\"><div class=\"brlbs-cmpnt-cb-preset-c brlbs-cmpnt-cb-youtube\"> <div class=\"brlbs-cmpnt-cb-thumbnail\" style=\"background-image: url('https:\/\/blog.myvideomedia.com\/wp-content\/uploads\/borlabs-cookie\/1\/yt_QITcl68JQNk_hqdefault.jpg')\"><\/div> <div class=\"brlbs-cmpnt-cb-main\"> <div class=\"brlbs-cmpnt-cb-play-button\"><\/div> <div class=\"brlbs-cmpnt-cb-content\"> <p class=\"brlbs-cmpnt-cb-description\">Sie sehen gerade einen Platzhalterinhalt von <strong>YouTube<\/strong>. Um auf den eigentlichen Inhalt zuzugreifen, klicken Sie auf die Schaltfl\u00e4che unten. Bitte beachten Sie, dass dabei Daten an Drittanbieter weitergegeben werden.<\/p> <a class=\"brlbs-cmpnt-cb-provider-toggle\" href=\"#\" data-borlabs-cookie-show-provider-information role=\"button\">Mehr Informationen<\/a> <\/div> <div class=\"brlbs-cmpnt-cb-buttons\"> <a class=\"brlbs-cmpnt-cb-btn\" href=\"#\" data-borlabs-cookie-unblock role=\"button\">Inhalt entsperren<\/a> <a class=\"brlbs-cmpnt-cb-btn\" href=\"#\" data-borlabs-cookie-accept-service role=\"button\" style=\"display: inherit\">Erforderlichen Service akzeptieren und Inhalte entsperren<\/a> <\/div> <\/div> <\/div><\/div><\/figure>\n\n\n\n<div class=\"wp-block-image\"><figure class=\"aligncenter\"><img loading=\"lazy\" decoding=\"async\" width=\"1080\" height=\"720\" src=\"https:\/\/blog.myvideomedia.com\/wp-content\/uploads\/2014\/07\/Maria-Woerth_8835.jpg\" alt=\"Maria Woerth\" class=\"wp-image-4718\" srcset=\"https:\/\/blog.myvideomedia.com\/wp-content\/uploads\/2014\/07\/Maria-Woerth_8835.jpg 1080w, https:\/\/blog.myvideomedia.com\/wp-content\/uploads\/2014\/07\/Maria-Woerth_8835-525x350.jpg 525w, https:\/\/blog.myvideomedia.com\/wp-content\/uploads\/2014\/07\/Maria-Woerth_8835-1024x682.jpg 1024w, https:\/\/blog.myvideomedia.com\/wp-content\/uploads\/2014\/07\/Maria-Woerth_8835-600x400.jpg 600w\" sizes=\"auto, (max-width: 1080px) 100vw, 1080px\" \/><\/figure><\/div>\n\n\n\n<p>Die 870 vom Bistum Freising gegr\u00fcndete Pfarr- und ehemalige Stiftskirche war ein geistliches Zentrum des Alpenraums. Heute wird vor allem als Hochzeitskirche gesch\u00e4tzt.<\/p>\n\n\n\n<div class=\"wp-block-image\"><figure class=\"aligncenter\"><img loading=\"lazy\" decoding=\"async\" width=\"1080\" height=\"608\" src=\"https:\/\/blog.myvideomedia.com\/wp-content\/uploads\/2014\/07\/maria-woerth-2.jpg\" alt=\"Kirche Maria Woerth\" class=\"wp-image-4719\" srcset=\"https:\/\/blog.myvideomedia.com\/wp-content\/uploads\/2014\/07\/maria-woerth-2.jpg 1080w, https:\/\/blog.myvideomedia.com\/wp-content\/uploads\/2014\/07\/maria-woerth-2-560x315.jpg 560w, https:\/\/blog.myvideomedia.com\/wp-content\/uploads\/2014\/07\/maria-woerth-2-1024x576.jpg 1024w, https:\/\/blog.myvideomedia.com\/wp-content\/uploads\/2014\/07\/maria-woerth-2-600x337.jpg 600w\" sizes=\"auto, (max-width: 1080px) 100vw, 1080px\" \/><\/figure><\/div>\n\n\n\n<p>Die kleine Winterkirche daneben ist wegen ihrer romanischen Fresken bekannt.<\/p>\n\n\n\n<div class=\"wp-block-image\"><figure class=\"aligncenter\"><img loading=\"lazy\" decoding=\"async\" width=\"1080\" height=\"608\" src=\"https:\/\/blog.myvideomedia.com\/wp-content\/uploads\/2014\/07\/maria-woerth-4.jpg\" alt=\"Winterkapelle\" class=\"wp-image-4720\" srcset=\"https:\/\/blog.myvideomedia.com\/wp-content\/uploads\/2014\/07\/maria-woerth-4.jpg 1080w, https:\/\/blog.myvideomedia.com\/wp-content\/uploads\/2014\/07\/maria-woerth-4-560x315.jpg 560w, https:\/\/blog.myvideomedia.com\/wp-content\/uploads\/2014\/07\/maria-woerth-4-1024x576.jpg 1024w, https:\/\/blog.myvideomedia.com\/wp-content\/uploads\/2014\/07\/maria-woerth-4-600x337.jpg 600w\" sizes=\"auto, (max-width: 1080px) 100vw, 1080px\" \/><\/figure><\/div>\n\n\n\n<p>Text, Fotos und Video: Copyright \u00a9 <a title=\"Homepage myVideoMedia\" rel=\"noopener noreferrer\" href=\"http:\/\/www.myvideomedia.de\" target=\"_blank\">myVideoMedia<\/a><\/p>\n","protected":false},"excerpt":{"rendered":"<p>Am Nordufer des W\u00f6rthersees fahren wir nach P\u00f6rtschach. Fremdenverkehr und Obstanbau pr\u00e4gen die Landschaft.&nbsp; Richtung S\u00fcden hat man einen herrlichen Blick auf die Karawanken und auf Maria W\u00f6rth, den zweiten bedeutenden Wallfahrtsort in K\u00e4rnten.&nbsp; Urspr\u00fcnglich auf einer Insel gelegen, heute einer Halbinsel, z\u00e4hlt Maria W\u00f6rth zu den beliebtesten Zielen am W\u00f6rthersee. Hier sehen Sie das [&hellip;]<\/p>\n","protected":false},"author":1,"featured_media":26543,"comment_status":"open","ping_status":"closed","sticky":false,"template":"","format":"standard","meta":{"_genesis_hide_title":false,"_genesis_hide_breadcrumbs":false,"_genesis_hide_singular_image":false,"_genesis_hide_footer_widgets":false,"_genesis_custom_body_class":"","_genesis_custom_post_class":"","_genesis_layout":"","footnotes":""},"categories":[1550,493,492],"tags":[1213,469,461],"class_list":{"0":"post-7529","1":"post","2":"type-post","3":"status-publish","4":"format-standard","5":"has-post-thumbnail","7":"category-europa","8":"category-kaernten","9":"category-oesterreich","10":"tag-kirche","11":"tag-natur","12":"tag-see","13":"entry"},"yoast_head":"<!-- This site is optimized with the Yoast SEO plugin v27.4 - https:\/\/yoast.com\/product\/yoast-seo-wordpress\/ -->\n<title>An den Ufern des W\u00f6rthersees \u2013 P\u00f6rtschach und Maria W\u00f6rth<\/title>\n<meta name=\"description\" content=\"Am Nordufer des W\u00f6rthersees fahren wir nach P\u00f6rtschach. Richtung S\u00fcden hat man einen herrlichen Blick auf die Karawanken und auf Maria W\u00f6rth.\" \/>\n<meta name=\"robots\" content=\"index, follow, max-snippet:-1, max-image-preview:large, max-video-preview:-1\" \/>\n<link rel=\"canonical\" href=\"https:\/\/blog.myvideomedia.com\/de\/worthersee-maria-woerth\/\" \/>\n<meta property=\"og:locale\" content=\"de_DE\" \/>\n<meta property=\"og:type\" content=\"article\" \/>\n<meta property=\"og:title\" content=\"An den Ufern des W\u00f6rthersees \u2013 P\u00f6rtschach und Maria W\u00f6rth\" \/>\n<meta property=\"og:description\" content=\"Am Nordufer des W\u00f6rthersees fahren wir nach P\u00f6rtschach. Richtung S\u00fcden hat man einen herrlichen Blick auf die Karawanken und auf Maria W\u00f6rth.\" \/>\n<meta property=\"og:url\" content=\"https:\/\/blog.myvideomedia.com\/de\/worthersee-maria-woerth\/\" \/>\n<meta property=\"og:site_name\" content=\"Reise Video Blog\" \/>\n<meta property=\"article:publisher\" content=\"https:\/\/www.facebook.com\/ursula.streit.520\" \/>\n<meta property=\"article:author\" content=\"https:\/\/www.facebook.com\/ursula.streit.520\" \/>\n<meta property=\"article:published_time\" content=\"2015-06-11T05:30:15+00:00\" \/>\n<meta property=\"article:modified_time\" content=\"2020-06-17T13:52:09+00:00\" \/>\n<meta property=\"og:image\" content=\"https:\/\/blog.myvideomedia.com\/wp-content\/uploads\/2020\/06\/maria-woerth-6.jpg\" \/>\n\t<meta property=\"og:image:width\" content=\"1260\" \/>\n\t<meta property=\"og:image:height\" content=\"709\" \/>\n\t<meta property=\"og:image:type\" content=\"image\/jpeg\" \/>\n<meta name=\"author\" content=\"myVideoMedia\" \/>\n<meta name=\"twitter:card\" content=\"summary_large_image\" \/>\n<meta name=\"twitter:creator\" content=\"@myvideomedia\" \/>\n<meta name=\"twitter:site\" content=\"@myvideomedia\" \/>\n<meta name=\"twitter:label1\" content=\"Verfasst von\" \/>\n\t<meta name=\"twitter:data1\" content=\"myVideoMedia\" \/>\n\t<meta name=\"twitter:label2\" content=\"Gesch\u00e4tzte Lesezeit\" \/>\n\t<meta name=\"twitter:data2\" content=\"1\u00a0Minute\" \/>\n<script type=\"application\/ld+json\" class=\"yoast-schema-graph\">{\"@context\":\"https:\\\/\\\/schema.org\",\"@graph\":[{\"@type\":\"Article\",\"@id\":\"https:\\\/\\\/blog.myvideomedia.com\\\/de\\\/worthersee-maria-woerth\\\/#article\",\"isPartOf\":{\"@id\":\"https:\\\/\\\/blog.myvideomedia.com\\\/de\\\/worthersee-maria-woerth\\\/\"},\"author\":{\"name\":\"myVideoMedia\",\"@id\":\"https:\\\/\\\/blog.myvideomedia.com\\\/de\\\/#\\\/schema\\\/person\\\/87be8fbbed69b1562242448c1c3dcbec\"},\"headline\":\"An den Ufern des W\u00f6rthersees \u2013 P\u00f6rtschach und Maria W\u00f6rth\",\"datePublished\":\"2015-06-11T05:30:15+00:00\",\"dateModified\":\"2020-06-17T13:52:09+00:00\",\"mainEntityOfPage\":{\"@id\":\"https:\\\/\\\/blog.myvideomedia.com\\\/de\\\/worthersee-maria-woerth\\\/\"},\"wordCount\":120,\"commentCount\":0,\"publisher\":{\"@id\":\"https:\\\/\\\/blog.myvideomedia.com\\\/de\\\/#\\\/schema\\\/person\\\/87be8fbbed69b1562242448c1c3dcbec\"},\"image\":{\"@id\":\"https:\\\/\\\/blog.myvideomedia.com\\\/de\\\/worthersee-maria-woerth\\\/#primaryimage\"},\"thumbnailUrl\":\"https:\\\/\\\/blog.myvideomedia.com\\\/wp-content\\\/uploads\\\/2020\\\/06\\\/maria-woerth-6.jpg\",\"keywords\":[\"Kirche\",\"Natur\",\"See\"],\"articleSection\":[\"Europa\",\"K\u00e4rnten\",\"\u00d6sterreich\"],\"inLanguage\":\"de\",\"potentialAction\":[{\"@type\":\"CommentAction\",\"name\":\"Comment\",\"target\":[\"https:\\\/\\\/blog.myvideomedia.com\\\/de\\\/worthersee-maria-woerth\\\/#respond\"]}]},{\"@type\":\"WebPage\",\"@id\":\"https:\\\/\\\/blog.myvideomedia.com\\\/de\\\/worthersee-maria-woerth\\\/\",\"url\":\"https:\\\/\\\/blog.myvideomedia.com\\\/de\\\/worthersee-maria-woerth\\\/\",\"name\":\"An den Ufern des W\u00f6rthersees \u2013 P\u00f6rtschach und Maria W\u00f6rth\",\"isPartOf\":{\"@id\":\"https:\\\/\\\/blog.myvideomedia.com\\\/de\\\/#website\"},\"primaryImageOfPage\":{\"@id\":\"https:\\\/\\\/blog.myvideomedia.com\\\/de\\\/worthersee-maria-woerth\\\/#primaryimage\"},\"image\":{\"@id\":\"https:\\\/\\\/blog.myvideomedia.com\\\/de\\\/worthersee-maria-woerth\\\/#primaryimage\"},\"thumbnailUrl\":\"https:\\\/\\\/blog.myvideomedia.com\\\/wp-content\\\/uploads\\\/2020\\\/06\\\/maria-woerth-6.jpg\",\"datePublished\":\"2015-06-11T05:30:15+00:00\",\"dateModified\":\"2020-06-17T13:52:09+00:00\",\"description\":\"Am Nordufer des W\u00f6rthersees fahren wir nach P\u00f6rtschach. Richtung S\u00fcden hat man einen herrlichen Blick auf die Karawanken und auf Maria W\u00f6rth.\",\"breadcrumb\":{\"@id\":\"https:\\\/\\\/blog.myvideomedia.com\\\/de\\\/worthersee-maria-woerth\\\/#breadcrumb\"},\"inLanguage\":\"de\",\"potentialAction\":[{\"@type\":\"ReadAction\",\"target\":[\"https:\\\/\\\/blog.myvideomedia.com\\\/de\\\/worthersee-maria-woerth\\\/\"]}]},{\"@type\":\"ImageObject\",\"inLanguage\":\"de\",\"@id\":\"https:\\\/\\\/blog.myvideomedia.com\\\/de\\\/worthersee-maria-woerth\\\/#primaryimage\",\"url\":\"https:\\\/\\\/blog.myvideomedia.com\\\/wp-content\\\/uploads\\\/2020\\\/06\\\/maria-woerth-6.jpg\",\"contentUrl\":\"https:\\\/\\\/blog.myvideomedia.com\\\/wp-content\\\/uploads\\\/2020\\\/06\\\/maria-woerth-6.jpg\",\"width\":1260,\"height\":709,\"caption\":\"MAria Woerth Austria\"},{\"@type\":\"BreadcrumbList\",\"@id\":\"https:\\\/\\\/blog.myvideomedia.com\\\/de\\\/worthersee-maria-woerth\\\/#breadcrumb\",\"itemListElement\":[{\"@type\":\"ListItem\",\"position\":1,\"name\":\"Home\",\"item\":\"https:\\\/\\\/blog.myvideomedia.com\\\/de\\\/\"},{\"@type\":\"ListItem\",\"position\":2,\"name\":\"An den Ufern des W\u00f6rthersees \u2013 P\u00f6rtschach und Maria W\u00f6rth\"}]},{\"@type\":\"WebSite\",\"@id\":\"https:\\\/\\\/blog.myvideomedia.com\\\/de\\\/#website\",\"url\":\"https:\\\/\\\/blog.myvideomedia.com\\\/de\\\/\",\"name\":\"Travel Video Blog\",\"description\":\"myVideoMedia Reisetipps und Reisevideos\",\"publisher\":{\"@id\":\"https:\\\/\\\/blog.myvideomedia.com\\\/de\\\/#\\\/schema\\\/person\\\/87be8fbbed69b1562242448c1c3dcbec\"},\"potentialAction\":[{\"@type\":\"SearchAction\",\"target\":{\"@type\":\"EntryPoint\",\"urlTemplate\":\"https:\\\/\\\/blog.myvideomedia.com\\\/de\\\/?s={search_term_string}\"},\"query-input\":{\"@type\":\"PropertyValueSpecification\",\"valueRequired\":true,\"valueName\":\"search_term_string\"}}],\"inLanguage\":\"de\"},{\"@type\":[\"Person\",\"Organization\"],\"@id\":\"https:\\\/\\\/blog.myvideomedia.com\\\/de\\\/#\\\/schema\\\/person\\\/87be8fbbed69b1562242448c1c3dcbec\",\"name\":\"myVideoMedia\",\"image\":{\"@type\":\"ImageObject\",\"inLanguage\":\"de\",\"@id\":\"https:\\\/\\\/secure.gravatar.com\\\/avatar\\\/460720160715ef8975b781abd1b6985e55ce2f01567bb6757bebd73e7cf74c97?s=96&d=mm&r=g\",\"url\":\"https:\\\/\\\/secure.gravatar.com\\\/avatar\\\/460720160715ef8975b781abd1b6985e55ce2f01567bb6757bebd73e7cf74c97?s=96&d=mm&r=g\",\"contentUrl\":\"https:\\\/\\\/secure.gravatar.com\\\/avatar\\\/460720160715ef8975b781abd1b6985e55ce2f01567bb6757bebd73e7cf74c97?s=96&d=mm&r=g\",\"caption\":\"myVideoMedia\"},\"logo\":{\"@id\":\"https:\\\/\\\/secure.gravatar.com\\\/avatar\\\/460720160715ef8975b781abd1b6985e55ce2f01567bb6757bebd73e7cf74c97?s=96&d=mm&r=g\"},\"description\":\"\\\"The World is a book, and those who do not travel read only a page\\\" - Aurelius Augustinus (354 - 430 AD) Travel is our passion. With our posts and videos we like to inspire people who are planning or preparing for holidays as well as people who simply want to escape from everyday life and dream of faraway countries.\",\"sameAs\":[\"https:\\\/\\\/www.myvideomedia.com\",\"https:\\\/\\\/www.facebook.com\\\/ursula.streit.520\"],\"url\":\"https:\\\/\\\/blog.myvideomedia.com\\\/de\\\/author\\\/traveladm\\\/\"}]}<\/script>\n<!-- \/ Yoast SEO plugin. -->","yoast_head_json":{"title":"An den Ufern des W\u00f6rthersees \u2013 P\u00f6rtschach und Maria W\u00f6rth","description":"Am Nordufer des W\u00f6rthersees fahren wir nach P\u00f6rtschach. Richtung S\u00fcden hat man einen herrlichen Blick auf die Karawanken und auf Maria W\u00f6rth.","robots":{"index":"index","follow":"follow","max-snippet":"max-snippet:-1","max-image-preview":"max-image-preview:large","max-video-preview":"max-video-preview:-1"},"canonical":"https:\/\/blog.myvideomedia.com\/de\/worthersee-maria-woerth\/","og_locale":"de_DE","og_type":"article","og_title":"An den Ufern des W\u00f6rthersees \u2013 P\u00f6rtschach und Maria W\u00f6rth","og_description":"Am Nordufer des W\u00f6rthersees fahren wir nach P\u00f6rtschach. Richtung S\u00fcden hat man einen herrlichen Blick auf die Karawanken und auf Maria W\u00f6rth.","og_url":"https:\/\/blog.myvideomedia.com\/de\/worthersee-maria-woerth\/","og_site_name":"Reise Video Blog","article_publisher":"https:\/\/www.facebook.com\/ursula.streit.520","article_author":"https:\/\/www.facebook.com\/ursula.streit.520","article_published_time":"2015-06-11T05:30:15+00:00","article_modified_time":"2020-06-17T13:52:09+00:00","og_image":[{"width":1260,"height":709,"url":"https:\/\/blog.myvideomedia.com\/wp-content\/uploads\/2020\/06\/maria-woerth-6.jpg","type":"image\/jpeg"}],"author":"myVideoMedia","twitter_card":"summary_large_image","twitter_creator":"@myvideomedia","twitter_site":"@myvideomedia","twitter_misc":{"Verfasst von":"myVideoMedia","Gesch\u00e4tzte Lesezeit":"1\u00a0Minute"},"schema":{"@context":"https:\/\/schema.org","@graph":[{"@type":"Article","@id":"https:\/\/blog.myvideomedia.com\/de\/worthersee-maria-woerth\/#article","isPartOf":{"@id":"https:\/\/blog.myvideomedia.com\/de\/worthersee-maria-woerth\/"},"author":{"name":"myVideoMedia","@id":"https:\/\/blog.myvideomedia.com\/de\/#\/schema\/person\/87be8fbbed69b1562242448c1c3dcbec"},"headline":"An den Ufern des W\u00f6rthersees \u2013 P\u00f6rtschach und Maria W\u00f6rth","datePublished":"2015-06-11T05:30:15+00:00","dateModified":"2020-06-17T13:52:09+00:00","mainEntityOfPage":{"@id":"https:\/\/blog.myvideomedia.com\/de\/worthersee-maria-woerth\/"},"wordCount":120,"commentCount":0,"publisher":{"@id":"https:\/\/blog.myvideomedia.com\/de\/#\/schema\/person\/87be8fbbed69b1562242448c1c3dcbec"},"image":{"@id":"https:\/\/blog.myvideomedia.com\/de\/worthersee-maria-woerth\/#primaryimage"},"thumbnailUrl":"https:\/\/blog.myvideomedia.com\/wp-content\/uploads\/2020\/06\/maria-woerth-6.jpg","keywords":["Kirche","Natur","See"],"articleSection":["Europa","K\u00e4rnten","\u00d6sterreich"],"inLanguage":"de","potentialAction":[{"@type":"CommentAction","name":"Comment","target":["https:\/\/blog.myvideomedia.com\/de\/worthersee-maria-woerth\/#respond"]}]},{"@type":"WebPage","@id":"https:\/\/blog.myvideomedia.com\/de\/worthersee-maria-woerth\/","url":"https:\/\/blog.myvideomedia.com\/de\/worthersee-maria-woerth\/","name":"An den Ufern des W\u00f6rthersees \u2013 P\u00f6rtschach und Maria W\u00f6rth","isPartOf":{"@id":"https:\/\/blog.myvideomedia.com\/de\/#website"},"primaryImageOfPage":{"@id":"https:\/\/blog.myvideomedia.com\/de\/worthersee-maria-woerth\/#primaryimage"},"image":{"@id":"https:\/\/blog.myvideomedia.com\/de\/worthersee-maria-woerth\/#primaryimage"},"thumbnailUrl":"https:\/\/blog.myvideomedia.com\/wp-content\/uploads\/2020\/06\/maria-woerth-6.jpg","datePublished":"2015-06-11T05:30:15+00:00","dateModified":"2020-06-17T13:52:09+00:00","description":"Am Nordufer des W\u00f6rthersees fahren wir nach P\u00f6rtschach. Richtung S\u00fcden hat man einen herrlichen Blick auf die Karawanken und auf Maria W\u00f6rth.","breadcrumb":{"@id":"https:\/\/blog.myvideomedia.com\/de\/worthersee-maria-woerth\/#breadcrumb"},"inLanguage":"de","potentialAction":[{"@type":"ReadAction","target":["https:\/\/blog.myvideomedia.com\/de\/worthersee-maria-woerth\/"]}]},{"@type":"ImageObject","inLanguage":"de","@id":"https:\/\/blog.myvideomedia.com\/de\/worthersee-maria-woerth\/#primaryimage","url":"https:\/\/blog.myvideomedia.com\/wp-content\/uploads\/2020\/06\/maria-woerth-6.jpg","contentUrl":"https:\/\/blog.myvideomedia.com\/wp-content\/uploads\/2020\/06\/maria-woerth-6.jpg","width":1260,"height":709,"caption":"MAria Woerth Austria"},{"@type":"BreadcrumbList","@id":"https:\/\/blog.myvideomedia.com\/de\/worthersee-maria-woerth\/#breadcrumb","itemListElement":[{"@type":"ListItem","position":1,"name":"Home","item":"https:\/\/blog.myvideomedia.com\/de\/"},{"@type":"ListItem","position":2,"name":"An den Ufern des W\u00f6rthersees \u2013 P\u00f6rtschach und Maria W\u00f6rth"}]},{"@type":"WebSite","@id":"https:\/\/blog.myvideomedia.com\/de\/#website","url":"https:\/\/blog.myvideomedia.com\/de\/","name":"Travel Video Blog","description":"myVideoMedia Reisetipps und Reisevideos","publisher":{"@id":"https:\/\/blog.myvideomedia.com\/de\/#\/schema\/person\/87be8fbbed69b1562242448c1c3dcbec"},"potentialAction":[{"@type":"SearchAction","target":{"@type":"EntryPoint","urlTemplate":"https:\/\/blog.myvideomedia.com\/de\/?s={search_term_string}"},"query-input":{"@type":"PropertyValueSpecification","valueRequired":true,"valueName":"search_term_string"}}],"inLanguage":"de"},{"@type":["Person","Organization"],"@id":"https:\/\/blog.myvideomedia.com\/de\/#\/schema\/person\/87be8fbbed69b1562242448c1c3dcbec","name":"myVideoMedia","image":{"@type":"ImageObject","inLanguage":"de","@id":"https:\/\/secure.gravatar.com\/avatar\/460720160715ef8975b781abd1b6985e55ce2f01567bb6757bebd73e7cf74c97?s=96&d=mm&r=g","url":"https:\/\/secure.gravatar.com\/avatar\/460720160715ef8975b781abd1b6985e55ce2f01567bb6757bebd73e7cf74c97?s=96&d=mm&r=g","contentUrl":"https:\/\/secure.gravatar.com\/avatar\/460720160715ef8975b781abd1b6985e55ce2f01567bb6757bebd73e7cf74c97?s=96&d=mm&r=g","caption":"myVideoMedia"},"logo":{"@id":"https:\/\/secure.gravatar.com\/avatar\/460720160715ef8975b781abd1b6985e55ce2f01567bb6757bebd73e7cf74c97?s=96&d=mm&r=g"},"description":"\"The World is a book, and those who do not travel read only a page\" - Aurelius Augustinus (354 - 430 AD) Travel is our passion. With our posts and videos we like to inspire people who are planning or preparing for holidays as well as people who simply want to escape from everyday life and dream of faraway countries.","sameAs":["https:\/\/www.myvideomedia.com","https:\/\/www.facebook.com\/ursula.streit.520"],"url":"https:\/\/blog.myvideomedia.com\/de\/author\/traveladm\/"}]}},"featured_image_src":"https:\/\/blog.myvideomedia.com\/wp-content\/uploads\/2020\/06\/maria-woerth-6.jpg","featured_image_src_square":"https:\/\/blog.myvideomedia.com\/wp-content\/uploads\/2020\/06\/maria-woerth-6.jpg","author_info":{"display_name":"myVideoMedia","author_link":"https:\/\/blog.myvideomedia.com\/de\/author\/traveladm\/"},"_links":{"self":[{"href":"https:\/\/blog.myvideomedia.com\/de\/wp-json\/wp\/v2\/posts\/7529","targetHints":{"allow":["GET"]}}],"collection":[{"href":"https:\/\/blog.myvideomedia.com\/de\/wp-json\/wp\/v2\/posts"}],"about":[{"href":"https:\/\/blog.myvideomedia.com\/de\/wp-json\/wp\/v2\/types\/post"}],"author":[{"embeddable":true,"href":"https:\/\/blog.myvideomedia.com\/de\/wp-json\/wp\/v2\/users\/1"}],"replies":[{"embeddable":true,"href":"https:\/\/blog.myvideomedia.com\/de\/wp-json\/wp\/v2\/comments?post=7529"}],"version-history":[{"count":0,"href":"https:\/\/blog.myvideomedia.com\/de\/wp-json\/wp\/v2\/posts\/7529\/revisions"}],"wp:featuredmedia":[{"embeddable":true,"href":"https:\/\/blog.myvideomedia.com\/de\/wp-json\/wp\/v2\/media\/26543"}],"wp:attachment":[{"href":"https:\/\/blog.myvideomedia.com\/de\/wp-json\/wp\/v2\/media?parent=7529"}],"wp:term":[{"taxonomy":"category","embeddable":true,"href":"https:\/\/blog.myvideomedia.com\/de\/wp-json\/wp\/v2\/categories?post=7529"},{"taxonomy":"post_tag","embeddable":true,"href":"https:\/\/blog.myvideomedia.com\/de\/wp-json\/wp\/v2\/tags?post=7529"}],"curies":[{"name":"wp","href":"https:\/\/api.w.org\/{rel}","templated":true}]}}