{"id":7558,"date":"2015-06-11T09:36:36","date_gmt":"2015-06-11T08:36:36","guid":{"rendered":"https:\/\/blog.myvideomedia.com\/?p=7558"},"modified":"2020-02-23T09:30:29","modified_gmt":"2020-02-23T08:30:29","slug":"kalamata-nach-mystras","status":"publish","type":"post","link":"https:\/\/blog.myvideomedia.com\/de\/kalamata-nach-mystras\/","title":{"rendered":"Von Kalamata nach Mystras &#8211; Peloponnes"},"content":{"rendered":"\n<p>Kalamata, die Stadt am Messenischen Golf auf dem Peloponnes, bekannt f\u00fcr den Olivenexport, ist der Ausgangspunkt unseres Ausflugs.<\/p>\n\n\n\n<p>Die Stadt wurde 1986 durch ein Erdbeben, wie sie in dieser Region h\u00e4ufig auftreten, schwer besch\u00e4digt. Die Zerst\u00f6rungen sind heute weitestgehend beseitigt.&nbsp;Gewundene Stra\u00dfen f\u00fchren die Bergh\u00e4nge hinauf zum Taygetos Gebirge.&nbsp;<\/p>\n\n\n\n<div class=\"wp-block-image\"><figure class=\"aligncenter\"><img loading=\"lazy\" decoding=\"async\" width=\"1024\" height=\"576\" src=\"https:\/\/blog.myvideomedia.com\/wp-content\/uploads\/2014\/01\/Kalamata-Mystras3.jpg\" alt=\"Strasse Kalamata nach Mystras\" class=\"wp-image-3810\" srcset=\"https:\/\/blog.myvideomedia.com\/wp-content\/uploads\/2014\/01\/Kalamata-Mystras3.jpg 1024w, https:\/\/blog.myvideomedia.com\/wp-content\/uploads\/2014\/01\/Kalamata-Mystras3-300x168.jpg 300w\" sizes=\"auto, (max-width: 1024px) 100vw, 1024px\" \/><\/figure><\/div>\n\n\n\n<p>Im Machalas Tal sehen wir einen Teil der Zerst\u00f6rungen, die ein Waldbrand hinterlassen hat. 2007 litt das Land schwer an sich rasch ausbreitenden, durch den Wind angefachte Feuer. <\/p>\n\n\n\n<div class=\"wp-block-image\"><figure class=\"aligncenter\"><img loading=\"lazy\" decoding=\"async\" width=\"1024\" height=\"576\" src=\"https:\/\/blog.myvideomedia.com\/wp-content\/uploads\/2014\/01\/Kalamata-Mystras2.jpg\" alt=\"Zerst\u00f6rung durch Waldbrand\" class=\"wp-image-3811\" srcset=\"https:\/\/blog.myvideomedia.com\/wp-content\/uploads\/2014\/01\/Kalamata-Mystras2.jpg 1024w, https:\/\/blog.myvideomedia.com\/wp-content\/uploads\/2014\/01\/Kalamata-Mystras2-300x168.jpg 300w\" sizes=\"auto, (max-width: 1024px) 100vw, 1024px\" \/><\/figure><\/div>\n\n\n\n<p>H\u00e4user und Obstg\u00e4rten wurden zerst\u00f6rt aber schlimmer &#8211; viele Menschen und Tiere verloren ihr Leben.<\/p>\n\n\n\n<h3 class=\"wp-block-heading\"><a href=\"https:\/\/youtu.be\/4k_rbrEpMzk\" target=\"_blank\" rel=\"noreferrer noopener\" aria-label=\"Hier sehen Sie das Video (\u00f6ffnet in neuem Tab)\">Hier sehen Sie das Video<\/a><\/h3>\n\n\n\n<figure> <div class=\"brlbs-cmpnt-container brlbs-cmpnt-content-blocker brlbs-cmpnt-with-individual-styles\" data-borlabs-cookie-content-blocker-id=\"youtube-content-blocker\" data-borlabs-cookie-content=\"PGlmcmFtZSBzcmM9Imh0dHBzOi8vd3d3LnlvdXR1YmUtbm9jb29raWUuY29tL2VtYmVkLzRrX3JickVwTXprIiB3aWR0aD0iNTYwIiBoZWlnaHQ9IjMxNSI+PC9pZnJhbWU+\"><div class=\"brlbs-cmpnt-cb-preset-c brlbs-cmpnt-cb-youtube\"> <div class=\"brlbs-cmpnt-cb-thumbnail\" style=\"background-image: url('https:\/\/blog.myvideomedia.com\/wp-content\/uploads\/borlabs-cookie\/1\/yt_4k_rbrEpMzk_hqdefault.jpg')\"><\/div> <div class=\"brlbs-cmpnt-cb-main\"> <div class=\"brlbs-cmpnt-cb-play-button\"><\/div> <div class=\"brlbs-cmpnt-cb-content\"> <p class=\"brlbs-cmpnt-cb-description\">Sie sehen gerade einen Platzhalterinhalt von <strong>YouTube<\/strong>. Um auf den eigentlichen Inhalt zuzugreifen, klicken Sie auf die Schaltfl\u00e4che unten. Bitte beachten Sie, dass dabei Daten an Drittanbieter weitergegeben werden.<\/p> <a class=\"brlbs-cmpnt-cb-provider-toggle\" href=\"#\" data-borlabs-cookie-show-provider-information role=\"button\">Mehr Informationen<\/a> <\/div> <div class=\"brlbs-cmpnt-cb-buttons\"> <a class=\"brlbs-cmpnt-cb-btn\" href=\"#\" data-borlabs-cookie-unblock role=\"button\">Inhalt entsperren<\/a> <a class=\"brlbs-cmpnt-cb-btn\" href=\"#\" data-borlabs-cookie-accept-service role=\"button\" style=\"display: inherit\">Erforderlichen Service akzeptieren und Inhalte entsperren<\/a> <\/div> <\/div> <\/div><\/div><\/figure>\n\n\n\n<p>Wir durchqueren das Taygetos Gebirge auf einer kurvenreichen wildromantischen Stra\u00dfe mit \u00fcberh\u00e4ngenden Felsen und Tunnels bevor wir <a href=\"https:\/\/blog.myvideomedia.com\/de\/mystras-peloponnes\/\">Mystras<\/a> erreichen.<\/p>\n\n\n\n<p>Text, Fotos and video: Copyright \u00a9 <a rel=\"noopener noreferrer\" href=\"http:\/\/www.myvideomedia.com\/\" target=\"_blank\">myVideoMedia<\/a><\/p>\n","protected":false},"excerpt":{"rendered":"<p>Kalamata, die Stadt am Messenischen Golf auf dem Peloponnes, bekannt f\u00fcr den Olivenexport, ist der Ausgangspunkt unseres Ausflugs. Die Stadt wurde 1986 durch ein Erdbeben, wie sie in dieser Region h\u00e4ufig auftreten, schwer besch\u00e4digt. Die Zerst\u00f6rungen sind heute weitestgehend beseitigt.&nbsp;Gewundene Stra\u00dfen f\u00fchren die Bergh\u00e4nge hinauf zum Taygetos Gebirge.&nbsp; Im Machalas Tal sehen wir einen Teil [&hellip;]<\/p>\n","protected":false},"author":1,"featured_media":3810,"comment_status":"open","ping_status":"closed","sticky":false,"template":"","format":"standard","meta":{"_genesis_hide_title":false,"_genesis_hide_breadcrumbs":false,"_genesis_hide_singular_image":false,"_genesis_hide_footer_widgets":false,"_genesis_custom_body_class":"","_genesis_custom_post_class":"","_genesis_layout":"","footnotes":""},"categories":[1550,506,515],"tags":[692,469],"class_list":{"0":"post-7558","1":"post","2":"type-post","3":"status-publish","4":"format-standard","5":"has-post-thumbnail","7":"category-europa","8":"category-griechenland","9":"category-peloponnes","10":"tag-autofahrt","11":"tag-natur","12":"entry"},"yoast_head":"<!-- This site is optimized with the Yoast SEO plugin v27.4 - https:\/\/yoast.com\/product\/yoast-seo-wordpress\/ -->\n<title>Von Kalamata nach Mystras - Peloponnes - Reise Video Blog<\/title>\n<meta name=\"description\" content=\"Kalamata, die Stadt am Messenischen Golf auf dem Peloponnes, bekannt f\u00fcr den Olivenexport, ist der Ausgangspunkt unseres Ausflugs.\" \/>\n<meta name=\"robots\" content=\"index, follow, max-snippet:-1, max-image-preview:large, max-video-preview:-1\" \/>\n<link rel=\"canonical\" href=\"https:\/\/blog.myvideomedia.com\/de\/kalamata-nach-mystras\/\" \/>\n<meta property=\"og:locale\" content=\"de_DE\" \/>\n<meta property=\"og:type\" content=\"article\" \/>\n<meta property=\"og:title\" content=\"Von Kalamata nach Mystras - Peloponnes - Reise Video Blog\" \/>\n<meta property=\"og:description\" content=\"Kalamata, die Stadt am Messenischen Golf auf dem Peloponnes, bekannt f\u00fcr den Olivenexport, ist der Ausgangspunkt unseres Ausflugs.\" \/>\n<meta property=\"og:url\" content=\"https:\/\/blog.myvideomedia.com\/de\/kalamata-nach-mystras\/\" \/>\n<meta property=\"og:site_name\" content=\"Reise Video Blog\" \/>\n<meta property=\"article:publisher\" content=\"https:\/\/www.facebook.com\/ursula.streit.520\" \/>\n<meta property=\"article:author\" content=\"https:\/\/www.facebook.com\/ursula.streit.520\" \/>\n<meta property=\"article:published_time\" content=\"2015-06-11T08:36:36+00:00\" \/>\n<meta property=\"article:modified_time\" content=\"2020-02-23T08:30:29+00:00\" \/>\n<meta property=\"og:image\" content=\"https:\/\/blog.myvideomedia.com\/wp-content\/uploads\/2014\/01\/Kalamata-Mystras3.jpg\" \/>\n\t<meta property=\"og:image:width\" content=\"1024\" \/>\n\t<meta property=\"og:image:height\" content=\"576\" \/>\n\t<meta property=\"og:image:type\" content=\"image\/jpeg\" \/>\n<meta name=\"author\" content=\"myVideoMedia\" \/>\n<meta name=\"twitter:card\" content=\"summary_large_image\" \/>\n<meta name=\"twitter:creator\" content=\"@myvideomedia\" \/>\n<meta name=\"twitter:site\" content=\"@myvideomedia\" \/>\n<meta name=\"twitter:label1\" content=\"Verfasst von\" \/>\n\t<meta name=\"twitter:data1\" content=\"myVideoMedia\" \/>\n\t<meta name=\"twitter:label2\" content=\"Gesch\u00e4tzte Lesezeit\" \/>\n\t<meta name=\"twitter:data2\" content=\"1\u00a0Minute\" \/>\n<script type=\"application\/ld+json\" class=\"yoast-schema-graph\">{\"@context\":\"https:\\\/\\\/schema.org\",\"@graph\":[{\"@type\":\"Article\",\"@id\":\"https:\\\/\\\/blog.myvideomedia.com\\\/de\\\/kalamata-nach-mystras\\\/#article\",\"isPartOf\":{\"@id\":\"https:\\\/\\\/blog.myvideomedia.com\\\/de\\\/kalamata-nach-mystras\\\/\"},\"author\":{\"name\":\"myVideoMedia\",\"@id\":\"https:\\\/\\\/blog.myvideomedia.com\\\/de\\\/#\\\/schema\\\/person\\\/87be8fbbed69b1562242448c1c3dcbec\"},\"headline\":\"Von Kalamata nach Mystras &#8211; Peloponnes\",\"datePublished\":\"2015-06-11T08:36:36+00:00\",\"dateModified\":\"2020-02-23T08:30:29+00:00\",\"mainEntityOfPage\":{\"@id\":\"https:\\\/\\\/blog.myvideomedia.com\\\/de\\\/kalamata-nach-mystras\\\/\"},\"wordCount\":141,\"commentCount\":0,\"publisher\":{\"@id\":\"https:\\\/\\\/blog.myvideomedia.com\\\/de\\\/#\\\/schema\\\/person\\\/87be8fbbed69b1562242448c1c3dcbec\"},\"image\":{\"@id\":\"https:\\\/\\\/blog.myvideomedia.com\\\/de\\\/kalamata-nach-mystras\\\/#primaryimage\"},\"thumbnailUrl\":\"https:\\\/\\\/blog.myvideomedia.com\\\/wp-content\\\/uploads\\\/2014\\\/01\\\/Kalamata-Mystras3.jpg\",\"keywords\":[\"mit dem Auto\",\"Natur\"],\"articleSection\":[\"Europa\",\"Griechenland\",\"Peloponnes\"],\"inLanguage\":\"de\",\"potentialAction\":[{\"@type\":\"CommentAction\",\"name\":\"Comment\",\"target\":[\"https:\\\/\\\/blog.myvideomedia.com\\\/de\\\/kalamata-nach-mystras\\\/#respond\"]}]},{\"@type\":\"WebPage\",\"@id\":\"https:\\\/\\\/blog.myvideomedia.com\\\/de\\\/kalamata-nach-mystras\\\/\",\"url\":\"https:\\\/\\\/blog.myvideomedia.com\\\/de\\\/kalamata-nach-mystras\\\/\",\"name\":\"Von Kalamata nach Mystras - Peloponnes - Reise Video Blog\",\"isPartOf\":{\"@id\":\"https:\\\/\\\/blog.myvideomedia.com\\\/de\\\/#website\"},\"primaryImageOfPage\":{\"@id\":\"https:\\\/\\\/blog.myvideomedia.com\\\/de\\\/kalamata-nach-mystras\\\/#primaryimage\"},\"image\":{\"@id\":\"https:\\\/\\\/blog.myvideomedia.com\\\/de\\\/kalamata-nach-mystras\\\/#primaryimage\"},\"thumbnailUrl\":\"https:\\\/\\\/blog.myvideomedia.com\\\/wp-content\\\/uploads\\\/2014\\\/01\\\/Kalamata-Mystras3.jpg\",\"datePublished\":\"2015-06-11T08:36:36+00:00\",\"dateModified\":\"2020-02-23T08:30:29+00:00\",\"description\":\"Kalamata, die Stadt am Messenischen Golf auf dem Peloponnes, bekannt f\u00fcr den Olivenexport, ist der Ausgangspunkt unseres Ausflugs.\",\"breadcrumb\":{\"@id\":\"https:\\\/\\\/blog.myvideomedia.com\\\/de\\\/kalamata-nach-mystras\\\/#breadcrumb\"},\"inLanguage\":\"de\",\"potentialAction\":[{\"@type\":\"ReadAction\",\"target\":[\"https:\\\/\\\/blog.myvideomedia.com\\\/de\\\/kalamata-nach-mystras\\\/\"]}]},{\"@type\":\"ImageObject\",\"inLanguage\":\"de\",\"@id\":\"https:\\\/\\\/blog.myvideomedia.com\\\/de\\\/kalamata-nach-mystras\\\/#primaryimage\",\"url\":\"https:\\\/\\\/blog.myvideomedia.com\\\/wp-content\\\/uploads\\\/2014\\\/01\\\/Kalamata-Mystras3.jpg\",\"contentUrl\":\"https:\\\/\\\/blog.myvideomedia.com\\\/wp-content\\\/uploads\\\/2014\\\/01\\\/Kalamata-Mystras3.jpg\",\"width\":1024,\"height\":576,\"caption\":\"Strasse Kalamata nach Mystras\"},{\"@type\":\"BreadcrumbList\",\"@id\":\"https:\\\/\\\/blog.myvideomedia.com\\\/de\\\/kalamata-nach-mystras\\\/#breadcrumb\",\"itemListElement\":[{\"@type\":\"ListItem\",\"position\":1,\"name\":\"Home\",\"item\":\"https:\\\/\\\/blog.myvideomedia.com\\\/de\\\/\"},{\"@type\":\"ListItem\",\"position\":2,\"name\":\"Von Kalamata nach Mystras &#8211; Peloponnes\"}]},{\"@type\":\"WebSite\",\"@id\":\"https:\\\/\\\/blog.myvideomedia.com\\\/de\\\/#website\",\"url\":\"https:\\\/\\\/blog.myvideomedia.com\\\/de\\\/\",\"name\":\"Travel Video Blog\",\"description\":\"myVideoMedia Reisetipps und Reisevideos\",\"publisher\":{\"@id\":\"https:\\\/\\\/blog.myvideomedia.com\\\/de\\\/#\\\/schema\\\/person\\\/87be8fbbed69b1562242448c1c3dcbec\"},\"potentialAction\":[{\"@type\":\"SearchAction\",\"target\":{\"@type\":\"EntryPoint\",\"urlTemplate\":\"https:\\\/\\\/blog.myvideomedia.com\\\/de\\\/?s={search_term_string}\"},\"query-input\":{\"@type\":\"PropertyValueSpecification\",\"valueRequired\":true,\"valueName\":\"search_term_string\"}}],\"inLanguage\":\"de\"},{\"@type\":[\"Person\",\"Organization\"],\"@id\":\"https:\\\/\\\/blog.myvideomedia.com\\\/de\\\/#\\\/schema\\\/person\\\/87be8fbbed69b1562242448c1c3dcbec\",\"name\":\"myVideoMedia\",\"image\":{\"@type\":\"ImageObject\",\"inLanguage\":\"de\",\"@id\":\"https:\\\/\\\/secure.gravatar.com\\\/avatar\\\/460720160715ef8975b781abd1b6985e55ce2f01567bb6757bebd73e7cf74c97?s=96&d=mm&r=g\",\"url\":\"https:\\\/\\\/secure.gravatar.com\\\/avatar\\\/460720160715ef8975b781abd1b6985e55ce2f01567bb6757bebd73e7cf74c97?s=96&d=mm&r=g\",\"contentUrl\":\"https:\\\/\\\/secure.gravatar.com\\\/avatar\\\/460720160715ef8975b781abd1b6985e55ce2f01567bb6757bebd73e7cf74c97?s=96&d=mm&r=g\",\"caption\":\"myVideoMedia\"},\"logo\":{\"@id\":\"https:\\\/\\\/secure.gravatar.com\\\/avatar\\\/460720160715ef8975b781abd1b6985e55ce2f01567bb6757bebd73e7cf74c97?s=96&d=mm&r=g\"},\"description\":\"\\\"The World is a book, and those who do not travel read only a page\\\" - Aurelius Augustinus (354 - 430 AD) Travel is our passion. With our posts and videos we like to inspire people who are planning or preparing for holidays as well as people who simply want to escape from everyday life and dream of faraway countries.\",\"sameAs\":[\"https:\\\/\\\/www.myvideomedia.com\",\"https:\\\/\\\/www.facebook.com\\\/ursula.streit.520\"],\"url\":\"https:\\\/\\\/blog.myvideomedia.com\\\/de\\\/author\\\/traveladm\\\/\"}]}<\/script>\n<!-- \/ Yoast SEO plugin. -->","yoast_head_json":{"title":"Von Kalamata nach Mystras - Peloponnes - Reise Video Blog","description":"Kalamata, die Stadt am Messenischen Golf auf dem Peloponnes, bekannt f\u00fcr den Olivenexport, ist der Ausgangspunkt unseres Ausflugs.","robots":{"index":"index","follow":"follow","max-snippet":"max-snippet:-1","max-image-preview":"max-image-preview:large","max-video-preview":"max-video-preview:-1"},"canonical":"https:\/\/blog.myvideomedia.com\/de\/kalamata-nach-mystras\/","og_locale":"de_DE","og_type":"article","og_title":"Von Kalamata nach Mystras - Peloponnes - Reise Video Blog","og_description":"Kalamata, die Stadt am Messenischen Golf auf dem Peloponnes, bekannt f\u00fcr den Olivenexport, ist der Ausgangspunkt unseres Ausflugs.","og_url":"https:\/\/blog.myvideomedia.com\/de\/kalamata-nach-mystras\/","og_site_name":"Reise Video Blog","article_publisher":"https:\/\/www.facebook.com\/ursula.streit.520","article_author":"https:\/\/www.facebook.com\/ursula.streit.520","article_published_time":"2015-06-11T08:36:36+00:00","article_modified_time":"2020-02-23T08:30:29+00:00","og_image":[{"width":1024,"height":576,"url":"https:\/\/blog.myvideomedia.com\/wp-content\/uploads\/2014\/01\/Kalamata-Mystras3.jpg","type":"image\/jpeg"}],"author":"myVideoMedia","twitter_card":"summary_large_image","twitter_creator":"@myvideomedia","twitter_site":"@myvideomedia","twitter_misc":{"Verfasst von":"myVideoMedia","Gesch\u00e4tzte Lesezeit":"1\u00a0Minute"},"schema":{"@context":"https:\/\/schema.org","@graph":[{"@type":"Article","@id":"https:\/\/blog.myvideomedia.com\/de\/kalamata-nach-mystras\/#article","isPartOf":{"@id":"https:\/\/blog.myvideomedia.com\/de\/kalamata-nach-mystras\/"},"author":{"name":"myVideoMedia","@id":"https:\/\/blog.myvideomedia.com\/de\/#\/schema\/person\/87be8fbbed69b1562242448c1c3dcbec"},"headline":"Von Kalamata nach Mystras &#8211; Peloponnes","datePublished":"2015-06-11T08:36:36+00:00","dateModified":"2020-02-23T08:30:29+00:00","mainEntityOfPage":{"@id":"https:\/\/blog.myvideomedia.com\/de\/kalamata-nach-mystras\/"},"wordCount":141,"commentCount":0,"publisher":{"@id":"https:\/\/blog.myvideomedia.com\/de\/#\/schema\/person\/87be8fbbed69b1562242448c1c3dcbec"},"image":{"@id":"https:\/\/blog.myvideomedia.com\/de\/kalamata-nach-mystras\/#primaryimage"},"thumbnailUrl":"https:\/\/blog.myvideomedia.com\/wp-content\/uploads\/2014\/01\/Kalamata-Mystras3.jpg","keywords":["mit dem Auto","Natur"],"articleSection":["Europa","Griechenland","Peloponnes"],"inLanguage":"de","potentialAction":[{"@type":"CommentAction","name":"Comment","target":["https:\/\/blog.myvideomedia.com\/de\/kalamata-nach-mystras\/#respond"]}]},{"@type":"WebPage","@id":"https:\/\/blog.myvideomedia.com\/de\/kalamata-nach-mystras\/","url":"https:\/\/blog.myvideomedia.com\/de\/kalamata-nach-mystras\/","name":"Von Kalamata nach Mystras - Peloponnes - Reise Video Blog","isPartOf":{"@id":"https:\/\/blog.myvideomedia.com\/de\/#website"},"primaryImageOfPage":{"@id":"https:\/\/blog.myvideomedia.com\/de\/kalamata-nach-mystras\/#primaryimage"},"image":{"@id":"https:\/\/blog.myvideomedia.com\/de\/kalamata-nach-mystras\/#primaryimage"},"thumbnailUrl":"https:\/\/blog.myvideomedia.com\/wp-content\/uploads\/2014\/01\/Kalamata-Mystras3.jpg","datePublished":"2015-06-11T08:36:36+00:00","dateModified":"2020-02-23T08:30:29+00:00","description":"Kalamata, die Stadt am Messenischen Golf auf dem Peloponnes, bekannt f\u00fcr den Olivenexport, ist der Ausgangspunkt unseres Ausflugs.","breadcrumb":{"@id":"https:\/\/blog.myvideomedia.com\/de\/kalamata-nach-mystras\/#breadcrumb"},"inLanguage":"de","potentialAction":[{"@type":"ReadAction","target":["https:\/\/blog.myvideomedia.com\/de\/kalamata-nach-mystras\/"]}]},{"@type":"ImageObject","inLanguage":"de","@id":"https:\/\/blog.myvideomedia.com\/de\/kalamata-nach-mystras\/#primaryimage","url":"https:\/\/blog.myvideomedia.com\/wp-content\/uploads\/2014\/01\/Kalamata-Mystras3.jpg","contentUrl":"https:\/\/blog.myvideomedia.com\/wp-content\/uploads\/2014\/01\/Kalamata-Mystras3.jpg","width":1024,"height":576,"caption":"Strasse Kalamata nach Mystras"},{"@type":"BreadcrumbList","@id":"https:\/\/blog.myvideomedia.com\/de\/kalamata-nach-mystras\/#breadcrumb","itemListElement":[{"@type":"ListItem","position":1,"name":"Home","item":"https:\/\/blog.myvideomedia.com\/de\/"},{"@type":"ListItem","position":2,"name":"Von Kalamata nach Mystras &#8211; Peloponnes"}]},{"@type":"WebSite","@id":"https:\/\/blog.myvideomedia.com\/de\/#website","url":"https:\/\/blog.myvideomedia.com\/de\/","name":"Travel Video Blog","description":"myVideoMedia Reisetipps und Reisevideos","publisher":{"@id":"https:\/\/blog.myvideomedia.com\/de\/#\/schema\/person\/87be8fbbed69b1562242448c1c3dcbec"},"potentialAction":[{"@type":"SearchAction","target":{"@type":"EntryPoint","urlTemplate":"https:\/\/blog.myvideomedia.com\/de\/?s={search_term_string}"},"query-input":{"@type":"PropertyValueSpecification","valueRequired":true,"valueName":"search_term_string"}}],"inLanguage":"de"},{"@type":["Person","Organization"],"@id":"https:\/\/blog.myvideomedia.com\/de\/#\/schema\/person\/87be8fbbed69b1562242448c1c3dcbec","name":"myVideoMedia","image":{"@type":"ImageObject","inLanguage":"de","@id":"https:\/\/secure.gravatar.com\/avatar\/460720160715ef8975b781abd1b6985e55ce2f01567bb6757bebd73e7cf74c97?s=96&d=mm&r=g","url":"https:\/\/secure.gravatar.com\/avatar\/460720160715ef8975b781abd1b6985e55ce2f01567bb6757bebd73e7cf74c97?s=96&d=mm&r=g","contentUrl":"https:\/\/secure.gravatar.com\/avatar\/460720160715ef8975b781abd1b6985e55ce2f01567bb6757bebd73e7cf74c97?s=96&d=mm&r=g","caption":"myVideoMedia"},"logo":{"@id":"https:\/\/secure.gravatar.com\/avatar\/460720160715ef8975b781abd1b6985e55ce2f01567bb6757bebd73e7cf74c97?s=96&d=mm&r=g"},"description":"\"The World is a book, and those who do not travel read only a page\" - Aurelius Augustinus (354 - 430 AD) Travel is our passion. With our posts and videos we like to inspire people who are planning or preparing for holidays as well as people who simply want to escape from everyday life and dream of faraway countries.","sameAs":["https:\/\/www.myvideomedia.com","https:\/\/www.facebook.com\/ursula.streit.520"],"url":"https:\/\/blog.myvideomedia.com\/de\/author\/traveladm\/"}]}},"featured_image_src":"https:\/\/blog.myvideomedia.com\/wp-content\/uploads\/2014\/01\/Kalamata-Mystras3.jpg","featured_image_src_square":"https:\/\/blog.myvideomedia.com\/wp-content\/uploads\/2014\/01\/Kalamata-Mystras3.jpg","author_info":{"display_name":"myVideoMedia","author_link":"https:\/\/blog.myvideomedia.com\/de\/author\/traveladm\/"},"_links":{"self":[{"href":"https:\/\/blog.myvideomedia.com\/de\/wp-json\/wp\/v2\/posts\/7558","targetHints":{"allow":["GET"]}}],"collection":[{"href":"https:\/\/blog.myvideomedia.com\/de\/wp-json\/wp\/v2\/posts"}],"about":[{"href":"https:\/\/blog.myvideomedia.com\/de\/wp-json\/wp\/v2\/types\/post"}],"author":[{"embeddable":true,"href":"https:\/\/blog.myvideomedia.com\/de\/wp-json\/wp\/v2\/users\/1"}],"replies":[{"embeddable":true,"href":"https:\/\/blog.myvideomedia.com\/de\/wp-json\/wp\/v2\/comments?post=7558"}],"version-history":[{"count":0,"href":"https:\/\/blog.myvideomedia.com\/de\/wp-json\/wp\/v2\/posts\/7558\/revisions"}],"wp:featuredmedia":[{"embeddable":true,"href":"https:\/\/blog.myvideomedia.com\/de\/wp-json\/wp\/v2\/media\/3810"}],"wp:attachment":[{"href":"https:\/\/blog.myvideomedia.com\/de\/wp-json\/wp\/v2\/media?parent=7558"}],"wp:term":[{"taxonomy":"category","embeddable":true,"href":"https:\/\/blog.myvideomedia.com\/de\/wp-json\/wp\/v2\/categories?post=7558"},{"taxonomy":"post_tag","embeddable":true,"href":"https:\/\/blog.myvideomedia.com\/de\/wp-json\/wp\/v2\/tags?post=7558"}],"curies":[{"name":"wp","href":"https:\/\/api.w.org\/{rel}","templated":true}]}}