{"id":7582,"date":"2015-06-12T14:22:28","date_gmt":"2015-06-12T13:22:28","guid":{"rendered":"https:\/\/blog.myvideomedia.com\/?p=7582"},"modified":"2022-01-21T10:53:58","modified_gmt":"2022-01-21T09:53:58","slug":"zentrum-von-munchen","status":"publish","type":"post","link":"https:\/\/blog.myvideomedia.com\/de\/zentrum-von-munchen\/","title":{"rendered":"Zentrum von M\u00fcnchen"},"content":{"rendered":"\n<p class=\"has-text-align-left\">Das Zentrum von M\u00fcnchen wird vom Marienplatz mit dem neuen und alten Rathaus bestimmt.<\/p>\n\n\n\n<p class=\"has-text-align-left\">Der neugotische Bau des neuen Rathauses wurde von Georg von Hauberrisser erbaut und 1909 vollendet.<\/p>\n\n\n\n<p>Der 85 m hohe Turm ist ber\u00fchmt f\u00fcr sein Glockenspiel, das t\u00e4glich um die Mittagszeit ert\u00f6nt. Das sp\u00e4tgotische alte Rathaus mit seinem Festsaal wurde von J\u00f6rg von Halsbach 1480 errichtet.<\/p>\n\n\n\n<h3 class=\"wp-block-heading\"><a href=\"https:\/\/youtu.be\/cHEtOFzuHtU\" target=\"_blank\" rel=\"noopener nofollow\">Hier sehen Sie das Video zum Rundgang<\/a><\/h3>\n\n\n\n<figure> <div class=\"brlbs-cmpnt-container brlbs-cmpnt-content-blocker brlbs-cmpnt-with-individual-styles\" data-borlabs-cookie-content-blocker-id=\"youtube-content-blocker\" data-borlabs-cookie-content=\"PGlmcmFtZSBzcmM9Imh0dHBzOi8vd3d3LnlvdXR1YmUtbm9jb29raWUuY29tL2VtYmVkL2NIRXRPRnp1SHRVIiB3aWR0aD0iNjAwIiBoZWlnaHQ9IjMzOCI+PC9pZnJhbWU+\"><div class=\"brlbs-cmpnt-cb-preset-c brlbs-cmpnt-cb-youtube\"> <div class=\"brlbs-cmpnt-cb-thumbnail\" style=\"background-image: url('https:\/\/blog.myvideomedia.com\/wp-content\/uploads\/borlabs-cookie\/1\/yt_cHEtOFzuHtU_hqdefault.jpg')\"><\/div> <div class=\"brlbs-cmpnt-cb-main\"> <div class=\"brlbs-cmpnt-cb-play-button\"><\/div> <div class=\"brlbs-cmpnt-cb-content\"> <p class=\"brlbs-cmpnt-cb-description\">Sie sehen gerade einen Platzhalterinhalt von <strong>YouTube<\/strong>. Um auf den eigentlichen Inhalt zuzugreifen, klicken Sie auf die Schaltfl\u00e4che unten. Bitte beachten Sie, dass dabei Daten an Drittanbieter weitergegeben werden.<\/p> <a class=\"brlbs-cmpnt-cb-provider-toggle\" href=\"#\" data-borlabs-cookie-show-provider-information role=\"button\">Mehr Informationen<\/a> <\/div> <div class=\"brlbs-cmpnt-cb-buttons\"> <a class=\"brlbs-cmpnt-cb-btn\" href=\"#\" data-borlabs-cookie-unblock role=\"button\">Inhalt entsperren<\/a> <a class=\"brlbs-cmpnt-cb-btn\" href=\"#\" data-borlabs-cookie-accept-service role=\"button\" style=\"display: inherit\">Erforderlichen Service akzeptieren und Inhalte entsperren<\/a> <\/div> <\/div> <\/div><\/div><\/figure>\n\n\n\n<p>Unmittelbar dahinter in \u00f6stlicher Richtung befindet sich die Heilig-Geist Kirche, die man auf dem Weg zum Viktualienmarkt, M\u00fcnchens bekanntestem Markt, passiert.<\/p>\n\n\n\n<div class=\"wp-block-image is-style-default\"><figure class=\"aligncenter\"><img loading=\"lazy\" decoding=\"async\" width=\"800\" height=\"450\" src=\"https:\/\/blog.myvideomedia.com\/wp-content\/uploads\/2013\/04\/Munich-Center-Marienplatz.jpg\" alt=\"Das Zentrum von M\u00fcnchen Marienplatz\" class=\"wp-image-4190\" srcset=\"https:\/\/blog.myvideomedia.com\/wp-content\/uploads\/2013\/04\/Munich-Center-Marienplatz.jpg 800w, https:\/\/blog.myvideomedia.com\/wp-content\/uploads\/2013\/04\/Munich-Center-Marienplatz-300x168.jpg 300w\" sizes=\"auto, (max-width: 800px) 100vw, 800px\" \/><\/figure><\/div>\n\n\n\n<p>Auf dem R\u00fcckweg besichtigen wir die Innenh\u00f6fe des neuen Rathauses. In der Weinstra\u00dfe befindet sich die Traditionsgastst\u00e4tte Donisl.<\/p>\n\n\n\n<div class=\"wp-block-image is-style-default\"><figure class=\"aligncenter\"><img loading=\"lazy\" decoding=\"async\" width=\"1024\" height=\"576\" src=\"https:\/\/blog.myvideomedia.com\/wp-content\/uploads\/2013\/04\/Munich-Center-Donisl.jpg\" alt=\"Gaststaette Donisl\" class=\"wp-image-4191\" srcset=\"https:\/\/blog.myvideomedia.com\/wp-content\/uploads\/2013\/04\/Munich-Center-Donisl.jpg 1024w, https:\/\/blog.myvideomedia.com\/wp-content\/uploads\/2013\/04\/Munich-Center-Donisl-300x168.jpg 300w\" sizes=\"auto, (max-width: 1024px) 100vw, 1024px\" \/><\/figure><\/div>\n\n\n\n<p>Die Theatinerstra\u00dfe und die Maximiliansstra\u00dfe sind M\u00fcnchens bedeutendste Einkaufsstra\u00dfen.<\/p>\n\n\n\n<div class=\"wp-block-image is-style-default\"><figure class=\"aligncenter\"><img loading=\"lazy\" decoding=\"async\" width=\"800\" height=\"450\" src=\"https:\/\/blog.myvideomedia.com\/wp-content\/uploads\/2013\/04\/Munich-Center-Maximilianstrasse.jpg\" alt=\"Maximilianstrasse Muenchen\" class=\"wp-image-4192\" srcset=\"https:\/\/blog.myvideomedia.com\/wp-content\/uploads\/2013\/04\/Munich-Center-Maximilianstrasse.jpg 800w, https:\/\/blog.myvideomedia.com\/wp-content\/uploads\/2013\/04\/Munich-Center-Maximilianstrasse-300x168.jpg 300w\" sizes=\"auto, (max-width: 800px) 100vw, 800px\" \/><\/figure><\/div>\n\n\n\n<p>Am Beginn der Maximilianstra\u00dfe liegt der Max-Joseph-Platz der von der Bayerischen Staatsoper, der Residenz und der alten Post eingerahmt wird.<\/p>\n\n\n\n<h3 class=\"wp-block-heading\"><a href=\"https:\/\/youtu.be\/dCVi6nyqZeM\" target=\"_blank\" rel=\"noopener nofollow\">Hier sehen Sie &#8211; Impressionen aus M\u00fcnchen<\/a><\/h3>\n\n\n\n<figure> <div class=\"brlbs-cmpnt-container brlbs-cmpnt-content-blocker brlbs-cmpnt-with-individual-styles\" data-borlabs-cookie-content-blocker-id=\"youtube-content-blocker\" data-borlabs-cookie-content=\"PGlmcmFtZSBzcmM9Imh0dHBzOi8vd3d3LnlvdXR1YmUtbm9jb29raWUuY29tL2VtYmVkL2RDVmk2bnlxWmVNIiB3aWR0aD0iNjAwIiBoZWlnaHQ9IjMzOCI+PC9pZnJhbWU+\"><div class=\"brlbs-cmpnt-cb-preset-c brlbs-cmpnt-cb-youtube\"> <div class=\"brlbs-cmpnt-cb-thumbnail\" style=\"background-image: url('https:\/\/blog.myvideomedia.com\/wp-content\/uploads\/borlabs-cookie\/1\/yt_dCVi6nyqZeM_hqdefault.jpg')\"><\/div> <div class=\"brlbs-cmpnt-cb-main\"> <div class=\"brlbs-cmpnt-cb-play-button\"><\/div> <div class=\"brlbs-cmpnt-cb-content\"> <p class=\"brlbs-cmpnt-cb-description\">Sie sehen gerade einen Platzhalterinhalt von <strong>YouTube<\/strong>. Um auf den eigentlichen Inhalt zuzugreifen, klicken Sie auf die Schaltfl\u00e4che unten. Bitte beachten Sie, dass dabei Daten an Drittanbieter weitergegeben werden.<\/p> <a class=\"brlbs-cmpnt-cb-provider-toggle\" href=\"#\" data-borlabs-cookie-show-provider-information role=\"button\">Mehr Informationen<\/a> <\/div> <div class=\"brlbs-cmpnt-cb-buttons\"> <a class=\"brlbs-cmpnt-cb-btn\" href=\"#\" data-borlabs-cookie-unblock role=\"button\">Inhalt entsperren<\/a> <a class=\"brlbs-cmpnt-cb-btn\" href=\"#\" data-borlabs-cookie-accept-service role=\"button\" style=\"display: inherit\">Erforderlichen Service akzeptieren und Inhalte entsperren<\/a> <\/div> <\/div> <\/div><\/div><\/figure>\n\n\n\n<p>Bitte lesen Sie auch >  <a href=\"https:\/\/blog.myvideomedia.com\/de\/georgenstein-isar-muenchen\/\">Georgenstein \u2013 Isar<\/a><\/p>\n\n\n\n<p>Text, Fotos und Video: Copyright \u00a9<a href=\"http:\/\/www.myvideomedia.com\/de\" target=\"_blank\" rel=\"noopener\">myVideoMedia<\/a><\/p>\n","protected":false},"excerpt":{"rendered":"<p>Das Zentrum von M\u00fcnchen wird vom Marienplatz mit dem neuen und alten Rathaus bestimmt. Der neugotische Bau des neuen Rathauses wurde von Georg von Hauberrisser erbaut und 1909 vollendet. Der 85 m hohe Turm ist ber\u00fchmt f\u00fcr sein Glockenspiel, das t\u00e4glich um die Mittagszeit ert\u00f6nt. Das sp\u00e4tgotische alte Rathaus mit seinem Festsaal wurde von J\u00f6rg [&hellip;]<\/p>\n","protected":false},"author":1,"featured_media":4190,"comment_status":"open","ping_status":"closed","sticky":false,"template":"","format":"standard","meta":{"_genesis_hide_title":false,"_genesis_hide_breadcrumbs":false,"_genesis_hide_singular_image":false,"_genesis_hide_footer_widgets":false,"_genesis_custom_body_class":"","_genesis_custom_post_class":"","_genesis_layout":"","footnotes":""},"categories":[502,501,1550,503],"tags":[447,455,453],"class_list":{"0":"post-7582","1":"post","2":"type-post","3":"status-publish","4":"format-standard","5":"has-post-thumbnail","7":"category-bayern","8":"category-deutschland","9":"category-europa","10":"category-muenchen","11":"tag-architektur","12":"tag-kultur","13":"tag-stadt","14":"entry"},"yoast_head":"<!-- This site is optimized with the Yoast SEO plugin v27.4 - https:\/\/yoast.com\/product\/yoast-seo-wordpress\/ -->\n<title>Zentrum von M\u00fcnchen - Bayern - Reise Video Blog<\/title>\n<meta name=\"description\" content=\"Das Zentrum von M\u00fcnchen wird vom Marienplatz mit dem Rathaus bestimmt. In unmittelbarer N\u00e4he liegt der ber\u00fchmte Viktualienmarkt.\" \/>\n<meta name=\"robots\" content=\"index, follow, max-snippet:-1, max-image-preview:large, max-video-preview:-1\" \/>\n<link rel=\"canonical\" href=\"https:\/\/blog.myvideomedia.com\/de\/zentrum-von-munchen\/\" \/>\n<meta property=\"og:locale\" content=\"de_DE\" \/>\n<meta property=\"og:type\" content=\"article\" \/>\n<meta property=\"og:title\" content=\"Zentrum von M\u00fcnchen - Bayern - Reise Video Blog\" \/>\n<meta property=\"og:description\" content=\"Das Zentrum von M\u00fcnchen wird vom Marienplatz mit dem Rathaus bestimmt. In unmittelbarer N\u00e4he liegt der ber\u00fchmte Viktualienmarkt.\" \/>\n<meta property=\"og:url\" content=\"https:\/\/blog.myvideomedia.com\/de\/zentrum-von-munchen\/\" \/>\n<meta property=\"og:site_name\" content=\"Reise Video Blog\" \/>\n<meta property=\"article:publisher\" content=\"https:\/\/www.facebook.com\/ursula.streit.520\" \/>\n<meta property=\"article:author\" content=\"https:\/\/www.facebook.com\/ursula.streit.520\" \/>\n<meta property=\"article:published_time\" content=\"2015-06-12T13:22:28+00:00\" \/>\n<meta property=\"article:modified_time\" content=\"2022-01-21T09:53:58+00:00\" \/>\n<meta property=\"og:image\" content=\"https:\/\/blog.myvideomedia.com\/wp-content\/uploads\/2013\/04\/Munich-Center-Marienplatz.jpg\" \/>\n\t<meta property=\"og:image:width\" content=\"800\" \/>\n\t<meta property=\"og:image:height\" content=\"450\" \/>\n\t<meta property=\"og:image:type\" content=\"image\/jpeg\" \/>\n<meta name=\"author\" content=\"myVideoMedia\" \/>\n<meta name=\"twitter:card\" content=\"summary_large_image\" \/>\n<meta name=\"twitter:creator\" content=\"@myvideomedia\" \/>\n<meta name=\"twitter:site\" content=\"@myvideomedia\" \/>\n<meta name=\"twitter:label1\" content=\"Verfasst von\" \/>\n\t<meta name=\"twitter:data1\" content=\"myVideoMedia\" \/>\n\t<meta name=\"twitter:label2\" content=\"Gesch\u00e4tzte Lesezeit\" \/>\n\t<meta name=\"twitter:data2\" content=\"2\u00a0Minuten\" \/>\n<script type=\"application\/ld+json\" class=\"yoast-schema-graph\">{\"@context\":\"https:\\\/\\\/schema.org\",\"@graph\":[{\"@type\":\"Article\",\"@id\":\"https:\\\/\\\/blog.myvideomedia.com\\\/de\\\/zentrum-von-munchen\\\/#article\",\"isPartOf\":{\"@id\":\"https:\\\/\\\/blog.myvideomedia.com\\\/de\\\/zentrum-von-munchen\\\/\"},\"author\":{\"name\":\"myVideoMedia\",\"@id\":\"https:\\\/\\\/blog.myvideomedia.com\\\/de\\\/#\\\/schema\\\/person\\\/87be8fbbed69b1562242448c1c3dcbec\"},\"headline\":\"Zentrum von M\u00fcnchen\",\"datePublished\":\"2015-06-12T13:22:28+00:00\",\"dateModified\":\"2022-01-21T09:53:58+00:00\",\"mainEntityOfPage\":{\"@id\":\"https:\\\/\\\/blog.myvideomedia.com\\\/de\\\/zentrum-von-munchen\\\/\"},\"wordCount\":172,\"commentCount\":0,\"publisher\":{\"@id\":\"https:\\\/\\\/blog.myvideomedia.com\\\/de\\\/#\\\/schema\\\/person\\\/87be8fbbed69b1562242448c1c3dcbec\"},\"image\":{\"@id\":\"https:\\\/\\\/blog.myvideomedia.com\\\/de\\\/zentrum-von-munchen\\\/#primaryimage\"},\"thumbnailUrl\":\"https:\\\/\\\/blog.myvideomedia.com\\\/wp-content\\\/uploads\\\/2013\\\/04\\\/Munich-Center-Marienplatz.jpg\",\"keywords\":[\"Architektur\",\"Kultur\",\"Stadt\"],\"articleSection\":[\"Bayern\",\"Deutschland\",\"Europa\",\"M\u00fcnchen\"],\"inLanguage\":\"de\",\"potentialAction\":[{\"@type\":\"CommentAction\",\"name\":\"Comment\",\"target\":[\"https:\\\/\\\/blog.myvideomedia.com\\\/de\\\/zentrum-von-munchen\\\/#respond\"]}]},{\"@type\":\"WebPage\",\"@id\":\"https:\\\/\\\/blog.myvideomedia.com\\\/de\\\/zentrum-von-munchen\\\/\",\"url\":\"https:\\\/\\\/blog.myvideomedia.com\\\/de\\\/zentrum-von-munchen\\\/\",\"name\":\"Zentrum von M\u00fcnchen - Bayern - Reise Video Blog\",\"isPartOf\":{\"@id\":\"https:\\\/\\\/blog.myvideomedia.com\\\/de\\\/#website\"},\"primaryImageOfPage\":{\"@id\":\"https:\\\/\\\/blog.myvideomedia.com\\\/de\\\/zentrum-von-munchen\\\/#primaryimage\"},\"image\":{\"@id\":\"https:\\\/\\\/blog.myvideomedia.com\\\/de\\\/zentrum-von-munchen\\\/#primaryimage\"},\"thumbnailUrl\":\"https:\\\/\\\/blog.myvideomedia.com\\\/wp-content\\\/uploads\\\/2013\\\/04\\\/Munich-Center-Marienplatz.jpg\",\"datePublished\":\"2015-06-12T13:22:28+00:00\",\"dateModified\":\"2022-01-21T09:53:58+00:00\",\"description\":\"Das Zentrum von M\u00fcnchen wird vom Marienplatz mit dem Rathaus bestimmt. In unmittelbarer N\u00e4he liegt der ber\u00fchmte Viktualienmarkt.\",\"breadcrumb\":{\"@id\":\"https:\\\/\\\/blog.myvideomedia.com\\\/de\\\/zentrum-von-munchen\\\/#breadcrumb\"},\"inLanguage\":\"de\",\"potentialAction\":[{\"@type\":\"ReadAction\",\"target\":[\"https:\\\/\\\/blog.myvideomedia.com\\\/de\\\/zentrum-von-munchen\\\/\"]}]},{\"@type\":\"ImageObject\",\"inLanguage\":\"de\",\"@id\":\"https:\\\/\\\/blog.myvideomedia.com\\\/de\\\/zentrum-von-munchen\\\/#primaryimage\",\"url\":\"https:\\\/\\\/blog.myvideomedia.com\\\/wp-content\\\/uploads\\\/2013\\\/04\\\/Munich-Center-Marienplatz.jpg\",\"contentUrl\":\"https:\\\/\\\/blog.myvideomedia.com\\\/wp-content\\\/uploads\\\/2013\\\/04\\\/Munich-Center-Marienplatz.jpg\",\"width\":800,\"height\":450,\"caption\":\"Das Zentrum von M\u00fcnchen Marienplatz\"},{\"@type\":\"BreadcrumbList\",\"@id\":\"https:\\\/\\\/blog.myvideomedia.com\\\/de\\\/zentrum-von-munchen\\\/#breadcrumb\",\"itemListElement\":[{\"@type\":\"ListItem\",\"position\":1,\"name\":\"Home\",\"item\":\"https:\\\/\\\/blog.myvideomedia.com\\\/de\\\/\"},{\"@type\":\"ListItem\",\"position\":2,\"name\":\"Zentrum von M\u00fcnchen\"}]},{\"@type\":\"WebSite\",\"@id\":\"https:\\\/\\\/blog.myvideomedia.com\\\/de\\\/#website\",\"url\":\"https:\\\/\\\/blog.myvideomedia.com\\\/de\\\/\",\"name\":\"Travel Video Blog\",\"description\":\"myVideoMedia Reisetipps und Reisevideos\",\"publisher\":{\"@id\":\"https:\\\/\\\/blog.myvideomedia.com\\\/de\\\/#\\\/schema\\\/person\\\/87be8fbbed69b1562242448c1c3dcbec\"},\"potentialAction\":[{\"@type\":\"SearchAction\",\"target\":{\"@type\":\"EntryPoint\",\"urlTemplate\":\"https:\\\/\\\/blog.myvideomedia.com\\\/de\\\/?s={search_term_string}\"},\"query-input\":{\"@type\":\"PropertyValueSpecification\",\"valueRequired\":true,\"valueName\":\"search_term_string\"}}],\"inLanguage\":\"de\"},{\"@type\":[\"Person\",\"Organization\"],\"@id\":\"https:\\\/\\\/blog.myvideomedia.com\\\/de\\\/#\\\/schema\\\/person\\\/87be8fbbed69b1562242448c1c3dcbec\",\"name\":\"myVideoMedia\",\"image\":{\"@type\":\"ImageObject\",\"inLanguage\":\"de\",\"@id\":\"https:\\\/\\\/secure.gravatar.com\\\/avatar\\\/460720160715ef8975b781abd1b6985e55ce2f01567bb6757bebd73e7cf74c97?s=96&d=mm&r=g\",\"url\":\"https:\\\/\\\/secure.gravatar.com\\\/avatar\\\/460720160715ef8975b781abd1b6985e55ce2f01567bb6757bebd73e7cf74c97?s=96&d=mm&r=g\",\"contentUrl\":\"https:\\\/\\\/secure.gravatar.com\\\/avatar\\\/460720160715ef8975b781abd1b6985e55ce2f01567bb6757bebd73e7cf74c97?s=96&d=mm&r=g\",\"caption\":\"myVideoMedia\"},\"logo\":{\"@id\":\"https:\\\/\\\/secure.gravatar.com\\\/avatar\\\/460720160715ef8975b781abd1b6985e55ce2f01567bb6757bebd73e7cf74c97?s=96&d=mm&r=g\"},\"description\":\"\\\"The World is a book, and those who do not travel read only a page\\\" - Aurelius Augustinus (354 - 430 AD) Travel is our passion. With our posts and videos we like to inspire people who are planning or preparing for holidays as well as people who simply want to escape from everyday life and dream of faraway countries.\",\"sameAs\":[\"https:\\\/\\\/www.myvideomedia.com\",\"https:\\\/\\\/www.facebook.com\\\/ursula.streit.520\"],\"url\":\"https:\\\/\\\/blog.myvideomedia.com\\\/de\\\/author\\\/traveladm\\\/\"}]}<\/script>\n<!-- \/ Yoast SEO plugin. -->","yoast_head_json":{"title":"Zentrum von M\u00fcnchen - Bayern - Reise Video Blog","description":"Das Zentrum von M\u00fcnchen wird vom Marienplatz mit dem Rathaus bestimmt. In unmittelbarer N\u00e4he liegt der ber\u00fchmte Viktualienmarkt.","robots":{"index":"index","follow":"follow","max-snippet":"max-snippet:-1","max-image-preview":"max-image-preview:large","max-video-preview":"max-video-preview:-1"},"canonical":"https:\/\/blog.myvideomedia.com\/de\/zentrum-von-munchen\/","og_locale":"de_DE","og_type":"article","og_title":"Zentrum von M\u00fcnchen - Bayern - Reise Video Blog","og_description":"Das Zentrum von M\u00fcnchen wird vom Marienplatz mit dem Rathaus bestimmt. In unmittelbarer N\u00e4he liegt der ber\u00fchmte Viktualienmarkt.","og_url":"https:\/\/blog.myvideomedia.com\/de\/zentrum-von-munchen\/","og_site_name":"Reise Video Blog","article_publisher":"https:\/\/www.facebook.com\/ursula.streit.520","article_author":"https:\/\/www.facebook.com\/ursula.streit.520","article_published_time":"2015-06-12T13:22:28+00:00","article_modified_time":"2022-01-21T09:53:58+00:00","og_image":[{"width":800,"height":450,"url":"https:\/\/blog.myvideomedia.com\/wp-content\/uploads\/2013\/04\/Munich-Center-Marienplatz.jpg","type":"image\/jpeg"}],"author":"myVideoMedia","twitter_card":"summary_large_image","twitter_creator":"@myvideomedia","twitter_site":"@myvideomedia","twitter_misc":{"Verfasst von":"myVideoMedia","Gesch\u00e4tzte Lesezeit":"2\u00a0Minuten"},"schema":{"@context":"https:\/\/schema.org","@graph":[{"@type":"Article","@id":"https:\/\/blog.myvideomedia.com\/de\/zentrum-von-munchen\/#article","isPartOf":{"@id":"https:\/\/blog.myvideomedia.com\/de\/zentrum-von-munchen\/"},"author":{"name":"myVideoMedia","@id":"https:\/\/blog.myvideomedia.com\/de\/#\/schema\/person\/87be8fbbed69b1562242448c1c3dcbec"},"headline":"Zentrum von M\u00fcnchen","datePublished":"2015-06-12T13:22:28+00:00","dateModified":"2022-01-21T09:53:58+00:00","mainEntityOfPage":{"@id":"https:\/\/blog.myvideomedia.com\/de\/zentrum-von-munchen\/"},"wordCount":172,"commentCount":0,"publisher":{"@id":"https:\/\/blog.myvideomedia.com\/de\/#\/schema\/person\/87be8fbbed69b1562242448c1c3dcbec"},"image":{"@id":"https:\/\/blog.myvideomedia.com\/de\/zentrum-von-munchen\/#primaryimage"},"thumbnailUrl":"https:\/\/blog.myvideomedia.com\/wp-content\/uploads\/2013\/04\/Munich-Center-Marienplatz.jpg","keywords":["Architektur","Kultur","Stadt"],"articleSection":["Bayern","Deutschland","Europa","M\u00fcnchen"],"inLanguage":"de","potentialAction":[{"@type":"CommentAction","name":"Comment","target":["https:\/\/blog.myvideomedia.com\/de\/zentrum-von-munchen\/#respond"]}]},{"@type":"WebPage","@id":"https:\/\/blog.myvideomedia.com\/de\/zentrum-von-munchen\/","url":"https:\/\/blog.myvideomedia.com\/de\/zentrum-von-munchen\/","name":"Zentrum von M\u00fcnchen - Bayern - Reise Video Blog","isPartOf":{"@id":"https:\/\/blog.myvideomedia.com\/de\/#website"},"primaryImageOfPage":{"@id":"https:\/\/blog.myvideomedia.com\/de\/zentrum-von-munchen\/#primaryimage"},"image":{"@id":"https:\/\/blog.myvideomedia.com\/de\/zentrum-von-munchen\/#primaryimage"},"thumbnailUrl":"https:\/\/blog.myvideomedia.com\/wp-content\/uploads\/2013\/04\/Munich-Center-Marienplatz.jpg","datePublished":"2015-06-12T13:22:28+00:00","dateModified":"2022-01-21T09:53:58+00:00","description":"Das Zentrum von M\u00fcnchen wird vom Marienplatz mit dem Rathaus bestimmt. In unmittelbarer N\u00e4he liegt der ber\u00fchmte Viktualienmarkt.","breadcrumb":{"@id":"https:\/\/blog.myvideomedia.com\/de\/zentrum-von-munchen\/#breadcrumb"},"inLanguage":"de","potentialAction":[{"@type":"ReadAction","target":["https:\/\/blog.myvideomedia.com\/de\/zentrum-von-munchen\/"]}]},{"@type":"ImageObject","inLanguage":"de","@id":"https:\/\/blog.myvideomedia.com\/de\/zentrum-von-munchen\/#primaryimage","url":"https:\/\/blog.myvideomedia.com\/wp-content\/uploads\/2013\/04\/Munich-Center-Marienplatz.jpg","contentUrl":"https:\/\/blog.myvideomedia.com\/wp-content\/uploads\/2013\/04\/Munich-Center-Marienplatz.jpg","width":800,"height":450,"caption":"Das Zentrum von M\u00fcnchen Marienplatz"},{"@type":"BreadcrumbList","@id":"https:\/\/blog.myvideomedia.com\/de\/zentrum-von-munchen\/#breadcrumb","itemListElement":[{"@type":"ListItem","position":1,"name":"Home","item":"https:\/\/blog.myvideomedia.com\/de\/"},{"@type":"ListItem","position":2,"name":"Zentrum von M\u00fcnchen"}]},{"@type":"WebSite","@id":"https:\/\/blog.myvideomedia.com\/de\/#website","url":"https:\/\/blog.myvideomedia.com\/de\/","name":"Travel Video Blog","description":"myVideoMedia Reisetipps und Reisevideos","publisher":{"@id":"https:\/\/blog.myvideomedia.com\/de\/#\/schema\/person\/87be8fbbed69b1562242448c1c3dcbec"},"potentialAction":[{"@type":"SearchAction","target":{"@type":"EntryPoint","urlTemplate":"https:\/\/blog.myvideomedia.com\/de\/?s={search_term_string}"},"query-input":{"@type":"PropertyValueSpecification","valueRequired":true,"valueName":"search_term_string"}}],"inLanguage":"de"},{"@type":["Person","Organization"],"@id":"https:\/\/blog.myvideomedia.com\/de\/#\/schema\/person\/87be8fbbed69b1562242448c1c3dcbec","name":"myVideoMedia","image":{"@type":"ImageObject","inLanguage":"de","@id":"https:\/\/secure.gravatar.com\/avatar\/460720160715ef8975b781abd1b6985e55ce2f01567bb6757bebd73e7cf74c97?s=96&d=mm&r=g","url":"https:\/\/secure.gravatar.com\/avatar\/460720160715ef8975b781abd1b6985e55ce2f01567bb6757bebd73e7cf74c97?s=96&d=mm&r=g","contentUrl":"https:\/\/secure.gravatar.com\/avatar\/460720160715ef8975b781abd1b6985e55ce2f01567bb6757bebd73e7cf74c97?s=96&d=mm&r=g","caption":"myVideoMedia"},"logo":{"@id":"https:\/\/secure.gravatar.com\/avatar\/460720160715ef8975b781abd1b6985e55ce2f01567bb6757bebd73e7cf74c97?s=96&d=mm&r=g"},"description":"\"The World is a book, and those who do not travel read only a page\" - Aurelius Augustinus (354 - 430 AD) Travel is our passion. With our posts and videos we like to inspire people who are planning or preparing for holidays as well as people who simply want to escape from everyday life and dream of faraway countries.","sameAs":["https:\/\/www.myvideomedia.com","https:\/\/www.facebook.com\/ursula.streit.520"],"url":"https:\/\/blog.myvideomedia.com\/de\/author\/traveladm\/"}]}},"featured_image_src":"https:\/\/blog.myvideomedia.com\/wp-content\/uploads\/2013\/04\/Munich-Center-Marienplatz.jpg","featured_image_src_square":"https:\/\/blog.myvideomedia.com\/wp-content\/uploads\/2013\/04\/Munich-Center-Marienplatz.jpg","author_info":{"display_name":"myVideoMedia","author_link":"https:\/\/blog.myvideomedia.com\/de\/author\/traveladm\/"},"_links":{"self":[{"href":"https:\/\/blog.myvideomedia.com\/de\/wp-json\/wp\/v2\/posts\/7582","targetHints":{"allow":["GET"]}}],"collection":[{"href":"https:\/\/blog.myvideomedia.com\/de\/wp-json\/wp\/v2\/posts"}],"about":[{"href":"https:\/\/blog.myvideomedia.com\/de\/wp-json\/wp\/v2\/types\/post"}],"author":[{"embeddable":true,"href":"https:\/\/blog.myvideomedia.com\/de\/wp-json\/wp\/v2\/users\/1"}],"replies":[{"embeddable":true,"href":"https:\/\/blog.myvideomedia.com\/de\/wp-json\/wp\/v2\/comments?post=7582"}],"version-history":[{"count":0,"href":"https:\/\/blog.myvideomedia.com\/de\/wp-json\/wp\/v2\/posts\/7582\/revisions"}],"wp:featuredmedia":[{"embeddable":true,"href":"https:\/\/blog.myvideomedia.com\/de\/wp-json\/wp\/v2\/media\/4190"}],"wp:attachment":[{"href":"https:\/\/blog.myvideomedia.com\/de\/wp-json\/wp\/v2\/media?parent=7582"}],"wp:term":[{"taxonomy":"category","embeddable":true,"href":"https:\/\/blog.myvideomedia.com\/de\/wp-json\/wp\/v2\/categories?post=7582"},{"taxonomy":"post_tag","embeddable":true,"href":"https:\/\/blog.myvideomedia.com\/de\/wp-json\/wp\/v2\/tags?post=7582"}],"curies":[{"name":"wp","href":"https:\/\/api.w.org\/{rel}","templated":true}]}}