{"id":7639,"date":"2015-06-14T14:29:12","date_gmt":"2015-06-14T13:29:12","guid":{"rendered":"https:\/\/blog.myvideomedia.com\/?p=7639"},"modified":"2022-01-14T18:00:14","modified_gmt":"2022-01-14T17:00:14","slug":"santa-maria-de-belem-lissabon","status":"publish","type":"post","link":"https:\/\/blog.myvideomedia.com\/de\/santa-maria-de-belem-lissabon\/","title":{"rendered":"Santa Maria de Belem &#8211; Lissabon"},"content":{"rendered":"\n<p>Santa Maria de Belem, Lisboa (Lissabon) wurde beim gro\u00dfen Erdbeben im Jahre 1755 am wenigsten zerst\u00f6rt. Deshalb sind hier einige bedeutende Sehensw\u00fcrdigkeiten erhalten geblieben.<\/p>\n\n\n\n<div class=\"wp-block-image is-style-default\"><figure class=\"aligncenter\"><img loading=\"lazy\" decoding=\"async\" width=\"768\" height=\"576\" src=\"https:\/\/blog.myvideomedia.com\/wp-content\/uploads\/2012\/04\/Belem.jpg\" alt=\"Santa Maria de Belem\" class=\"wp-image-4518\" srcset=\"https:\/\/blog.myvideomedia.com\/wp-content\/uploads\/2012\/04\/Belem.jpg 768w, https:\/\/blog.myvideomedia.com\/wp-content\/uploads\/2012\/04\/Belem-300x225.jpg 300w\" sizes=\"auto, (max-width: 768px) 100vw, 768px\" \/><\/figure><\/div>\n\n\n\n<p>Dazu z\u00e4hlt das Mosteiro dos Jer\u00f3nimos (Hieronymus Kloster) in dem sich der Sarkophag von Vasco da Gama, neben den Grabst\u00e4tten einiger portugiesischer Dichter und K\u00f6nige befindet. Das Geb\u00e4ude wurde nach hundertj\u00e4hriger Bauzeit 1601 fertig gestellt und z\u00e4hlt heute zum UNESCO Weltkulturerbe.<\/p>\n\n\n\n<h3 class=\"wp-block-heading\"><a href=\"https:\/\/youtu.be\/zE1ewlcSEzE\" target=\"_blank\" rel=\"noopener nofollow\">Hier sehen Sie das Video<\/a><\/h3>\n\n\n\n<figure> <div class=\"brlbs-cmpnt-container brlbs-cmpnt-content-blocker brlbs-cmpnt-with-individual-styles\" data-borlabs-cookie-content-blocker-id=\"youtube-content-blocker\" data-borlabs-cookie-content=\"PGlmcmFtZSBzcmM9Imh0dHBzOi8vd3d3LnlvdXR1YmUtbm9jb29raWUuY29tL2VtYmVkL3pFMWV3bGNTRXpFIiB3aWR0aD0iNjAwIiBoZWlnaHQ9IjMzOCI+PC9pZnJhbWU+\"><div class=\"brlbs-cmpnt-cb-preset-c brlbs-cmpnt-cb-youtube\"> <div class=\"brlbs-cmpnt-cb-thumbnail\" style=\"background-image: url('https:\/\/blog.myvideomedia.com\/wp-content\/uploads\/borlabs-cookie\/1\/yt_zE1ewlcSEzE_hqdefault.jpg')\"><\/div> <div class=\"brlbs-cmpnt-cb-main\"> <div class=\"brlbs-cmpnt-cb-play-button\"><\/div> <div class=\"brlbs-cmpnt-cb-content\"> <p class=\"brlbs-cmpnt-cb-description\">Sie sehen gerade einen Platzhalterinhalt von <strong>YouTube<\/strong>. Um auf den eigentlichen Inhalt zuzugreifen, klicken Sie auf die Schaltfl\u00e4che unten. Bitte beachten Sie, dass dabei Daten an Drittanbieter weitergegeben werden.<\/p> <a class=\"brlbs-cmpnt-cb-provider-toggle\" href=\"#\" data-borlabs-cookie-show-provider-information role=\"button\">Mehr Informationen<\/a> <\/div> <div class=\"brlbs-cmpnt-cb-buttons\"> <a class=\"brlbs-cmpnt-cb-btn\" href=\"#\" data-borlabs-cookie-unblock role=\"button\">Inhalt entsperren<\/a> <a class=\"brlbs-cmpnt-cb-btn\" href=\"#\" data-borlabs-cookie-accept-service role=\"button\" style=\"display: inherit\">Erforderlichen Service akzeptieren und Inhalte entsperren<\/a> <\/div> <\/div> <\/div><\/div><\/figure>\n\n\n\n<p>Ein weiteres Weltkulturerbe ist der Torre de Bel\u00e9m. Er wurde als Bastion errichtet und diente sp\u00e4ter als Gef\u00e4ngnis und Waffenlager. Er ist eines der Wahrzeichen von Lissabon. In unmittelbarer N\u00e4he befinden sich das Padr\u00e3o dos Descobrimentos (Denkmal der Entdeckungen) das an Portugals glorreiche Vergangenheit als Seefahrernation erinnert und das Kulturzentrum von Bel\u00e9m.<\/p>\n\n\n\n<p>Text, Foto und Video: Copyright&nbsp;\u00a9 <a href=\"https:\/\/www.myvideomedia.com\/de\" target=\"_blank\" rel=\"noopener\">myVideoMedia<\/a><\/p>\n","protected":false},"excerpt":{"rendered":"<p>Santa Maria de Belem, Lisboa (Lissabon) wurde beim gro\u00dfen Erdbeben im Jahre 1755 am wenigsten zerst\u00f6rt. Deshalb sind hier einige bedeutende Sehensw\u00fcrdigkeiten erhalten geblieben. Dazu z\u00e4hlt das Mosteiro dos Jer\u00f3nimos (Hieronymus Kloster) in dem sich der Sarkophag von Vasco da Gama, neben den Grabst\u00e4tten einiger portugiesischer Dichter und K\u00f6nige befindet. Das Geb\u00e4ude wurde nach hundertj\u00e4hriger [&hellip;]<\/p>\n","protected":false},"author":1,"featured_media":4518,"comment_status":"open","ping_status":"closed","sticky":false,"template":"","format":"standard","meta":{"_genesis_hide_title":false,"_genesis_hide_breadcrumbs":false,"_genesis_hide_singular_image":false,"_genesis_hide_footer_widgets":false,"_genesis_custom_body_class":"","_genesis_custom_post_class":"","_genesis_layout":"","footnotes":""},"categories":[1550,525],"tags":[1532,465,451,453,476],"class_list":{"0":"post-7639","1":"post","2":"type-post","3":"status-publish","4":"format-standard","5":"has-post-thumbnail","7":"category-europa","8":"category-portugal_d","9":"tag-geschichte-de","10":"tag-kloster-de","11":"tag-schloss","12":"tag-stadt","13":"tag-unesco-weltkulturerbe","14":"entry"},"yoast_head":"<!-- This site is optimized with the Yoast SEO plugin v27.4 - https:\/\/yoast.com\/product\/yoast-seo-wordpress\/ -->\n<title>Santa Maria de Belem - Lissabon - Reise Video Blog<\/title>\n<meta name=\"description\" content=\"Santa Maria de Belem wurde beim gro\u00dfen Erdbeben im Jahre 1755 am wenigsten zerst\u00f6rt. Deshalb sind hier einige bedeutende Sehensw\u00fcrdigkeiten erhalten\" \/>\n<meta name=\"robots\" content=\"index, follow, max-snippet:-1, max-image-preview:large, max-video-preview:-1\" \/>\n<link rel=\"canonical\" href=\"https:\/\/blog.myvideomedia.com\/de\/santa-maria-de-belem-lissabon\/\" \/>\n<meta property=\"og:locale\" content=\"de_DE\" \/>\n<meta property=\"og:type\" content=\"article\" \/>\n<meta property=\"og:title\" content=\"Santa Maria de Belem - Lissabon - Reise Video Blog\" \/>\n<meta property=\"og:description\" content=\"Santa Maria de Belem wurde beim gro\u00dfen Erdbeben im Jahre 1755 am wenigsten zerst\u00f6rt. Deshalb sind hier einige bedeutende Sehensw\u00fcrdigkeiten erhalten\" \/>\n<meta property=\"og:url\" content=\"https:\/\/blog.myvideomedia.com\/de\/santa-maria-de-belem-lissabon\/\" \/>\n<meta property=\"og:site_name\" content=\"Reise Video Blog\" \/>\n<meta property=\"article:publisher\" content=\"https:\/\/www.facebook.com\/ursula.streit.520\" \/>\n<meta property=\"article:author\" content=\"https:\/\/www.facebook.com\/ursula.streit.520\" \/>\n<meta property=\"article:published_time\" content=\"2015-06-14T13:29:12+00:00\" \/>\n<meta property=\"article:modified_time\" content=\"2022-01-14T17:00:14+00:00\" \/>\n<meta property=\"og:image\" content=\"https:\/\/blog.myvideomedia.com\/wp-content\/uploads\/2012\/04\/Belem.jpg\" \/>\n\t<meta property=\"og:image:width\" content=\"768\" \/>\n\t<meta property=\"og:image:height\" content=\"576\" \/>\n\t<meta property=\"og:image:type\" content=\"image\/jpeg\" \/>\n<meta name=\"author\" content=\"myVideoMedia\" \/>\n<meta name=\"twitter:card\" content=\"summary_large_image\" \/>\n<meta name=\"twitter:creator\" content=\"@myvideomedia\" \/>\n<meta name=\"twitter:site\" content=\"@myvideomedia\" \/>\n<meta name=\"twitter:label1\" content=\"Verfasst von\" \/>\n\t<meta name=\"twitter:data1\" content=\"myVideoMedia\" \/>\n\t<meta name=\"twitter:label2\" content=\"Gesch\u00e4tzte Lesezeit\" \/>\n\t<meta name=\"twitter:data2\" content=\"1\u00a0Minute\" \/>\n<script type=\"application\/ld+json\" class=\"yoast-schema-graph\">{\"@context\":\"https:\\\/\\\/schema.org\",\"@graph\":[{\"@type\":\"Article\",\"@id\":\"https:\\\/\\\/blog.myvideomedia.com\\\/de\\\/santa-maria-de-belem-lissabon\\\/#article\",\"isPartOf\":{\"@id\":\"https:\\\/\\\/blog.myvideomedia.com\\\/de\\\/santa-maria-de-belem-lissabon\\\/\"},\"author\":{\"name\":\"myVideoMedia\",\"@id\":\"https:\\\/\\\/blog.myvideomedia.com\\\/de\\\/#\\\/schema\\\/person\\\/87be8fbbed69b1562242448c1c3dcbec\"},\"headline\":\"Santa Maria de Belem &#8211; Lissabon\",\"datePublished\":\"2015-06-14T13:29:12+00:00\",\"dateModified\":\"2022-01-14T17:00:14+00:00\",\"mainEntityOfPage\":{\"@id\":\"https:\\\/\\\/blog.myvideomedia.com\\\/de\\\/santa-maria-de-belem-lissabon\\\/\"},\"wordCount\":149,\"commentCount\":0,\"publisher\":{\"@id\":\"https:\\\/\\\/blog.myvideomedia.com\\\/de\\\/#\\\/schema\\\/person\\\/87be8fbbed69b1562242448c1c3dcbec\"},\"image\":{\"@id\":\"https:\\\/\\\/blog.myvideomedia.com\\\/de\\\/santa-maria-de-belem-lissabon\\\/#primaryimage\"},\"thumbnailUrl\":\"https:\\\/\\\/blog.myvideomedia.com\\\/wp-content\\\/uploads\\\/2012\\\/04\\\/Belem.jpg\",\"keywords\":[\"Geschichte\",\"Kloster\",\"Schloss\",\"Stadt\",\"UNESCO Weltkulturerbe\"],\"articleSection\":[\"Europa\",\"Portugal\"],\"inLanguage\":\"de\",\"potentialAction\":[{\"@type\":\"CommentAction\",\"name\":\"Comment\",\"target\":[\"https:\\\/\\\/blog.myvideomedia.com\\\/de\\\/santa-maria-de-belem-lissabon\\\/#respond\"]}]},{\"@type\":\"WebPage\",\"@id\":\"https:\\\/\\\/blog.myvideomedia.com\\\/de\\\/santa-maria-de-belem-lissabon\\\/\",\"url\":\"https:\\\/\\\/blog.myvideomedia.com\\\/de\\\/santa-maria-de-belem-lissabon\\\/\",\"name\":\"Santa Maria de Belem - Lissabon - Reise Video Blog\",\"isPartOf\":{\"@id\":\"https:\\\/\\\/blog.myvideomedia.com\\\/de\\\/#website\"},\"primaryImageOfPage\":{\"@id\":\"https:\\\/\\\/blog.myvideomedia.com\\\/de\\\/santa-maria-de-belem-lissabon\\\/#primaryimage\"},\"image\":{\"@id\":\"https:\\\/\\\/blog.myvideomedia.com\\\/de\\\/santa-maria-de-belem-lissabon\\\/#primaryimage\"},\"thumbnailUrl\":\"https:\\\/\\\/blog.myvideomedia.com\\\/wp-content\\\/uploads\\\/2012\\\/04\\\/Belem.jpg\",\"datePublished\":\"2015-06-14T13:29:12+00:00\",\"dateModified\":\"2022-01-14T17:00:14+00:00\",\"description\":\"Santa Maria de Belem wurde beim gro\u00dfen Erdbeben im Jahre 1755 am wenigsten zerst\u00f6rt. Deshalb sind hier einige bedeutende Sehensw\u00fcrdigkeiten erhalten\",\"breadcrumb\":{\"@id\":\"https:\\\/\\\/blog.myvideomedia.com\\\/de\\\/santa-maria-de-belem-lissabon\\\/#breadcrumb\"},\"inLanguage\":\"de\",\"potentialAction\":[{\"@type\":\"ReadAction\",\"target\":[\"https:\\\/\\\/blog.myvideomedia.com\\\/de\\\/santa-maria-de-belem-lissabon\\\/\"]}]},{\"@type\":\"ImageObject\",\"inLanguage\":\"de\",\"@id\":\"https:\\\/\\\/blog.myvideomedia.com\\\/de\\\/santa-maria-de-belem-lissabon\\\/#primaryimage\",\"url\":\"https:\\\/\\\/blog.myvideomedia.com\\\/wp-content\\\/uploads\\\/2012\\\/04\\\/Belem.jpg\",\"contentUrl\":\"https:\\\/\\\/blog.myvideomedia.com\\\/wp-content\\\/uploads\\\/2012\\\/04\\\/Belem.jpg\",\"width\":768,\"height\":576,\"caption\":\"Santa Maria de Belem\"},{\"@type\":\"BreadcrumbList\",\"@id\":\"https:\\\/\\\/blog.myvideomedia.com\\\/de\\\/santa-maria-de-belem-lissabon\\\/#breadcrumb\",\"itemListElement\":[{\"@type\":\"ListItem\",\"position\":1,\"name\":\"Home\",\"item\":\"https:\\\/\\\/blog.myvideomedia.com\\\/de\\\/\"},{\"@type\":\"ListItem\",\"position\":2,\"name\":\"Santa Maria de Belem &#8211; Lissabon\"}]},{\"@type\":\"WebSite\",\"@id\":\"https:\\\/\\\/blog.myvideomedia.com\\\/de\\\/#website\",\"url\":\"https:\\\/\\\/blog.myvideomedia.com\\\/de\\\/\",\"name\":\"Travel Video Blog\",\"description\":\"myVideoMedia Reisetipps und Reisevideos\",\"publisher\":{\"@id\":\"https:\\\/\\\/blog.myvideomedia.com\\\/de\\\/#\\\/schema\\\/person\\\/87be8fbbed69b1562242448c1c3dcbec\"},\"potentialAction\":[{\"@type\":\"SearchAction\",\"target\":{\"@type\":\"EntryPoint\",\"urlTemplate\":\"https:\\\/\\\/blog.myvideomedia.com\\\/de\\\/?s={search_term_string}\"},\"query-input\":{\"@type\":\"PropertyValueSpecification\",\"valueRequired\":true,\"valueName\":\"search_term_string\"}}],\"inLanguage\":\"de\"},{\"@type\":[\"Person\",\"Organization\"],\"@id\":\"https:\\\/\\\/blog.myvideomedia.com\\\/de\\\/#\\\/schema\\\/person\\\/87be8fbbed69b1562242448c1c3dcbec\",\"name\":\"myVideoMedia\",\"image\":{\"@type\":\"ImageObject\",\"inLanguage\":\"de\",\"@id\":\"https:\\\/\\\/secure.gravatar.com\\\/avatar\\\/460720160715ef8975b781abd1b6985e55ce2f01567bb6757bebd73e7cf74c97?s=96&d=mm&r=g\",\"url\":\"https:\\\/\\\/secure.gravatar.com\\\/avatar\\\/460720160715ef8975b781abd1b6985e55ce2f01567bb6757bebd73e7cf74c97?s=96&d=mm&r=g\",\"contentUrl\":\"https:\\\/\\\/secure.gravatar.com\\\/avatar\\\/460720160715ef8975b781abd1b6985e55ce2f01567bb6757bebd73e7cf74c97?s=96&d=mm&r=g\",\"caption\":\"myVideoMedia\"},\"logo\":{\"@id\":\"https:\\\/\\\/secure.gravatar.com\\\/avatar\\\/460720160715ef8975b781abd1b6985e55ce2f01567bb6757bebd73e7cf74c97?s=96&d=mm&r=g\"},\"description\":\"\\\"The World is a book, and those who do not travel read only a page\\\" - Aurelius Augustinus (354 - 430 AD) Travel is our passion. With our posts and videos we like to inspire people who are planning or preparing for holidays as well as people who simply want to escape from everyday life and dream of faraway countries.\",\"sameAs\":[\"https:\\\/\\\/www.myvideomedia.com\",\"https:\\\/\\\/www.facebook.com\\\/ursula.streit.520\"],\"url\":\"https:\\\/\\\/blog.myvideomedia.com\\\/de\\\/author\\\/traveladm\\\/\"}]}<\/script>\n<!-- \/ Yoast SEO plugin. -->","yoast_head_json":{"title":"Santa Maria de Belem - Lissabon - Reise Video Blog","description":"Santa Maria de Belem wurde beim gro\u00dfen Erdbeben im Jahre 1755 am wenigsten zerst\u00f6rt. Deshalb sind hier einige bedeutende Sehensw\u00fcrdigkeiten erhalten","robots":{"index":"index","follow":"follow","max-snippet":"max-snippet:-1","max-image-preview":"max-image-preview:large","max-video-preview":"max-video-preview:-1"},"canonical":"https:\/\/blog.myvideomedia.com\/de\/santa-maria-de-belem-lissabon\/","og_locale":"de_DE","og_type":"article","og_title":"Santa Maria de Belem - Lissabon - Reise Video Blog","og_description":"Santa Maria de Belem wurde beim gro\u00dfen Erdbeben im Jahre 1755 am wenigsten zerst\u00f6rt. Deshalb sind hier einige bedeutende Sehensw\u00fcrdigkeiten erhalten","og_url":"https:\/\/blog.myvideomedia.com\/de\/santa-maria-de-belem-lissabon\/","og_site_name":"Reise Video Blog","article_publisher":"https:\/\/www.facebook.com\/ursula.streit.520","article_author":"https:\/\/www.facebook.com\/ursula.streit.520","article_published_time":"2015-06-14T13:29:12+00:00","article_modified_time":"2022-01-14T17:00:14+00:00","og_image":[{"width":768,"height":576,"url":"https:\/\/blog.myvideomedia.com\/wp-content\/uploads\/2012\/04\/Belem.jpg","type":"image\/jpeg"}],"author":"myVideoMedia","twitter_card":"summary_large_image","twitter_creator":"@myvideomedia","twitter_site":"@myvideomedia","twitter_misc":{"Verfasst von":"myVideoMedia","Gesch\u00e4tzte Lesezeit":"1\u00a0Minute"},"schema":{"@context":"https:\/\/schema.org","@graph":[{"@type":"Article","@id":"https:\/\/blog.myvideomedia.com\/de\/santa-maria-de-belem-lissabon\/#article","isPartOf":{"@id":"https:\/\/blog.myvideomedia.com\/de\/santa-maria-de-belem-lissabon\/"},"author":{"name":"myVideoMedia","@id":"https:\/\/blog.myvideomedia.com\/de\/#\/schema\/person\/87be8fbbed69b1562242448c1c3dcbec"},"headline":"Santa Maria de Belem &#8211; Lissabon","datePublished":"2015-06-14T13:29:12+00:00","dateModified":"2022-01-14T17:00:14+00:00","mainEntityOfPage":{"@id":"https:\/\/blog.myvideomedia.com\/de\/santa-maria-de-belem-lissabon\/"},"wordCount":149,"commentCount":0,"publisher":{"@id":"https:\/\/blog.myvideomedia.com\/de\/#\/schema\/person\/87be8fbbed69b1562242448c1c3dcbec"},"image":{"@id":"https:\/\/blog.myvideomedia.com\/de\/santa-maria-de-belem-lissabon\/#primaryimage"},"thumbnailUrl":"https:\/\/blog.myvideomedia.com\/wp-content\/uploads\/2012\/04\/Belem.jpg","keywords":["Geschichte","Kloster","Schloss","Stadt","UNESCO Weltkulturerbe"],"articleSection":["Europa","Portugal"],"inLanguage":"de","potentialAction":[{"@type":"CommentAction","name":"Comment","target":["https:\/\/blog.myvideomedia.com\/de\/santa-maria-de-belem-lissabon\/#respond"]}]},{"@type":"WebPage","@id":"https:\/\/blog.myvideomedia.com\/de\/santa-maria-de-belem-lissabon\/","url":"https:\/\/blog.myvideomedia.com\/de\/santa-maria-de-belem-lissabon\/","name":"Santa Maria de Belem - Lissabon - Reise Video Blog","isPartOf":{"@id":"https:\/\/blog.myvideomedia.com\/de\/#website"},"primaryImageOfPage":{"@id":"https:\/\/blog.myvideomedia.com\/de\/santa-maria-de-belem-lissabon\/#primaryimage"},"image":{"@id":"https:\/\/blog.myvideomedia.com\/de\/santa-maria-de-belem-lissabon\/#primaryimage"},"thumbnailUrl":"https:\/\/blog.myvideomedia.com\/wp-content\/uploads\/2012\/04\/Belem.jpg","datePublished":"2015-06-14T13:29:12+00:00","dateModified":"2022-01-14T17:00:14+00:00","description":"Santa Maria de Belem wurde beim gro\u00dfen Erdbeben im Jahre 1755 am wenigsten zerst\u00f6rt. Deshalb sind hier einige bedeutende Sehensw\u00fcrdigkeiten erhalten","breadcrumb":{"@id":"https:\/\/blog.myvideomedia.com\/de\/santa-maria-de-belem-lissabon\/#breadcrumb"},"inLanguage":"de","potentialAction":[{"@type":"ReadAction","target":["https:\/\/blog.myvideomedia.com\/de\/santa-maria-de-belem-lissabon\/"]}]},{"@type":"ImageObject","inLanguage":"de","@id":"https:\/\/blog.myvideomedia.com\/de\/santa-maria-de-belem-lissabon\/#primaryimage","url":"https:\/\/blog.myvideomedia.com\/wp-content\/uploads\/2012\/04\/Belem.jpg","contentUrl":"https:\/\/blog.myvideomedia.com\/wp-content\/uploads\/2012\/04\/Belem.jpg","width":768,"height":576,"caption":"Santa Maria de Belem"},{"@type":"BreadcrumbList","@id":"https:\/\/blog.myvideomedia.com\/de\/santa-maria-de-belem-lissabon\/#breadcrumb","itemListElement":[{"@type":"ListItem","position":1,"name":"Home","item":"https:\/\/blog.myvideomedia.com\/de\/"},{"@type":"ListItem","position":2,"name":"Santa Maria de Belem &#8211; Lissabon"}]},{"@type":"WebSite","@id":"https:\/\/blog.myvideomedia.com\/de\/#website","url":"https:\/\/blog.myvideomedia.com\/de\/","name":"Travel Video Blog","description":"myVideoMedia Reisetipps und Reisevideos","publisher":{"@id":"https:\/\/blog.myvideomedia.com\/de\/#\/schema\/person\/87be8fbbed69b1562242448c1c3dcbec"},"potentialAction":[{"@type":"SearchAction","target":{"@type":"EntryPoint","urlTemplate":"https:\/\/blog.myvideomedia.com\/de\/?s={search_term_string}"},"query-input":{"@type":"PropertyValueSpecification","valueRequired":true,"valueName":"search_term_string"}}],"inLanguage":"de"},{"@type":["Person","Organization"],"@id":"https:\/\/blog.myvideomedia.com\/de\/#\/schema\/person\/87be8fbbed69b1562242448c1c3dcbec","name":"myVideoMedia","image":{"@type":"ImageObject","inLanguage":"de","@id":"https:\/\/secure.gravatar.com\/avatar\/460720160715ef8975b781abd1b6985e55ce2f01567bb6757bebd73e7cf74c97?s=96&d=mm&r=g","url":"https:\/\/secure.gravatar.com\/avatar\/460720160715ef8975b781abd1b6985e55ce2f01567bb6757bebd73e7cf74c97?s=96&d=mm&r=g","contentUrl":"https:\/\/secure.gravatar.com\/avatar\/460720160715ef8975b781abd1b6985e55ce2f01567bb6757bebd73e7cf74c97?s=96&d=mm&r=g","caption":"myVideoMedia"},"logo":{"@id":"https:\/\/secure.gravatar.com\/avatar\/460720160715ef8975b781abd1b6985e55ce2f01567bb6757bebd73e7cf74c97?s=96&d=mm&r=g"},"description":"\"The World is a book, and those who do not travel read only a page\" - Aurelius Augustinus (354 - 430 AD) Travel is our passion. With our posts and videos we like to inspire people who are planning or preparing for holidays as well as people who simply want to escape from everyday life and dream of faraway countries.","sameAs":["https:\/\/www.myvideomedia.com","https:\/\/www.facebook.com\/ursula.streit.520"],"url":"https:\/\/blog.myvideomedia.com\/de\/author\/traveladm\/"}]}},"featured_image_src":"https:\/\/blog.myvideomedia.com\/wp-content\/uploads\/2012\/04\/Belem.jpg","featured_image_src_square":"https:\/\/blog.myvideomedia.com\/wp-content\/uploads\/2012\/04\/Belem.jpg","author_info":{"display_name":"myVideoMedia","author_link":"https:\/\/blog.myvideomedia.com\/de\/author\/traveladm\/"},"_links":{"self":[{"href":"https:\/\/blog.myvideomedia.com\/de\/wp-json\/wp\/v2\/posts\/7639","targetHints":{"allow":["GET"]}}],"collection":[{"href":"https:\/\/blog.myvideomedia.com\/de\/wp-json\/wp\/v2\/posts"}],"about":[{"href":"https:\/\/blog.myvideomedia.com\/de\/wp-json\/wp\/v2\/types\/post"}],"author":[{"embeddable":true,"href":"https:\/\/blog.myvideomedia.com\/de\/wp-json\/wp\/v2\/users\/1"}],"replies":[{"embeddable":true,"href":"https:\/\/blog.myvideomedia.com\/de\/wp-json\/wp\/v2\/comments?post=7639"}],"version-history":[{"count":0,"href":"https:\/\/blog.myvideomedia.com\/de\/wp-json\/wp\/v2\/posts\/7639\/revisions"}],"wp:featuredmedia":[{"embeddable":true,"href":"https:\/\/blog.myvideomedia.com\/de\/wp-json\/wp\/v2\/media\/4518"}],"wp:attachment":[{"href":"https:\/\/blog.myvideomedia.com\/de\/wp-json\/wp\/v2\/media?parent=7639"}],"wp:term":[{"taxonomy":"category","embeddable":true,"href":"https:\/\/blog.myvideomedia.com\/de\/wp-json\/wp\/v2\/categories?post=7639"},{"taxonomy":"post_tag","embeddable":true,"href":"https:\/\/blog.myvideomedia.com\/de\/wp-json\/wp\/v2\/tags?post=7639"}],"curies":[{"name":"wp","href":"https:\/\/api.w.org\/{rel}","templated":true}]}}