{"id":7641,"date":"2015-06-14T14:47:19","date_gmt":"2015-06-14T13:47:19","guid":{"rendered":"https:\/\/blog.myvideomedia.com\/?p=7641"},"modified":"2022-01-19T15:44:42","modified_gmt":"2022-01-19T14:44:42","slug":"bregenz-und-pfaender","status":"publish","type":"post","link":"https:\/\/blog.myvideomedia.com\/de\/bregenz-und-pfaender\/","title":{"rendered":"Bregenz und Pf\u00e4nder"},"content":{"rendered":"\n<p>Bregenz, die Landeshauptstadt Vorarlbergs, ist die am westlichsten gelegene Stadt \u00d6sterreichs. Es ist ihre Lage am Bodensee, welche die Stadtentwicklung bestimmt hat. Einen nicht zu \u00fcbersehenden urbanen Fixpunkt bildet das moderne Kunsthaus.<\/p>\n\n\n\n<p>Am Hafen steht das neue Festspielhaus, rund 7.000 Zuschauerpl\u00e4tze mit Blick auf die gr\u00f6\u00dfte Seeb\u00fchne der Welt, im Sommer Schauplatz der weltbekannten Bregenzer Seefestspiele mit ihren monumentalen Kulissen; auf dem Programm haupts\u00e4chlich Oper, Operette und Musical.<\/p>\n\n\n\n<h3 class=\"wp-block-heading\"><a href=\"https:\/\/youtu.be\/AMkIR-0YAa0\" target=\"_blank\" rel=\"noopener nofollow\">Hier sehen Sie das Video<\/a><\/h3>\n\n\n\n<figure> <div class=\"brlbs-cmpnt-container brlbs-cmpnt-content-blocker brlbs-cmpnt-with-individual-styles\" data-borlabs-cookie-content-blocker-id=\"youtube-content-blocker\" data-borlabs-cookie-content=\"PGlmcmFtZSBzcmM9Imh0dHBzOi8vd3d3LnlvdXR1YmUtbm9jb29raWUuY29tL2VtYmVkL0FNa0lSLTBZQWEwIiB3aWR0aD0iNjAwIiBoZWlnaHQ9IjMzOCI+PC9pZnJhbWU+\"><div class=\"brlbs-cmpnt-cb-preset-c brlbs-cmpnt-cb-youtube\"> <div class=\"brlbs-cmpnt-cb-thumbnail\" style=\"background-image: url('https:\/\/blog.myvideomedia.com\/wp-content\/uploads\/borlabs-cookie\/1\/yt_AMkIR-0YAa0_hqdefault.jpg')\"><\/div> <div class=\"brlbs-cmpnt-cb-main\"> <div class=\"brlbs-cmpnt-cb-play-button\"><\/div> <div class=\"brlbs-cmpnt-cb-content\"> <p class=\"brlbs-cmpnt-cb-description\">Sie sehen gerade einen Platzhalterinhalt von <strong>YouTube<\/strong>. Um auf den eigentlichen Inhalt zuzugreifen, klicken Sie auf die Schaltfl\u00e4che unten. Bitte beachten Sie, dass dabei Daten an Drittanbieter weitergegeben werden.<\/p> <a class=\"brlbs-cmpnt-cb-provider-toggle\" href=\"#\" data-borlabs-cookie-show-provider-information role=\"button\">Mehr Informationen<\/a> <\/div> <div class=\"brlbs-cmpnt-cb-buttons\"> <a class=\"brlbs-cmpnt-cb-btn\" href=\"#\" data-borlabs-cookie-unblock role=\"button\">Inhalt entsperren<\/a> <a class=\"brlbs-cmpnt-cb-btn\" href=\"#\" data-borlabs-cookie-accept-service role=\"button\" style=\"display: inherit\">Erforderlichen Service akzeptieren und Inhalte entsperren<\/a> <\/div> <\/div> <\/div><\/div><\/figure>\n\n\n\n<p>Hier wurde das Bregenzer Richtungsh\u00f6ren entwickelt. Diese innovative akustische Methode erlaubt dem Zuschauer nicht nur die optische, sondern auch die akustische Lokalisierung des Schauspielers.<\/p>\n\n\n\n<div class=\"wp-block-image is-style-default\"><figure class=\"aligncenter\"><img loading=\"lazy\" decoding=\"async\" width=\"699\" height=\"467\" src=\"https:\/\/blog.myvideomedia.com\/wp-content\/uploads\/2012\/09\/oes3206-Bregenz-Martinsturm.jpg\" alt=\"Bregenz Martinsturm\" class=\"wp-image-4408\" srcset=\"https:\/\/blog.myvideomedia.com\/wp-content\/uploads\/2012\/09\/oes3206-Bregenz-Martinsturm.jpg 699w, https:\/\/blog.myvideomedia.com\/wp-content\/uploads\/2012\/09\/oes3206-Bregenz-Martinsturm-300x200.jpg 300w\" sizes=\"auto, (max-width: 699px) 100vw, 699px\" \/><figcaption>Martinsturm<\/figcaption><\/figure><\/div>\n\n\n\n<p>Die Altstadt mit ihren schmalen Gassen wird vom Martinsturm, dem gr\u00f6\u00dften Zwiebelturm Mitteleuropas, \u00fcberragt. Er ist das Wahrzeichen der Stadt, ist f\u00fcr einen Spaziergang die ideale Kulisse.<\/p>\n\n\n\n<div class=\"wp-block-image is-style-default\"><figure class=\"aligncenter\"><img loading=\"lazy\" decoding=\"async\" width=\"699\" height=\"467\" src=\"https:\/\/blog.myvideomedia.com\/wp-content\/uploads\/2012\/09\/oes3207-Bregenz.jpg\" alt=\"Seilbahn zum Pf\u00e4nder\" class=\"wp-image-4409\" srcset=\"https:\/\/blog.myvideomedia.com\/wp-content\/uploads\/2012\/09\/oes3207-Bregenz.jpg 699w, https:\/\/blog.myvideomedia.com\/wp-content\/uploads\/2012\/09\/oes3207-Bregenz-300x200.jpg 300w\" sizes=\"auto, (max-width: 699px) 100vw, 699px\" \/><\/figure><\/div>\n\n\n\n<p>Ein kurzer Ausflug auf den Pf\u00e4nder, den Bregenzer Hausberg, rundet den Aufenthalt ab und wenn der der Nebel sich lichtet, er\u00f6ffnet sich von hier eine einzigartige Aussicht auf die Stadt, den Bodensee und die Alpen.<\/p>\n\n\n\n<p>Bitte lesen Sie auch &gt; <a href=\"https:\/\/blog.myvideomedia.com\/de\/skiurlaub-vorarlberg\/\">Skiurlaub in Vorarlberg<\/a><\/p>\n\n\n\n<p>Text, Fotos und Video: Copyright \u00a9 <a href=\"https:\/\/www.myvideomedia.de\/\" target=\"_blank\" rel=\"noopener\">myVideoMedia<\/a><\/p>\n","protected":false},"excerpt":{"rendered":"<p>Bregenz, die Landeshauptstadt Vorarlbergs, ist die am westlichsten gelegene Stadt \u00d6sterreichs. Es ist ihre Lage am Bodensee, welche die Stadtentwicklung bestimmt hat. Einen nicht zu \u00fcbersehenden urbanen Fixpunkt bildet das moderne Kunsthaus. Am Hafen steht das neue Festspielhaus, rund 7.000 Zuschauerpl\u00e4tze mit Blick auf die gr\u00f6\u00dfte Seeb\u00fchne der Welt, im Sommer Schauplatz der weltbekannten Bregenzer [&hellip;]<\/p>\n","protected":false},"author":1,"featured_media":4408,"comment_status":"open","ping_status":"closed","sticky":false,"template":"","format":"standard","meta":{"_genesis_hide_title":false,"_genesis_hide_breadcrumbs":false,"_genesis_hide_singular_image":false,"_genesis_hide_footer_widgets":false,"_genesis_custom_body_class":"","_genesis_custom_post_class":"","_genesis_layout":"","footnotes":""},"categories":[1550,492,539],"tags":[447,455,469,453],"class_list":{"0":"post-7641","1":"post","2":"type-post","3":"status-publish","4":"format-standard","5":"has-post-thumbnail","7":"category-europa","8":"category-oesterreich","9":"category-vorarlberg_d","10":"tag-architektur","11":"tag-kultur","12":"tag-natur","13":"tag-stadt","14":"entry"},"yoast_head":"<!-- This site is optimized with the Yoast SEO plugin v27.4 - https:\/\/yoast.com\/product\/yoast-seo-wordpress\/ -->\n<title>Bregenz und Pf\u00e4nder - Vorarlberg - \u00d6sterreich - Reise Video Blog<\/title>\n<meta name=\"description\" content=\"Bregenz ist die am westlichsten gelegene Stadt \u00d6sterreichs. Die Altstadt wird vom Martinsturm \u00fcberragt. Mehr und Video hier\" \/>\n<meta name=\"robots\" content=\"index, follow, max-snippet:-1, max-image-preview:large, max-video-preview:-1\" \/>\n<link rel=\"canonical\" href=\"https:\/\/blog.myvideomedia.com\/de\/bregenz-und-pfaender\/\" \/>\n<meta property=\"og:locale\" content=\"de_DE\" \/>\n<meta property=\"og:type\" content=\"article\" \/>\n<meta property=\"og:title\" content=\"Bregenz und Pf\u00e4nder - Vorarlberg - \u00d6sterreich - Reise Video Blog\" \/>\n<meta property=\"og:description\" content=\"Bregenz ist die am westlichsten gelegene Stadt \u00d6sterreichs. Die Altstadt wird vom Martinsturm \u00fcberragt. Mehr und Video hier\" \/>\n<meta property=\"og:url\" content=\"https:\/\/blog.myvideomedia.com\/de\/bregenz-und-pfaender\/\" \/>\n<meta property=\"og:site_name\" content=\"Reise Video Blog\" \/>\n<meta property=\"article:publisher\" content=\"https:\/\/www.facebook.com\/ursula.streit.520\" \/>\n<meta property=\"article:author\" content=\"https:\/\/www.facebook.com\/ursula.streit.520\" \/>\n<meta property=\"article:published_time\" content=\"2015-06-14T13:47:19+00:00\" \/>\n<meta property=\"article:modified_time\" content=\"2022-01-19T14:44:42+00:00\" \/>\n<meta property=\"og:image\" content=\"https:\/\/blog.myvideomedia.com\/wp-content\/uploads\/2012\/09\/oes3206-Bregenz-Martinsturm.jpg\" \/>\n\t<meta property=\"og:image:width\" content=\"699\" \/>\n\t<meta property=\"og:image:height\" content=\"467\" \/>\n\t<meta property=\"og:image:type\" content=\"image\/jpeg\" \/>\n<meta name=\"author\" content=\"myVideoMedia\" \/>\n<meta name=\"twitter:card\" content=\"summary_large_image\" \/>\n<meta name=\"twitter:creator\" content=\"@myvideomedia\" \/>\n<meta name=\"twitter:site\" content=\"@myvideomedia\" \/>\n<meta name=\"twitter:label1\" content=\"Verfasst von\" \/>\n\t<meta name=\"twitter:data1\" content=\"myVideoMedia\" \/>\n\t<meta name=\"twitter:label2\" content=\"Gesch\u00e4tzte Lesezeit\" \/>\n\t<meta name=\"twitter:data2\" content=\"2\u00a0Minuten\" \/>\n<script type=\"application\/ld+json\" class=\"yoast-schema-graph\">{\"@context\":\"https:\\\/\\\/schema.org\",\"@graph\":[{\"@type\":\"Article\",\"@id\":\"https:\\\/\\\/blog.myvideomedia.com\\\/de\\\/bregenz-und-pfaender\\\/#article\",\"isPartOf\":{\"@id\":\"https:\\\/\\\/blog.myvideomedia.com\\\/de\\\/bregenz-und-pfaender\\\/\"},\"author\":{\"name\":\"myVideoMedia\",\"@id\":\"https:\\\/\\\/blog.myvideomedia.com\\\/de\\\/#\\\/schema\\\/person\\\/87be8fbbed69b1562242448c1c3dcbec\"},\"headline\":\"Bregenz und Pf\u00e4nder\",\"datePublished\":\"2015-06-14T13:47:19+00:00\",\"dateModified\":\"2022-01-19T14:44:42+00:00\",\"mainEntityOfPage\":{\"@id\":\"https:\\\/\\\/blog.myvideomedia.com\\\/de\\\/bregenz-und-pfaender\\\/\"},\"wordCount\":186,\"commentCount\":0,\"publisher\":{\"@id\":\"https:\\\/\\\/blog.myvideomedia.com\\\/de\\\/#\\\/schema\\\/person\\\/87be8fbbed69b1562242448c1c3dcbec\"},\"image\":{\"@id\":\"https:\\\/\\\/blog.myvideomedia.com\\\/de\\\/bregenz-und-pfaender\\\/#primaryimage\"},\"thumbnailUrl\":\"https:\\\/\\\/blog.myvideomedia.com\\\/wp-content\\\/uploads\\\/2012\\\/09\\\/oes3206-Bregenz-Martinsturm.jpg\",\"keywords\":[\"Architektur\",\"Kultur\",\"Natur\",\"Stadt\"],\"articleSection\":[\"Europa\",\"\u00d6sterreich\",\"Vorarlberg\"],\"inLanguage\":\"de\",\"potentialAction\":[{\"@type\":\"CommentAction\",\"name\":\"Comment\",\"target\":[\"https:\\\/\\\/blog.myvideomedia.com\\\/de\\\/bregenz-und-pfaender\\\/#respond\"]}]},{\"@type\":\"WebPage\",\"@id\":\"https:\\\/\\\/blog.myvideomedia.com\\\/de\\\/bregenz-und-pfaender\\\/\",\"url\":\"https:\\\/\\\/blog.myvideomedia.com\\\/de\\\/bregenz-und-pfaender\\\/\",\"name\":\"Bregenz und Pf\u00e4nder - Vorarlberg - \u00d6sterreich - Reise Video Blog\",\"isPartOf\":{\"@id\":\"https:\\\/\\\/blog.myvideomedia.com\\\/de\\\/#website\"},\"primaryImageOfPage\":{\"@id\":\"https:\\\/\\\/blog.myvideomedia.com\\\/de\\\/bregenz-und-pfaender\\\/#primaryimage\"},\"image\":{\"@id\":\"https:\\\/\\\/blog.myvideomedia.com\\\/de\\\/bregenz-und-pfaender\\\/#primaryimage\"},\"thumbnailUrl\":\"https:\\\/\\\/blog.myvideomedia.com\\\/wp-content\\\/uploads\\\/2012\\\/09\\\/oes3206-Bregenz-Martinsturm.jpg\",\"datePublished\":\"2015-06-14T13:47:19+00:00\",\"dateModified\":\"2022-01-19T14:44:42+00:00\",\"description\":\"Bregenz ist die am westlichsten gelegene Stadt \u00d6sterreichs. Die Altstadt wird vom Martinsturm \u00fcberragt. Mehr und Video hier\",\"breadcrumb\":{\"@id\":\"https:\\\/\\\/blog.myvideomedia.com\\\/de\\\/bregenz-und-pfaender\\\/#breadcrumb\"},\"inLanguage\":\"de\",\"potentialAction\":[{\"@type\":\"ReadAction\",\"target\":[\"https:\\\/\\\/blog.myvideomedia.com\\\/de\\\/bregenz-und-pfaender\\\/\"]}]},{\"@type\":\"ImageObject\",\"inLanguage\":\"de\",\"@id\":\"https:\\\/\\\/blog.myvideomedia.com\\\/de\\\/bregenz-und-pfaender\\\/#primaryimage\",\"url\":\"https:\\\/\\\/blog.myvideomedia.com\\\/wp-content\\\/uploads\\\/2012\\\/09\\\/oes3206-Bregenz-Martinsturm.jpg\",\"contentUrl\":\"https:\\\/\\\/blog.myvideomedia.com\\\/wp-content\\\/uploads\\\/2012\\\/09\\\/oes3206-Bregenz-Martinsturm.jpg\",\"width\":699,\"height\":467,\"caption\":\"Bregenz Martinsturm\"},{\"@type\":\"BreadcrumbList\",\"@id\":\"https:\\\/\\\/blog.myvideomedia.com\\\/de\\\/bregenz-und-pfaender\\\/#breadcrumb\",\"itemListElement\":[{\"@type\":\"ListItem\",\"position\":1,\"name\":\"Home\",\"item\":\"https:\\\/\\\/blog.myvideomedia.com\\\/de\\\/\"},{\"@type\":\"ListItem\",\"position\":2,\"name\":\"Bregenz und Pf\u00e4nder\"}]},{\"@type\":\"WebSite\",\"@id\":\"https:\\\/\\\/blog.myvideomedia.com\\\/de\\\/#website\",\"url\":\"https:\\\/\\\/blog.myvideomedia.com\\\/de\\\/\",\"name\":\"Travel Video Blog\",\"description\":\"myVideoMedia Reisetipps und Reisevideos\",\"publisher\":{\"@id\":\"https:\\\/\\\/blog.myvideomedia.com\\\/de\\\/#\\\/schema\\\/person\\\/87be8fbbed69b1562242448c1c3dcbec\"},\"potentialAction\":[{\"@type\":\"SearchAction\",\"target\":{\"@type\":\"EntryPoint\",\"urlTemplate\":\"https:\\\/\\\/blog.myvideomedia.com\\\/de\\\/?s={search_term_string}\"},\"query-input\":{\"@type\":\"PropertyValueSpecification\",\"valueRequired\":true,\"valueName\":\"search_term_string\"}}],\"inLanguage\":\"de\"},{\"@type\":[\"Person\",\"Organization\"],\"@id\":\"https:\\\/\\\/blog.myvideomedia.com\\\/de\\\/#\\\/schema\\\/person\\\/87be8fbbed69b1562242448c1c3dcbec\",\"name\":\"myVideoMedia\",\"image\":{\"@type\":\"ImageObject\",\"inLanguage\":\"de\",\"@id\":\"https:\\\/\\\/secure.gravatar.com\\\/avatar\\\/460720160715ef8975b781abd1b6985e55ce2f01567bb6757bebd73e7cf74c97?s=96&d=mm&r=g\",\"url\":\"https:\\\/\\\/secure.gravatar.com\\\/avatar\\\/460720160715ef8975b781abd1b6985e55ce2f01567bb6757bebd73e7cf74c97?s=96&d=mm&r=g\",\"contentUrl\":\"https:\\\/\\\/secure.gravatar.com\\\/avatar\\\/460720160715ef8975b781abd1b6985e55ce2f01567bb6757bebd73e7cf74c97?s=96&d=mm&r=g\",\"caption\":\"myVideoMedia\"},\"logo\":{\"@id\":\"https:\\\/\\\/secure.gravatar.com\\\/avatar\\\/460720160715ef8975b781abd1b6985e55ce2f01567bb6757bebd73e7cf74c97?s=96&d=mm&r=g\"},\"description\":\"\\\"The World is a book, and those who do not travel read only a page\\\" - Aurelius Augustinus (354 - 430 AD) Travel is our passion. With our posts and videos we like to inspire people who are planning or preparing for holidays as well as people who simply want to escape from everyday life and dream of faraway countries.\",\"sameAs\":[\"https:\\\/\\\/www.myvideomedia.com\",\"https:\\\/\\\/www.facebook.com\\\/ursula.streit.520\"],\"url\":\"https:\\\/\\\/blog.myvideomedia.com\\\/de\\\/author\\\/traveladm\\\/\"}]}<\/script>\n<!-- \/ Yoast SEO plugin. -->","yoast_head_json":{"title":"Bregenz und Pf\u00e4nder - Vorarlberg - \u00d6sterreich - Reise Video Blog","description":"Bregenz ist die am westlichsten gelegene Stadt \u00d6sterreichs. Die Altstadt wird vom Martinsturm \u00fcberragt. Mehr und Video hier","robots":{"index":"index","follow":"follow","max-snippet":"max-snippet:-1","max-image-preview":"max-image-preview:large","max-video-preview":"max-video-preview:-1"},"canonical":"https:\/\/blog.myvideomedia.com\/de\/bregenz-und-pfaender\/","og_locale":"de_DE","og_type":"article","og_title":"Bregenz und Pf\u00e4nder - Vorarlberg - \u00d6sterreich - Reise Video Blog","og_description":"Bregenz ist die am westlichsten gelegene Stadt \u00d6sterreichs. Die Altstadt wird vom Martinsturm \u00fcberragt. Mehr und Video hier","og_url":"https:\/\/blog.myvideomedia.com\/de\/bregenz-und-pfaender\/","og_site_name":"Reise Video Blog","article_publisher":"https:\/\/www.facebook.com\/ursula.streit.520","article_author":"https:\/\/www.facebook.com\/ursula.streit.520","article_published_time":"2015-06-14T13:47:19+00:00","article_modified_time":"2022-01-19T14:44:42+00:00","og_image":[{"width":699,"height":467,"url":"https:\/\/blog.myvideomedia.com\/wp-content\/uploads\/2012\/09\/oes3206-Bregenz-Martinsturm.jpg","type":"image\/jpeg"}],"author":"myVideoMedia","twitter_card":"summary_large_image","twitter_creator":"@myvideomedia","twitter_site":"@myvideomedia","twitter_misc":{"Verfasst von":"myVideoMedia","Gesch\u00e4tzte Lesezeit":"2\u00a0Minuten"},"schema":{"@context":"https:\/\/schema.org","@graph":[{"@type":"Article","@id":"https:\/\/blog.myvideomedia.com\/de\/bregenz-und-pfaender\/#article","isPartOf":{"@id":"https:\/\/blog.myvideomedia.com\/de\/bregenz-und-pfaender\/"},"author":{"name":"myVideoMedia","@id":"https:\/\/blog.myvideomedia.com\/de\/#\/schema\/person\/87be8fbbed69b1562242448c1c3dcbec"},"headline":"Bregenz und Pf\u00e4nder","datePublished":"2015-06-14T13:47:19+00:00","dateModified":"2022-01-19T14:44:42+00:00","mainEntityOfPage":{"@id":"https:\/\/blog.myvideomedia.com\/de\/bregenz-und-pfaender\/"},"wordCount":186,"commentCount":0,"publisher":{"@id":"https:\/\/blog.myvideomedia.com\/de\/#\/schema\/person\/87be8fbbed69b1562242448c1c3dcbec"},"image":{"@id":"https:\/\/blog.myvideomedia.com\/de\/bregenz-und-pfaender\/#primaryimage"},"thumbnailUrl":"https:\/\/blog.myvideomedia.com\/wp-content\/uploads\/2012\/09\/oes3206-Bregenz-Martinsturm.jpg","keywords":["Architektur","Kultur","Natur","Stadt"],"articleSection":["Europa","\u00d6sterreich","Vorarlberg"],"inLanguage":"de","potentialAction":[{"@type":"CommentAction","name":"Comment","target":["https:\/\/blog.myvideomedia.com\/de\/bregenz-und-pfaender\/#respond"]}]},{"@type":"WebPage","@id":"https:\/\/blog.myvideomedia.com\/de\/bregenz-und-pfaender\/","url":"https:\/\/blog.myvideomedia.com\/de\/bregenz-und-pfaender\/","name":"Bregenz und Pf\u00e4nder - Vorarlberg - \u00d6sterreich - Reise Video Blog","isPartOf":{"@id":"https:\/\/blog.myvideomedia.com\/de\/#website"},"primaryImageOfPage":{"@id":"https:\/\/blog.myvideomedia.com\/de\/bregenz-und-pfaender\/#primaryimage"},"image":{"@id":"https:\/\/blog.myvideomedia.com\/de\/bregenz-und-pfaender\/#primaryimage"},"thumbnailUrl":"https:\/\/blog.myvideomedia.com\/wp-content\/uploads\/2012\/09\/oes3206-Bregenz-Martinsturm.jpg","datePublished":"2015-06-14T13:47:19+00:00","dateModified":"2022-01-19T14:44:42+00:00","description":"Bregenz ist die am westlichsten gelegene Stadt \u00d6sterreichs. Die Altstadt wird vom Martinsturm \u00fcberragt. Mehr und Video hier","breadcrumb":{"@id":"https:\/\/blog.myvideomedia.com\/de\/bregenz-und-pfaender\/#breadcrumb"},"inLanguage":"de","potentialAction":[{"@type":"ReadAction","target":["https:\/\/blog.myvideomedia.com\/de\/bregenz-und-pfaender\/"]}]},{"@type":"ImageObject","inLanguage":"de","@id":"https:\/\/blog.myvideomedia.com\/de\/bregenz-und-pfaender\/#primaryimage","url":"https:\/\/blog.myvideomedia.com\/wp-content\/uploads\/2012\/09\/oes3206-Bregenz-Martinsturm.jpg","contentUrl":"https:\/\/blog.myvideomedia.com\/wp-content\/uploads\/2012\/09\/oes3206-Bregenz-Martinsturm.jpg","width":699,"height":467,"caption":"Bregenz Martinsturm"},{"@type":"BreadcrumbList","@id":"https:\/\/blog.myvideomedia.com\/de\/bregenz-und-pfaender\/#breadcrumb","itemListElement":[{"@type":"ListItem","position":1,"name":"Home","item":"https:\/\/blog.myvideomedia.com\/de\/"},{"@type":"ListItem","position":2,"name":"Bregenz und Pf\u00e4nder"}]},{"@type":"WebSite","@id":"https:\/\/blog.myvideomedia.com\/de\/#website","url":"https:\/\/blog.myvideomedia.com\/de\/","name":"Travel Video Blog","description":"myVideoMedia Reisetipps und Reisevideos","publisher":{"@id":"https:\/\/blog.myvideomedia.com\/de\/#\/schema\/person\/87be8fbbed69b1562242448c1c3dcbec"},"potentialAction":[{"@type":"SearchAction","target":{"@type":"EntryPoint","urlTemplate":"https:\/\/blog.myvideomedia.com\/de\/?s={search_term_string}"},"query-input":{"@type":"PropertyValueSpecification","valueRequired":true,"valueName":"search_term_string"}}],"inLanguage":"de"},{"@type":["Person","Organization"],"@id":"https:\/\/blog.myvideomedia.com\/de\/#\/schema\/person\/87be8fbbed69b1562242448c1c3dcbec","name":"myVideoMedia","image":{"@type":"ImageObject","inLanguage":"de","@id":"https:\/\/secure.gravatar.com\/avatar\/460720160715ef8975b781abd1b6985e55ce2f01567bb6757bebd73e7cf74c97?s=96&d=mm&r=g","url":"https:\/\/secure.gravatar.com\/avatar\/460720160715ef8975b781abd1b6985e55ce2f01567bb6757bebd73e7cf74c97?s=96&d=mm&r=g","contentUrl":"https:\/\/secure.gravatar.com\/avatar\/460720160715ef8975b781abd1b6985e55ce2f01567bb6757bebd73e7cf74c97?s=96&d=mm&r=g","caption":"myVideoMedia"},"logo":{"@id":"https:\/\/secure.gravatar.com\/avatar\/460720160715ef8975b781abd1b6985e55ce2f01567bb6757bebd73e7cf74c97?s=96&d=mm&r=g"},"description":"\"The World is a book, and those who do not travel read only a page\" - Aurelius Augustinus (354 - 430 AD) Travel is our passion. With our posts and videos we like to inspire people who are planning or preparing for holidays as well as people who simply want to escape from everyday life and dream of faraway countries.","sameAs":["https:\/\/www.myvideomedia.com","https:\/\/www.facebook.com\/ursula.streit.520"],"url":"https:\/\/blog.myvideomedia.com\/de\/author\/traveladm\/"}]}},"featured_image_src":"https:\/\/blog.myvideomedia.com\/wp-content\/uploads\/2012\/09\/oes3206-Bregenz-Martinsturm.jpg","featured_image_src_square":"https:\/\/blog.myvideomedia.com\/wp-content\/uploads\/2012\/09\/oes3206-Bregenz-Martinsturm.jpg","author_info":{"display_name":"myVideoMedia","author_link":"https:\/\/blog.myvideomedia.com\/de\/author\/traveladm\/"},"_links":{"self":[{"href":"https:\/\/blog.myvideomedia.com\/de\/wp-json\/wp\/v2\/posts\/7641","targetHints":{"allow":["GET"]}}],"collection":[{"href":"https:\/\/blog.myvideomedia.com\/de\/wp-json\/wp\/v2\/posts"}],"about":[{"href":"https:\/\/blog.myvideomedia.com\/de\/wp-json\/wp\/v2\/types\/post"}],"author":[{"embeddable":true,"href":"https:\/\/blog.myvideomedia.com\/de\/wp-json\/wp\/v2\/users\/1"}],"replies":[{"embeddable":true,"href":"https:\/\/blog.myvideomedia.com\/de\/wp-json\/wp\/v2\/comments?post=7641"}],"version-history":[{"count":0,"href":"https:\/\/blog.myvideomedia.com\/de\/wp-json\/wp\/v2\/posts\/7641\/revisions"}],"wp:featuredmedia":[{"embeddable":true,"href":"https:\/\/blog.myvideomedia.com\/de\/wp-json\/wp\/v2\/media\/4408"}],"wp:attachment":[{"href":"https:\/\/blog.myvideomedia.com\/de\/wp-json\/wp\/v2\/media?parent=7641"}],"wp:term":[{"taxonomy":"category","embeddable":true,"href":"https:\/\/blog.myvideomedia.com\/de\/wp-json\/wp\/v2\/categories?post=7641"},{"taxonomy":"post_tag","embeddable":true,"href":"https:\/\/blog.myvideomedia.com\/de\/wp-json\/wp\/v2\/tags?post=7641"}],"curies":[{"name":"wp","href":"https:\/\/api.w.org\/{rel}","templated":true}]}}