{"id":7756,"date":"2015-06-18T13:51:54","date_gmt":"2015-06-18T12:51:54","guid":{"rendered":"https:\/\/blog.myvideomedia.com\/?p=7756"},"modified":"2019-09-21T11:21:40","modified_gmt":"2019-09-21T10:21:40","slug":"im-inneren-des-peloponnes","status":"publish","type":"post","link":"https:\/\/blog.myvideomedia.com\/de\/im-inneren-des-peloponnes\/","title":{"rendered":"Im Inneren des Peloponnes"},"content":{"rendered":"\n<p>Unsere Reise f\u00fchrt uns ins Innere des Peloponnes. Entlang der K\u00fcste des Golfs von Korinth fahren wir Richtung Westen bis Trapeza.<\/p>\n\n\n\n<h3 class=\"wp-block-heading\"><a href=\"https:\/\/youtu.be\/KKZsT1Hcr3U\" target=\"_blank\" rel=\"noopener nofollow noreferrer\">Hier sehen Sie das zugeh\u00f6rige Video<\/a><\/h3>\n\n\n\n<figure> <div class=\"brlbs-cmpnt-container brlbs-cmpnt-content-blocker brlbs-cmpnt-with-individual-styles\" data-borlabs-cookie-content-blocker-id=\"youtube-content-blocker\" data-borlabs-cookie-content=\"PGlmcmFtZSBzcmM9Imh0dHBzOi8vd3d3LnlvdXR1YmUtbm9jb29raWUuY29tL2VtYmVkL0tLWnNUMUhjcjNVIiB3aWR0aD0iNTYwIiBoZWlnaHQ9IjMxNSI+PC9pZnJhbWU+\"><div class=\"brlbs-cmpnt-cb-preset-c brlbs-cmpnt-cb-youtube\"> <div class=\"brlbs-cmpnt-cb-thumbnail\" style=\"background-image: url('https:\/\/blog.myvideomedia.com\/wp-content\/uploads\/borlabs-cookie\/1\/yt_KKZsT1Hcr3U_hqdefault.jpg')\"><\/div> <div class=\"brlbs-cmpnt-cb-main\"> <div class=\"brlbs-cmpnt-cb-play-button\"><\/div> <div class=\"brlbs-cmpnt-cb-content\"> <p class=\"brlbs-cmpnt-cb-description\">Sie sehen gerade einen Platzhalterinhalt von <strong>YouTube<\/strong>. Um auf den eigentlichen Inhalt zuzugreifen, klicken Sie auf die Schaltfl\u00e4che unten. Bitte beachten Sie, dass dabei Daten an Drittanbieter weitergegeben werden.<\/p> <a class=\"brlbs-cmpnt-cb-provider-toggle\" href=\"#\" data-borlabs-cookie-show-provider-information role=\"button\">Mehr Informationen<\/a> <\/div> <div class=\"brlbs-cmpnt-cb-buttons\"> <a class=\"brlbs-cmpnt-cb-btn\" href=\"#\" data-borlabs-cookie-unblock role=\"button\">Inhalt entsperren<\/a> <a class=\"brlbs-cmpnt-cb-btn\" href=\"#\" data-borlabs-cookie-accept-service role=\"button\" style=\"display: inherit\">Erforderlichen Service akzeptieren und Inhalte entsperren<\/a> <\/div> <\/div> <\/div><\/div><\/figure>\n\n\n\n<p>Hier biegen wir nach S\u00fcden ab, passieren das Kloster Megaspil\u00e4on -\u039c\u03b5\u03b3\u03b1 \u03a3\u03c0\u03ae\u03bb\u03b1\u03b9\u03bf\u03bd, das wie ein Vogelnest an eine Felswand geklebt wurde.<\/p>\n\n\n\n<div class=\"wp-block-image wp-image-4018\"><figure class=\"aligncenter\"><img loading=\"lazy\" decoding=\"async\" width=\"724\" height=\"483\" src=\"https:\/\/blog.myvideomedia.com\/wp-content\/uploads\/2013\/08\/Megaspilaeon_4150.jpg\" alt=\"Innere des Peloponnes\" class=\"wp-image-4018\" srcset=\"https:\/\/blog.myvideomedia.com\/wp-content\/uploads\/2013\/08\/Megaspilaeon_4150.jpg 724w, https:\/\/blog.myvideomedia.com\/wp-content\/uploads\/2013\/08\/Megaspilaeon_4150-300x200.jpg 300w\" sizes=\"auto, (max-width: 724px) 100vw, 724px\" \/><figcaption>Kloster Megaspil\u00e4on<\/figcaption><\/figure><\/div>\n\n\n\n<p>In dem kleinen Ort Rogo besuchen wir das Mahnmal f\u00fcr die Opfer des NS Terrorregimes, das im 2. Weltkrieg die gesamte m\u00e4nnliche Bev\u00f6lkerung des Ortes dahin metzelte.<\/p>\n\n\n\n<div class=\"wp-block-image\"><figure class=\"aligncenter\"><img loading=\"lazy\" decoding=\"async\" width=\"724\" height=\"483\" src=\"https:\/\/blog.myvideomedia.com\/wp-content\/uploads\/2013\/08\/rogo_4163.jpg\" alt=\"Mahnmal in Rogo\" class=\"wp-image-4019\" srcset=\"https:\/\/blog.myvideomedia.com\/wp-content\/uploads\/2013\/08\/rogo_4163.jpg 724w, https:\/\/blog.myvideomedia.com\/wp-content\/uploads\/2013\/08\/rogo_4163-300x200.jpg 300w\" sizes=\"auto, (max-width: 724px) 100vw, 724px\" \/><\/figure><\/div>\n\n\n\n<p>Nach einer Fahrt durch Hocht\u00e4ler und Hochgebirgsp\u00e4sse und einem kurzen Besuch der H\u00f6hle der Seen (Spileo ton Limnon) bei Kastria, erreichen wir das historische Stadtgebiet von Mantineia -\u039c\u03b1\u03bd\u03c4\u03af\u03bd\u03b5\u03b9\u03b1. Die Stadt lag mit Sparta oft im Konflikt, wurde zerst\u00f6rt und mit Hilfe von Theben wieder aufgebaut um sp\u00e4ter wieder von Slawen zerst\u00f6rt zu werden.<\/p>\n\n\n\n<p>Hier befindet sich Agia Fotini, eine der eigent\u00fcmlichsten Kirchen Griechenlands.<\/p>\n\n\n\n<div class=\"wp-block-image\"><figure class=\"aligncenter\"><img loading=\"lazy\" decoding=\"async\" width=\"724\" height=\"483\" src=\"https:\/\/blog.myvideomedia.com\/wp-content\/uploads\/2013\/08\/mantinea_4199.jpg\" alt=\"Kirche von Mantinea\" class=\"wp-image-4020\" srcset=\"https:\/\/blog.myvideomedia.com\/wp-content\/uploads\/2013\/08\/mantinea_4199.jpg 724w, https:\/\/blog.myvideomedia.com\/wp-content\/uploads\/2013\/08\/mantinea_4199-300x200.jpg 300w\" sizes=\"auto, (max-width: 724px) 100vw, 724px\" \/><\/figure><\/div>\n\n\n\n<p>Beim Bau der Kirche versuchte man s\u00e4mtliche architektonischen Stilrichtungen zu vereinen.<\/p>\n\n\n\n<p>Bitte lesen Sie weiter &gt; <a href=\"https:\/\/blog.myvideomedia.com\/de\/tiryns-griechenland\/\">Tiryns \u2013 \u03a4\u03af\u03c1\u03c5\u03bd\u03b8\u03b1<\/a><\/p>\n\n\n\n<p>Text, Fotos und Video:&nbsp; Copyright \u00a9 <a href=\"https:\/\/www.myvideomedia.com\/de\" target=\"_blank\" rel=\"noopener noreferrer\">myVideoMedia<\/a><\/p>\n","protected":false},"excerpt":{"rendered":"<p>Unsere Reise f\u00fchrt uns ins Innere des Peloponnes. Entlang der K\u00fcste des Golfs von Korinth fahren wir Richtung Westen bis Trapeza. Hier sehen Sie das zugeh\u00f6rige Video Sie sehen gerade einen Platzhalterinhalt von YouTube. Um auf den eigentlichen Inhalt zuzugreifen, klicken Sie auf die Schaltfl\u00e4che unten. Bitte beachten Sie, dass dabei Daten an Drittanbieter weitergegeben [&hellip;]<\/p>\n","protected":false},"author":1,"featured_media":4018,"comment_status":"open","ping_status":"closed","sticky":false,"template":"","format":"standard","meta":{"_genesis_hide_title":false,"_genesis_hide_breadcrumbs":false,"_genesis_hide_singular_image":false,"_genesis_hide_footer_widgets":false,"_genesis_custom_body_class":"","_genesis_custom_post_class":"","_genesis_layout":"","footnotes":""},"categories":[506,515],"tags":[447,452,465,455,469],"class_list":{"0":"post-7756","1":"post","2":"type-post","3":"status-publish","4":"format-standard","5":"has-post-thumbnail","7":"category-griechenland","8":"category-peloponnes","9":"tag-architektur","10":"tag-hoehle","11":"tag-kloster-de","12":"tag-kultur","13":"tag-natur","14":"entry"},"yoast_head":"<!-- This site is optimized with the Yoast SEO plugin v27.4 - https:\/\/yoast.com\/product\/yoast-seo-wordpress\/ -->\n<title>Im Inneren des Peloponnes - Griechenland - Reise Video Blog<\/title>\n<meta name=\"description\" content=\"Unsere Reise f\u00fchrt uns ins Innere des Peloponnes. Entlang der K\u00fcste des Golfs von Korinth fahren wir zun\u00e4chst Richtung Westen bis Trapeza.\" \/>\n<meta name=\"robots\" content=\"index, follow, max-snippet:-1, max-image-preview:large, max-video-preview:-1\" \/>\n<link rel=\"canonical\" href=\"https:\/\/blog.myvideomedia.com\/de\/im-inneren-des-peloponnes\/\" \/>\n<meta property=\"og:locale\" content=\"de_DE\" \/>\n<meta property=\"og:type\" content=\"article\" \/>\n<meta property=\"og:title\" content=\"Im Inneren des Peloponnes - Griechenland - Reise Video Blog\" \/>\n<meta property=\"og:description\" content=\"Unsere Reise f\u00fchrt uns ins Innere des Peloponnes. Entlang der K\u00fcste des Golfs von Korinth fahren wir zun\u00e4chst Richtung Westen bis Trapeza.\" \/>\n<meta property=\"og:url\" content=\"https:\/\/blog.myvideomedia.com\/de\/im-inneren-des-peloponnes\/\" \/>\n<meta property=\"og:site_name\" content=\"Reise Video Blog\" \/>\n<meta property=\"article:publisher\" content=\"https:\/\/www.facebook.com\/ursula.streit.520\" \/>\n<meta property=\"article:author\" content=\"https:\/\/www.facebook.com\/ursula.streit.520\" \/>\n<meta property=\"article:published_time\" content=\"2015-06-18T12:51:54+00:00\" \/>\n<meta property=\"article:modified_time\" content=\"2019-09-21T10:21:40+00:00\" \/>\n<meta property=\"og:image\" content=\"https:\/\/blog.myvideomedia.com\/wp-content\/uploads\/2013\/08\/Megaspilaeon_4150.jpg\" \/>\n\t<meta property=\"og:image:width\" content=\"724\" \/>\n\t<meta property=\"og:image:height\" content=\"483\" \/>\n\t<meta property=\"og:image:type\" content=\"image\/jpeg\" \/>\n<meta name=\"author\" content=\"myVideoMedia\" \/>\n<meta name=\"twitter:card\" content=\"summary_large_image\" \/>\n<meta name=\"twitter:creator\" content=\"@myvideomedia\" \/>\n<meta name=\"twitter:site\" content=\"@myvideomedia\" \/>\n<meta name=\"twitter:label1\" content=\"Verfasst von\" \/>\n\t<meta name=\"twitter:data1\" content=\"myVideoMedia\" \/>\n\t<meta name=\"twitter:label2\" content=\"Gesch\u00e4tzte Lesezeit\" \/>\n\t<meta name=\"twitter:data2\" content=\"1\u00a0Minute\" \/>\n<script type=\"application\/ld+json\" class=\"yoast-schema-graph\">{\"@context\":\"https:\\\/\\\/schema.org\",\"@graph\":[{\"@type\":\"Article\",\"@id\":\"https:\\\/\\\/blog.myvideomedia.com\\\/de\\\/im-inneren-des-peloponnes\\\/#article\",\"isPartOf\":{\"@id\":\"https:\\\/\\\/blog.myvideomedia.com\\\/de\\\/im-inneren-des-peloponnes\\\/\"},\"author\":{\"name\":\"myVideoMedia\",\"@id\":\"https:\\\/\\\/blog.myvideomedia.com\\\/de\\\/#\\\/schema\\\/person\\\/87be8fbbed69b1562242448c1c3dcbec\"},\"headline\":\"Im Inneren des Peloponnes\",\"datePublished\":\"2015-06-18T12:51:54+00:00\",\"dateModified\":\"2019-09-21T10:21:40+00:00\",\"mainEntityOfPage\":{\"@id\":\"https:\\\/\\\/blog.myvideomedia.com\\\/de\\\/im-inneren-des-peloponnes\\\/\"},\"wordCount\":183,\"commentCount\":0,\"publisher\":{\"@id\":\"https:\\\/\\\/blog.myvideomedia.com\\\/de\\\/#\\\/schema\\\/person\\\/87be8fbbed69b1562242448c1c3dcbec\"},\"image\":{\"@id\":\"https:\\\/\\\/blog.myvideomedia.com\\\/de\\\/im-inneren-des-peloponnes\\\/#primaryimage\"},\"thumbnailUrl\":\"https:\\\/\\\/blog.myvideomedia.com\\\/wp-content\\\/uploads\\\/2013\\\/08\\\/Megaspilaeon_4150.jpg\",\"keywords\":[\"Architektur\",\"H\u00f6hle\",\"Kloster\",\"Kultur\",\"Natur\"],\"articleSection\":[\"Griechenland\",\"Peloponnes\"],\"inLanguage\":\"de\",\"potentialAction\":[{\"@type\":\"CommentAction\",\"name\":\"Comment\",\"target\":[\"https:\\\/\\\/blog.myvideomedia.com\\\/de\\\/im-inneren-des-peloponnes\\\/#respond\"]}]},{\"@type\":\"WebPage\",\"@id\":\"https:\\\/\\\/blog.myvideomedia.com\\\/de\\\/im-inneren-des-peloponnes\\\/\",\"url\":\"https:\\\/\\\/blog.myvideomedia.com\\\/de\\\/im-inneren-des-peloponnes\\\/\",\"name\":\"Im Inneren des Peloponnes - Griechenland - Reise Video Blog\",\"isPartOf\":{\"@id\":\"https:\\\/\\\/blog.myvideomedia.com\\\/de\\\/#website\"},\"primaryImageOfPage\":{\"@id\":\"https:\\\/\\\/blog.myvideomedia.com\\\/de\\\/im-inneren-des-peloponnes\\\/#primaryimage\"},\"image\":{\"@id\":\"https:\\\/\\\/blog.myvideomedia.com\\\/de\\\/im-inneren-des-peloponnes\\\/#primaryimage\"},\"thumbnailUrl\":\"https:\\\/\\\/blog.myvideomedia.com\\\/wp-content\\\/uploads\\\/2013\\\/08\\\/Megaspilaeon_4150.jpg\",\"datePublished\":\"2015-06-18T12:51:54+00:00\",\"dateModified\":\"2019-09-21T10:21:40+00:00\",\"description\":\"Unsere Reise f\u00fchrt uns ins Innere des Peloponnes. Entlang der K\u00fcste des Golfs von Korinth fahren wir zun\u00e4chst Richtung Westen bis Trapeza.\",\"breadcrumb\":{\"@id\":\"https:\\\/\\\/blog.myvideomedia.com\\\/de\\\/im-inneren-des-peloponnes\\\/#breadcrumb\"},\"inLanguage\":\"de\",\"potentialAction\":[{\"@type\":\"ReadAction\",\"target\":[\"https:\\\/\\\/blog.myvideomedia.com\\\/de\\\/im-inneren-des-peloponnes\\\/\"]}]},{\"@type\":\"ImageObject\",\"inLanguage\":\"de\",\"@id\":\"https:\\\/\\\/blog.myvideomedia.com\\\/de\\\/im-inneren-des-peloponnes\\\/#primaryimage\",\"url\":\"https:\\\/\\\/blog.myvideomedia.com\\\/wp-content\\\/uploads\\\/2013\\\/08\\\/Megaspilaeon_4150.jpg\",\"contentUrl\":\"https:\\\/\\\/blog.myvideomedia.com\\\/wp-content\\\/uploads\\\/2013\\\/08\\\/Megaspilaeon_4150.jpg\",\"width\":724,\"height\":483,\"caption\":\"Kloster Megaspil\u00e4on\"},{\"@type\":\"BreadcrumbList\",\"@id\":\"https:\\\/\\\/blog.myvideomedia.com\\\/de\\\/im-inneren-des-peloponnes\\\/#breadcrumb\",\"itemListElement\":[{\"@type\":\"ListItem\",\"position\":1,\"name\":\"Home\",\"item\":\"https:\\\/\\\/blog.myvideomedia.com\\\/de\\\/\"},{\"@type\":\"ListItem\",\"position\":2,\"name\":\"Im Inneren des Peloponnes\"}]},{\"@type\":\"WebSite\",\"@id\":\"https:\\\/\\\/blog.myvideomedia.com\\\/de\\\/#website\",\"url\":\"https:\\\/\\\/blog.myvideomedia.com\\\/de\\\/\",\"name\":\"Travel Video Blog\",\"description\":\"myVideoMedia Reisetipps und Reisevideos\",\"publisher\":{\"@id\":\"https:\\\/\\\/blog.myvideomedia.com\\\/de\\\/#\\\/schema\\\/person\\\/87be8fbbed69b1562242448c1c3dcbec\"},\"potentialAction\":[{\"@type\":\"SearchAction\",\"target\":{\"@type\":\"EntryPoint\",\"urlTemplate\":\"https:\\\/\\\/blog.myvideomedia.com\\\/de\\\/?s={search_term_string}\"},\"query-input\":{\"@type\":\"PropertyValueSpecification\",\"valueRequired\":true,\"valueName\":\"search_term_string\"}}],\"inLanguage\":\"de\"},{\"@type\":[\"Person\",\"Organization\"],\"@id\":\"https:\\\/\\\/blog.myvideomedia.com\\\/de\\\/#\\\/schema\\\/person\\\/87be8fbbed69b1562242448c1c3dcbec\",\"name\":\"myVideoMedia\",\"image\":{\"@type\":\"ImageObject\",\"inLanguage\":\"de\",\"@id\":\"https:\\\/\\\/secure.gravatar.com\\\/avatar\\\/460720160715ef8975b781abd1b6985e55ce2f01567bb6757bebd73e7cf74c97?s=96&d=mm&r=g\",\"url\":\"https:\\\/\\\/secure.gravatar.com\\\/avatar\\\/460720160715ef8975b781abd1b6985e55ce2f01567bb6757bebd73e7cf74c97?s=96&d=mm&r=g\",\"contentUrl\":\"https:\\\/\\\/secure.gravatar.com\\\/avatar\\\/460720160715ef8975b781abd1b6985e55ce2f01567bb6757bebd73e7cf74c97?s=96&d=mm&r=g\",\"caption\":\"myVideoMedia\"},\"logo\":{\"@id\":\"https:\\\/\\\/secure.gravatar.com\\\/avatar\\\/460720160715ef8975b781abd1b6985e55ce2f01567bb6757bebd73e7cf74c97?s=96&d=mm&r=g\"},\"description\":\"\\\"The World is a book, and those who do not travel read only a page\\\" - Aurelius Augustinus (354 - 430 AD) Travel is our passion. With our posts and videos we like to inspire people who are planning or preparing for holidays as well as people who simply want to escape from everyday life and dream of faraway countries.\",\"sameAs\":[\"https:\\\/\\\/www.myvideomedia.com\",\"https:\\\/\\\/www.facebook.com\\\/ursula.streit.520\"],\"url\":\"https:\\\/\\\/blog.myvideomedia.com\\\/de\\\/author\\\/traveladm\\\/\"}]}<\/script>\n<!-- \/ Yoast SEO plugin. -->","yoast_head_json":{"title":"Im Inneren des Peloponnes - Griechenland - Reise Video Blog","description":"Unsere Reise f\u00fchrt uns ins Innere des Peloponnes. Entlang der K\u00fcste des Golfs von Korinth fahren wir zun\u00e4chst Richtung Westen bis Trapeza.","robots":{"index":"index","follow":"follow","max-snippet":"max-snippet:-1","max-image-preview":"max-image-preview:large","max-video-preview":"max-video-preview:-1"},"canonical":"https:\/\/blog.myvideomedia.com\/de\/im-inneren-des-peloponnes\/","og_locale":"de_DE","og_type":"article","og_title":"Im Inneren des Peloponnes - Griechenland - Reise Video Blog","og_description":"Unsere Reise f\u00fchrt uns ins Innere des Peloponnes. Entlang der K\u00fcste des Golfs von Korinth fahren wir zun\u00e4chst Richtung Westen bis Trapeza.","og_url":"https:\/\/blog.myvideomedia.com\/de\/im-inneren-des-peloponnes\/","og_site_name":"Reise Video Blog","article_publisher":"https:\/\/www.facebook.com\/ursula.streit.520","article_author":"https:\/\/www.facebook.com\/ursula.streit.520","article_published_time":"2015-06-18T12:51:54+00:00","article_modified_time":"2019-09-21T10:21:40+00:00","og_image":[{"width":724,"height":483,"url":"https:\/\/blog.myvideomedia.com\/wp-content\/uploads\/2013\/08\/Megaspilaeon_4150.jpg","type":"image\/jpeg"}],"author":"myVideoMedia","twitter_card":"summary_large_image","twitter_creator":"@myvideomedia","twitter_site":"@myvideomedia","twitter_misc":{"Verfasst von":"myVideoMedia","Gesch\u00e4tzte Lesezeit":"1\u00a0Minute"},"schema":{"@context":"https:\/\/schema.org","@graph":[{"@type":"Article","@id":"https:\/\/blog.myvideomedia.com\/de\/im-inneren-des-peloponnes\/#article","isPartOf":{"@id":"https:\/\/blog.myvideomedia.com\/de\/im-inneren-des-peloponnes\/"},"author":{"name":"myVideoMedia","@id":"https:\/\/blog.myvideomedia.com\/de\/#\/schema\/person\/87be8fbbed69b1562242448c1c3dcbec"},"headline":"Im Inneren des Peloponnes","datePublished":"2015-06-18T12:51:54+00:00","dateModified":"2019-09-21T10:21:40+00:00","mainEntityOfPage":{"@id":"https:\/\/blog.myvideomedia.com\/de\/im-inneren-des-peloponnes\/"},"wordCount":183,"commentCount":0,"publisher":{"@id":"https:\/\/blog.myvideomedia.com\/de\/#\/schema\/person\/87be8fbbed69b1562242448c1c3dcbec"},"image":{"@id":"https:\/\/blog.myvideomedia.com\/de\/im-inneren-des-peloponnes\/#primaryimage"},"thumbnailUrl":"https:\/\/blog.myvideomedia.com\/wp-content\/uploads\/2013\/08\/Megaspilaeon_4150.jpg","keywords":["Architektur","H\u00f6hle","Kloster","Kultur","Natur"],"articleSection":["Griechenland","Peloponnes"],"inLanguage":"de","potentialAction":[{"@type":"CommentAction","name":"Comment","target":["https:\/\/blog.myvideomedia.com\/de\/im-inneren-des-peloponnes\/#respond"]}]},{"@type":"WebPage","@id":"https:\/\/blog.myvideomedia.com\/de\/im-inneren-des-peloponnes\/","url":"https:\/\/blog.myvideomedia.com\/de\/im-inneren-des-peloponnes\/","name":"Im Inneren des Peloponnes - Griechenland - Reise Video Blog","isPartOf":{"@id":"https:\/\/blog.myvideomedia.com\/de\/#website"},"primaryImageOfPage":{"@id":"https:\/\/blog.myvideomedia.com\/de\/im-inneren-des-peloponnes\/#primaryimage"},"image":{"@id":"https:\/\/blog.myvideomedia.com\/de\/im-inneren-des-peloponnes\/#primaryimage"},"thumbnailUrl":"https:\/\/blog.myvideomedia.com\/wp-content\/uploads\/2013\/08\/Megaspilaeon_4150.jpg","datePublished":"2015-06-18T12:51:54+00:00","dateModified":"2019-09-21T10:21:40+00:00","description":"Unsere Reise f\u00fchrt uns ins Innere des Peloponnes. Entlang der K\u00fcste des Golfs von Korinth fahren wir zun\u00e4chst Richtung Westen bis Trapeza.","breadcrumb":{"@id":"https:\/\/blog.myvideomedia.com\/de\/im-inneren-des-peloponnes\/#breadcrumb"},"inLanguage":"de","potentialAction":[{"@type":"ReadAction","target":["https:\/\/blog.myvideomedia.com\/de\/im-inneren-des-peloponnes\/"]}]},{"@type":"ImageObject","inLanguage":"de","@id":"https:\/\/blog.myvideomedia.com\/de\/im-inneren-des-peloponnes\/#primaryimage","url":"https:\/\/blog.myvideomedia.com\/wp-content\/uploads\/2013\/08\/Megaspilaeon_4150.jpg","contentUrl":"https:\/\/blog.myvideomedia.com\/wp-content\/uploads\/2013\/08\/Megaspilaeon_4150.jpg","width":724,"height":483,"caption":"Kloster Megaspil\u00e4on"},{"@type":"BreadcrumbList","@id":"https:\/\/blog.myvideomedia.com\/de\/im-inneren-des-peloponnes\/#breadcrumb","itemListElement":[{"@type":"ListItem","position":1,"name":"Home","item":"https:\/\/blog.myvideomedia.com\/de\/"},{"@type":"ListItem","position":2,"name":"Im Inneren des Peloponnes"}]},{"@type":"WebSite","@id":"https:\/\/blog.myvideomedia.com\/de\/#website","url":"https:\/\/blog.myvideomedia.com\/de\/","name":"Travel Video Blog","description":"myVideoMedia Reisetipps und Reisevideos","publisher":{"@id":"https:\/\/blog.myvideomedia.com\/de\/#\/schema\/person\/87be8fbbed69b1562242448c1c3dcbec"},"potentialAction":[{"@type":"SearchAction","target":{"@type":"EntryPoint","urlTemplate":"https:\/\/blog.myvideomedia.com\/de\/?s={search_term_string}"},"query-input":{"@type":"PropertyValueSpecification","valueRequired":true,"valueName":"search_term_string"}}],"inLanguage":"de"},{"@type":["Person","Organization"],"@id":"https:\/\/blog.myvideomedia.com\/de\/#\/schema\/person\/87be8fbbed69b1562242448c1c3dcbec","name":"myVideoMedia","image":{"@type":"ImageObject","inLanguage":"de","@id":"https:\/\/secure.gravatar.com\/avatar\/460720160715ef8975b781abd1b6985e55ce2f01567bb6757bebd73e7cf74c97?s=96&d=mm&r=g","url":"https:\/\/secure.gravatar.com\/avatar\/460720160715ef8975b781abd1b6985e55ce2f01567bb6757bebd73e7cf74c97?s=96&d=mm&r=g","contentUrl":"https:\/\/secure.gravatar.com\/avatar\/460720160715ef8975b781abd1b6985e55ce2f01567bb6757bebd73e7cf74c97?s=96&d=mm&r=g","caption":"myVideoMedia"},"logo":{"@id":"https:\/\/secure.gravatar.com\/avatar\/460720160715ef8975b781abd1b6985e55ce2f01567bb6757bebd73e7cf74c97?s=96&d=mm&r=g"},"description":"\"The World is a book, and those who do not travel read only a page\" - Aurelius Augustinus (354 - 430 AD) Travel is our passion. With our posts and videos we like to inspire people who are planning or preparing for holidays as well as people who simply want to escape from everyday life and dream of faraway countries.","sameAs":["https:\/\/www.myvideomedia.com","https:\/\/www.facebook.com\/ursula.streit.520"],"url":"https:\/\/blog.myvideomedia.com\/de\/author\/traveladm\/"}]}},"featured_image_src":"https:\/\/blog.myvideomedia.com\/wp-content\/uploads\/2013\/08\/Megaspilaeon_4150.jpg","featured_image_src_square":"https:\/\/blog.myvideomedia.com\/wp-content\/uploads\/2013\/08\/Megaspilaeon_4150.jpg","author_info":{"display_name":"myVideoMedia","author_link":"https:\/\/blog.myvideomedia.com\/de\/author\/traveladm\/"},"_links":{"self":[{"href":"https:\/\/blog.myvideomedia.com\/de\/wp-json\/wp\/v2\/posts\/7756","targetHints":{"allow":["GET"]}}],"collection":[{"href":"https:\/\/blog.myvideomedia.com\/de\/wp-json\/wp\/v2\/posts"}],"about":[{"href":"https:\/\/blog.myvideomedia.com\/de\/wp-json\/wp\/v2\/types\/post"}],"author":[{"embeddable":true,"href":"https:\/\/blog.myvideomedia.com\/de\/wp-json\/wp\/v2\/users\/1"}],"replies":[{"embeddable":true,"href":"https:\/\/blog.myvideomedia.com\/de\/wp-json\/wp\/v2\/comments?post=7756"}],"version-history":[{"count":0,"href":"https:\/\/blog.myvideomedia.com\/de\/wp-json\/wp\/v2\/posts\/7756\/revisions"}],"wp:featuredmedia":[{"embeddable":true,"href":"https:\/\/blog.myvideomedia.com\/de\/wp-json\/wp\/v2\/media\/4018"}],"wp:attachment":[{"href":"https:\/\/blog.myvideomedia.com\/de\/wp-json\/wp\/v2\/media?parent=7756"}],"wp:term":[{"taxonomy":"category","embeddable":true,"href":"https:\/\/blog.myvideomedia.com\/de\/wp-json\/wp\/v2\/categories?post=7756"},{"taxonomy":"post_tag","embeddable":true,"href":"https:\/\/blog.myvideomedia.com\/de\/wp-json\/wp\/v2\/tags?post=7756"}],"curies":[{"name":"wp","href":"https:\/\/api.w.org\/{rel}","templated":true}]}}