{"id":7867,"date":"2015-06-22T08:35:52","date_gmt":"2015-06-22T07:35:52","guid":{"rendered":"https:\/\/blog.myvideomedia.com\/?p=7867"},"modified":"2022-01-22T16:56:43","modified_gmt":"2022-01-22T15:56:43","slug":"poechlarn-melk-duernstein","status":"publish","type":"post","link":"https:\/\/blog.myvideomedia.com\/de\/poechlarn-melk-duernstein\/","title":{"rendered":"Wachau &#8211; Von P\u00f6chlarn \u00fcber Melk nach D\u00fcrnstein"},"content":{"rendered":"\n<p>Die Gegend um die Ortschaft P\u00f6chlarn war bereits vor 6.000 Jahren besiedelt. Auch hier errichteten die R\u00f6mer ein Kastell.<\/p>\n\n\n\n<p>Bekannt wurde der Ort als Stammburg des R\u00fcdiger von Bechelaren im Nibelungenlied. Der ber\u00fchmteste B\u00fcrger der Stadt ist der Expressionist Oskar Kokoschka.<\/p>\n\n\n\n<p>Nur wenige Kilometer weiter liegt Melk mit seinem ber\u00fchmten Stift.<\/p>\n\n\n\n<h3 class=\"wp-block-heading\"><a href=\"https:\/\/youtu.be\/puylMRo2nLk\" target=\"_blank\" rel=\"noopener nofollow noreferrer\">Hier sehen Sie das Video unserer Fahrt<\/a><\/h3>\n\n\n\n<figure> <div class=\"brlbs-cmpnt-container brlbs-cmpnt-content-blocker brlbs-cmpnt-with-individual-styles\" data-borlabs-cookie-content-blocker-id=\"youtube-content-blocker\" data-borlabs-cookie-content=\"PGlmcmFtZSBzcmM9Imh0dHBzOi8vd3d3LnlvdXR1YmUtbm9jb29raWUuY29tL2VtYmVkL3B1eWxNUm8ybkxrIiB3aWR0aD0iNTYwIiBoZWlnaHQ9IjMxNSI+PC9pZnJhbWU+\"><div class=\"brlbs-cmpnt-cb-preset-c brlbs-cmpnt-cb-youtube\"> <div class=\"brlbs-cmpnt-cb-thumbnail\" style=\"background-image: url('https:\/\/blog.myvideomedia.com\/wp-content\/uploads\/borlabs-cookie\/1\/yt_puylMRo2nLk_hqdefault.jpg')\"><\/div> <div class=\"brlbs-cmpnt-cb-main\"> <div class=\"brlbs-cmpnt-cb-play-button\"><\/div> <div class=\"brlbs-cmpnt-cb-content\"> <p class=\"brlbs-cmpnt-cb-description\">Sie sehen gerade einen Platzhalterinhalt von <strong>YouTube<\/strong>. Um auf den eigentlichen Inhalt zuzugreifen, klicken Sie auf die Schaltfl\u00e4che unten. Bitte beachten Sie, dass dabei Daten an Drittanbieter weitergegeben werden.<\/p> <a class=\"brlbs-cmpnt-cb-provider-toggle\" href=\"#\" data-borlabs-cookie-show-provider-information role=\"button\">Mehr Informationen<\/a> <\/div> <div class=\"brlbs-cmpnt-cb-buttons\"> <a class=\"brlbs-cmpnt-cb-btn\" href=\"#\" data-borlabs-cookie-unblock role=\"button\">Inhalt entsperren<\/a> <a class=\"brlbs-cmpnt-cb-btn\" href=\"#\" data-borlabs-cookie-accept-service role=\"button\" style=\"display: inherit\">Erforderlichen Service akzeptieren und Inhalte entsperren<\/a> <\/div> <\/div> <\/div><\/div><\/figure>\n\n\n\n<p>Urspr\u00fcnglich stand dort die Burg, die Markgraf Leopold I., aus dem Geschlecht der Babenberger, die eigentlich Popponen waren, zu seinem Herrschaftssitz machte, nachdem er 976 mit diesem Gebiet Nieder\u00f6sterreichs von Kaiser Otto II. belehnt worden war.<\/p>\n\n\n\n<p>Damit beginnt das Kapitel \u00f6sterreichischer Geschichte, das mit der k.k. Monarchie endet.<\/p>\n\n\n\n<p>In die Amtszeit seines Nachfolgers, des Markgrafen Heinrich I., fallen die erste urkundliche Erw\u00e4hnung von Ostarr\u00eechi und die Hinrichtung des hl. Koloman, eines irischen K\u00f6nigssohns. Die Steinigung fand in Stockerau statt, begraben wurde er in Melk. Wahrscheinlich f\u00fchrte das Bestehen eines so wichtigen Grabes zur Gr\u00fcndung des Stifts.<\/p>\n\n\n\n<div class=\"wp-block-image\"><figure class=\"aligncenter\"><img loading=\"lazy\" decoding=\"async\" width=\"724\" height=\"483\" src=\"https:\/\/blog.myvideomedia.com\/wp-content\/uploads\/2013\/08\/Stift-Melk_9874.jpg\" alt=\"Melk Abbey\" class=\"wp-image-4028\" srcset=\"https:\/\/blog.myvideomedia.com\/wp-content\/uploads\/2013\/08\/Stift-Melk_9874.jpg 724w, https:\/\/blog.myvideomedia.com\/wp-content\/uploads\/2013\/08\/Stift-Melk_9874-300x200.jpg 300w\" sizes=\"auto, (max-width: 724px) 100vw, 724px\" \/><\/figure><\/div>\n\n\n\n<p>Das Stift in seiner heutigen Form wurde vom Barockbaumeister Jakob Prandtauer errichtet und ist f\u00fcr seine wertvolle Ausstattung ber\u00fchmt.<\/p>\n\n\n\n<div class=\"wp-block-image\"><figure class=\"aligncenter\"><img loading=\"lazy\" decoding=\"async\" width=\"724\" height=\"483\" src=\"https:\/\/blog.myvideomedia.com\/wp-content\/uploads\/2013\/08\/schallaburg_9875.jpg\" alt=\"Schallaburg Castle\" class=\"wp-image-4029\" srcset=\"https:\/\/blog.myvideomedia.com\/wp-content\/uploads\/2013\/08\/schallaburg_9875.jpg 724w, https:\/\/blog.myvideomedia.com\/wp-content\/uploads\/2013\/08\/schallaburg_9875-300x200.jpg 300w\" sizes=\"auto, (max-width: 724px) 100vw, 724px\" \/><\/figure><\/div>\n\n\n\n<p>Nicht weit entfernt von Melk liegt die Schallaburg, die zu den sch\u00f6nsten Renaissanceburgen \u00d6sterreichs z\u00e4hlt. H\u00e4ufig wird sie f\u00fcr bedeutende Wanderausstellungen verwendet; 2006 war hier \u201eDschingis Khan und seine Erben &#8211; das Weltreich der Mongolen&#8220; zu sehen.<\/p>\n\n\n\n<p>Vorbei an Marillenplantagen (Aprikosenplantagen) erreichen wir D\u00fcrnstein, wo einst Richard L\u00f6wenherz gefangen war.<\/p>\n\n\n\n<div class=\"wp-block-image\"><figure class=\"aligncenter\"><img loading=\"lazy\" decoding=\"async\" width=\"724\" height=\"483\" src=\"https:\/\/blog.myvideomedia.com\/wp-content\/uploads\/2013\/08\/duernstein_9892.jpg\" alt=\"Duernstein in the Wachau \" class=\"wp-image-4030\" srcset=\"https:\/\/blog.myvideomedia.com\/wp-content\/uploads\/2013\/08\/duernstein_9892.jpg 724w, https:\/\/blog.myvideomedia.com\/wp-content\/uploads\/2013\/08\/duernstein_9892-300x200.jpg 300w\" sizes=\"auto, (max-width: 724px) 100vw, 724px\" \/><\/figure><\/div>\n\n\n\n<p>Bitte lesen Sie weiter &gt; <a href=\"https:\/\/blog.myvideomedia.com\/de\/laxenburg-und-mayerling\/\">Laxenburg und Mayerling<\/a><\/p>\n\n\n\n<h3 class=\"wp-block-heading\">Pin it &#8211; f\u00fcr sp\u00e4ter merken<\/h3>\n\n\n\n<div class=\"wp-block-image\"><figure class=\"aligncenter\"><img loading=\"lazy\" decoding=\"async\" width=\"400\" height=\"600\" src=\"https:\/\/blog.myvideomedia.com\/wp-content\/uploads\/2013\/08\/Poechlarn-to-Duernstein-c-400x600.jpg\" alt=\"P\u00f6chlarn nach D\u00fcrnstein\" class=\"wp-image-18036\" srcset=\"https:\/\/blog.myvideomedia.com\/wp-content\/uploads\/2013\/08\/Poechlarn-to-Duernstein-c-400x600.jpg 400w, https:\/\/blog.myvideomedia.com\/wp-content\/uploads\/2013\/08\/Poechlarn-to-Duernstein-c.jpg 735w\" sizes=\"auto, (max-width: 400px) 100vw, 400px\" \/><\/figure><\/div>\n\n\n\n<p>Text, Fotos und Video: Copyright \u00a9 <a href=\"https:\/\/www.myvideomedia.com\/de\" target=\"_blank\" rel=\"noopener noreferrer\">myVideoMedia<\/a><\/p>\n","protected":false},"excerpt":{"rendered":"<p>Die Gegend um die Ortschaft P\u00f6chlarn war bereits vor 6.000 Jahren besiedelt. Auch hier errichteten die R\u00f6mer ein Kastell. Bekannt wurde der Ort als Stammburg des R\u00fcdiger von Bechelaren im Nibelungenlied. Der ber\u00fchmteste B\u00fcrger der Stadt ist der Expressionist Oskar Kokoschka. Nur wenige Kilometer weiter liegt Melk mit seinem ber\u00fchmten Stift. Hier sehen Sie das [&hellip;]<\/p>\n","protected":false},"author":1,"featured_media":4027,"comment_status":"open","ping_status":"closed","sticky":false,"template":"","format":"standard","meta":{"_genesis_hide_title":false,"_genesis_hide_breadcrumbs":false,"_genesis_hide_singular_image":false,"_genesis_hide_footer_widgets":false,"_genesis_custom_body_class":"","_genesis_custom_post_class":"","_genesis_layout":"","footnotes":""},"categories":[1550,494,492],"tags":[1532,455,692,469,451],"class_list":{"0":"post-7867","1":"post","2":"type-post","3":"status-publish","4":"format-standard","5":"has-post-thumbnail","7":"category-europa","8":"category-niederoesterreich","9":"category-oesterreich","10":"tag-geschichte-de","11":"tag-kultur","12":"tag-autofahrt","13":"tag-natur","14":"tag-schloss","15":"entry"},"yoast_head":"<!-- This site is optimized with the Yoast SEO plugin v27.4 - https:\/\/yoast.com\/product\/yoast-seo-wordpress\/ -->\n<title>Wachau - Von P\u00f6chlarn \u00fcber Melk nach D\u00fcrnstein - \u00d6sterreich<\/title>\n<meta name=\"description\" content=\"Die Gegend um P\u00f6chlarn war bereits vor 6.000 Jahren besiedelt. Bekannt wurde der Ort als Stammburg des R\u00fcdiger von Bechelaren.\" \/>\n<meta name=\"robots\" content=\"index, follow, max-snippet:-1, max-image-preview:large, max-video-preview:-1\" \/>\n<link rel=\"canonical\" href=\"https:\/\/blog.myvideomedia.com\/de\/poechlarn-melk-duernstein\/\" \/>\n<meta property=\"og:locale\" content=\"de_DE\" \/>\n<meta property=\"og:type\" content=\"article\" \/>\n<meta property=\"og:title\" content=\"Wachau - Von P\u00f6chlarn \u00fcber Melk nach D\u00fcrnstein - \u00d6sterreich\" \/>\n<meta property=\"og:description\" content=\"Die Gegend um P\u00f6chlarn war bereits vor 6.000 Jahren besiedelt. Bekannt wurde der Ort als Stammburg des R\u00fcdiger von Bechelaren.\" \/>\n<meta property=\"og:url\" content=\"https:\/\/blog.myvideomedia.com\/de\/poechlarn-melk-duernstein\/\" \/>\n<meta property=\"og:site_name\" content=\"Reise Video Blog\" \/>\n<meta property=\"article:publisher\" content=\"https:\/\/www.facebook.com\/ursula.streit.520\" \/>\n<meta property=\"article:author\" content=\"https:\/\/www.facebook.com\/ursula.streit.520\" \/>\n<meta property=\"article:published_time\" content=\"2015-06-22T07:35:52+00:00\" \/>\n<meta property=\"article:modified_time\" content=\"2022-01-22T15:56:43+00:00\" \/>\n<meta property=\"og:image\" content=\"https:\/\/blog.myvideomedia.com\/wp-content\/uploads\/2013\/08\/Poechlarn_9869.jpg\" \/>\n\t<meta property=\"og:image:width\" content=\"724\" \/>\n\t<meta property=\"og:image:height\" content=\"483\" \/>\n\t<meta property=\"og:image:type\" content=\"image\/jpeg\" \/>\n<meta name=\"author\" content=\"myVideoMedia\" \/>\n<meta name=\"twitter:card\" content=\"summary_large_image\" \/>\n<meta name=\"twitter:creator\" content=\"@myvideomedia\" \/>\n<meta name=\"twitter:site\" content=\"@myvideomedia\" \/>\n<meta name=\"twitter:label1\" content=\"Verfasst von\" \/>\n\t<meta name=\"twitter:data1\" content=\"myVideoMedia\" \/>\n\t<meta name=\"twitter:label2\" content=\"Gesch\u00e4tzte Lesezeit\" \/>\n\t<meta name=\"twitter:data2\" content=\"2\u00a0Minuten\" \/>\n<script type=\"application\/ld+json\" class=\"yoast-schema-graph\">{\"@context\":\"https:\\\/\\\/schema.org\",\"@graph\":[{\"@type\":\"Article\",\"@id\":\"https:\\\/\\\/blog.myvideomedia.com\\\/de\\\/poechlarn-melk-duernstein\\\/#article\",\"isPartOf\":{\"@id\":\"https:\\\/\\\/blog.myvideomedia.com\\\/de\\\/poechlarn-melk-duernstein\\\/\"},\"author\":{\"name\":\"myVideoMedia\",\"@id\":\"https:\\\/\\\/blog.myvideomedia.com\\\/de\\\/#\\\/schema\\\/person\\\/87be8fbbed69b1562242448c1c3dcbec\"},\"headline\":\"Wachau &#8211; Von P\u00f6chlarn \u00fcber Melk nach D\u00fcrnstein\",\"datePublished\":\"2015-06-22T07:35:52+00:00\",\"dateModified\":\"2022-01-22T15:56:43+00:00\",\"mainEntityOfPage\":{\"@id\":\"https:\\\/\\\/blog.myvideomedia.com\\\/de\\\/poechlarn-melk-duernstein\\\/\"},\"wordCount\":274,\"commentCount\":0,\"publisher\":{\"@id\":\"https:\\\/\\\/blog.myvideomedia.com\\\/de\\\/#\\\/schema\\\/person\\\/87be8fbbed69b1562242448c1c3dcbec\"},\"image\":{\"@id\":\"https:\\\/\\\/blog.myvideomedia.com\\\/de\\\/poechlarn-melk-duernstein\\\/#primaryimage\"},\"thumbnailUrl\":\"https:\\\/\\\/blog.myvideomedia.com\\\/wp-content\\\/uploads\\\/2013\\\/08\\\/Poechlarn_9869.jpg\",\"keywords\":[\"Geschichte\",\"Kultur\",\"mit dem Auto\",\"Natur\",\"Schloss\"],\"articleSection\":[\"Europa\",\"Nieder\u00f6sterreich\",\"\u00d6sterreich\"],\"inLanguage\":\"de\",\"potentialAction\":[{\"@type\":\"CommentAction\",\"name\":\"Comment\",\"target\":[\"https:\\\/\\\/blog.myvideomedia.com\\\/de\\\/poechlarn-melk-duernstein\\\/#respond\"]}]},{\"@type\":\"WebPage\",\"@id\":\"https:\\\/\\\/blog.myvideomedia.com\\\/de\\\/poechlarn-melk-duernstein\\\/\",\"url\":\"https:\\\/\\\/blog.myvideomedia.com\\\/de\\\/poechlarn-melk-duernstein\\\/\",\"name\":\"Wachau - Von P\u00f6chlarn \u00fcber Melk nach D\u00fcrnstein - \u00d6sterreich\",\"isPartOf\":{\"@id\":\"https:\\\/\\\/blog.myvideomedia.com\\\/de\\\/#website\"},\"primaryImageOfPage\":{\"@id\":\"https:\\\/\\\/blog.myvideomedia.com\\\/de\\\/poechlarn-melk-duernstein\\\/#primaryimage\"},\"image\":{\"@id\":\"https:\\\/\\\/blog.myvideomedia.com\\\/de\\\/poechlarn-melk-duernstein\\\/#primaryimage\"},\"thumbnailUrl\":\"https:\\\/\\\/blog.myvideomedia.com\\\/wp-content\\\/uploads\\\/2013\\\/08\\\/Poechlarn_9869.jpg\",\"datePublished\":\"2015-06-22T07:35:52+00:00\",\"dateModified\":\"2022-01-22T15:56:43+00:00\",\"description\":\"Die Gegend um P\u00f6chlarn war bereits vor 6.000 Jahren besiedelt. Bekannt wurde der Ort als Stammburg des R\u00fcdiger von Bechelaren.\",\"breadcrumb\":{\"@id\":\"https:\\\/\\\/blog.myvideomedia.com\\\/de\\\/poechlarn-melk-duernstein\\\/#breadcrumb\"},\"inLanguage\":\"de\",\"potentialAction\":[{\"@type\":\"ReadAction\",\"target\":[\"https:\\\/\\\/blog.myvideomedia.com\\\/de\\\/poechlarn-melk-duernstein\\\/\"]}]},{\"@type\":\"ImageObject\",\"inLanguage\":\"de\",\"@id\":\"https:\\\/\\\/blog.myvideomedia.com\\\/de\\\/poechlarn-melk-duernstein\\\/#primaryimage\",\"url\":\"https:\\\/\\\/blog.myvideomedia.com\\\/wp-content\\\/uploads\\\/2013\\\/08\\\/Poechlarn_9869.jpg\",\"contentUrl\":\"https:\\\/\\\/blog.myvideomedia.com\\\/wp-content\\\/uploads\\\/2013\\\/08\\\/Poechlarn_9869.jpg\",\"width\":724,\"height\":483},{\"@type\":\"BreadcrumbList\",\"@id\":\"https:\\\/\\\/blog.myvideomedia.com\\\/de\\\/poechlarn-melk-duernstein\\\/#breadcrumb\",\"itemListElement\":[{\"@type\":\"ListItem\",\"position\":1,\"name\":\"Home\",\"item\":\"https:\\\/\\\/blog.myvideomedia.com\\\/de\\\/\"},{\"@type\":\"ListItem\",\"position\":2,\"name\":\"Wachau &#8211; Von P\u00f6chlarn \u00fcber Melk nach D\u00fcrnstein\"}]},{\"@type\":\"WebSite\",\"@id\":\"https:\\\/\\\/blog.myvideomedia.com\\\/de\\\/#website\",\"url\":\"https:\\\/\\\/blog.myvideomedia.com\\\/de\\\/\",\"name\":\"Travel Video Blog\",\"description\":\"myVideoMedia Reisetipps und Reisevideos\",\"publisher\":{\"@id\":\"https:\\\/\\\/blog.myvideomedia.com\\\/de\\\/#\\\/schema\\\/person\\\/87be8fbbed69b1562242448c1c3dcbec\"},\"potentialAction\":[{\"@type\":\"SearchAction\",\"target\":{\"@type\":\"EntryPoint\",\"urlTemplate\":\"https:\\\/\\\/blog.myvideomedia.com\\\/de\\\/?s={search_term_string}\"},\"query-input\":{\"@type\":\"PropertyValueSpecification\",\"valueRequired\":true,\"valueName\":\"search_term_string\"}}],\"inLanguage\":\"de\"},{\"@type\":[\"Person\",\"Organization\"],\"@id\":\"https:\\\/\\\/blog.myvideomedia.com\\\/de\\\/#\\\/schema\\\/person\\\/87be8fbbed69b1562242448c1c3dcbec\",\"name\":\"myVideoMedia\",\"image\":{\"@type\":\"ImageObject\",\"inLanguage\":\"de\",\"@id\":\"https:\\\/\\\/secure.gravatar.com\\\/avatar\\\/460720160715ef8975b781abd1b6985e55ce2f01567bb6757bebd73e7cf74c97?s=96&d=mm&r=g\",\"url\":\"https:\\\/\\\/secure.gravatar.com\\\/avatar\\\/460720160715ef8975b781abd1b6985e55ce2f01567bb6757bebd73e7cf74c97?s=96&d=mm&r=g\",\"contentUrl\":\"https:\\\/\\\/secure.gravatar.com\\\/avatar\\\/460720160715ef8975b781abd1b6985e55ce2f01567bb6757bebd73e7cf74c97?s=96&d=mm&r=g\",\"caption\":\"myVideoMedia\"},\"logo\":{\"@id\":\"https:\\\/\\\/secure.gravatar.com\\\/avatar\\\/460720160715ef8975b781abd1b6985e55ce2f01567bb6757bebd73e7cf74c97?s=96&d=mm&r=g\"},\"description\":\"\\\"The World is a book, and those who do not travel read only a page\\\" - Aurelius Augustinus (354 - 430 AD) Travel is our passion. With our posts and videos we like to inspire people who are planning or preparing for holidays as well as people who simply want to escape from everyday life and dream of faraway countries.\",\"sameAs\":[\"https:\\\/\\\/www.myvideomedia.com\",\"https:\\\/\\\/www.facebook.com\\\/ursula.streit.520\"],\"url\":\"https:\\\/\\\/blog.myvideomedia.com\\\/de\\\/author\\\/traveladm\\\/\"}]}<\/script>\n<!-- \/ Yoast SEO plugin. -->","yoast_head_json":{"title":"Wachau - Von P\u00f6chlarn \u00fcber Melk nach D\u00fcrnstein - \u00d6sterreich","description":"Die Gegend um P\u00f6chlarn war bereits vor 6.000 Jahren besiedelt. Bekannt wurde der Ort als Stammburg des R\u00fcdiger von Bechelaren.","robots":{"index":"index","follow":"follow","max-snippet":"max-snippet:-1","max-image-preview":"max-image-preview:large","max-video-preview":"max-video-preview:-1"},"canonical":"https:\/\/blog.myvideomedia.com\/de\/poechlarn-melk-duernstein\/","og_locale":"de_DE","og_type":"article","og_title":"Wachau - Von P\u00f6chlarn \u00fcber Melk nach D\u00fcrnstein - \u00d6sterreich","og_description":"Die Gegend um P\u00f6chlarn war bereits vor 6.000 Jahren besiedelt. Bekannt wurde der Ort als Stammburg des R\u00fcdiger von Bechelaren.","og_url":"https:\/\/blog.myvideomedia.com\/de\/poechlarn-melk-duernstein\/","og_site_name":"Reise Video Blog","article_publisher":"https:\/\/www.facebook.com\/ursula.streit.520","article_author":"https:\/\/www.facebook.com\/ursula.streit.520","article_published_time":"2015-06-22T07:35:52+00:00","article_modified_time":"2022-01-22T15:56:43+00:00","og_image":[{"width":724,"height":483,"url":"https:\/\/blog.myvideomedia.com\/wp-content\/uploads\/2013\/08\/Poechlarn_9869.jpg","type":"image\/jpeg"}],"author":"myVideoMedia","twitter_card":"summary_large_image","twitter_creator":"@myvideomedia","twitter_site":"@myvideomedia","twitter_misc":{"Verfasst von":"myVideoMedia","Gesch\u00e4tzte Lesezeit":"2\u00a0Minuten"},"schema":{"@context":"https:\/\/schema.org","@graph":[{"@type":"Article","@id":"https:\/\/blog.myvideomedia.com\/de\/poechlarn-melk-duernstein\/#article","isPartOf":{"@id":"https:\/\/blog.myvideomedia.com\/de\/poechlarn-melk-duernstein\/"},"author":{"name":"myVideoMedia","@id":"https:\/\/blog.myvideomedia.com\/de\/#\/schema\/person\/87be8fbbed69b1562242448c1c3dcbec"},"headline":"Wachau &#8211; Von P\u00f6chlarn \u00fcber Melk nach D\u00fcrnstein","datePublished":"2015-06-22T07:35:52+00:00","dateModified":"2022-01-22T15:56:43+00:00","mainEntityOfPage":{"@id":"https:\/\/blog.myvideomedia.com\/de\/poechlarn-melk-duernstein\/"},"wordCount":274,"commentCount":0,"publisher":{"@id":"https:\/\/blog.myvideomedia.com\/de\/#\/schema\/person\/87be8fbbed69b1562242448c1c3dcbec"},"image":{"@id":"https:\/\/blog.myvideomedia.com\/de\/poechlarn-melk-duernstein\/#primaryimage"},"thumbnailUrl":"https:\/\/blog.myvideomedia.com\/wp-content\/uploads\/2013\/08\/Poechlarn_9869.jpg","keywords":["Geschichte","Kultur","mit dem Auto","Natur","Schloss"],"articleSection":["Europa","Nieder\u00f6sterreich","\u00d6sterreich"],"inLanguage":"de","potentialAction":[{"@type":"CommentAction","name":"Comment","target":["https:\/\/blog.myvideomedia.com\/de\/poechlarn-melk-duernstein\/#respond"]}]},{"@type":"WebPage","@id":"https:\/\/blog.myvideomedia.com\/de\/poechlarn-melk-duernstein\/","url":"https:\/\/blog.myvideomedia.com\/de\/poechlarn-melk-duernstein\/","name":"Wachau - Von P\u00f6chlarn \u00fcber Melk nach D\u00fcrnstein - \u00d6sterreich","isPartOf":{"@id":"https:\/\/blog.myvideomedia.com\/de\/#website"},"primaryImageOfPage":{"@id":"https:\/\/blog.myvideomedia.com\/de\/poechlarn-melk-duernstein\/#primaryimage"},"image":{"@id":"https:\/\/blog.myvideomedia.com\/de\/poechlarn-melk-duernstein\/#primaryimage"},"thumbnailUrl":"https:\/\/blog.myvideomedia.com\/wp-content\/uploads\/2013\/08\/Poechlarn_9869.jpg","datePublished":"2015-06-22T07:35:52+00:00","dateModified":"2022-01-22T15:56:43+00:00","description":"Die Gegend um P\u00f6chlarn war bereits vor 6.000 Jahren besiedelt. Bekannt wurde der Ort als Stammburg des R\u00fcdiger von Bechelaren.","breadcrumb":{"@id":"https:\/\/blog.myvideomedia.com\/de\/poechlarn-melk-duernstein\/#breadcrumb"},"inLanguage":"de","potentialAction":[{"@type":"ReadAction","target":["https:\/\/blog.myvideomedia.com\/de\/poechlarn-melk-duernstein\/"]}]},{"@type":"ImageObject","inLanguage":"de","@id":"https:\/\/blog.myvideomedia.com\/de\/poechlarn-melk-duernstein\/#primaryimage","url":"https:\/\/blog.myvideomedia.com\/wp-content\/uploads\/2013\/08\/Poechlarn_9869.jpg","contentUrl":"https:\/\/blog.myvideomedia.com\/wp-content\/uploads\/2013\/08\/Poechlarn_9869.jpg","width":724,"height":483},{"@type":"BreadcrumbList","@id":"https:\/\/blog.myvideomedia.com\/de\/poechlarn-melk-duernstein\/#breadcrumb","itemListElement":[{"@type":"ListItem","position":1,"name":"Home","item":"https:\/\/blog.myvideomedia.com\/de\/"},{"@type":"ListItem","position":2,"name":"Wachau &#8211; Von P\u00f6chlarn \u00fcber Melk nach D\u00fcrnstein"}]},{"@type":"WebSite","@id":"https:\/\/blog.myvideomedia.com\/de\/#website","url":"https:\/\/blog.myvideomedia.com\/de\/","name":"Travel Video Blog","description":"myVideoMedia Reisetipps und Reisevideos","publisher":{"@id":"https:\/\/blog.myvideomedia.com\/de\/#\/schema\/person\/87be8fbbed69b1562242448c1c3dcbec"},"potentialAction":[{"@type":"SearchAction","target":{"@type":"EntryPoint","urlTemplate":"https:\/\/blog.myvideomedia.com\/de\/?s={search_term_string}"},"query-input":{"@type":"PropertyValueSpecification","valueRequired":true,"valueName":"search_term_string"}}],"inLanguage":"de"},{"@type":["Person","Organization"],"@id":"https:\/\/blog.myvideomedia.com\/de\/#\/schema\/person\/87be8fbbed69b1562242448c1c3dcbec","name":"myVideoMedia","image":{"@type":"ImageObject","inLanguage":"de","@id":"https:\/\/secure.gravatar.com\/avatar\/460720160715ef8975b781abd1b6985e55ce2f01567bb6757bebd73e7cf74c97?s=96&d=mm&r=g","url":"https:\/\/secure.gravatar.com\/avatar\/460720160715ef8975b781abd1b6985e55ce2f01567bb6757bebd73e7cf74c97?s=96&d=mm&r=g","contentUrl":"https:\/\/secure.gravatar.com\/avatar\/460720160715ef8975b781abd1b6985e55ce2f01567bb6757bebd73e7cf74c97?s=96&d=mm&r=g","caption":"myVideoMedia"},"logo":{"@id":"https:\/\/secure.gravatar.com\/avatar\/460720160715ef8975b781abd1b6985e55ce2f01567bb6757bebd73e7cf74c97?s=96&d=mm&r=g"},"description":"\"The World is a book, and those who do not travel read only a page\" - Aurelius Augustinus (354 - 430 AD) Travel is our passion. With our posts and videos we like to inspire people who are planning or preparing for holidays as well as people who simply want to escape from everyday life and dream of faraway countries.","sameAs":["https:\/\/www.myvideomedia.com","https:\/\/www.facebook.com\/ursula.streit.520"],"url":"https:\/\/blog.myvideomedia.com\/de\/author\/traveladm\/"}]}},"featured_image_src":"https:\/\/blog.myvideomedia.com\/wp-content\/uploads\/2013\/08\/Poechlarn_9869.jpg","featured_image_src_square":"https:\/\/blog.myvideomedia.com\/wp-content\/uploads\/2013\/08\/Poechlarn_9869.jpg","author_info":{"display_name":"myVideoMedia","author_link":"https:\/\/blog.myvideomedia.com\/de\/author\/traveladm\/"},"_links":{"self":[{"href":"https:\/\/blog.myvideomedia.com\/de\/wp-json\/wp\/v2\/posts\/7867","targetHints":{"allow":["GET"]}}],"collection":[{"href":"https:\/\/blog.myvideomedia.com\/de\/wp-json\/wp\/v2\/posts"}],"about":[{"href":"https:\/\/blog.myvideomedia.com\/de\/wp-json\/wp\/v2\/types\/post"}],"author":[{"embeddable":true,"href":"https:\/\/blog.myvideomedia.com\/de\/wp-json\/wp\/v2\/users\/1"}],"replies":[{"embeddable":true,"href":"https:\/\/blog.myvideomedia.com\/de\/wp-json\/wp\/v2\/comments?post=7867"}],"version-history":[{"count":0,"href":"https:\/\/blog.myvideomedia.com\/de\/wp-json\/wp\/v2\/posts\/7867\/revisions"}],"wp:featuredmedia":[{"embeddable":true,"href":"https:\/\/blog.myvideomedia.com\/de\/wp-json\/wp\/v2\/media\/4027"}],"wp:attachment":[{"href":"https:\/\/blog.myvideomedia.com\/de\/wp-json\/wp\/v2\/media?parent=7867"}],"wp:term":[{"taxonomy":"category","embeddable":true,"href":"https:\/\/blog.myvideomedia.com\/de\/wp-json\/wp\/v2\/categories?post=7867"},{"taxonomy":"post_tag","embeddable":true,"href":"https:\/\/blog.myvideomedia.com\/de\/wp-json\/wp\/v2\/tags?post=7867"}],"curies":[{"name":"wp","href":"https:\/\/api.w.org\/{rel}","templated":true}]}}