{"id":7869,"date":"2015-06-22T10:05:18","date_gmt":"2015-06-22T09:05:18","guid":{"rendered":"https:\/\/blog.myvideomedia.com\/?p=7869"},"modified":"2022-01-16T10:12:07","modified_gmt":"2022-01-16T09:12:07","slug":"evora-portugal","status":"publish","type":"post","link":"https:\/\/blog.myvideomedia.com\/de\/evora-portugal\/","title":{"rendered":"Evora &#8211; UNESCO Weltkulturerbe in Portugal"},"content":{"rendered":"\n<p>Evora, im Herzen Portugals in der Region Alentejo gelegen, war bereits im Neolithikum besiedelt. Als die R\u00f6mer das Land besiedelten, bauten sie in Evora aus.<\/p>\n\n\n\n<p>Ein riesiges Viadukt, die Burg und der pr\u00e4chtige Diana \u2013 Tempel sind aus jener Zeit noch erhalten. Sp\u00e4ter erweiterten die Mauren die Burg und bauten eine Moschee.<\/p>\n\n\n\n<p>Geraldo Geraldes, o Sem Pavor (= Gerald ohne Furcht) eroberte \u00c9vora f\u00fcr K\u00f6nig Afonso Henriques. Endg\u00fcltig vertrieben wurden die Mauren mit der Unterst\u00fctzung des Ritterordens von Avis. Dieser macht \u00c9vora 1166 zu seinem anf\u00e4nglichen Sitz und nennt sich auch Ritterorden \u00c9vora.<\/p>\n\n\n\n<h3 class=\"wp-block-heading\"><a href=\"https:\/\/youtu.be\/29YDBEFore4\" target=\"_blank\" rel=\"noopener\">Hier sehen Sie das Video zum Artikel<\/a><\/h3>\n\n\n\n<figure> <div class=\"brlbs-cmpnt-container brlbs-cmpnt-content-blocker brlbs-cmpnt-with-individual-styles\" data-borlabs-cookie-content-blocker-id=\"youtube-content-blocker\" data-borlabs-cookie-content=\"PGlmcmFtZSBzcmM9Imh0dHBzOi8vd3d3LnlvdXR1YmUtbm9jb29raWUuY29tL2VtYmVkLzI5WURCRUZvcmU0IiB3aWR0aD0iNjAwIiBoZWlnaHQ9IjMzOCI+PC9pZnJhbWU+\"><div class=\"brlbs-cmpnt-cb-preset-c brlbs-cmpnt-cb-youtube\"> <div class=\"brlbs-cmpnt-cb-thumbnail\" style=\"background-image: url('https:\/\/blog.myvideomedia.com\/wp-content\/uploads\/borlabs-cookie\/1\/yt_29YDBEFore4_hqdefault.jpg')\"><\/div> <div class=\"brlbs-cmpnt-cb-main\"> <div class=\"brlbs-cmpnt-cb-play-button\"><\/div> <div class=\"brlbs-cmpnt-cb-content\"> <p class=\"brlbs-cmpnt-cb-description\">Sie sehen gerade einen Platzhalterinhalt von <strong>YouTube<\/strong>. Um auf den eigentlichen Inhalt zuzugreifen, klicken Sie auf die Schaltfl\u00e4che unten. Bitte beachten Sie, dass dabei Daten an Drittanbieter weitergegeben werden.<\/p> <a class=\"brlbs-cmpnt-cb-provider-toggle\" href=\"#\" data-borlabs-cookie-show-provider-information role=\"button\">Mehr Informationen<\/a> <\/div> <div class=\"brlbs-cmpnt-cb-buttons\"> <a class=\"brlbs-cmpnt-cb-btn\" href=\"#\" data-borlabs-cookie-unblock role=\"button\">Inhalt entsperren<\/a> <a class=\"brlbs-cmpnt-cb-btn\" href=\"#\" data-borlabs-cookie-accept-service role=\"button\" style=\"display: inherit\">Erforderlichen Service akzeptieren und Inhalte entsperren<\/a> <\/div> <\/div> <\/div><\/div><\/figure>\n\n\n\n<p>Zur Befestigung der Stadt wird eine, noch weitestgehend erhaltene, Mauer gebaut. Seit dem 12. Jahrhundert lie\u00dfen sich Portugals K\u00f6nige in \u00c9vora, das zu einem Zentrum des Humanismus aufbl\u00fchte, kr\u00f6nen. 1973 wird die 1559 gegr\u00fcndete Universit\u00e4t wieder er\u00f6ffnet, nachdem sie 1759 geschlossen wurde. \u00c9vora hatte nach der Angliederung an Spanien an Einfluss verloren.<\/p>\n\n\n\n<p>Weitere Sehensw\u00fcrdigkeiten sind die Kathedrale S\u00e9, der ehemalige K\u00f6nigssitz Pa\u00e7o dos Condes de Basto und das Beinhaus Capela dos Ossos.<\/p>\n\n\n\n<p>Seit 1986 z\u00e4hlt \u00c9vora zum Weltkulturerbe der UNECO.<\/p>\n\n\n\n<p>Text, Fotos und Video: Copyright \u00a9 <a href=\"https:\/\/www.myvideomedia.com\/de\" target=\"_blank\" rel=\"noopener\">myVideoMedia<\/a><\/p>\n","protected":false},"excerpt":{"rendered":"<p>Evora, im Herzen Portugals in der Region Alentejo gelegen, war bereits im Neolithikum besiedelt. Als die R\u00f6mer das Land besiedelten, bauten sie in Evora aus. Ein riesiges Viadukt, die Burg und der pr\u00e4chtige Diana \u2013 Tempel sind aus jener Zeit noch erhalten. Sp\u00e4ter erweiterten die Mauren die Burg und bauten eine Moschee. Geraldo Geraldes, o [&hellip;]<\/p>\n","protected":false},"author":1,"featured_media":4466,"comment_status":"open","ping_status":"closed","sticky":false,"template":"","format":"standard","meta":{"_genesis_hide_title":false,"_genesis_hide_breadcrumbs":false,"_genesis_hide_singular_image":false,"_genesis_hide_footer_widgets":false,"_genesis_custom_body_class":"","_genesis_custom_post_class":"","_genesis_layout":"","footnotes":""},"categories":[1550,525],"tags":[446,447,455,453,476],"class_list":{"0":"post-7869","1":"post","2":"type-post","3":"status-publish","4":"format-standard","5":"has-post-thumbnail","7":"category-europa","8":"category-portugal_d","9":"tag-archaeologie","10":"tag-architektur","11":"tag-kultur","12":"tag-stadt","13":"tag-unesco-weltkulturerbe","14":"entry"},"yoast_head":"<!-- This site is optimized with the Yoast SEO plugin v27.4 - https:\/\/yoast.com\/product\/yoast-seo-wordpress\/ -->\n<title>Evora - UNESCO Weltkulturerbe in Portugal - Reise Video Blog<\/title>\n<meta name=\"description\" content=\"Evora, im Herzen Portugals in der Region Alentejo gelegen, war bereits im Neolithikum besiedelt. Sp\u00e4ter wurde Evora von den R\u00f6mer ausgebaut.\" \/>\n<meta name=\"robots\" content=\"index, follow, max-snippet:-1, max-image-preview:large, max-video-preview:-1\" \/>\n<link rel=\"canonical\" href=\"https:\/\/blog.myvideomedia.com\/de\/evora-portugal\/\" \/>\n<meta property=\"og:locale\" content=\"de_DE\" \/>\n<meta property=\"og:type\" content=\"article\" \/>\n<meta property=\"og:title\" content=\"Evora - UNESCO Weltkulturerbe in Portugal - Reise Video Blog\" \/>\n<meta property=\"og:description\" content=\"Evora, im Herzen Portugals in der Region Alentejo gelegen, war bereits im Neolithikum besiedelt. Sp\u00e4ter wurde Evora von den R\u00f6mer ausgebaut.\" \/>\n<meta property=\"og:url\" content=\"https:\/\/blog.myvideomedia.com\/de\/evora-portugal\/\" \/>\n<meta property=\"og:site_name\" content=\"Reise Video Blog\" \/>\n<meta property=\"article:publisher\" content=\"https:\/\/www.facebook.com\/ursula.streit.520\" \/>\n<meta property=\"article:author\" content=\"https:\/\/www.facebook.com\/ursula.streit.520\" \/>\n<meta property=\"article:published_time\" content=\"2015-06-22T09:05:18+00:00\" \/>\n<meta property=\"article:modified_time\" content=\"2022-01-16T09:12:07+00:00\" \/>\n<meta property=\"og:image\" content=\"https:\/\/blog.myvideomedia.com\/wp-content\/uploads\/2012\/07\/Evora.jpg\" \/>\n\t<meta property=\"og:image:width\" content=\"800\" \/>\n\t<meta property=\"og:image:height\" content=\"583\" \/>\n\t<meta property=\"og:image:type\" content=\"image\/jpeg\" \/>\n<meta name=\"author\" content=\"myVideoMedia\" \/>\n<meta name=\"twitter:card\" content=\"summary_large_image\" \/>\n<meta name=\"twitter:creator\" content=\"@myvideomedia\" \/>\n<meta name=\"twitter:site\" content=\"@myvideomedia\" \/>\n<meta name=\"twitter:label1\" content=\"Verfasst von\" \/>\n\t<meta name=\"twitter:data1\" content=\"myVideoMedia\" \/>\n\t<meta name=\"twitter:label2\" content=\"Gesch\u00e4tzte Lesezeit\" \/>\n\t<meta name=\"twitter:data2\" content=\"1\u00a0Minute\" \/>\n<script type=\"application\/ld+json\" class=\"yoast-schema-graph\">{\"@context\":\"https:\\\/\\\/schema.org\",\"@graph\":[{\"@type\":\"Article\",\"@id\":\"https:\\\/\\\/blog.myvideomedia.com\\\/de\\\/evora-portugal\\\/#article\",\"isPartOf\":{\"@id\":\"https:\\\/\\\/blog.myvideomedia.com\\\/de\\\/evora-portugal\\\/\"},\"author\":{\"name\":\"myVideoMedia\",\"@id\":\"https:\\\/\\\/blog.myvideomedia.com\\\/de\\\/#\\\/schema\\\/person\\\/87be8fbbed69b1562242448c1c3dcbec\"},\"headline\":\"Evora &#8211; UNESCO Weltkulturerbe in Portugal\",\"datePublished\":\"2015-06-22T09:05:18+00:00\",\"dateModified\":\"2022-01-16T09:12:07+00:00\",\"mainEntityOfPage\":{\"@id\":\"https:\\\/\\\/blog.myvideomedia.com\\\/de\\\/evora-portugal\\\/\"},\"wordCount\":203,\"commentCount\":0,\"publisher\":{\"@id\":\"https:\\\/\\\/blog.myvideomedia.com\\\/de\\\/#\\\/schema\\\/person\\\/87be8fbbed69b1562242448c1c3dcbec\"},\"image\":{\"@id\":\"https:\\\/\\\/blog.myvideomedia.com\\\/de\\\/evora-portugal\\\/#primaryimage\"},\"thumbnailUrl\":\"https:\\\/\\\/blog.myvideomedia.com\\\/wp-content\\\/uploads\\\/2012\\\/07\\\/Evora.jpg\",\"keywords\":[\"Arch\u00e4ologie\",\"Architektur\",\"Kultur\",\"Stadt\",\"UNESCO Weltkulturerbe\"],\"articleSection\":[\"Europa\",\"Portugal\"],\"inLanguage\":\"de\",\"potentialAction\":[{\"@type\":\"CommentAction\",\"name\":\"Comment\",\"target\":[\"https:\\\/\\\/blog.myvideomedia.com\\\/de\\\/evora-portugal\\\/#respond\"]}]},{\"@type\":\"WebPage\",\"@id\":\"https:\\\/\\\/blog.myvideomedia.com\\\/de\\\/evora-portugal\\\/\",\"url\":\"https:\\\/\\\/blog.myvideomedia.com\\\/de\\\/evora-portugal\\\/\",\"name\":\"Evora - UNESCO Weltkulturerbe in Portugal - Reise Video Blog\",\"isPartOf\":{\"@id\":\"https:\\\/\\\/blog.myvideomedia.com\\\/de\\\/#website\"},\"primaryImageOfPage\":{\"@id\":\"https:\\\/\\\/blog.myvideomedia.com\\\/de\\\/evora-portugal\\\/#primaryimage\"},\"image\":{\"@id\":\"https:\\\/\\\/blog.myvideomedia.com\\\/de\\\/evora-portugal\\\/#primaryimage\"},\"thumbnailUrl\":\"https:\\\/\\\/blog.myvideomedia.com\\\/wp-content\\\/uploads\\\/2012\\\/07\\\/Evora.jpg\",\"datePublished\":\"2015-06-22T09:05:18+00:00\",\"dateModified\":\"2022-01-16T09:12:07+00:00\",\"description\":\"Evora, im Herzen Portugals in der Region Alentejo gelegen, war bereits im Neolithikum besiedelt. Sp\u00e4ter wurde Evora von den R\u00f6mer ausgebaut.\",\"breadcrumb\":{\"@id\":\"https:\\\/\\\/blog.myvideomedia.com\\\/de\\\/evora-portugal\\\/#breadcrumb\"},\"inLanguage\":\"de\",\"potentialAction\":[{\"@type\":\"ReadAction\",\"target\":[\"https:\\\/\\\/blog.myvideomedia.com\\\/de\\\/evora-portugal\\\/\"]}]},{\"@type\":\"ImageObject\",\"inLanguage\":\"de\",\"@id\":\"https:\\\/\\\/blog.myvideomedia.com\\\/de\\\/evora-portugal\\\/#primaryimage\",\"url\":\"https:\\\/\\\/blog.myvideomedia.com\\\/wp-content\\\/uploads\\\/2012\\\/07\\\/Evora.jpg\",\"contentUrl\":\"https:\\\/\\\/blog.myvideomedia.com\\\/wp-content\\\/uploads\\\/2012\\\/07\\\/Evora.jpg\",\"width\":800,\"height\":583,\"caption\":\"Evora Portugal\"},{\"@type\":\"BreadcrumbList\",\"@id\":\"https:\\\/\\\/blog.myvideomedia.com\\\/de\\\/evora-portugal\\\/#breadcrumb\",\"itemListElement\":[{\"@type\":\"ListItem\",\"position\":1,\"name\":\"Home\",\"item\":\"https:\\\/\\\/blog.myvideomedia.com\\\/de\\\/\"},{\"@type\":\"ListItem\",\"position\":2,\"name\":\"Evora &#8211; UNESCO Weltkulturerbe in Portugal\"}]},{\"@type\":\"WebSite\",\"@id\":\"https:\\\/\\\/blog.myvideomedia.com\\\/de\\\/#website\",\"url\":\"https:\\\/\\\/blog.myvideomedia.com\\\/de\\\/\",\"name\":\"Travel Video Blog\",\"description\":\"myVideoMedia Reisetipps und Reisevideos\",\"publisher\":{\"@id\":\"https:\\\/\\\/blog.myvideomedia.com\\\/de\\\/#\\\/schema\\\/person\\\/87be8fbbed69b1562242448c1c3dcbec\"},\"potentialAction\":[{\"@type\":\"SearchAction\",\"target\":{\"@type\":\"EntryPoint\",\"urlTemplate\":\"https:\\\/\\\/blog.myvideomedia.com\\\/de\\\/?s={search_term_string}\"},\"query-input\":{\"@type\":\"PropertyValueSpecification\",\"valueRequired\":true,\"valueName\":\"search_term_string\"}}],\"inLanguage\":\"de\"},{\"@type\":[\"Person\",\"Organization\"],\"@id\":\"https:\\\/\\\/blog.myvideomedia.com\\\/de\\\/#\\\/schema\\\/person\\\/87be8fbbed69b1562242448c1c3dcbec\",\"name\":\"myVideoMedia\",\"image\":{\"@type\":\"ImageObject\",\"inLanguage\":\"de\",\"@id\":\"https:\\\/\\\/secure.gravatar.com\\\/avatar\\\/460720160715ef8975b781abd1b6985e55ce2f01567bb6757bebd73e7cf74c97?s=96&d=mm&r=g\",\"url\":\"https:\\\/\\\/secure.gravatar.com\\\/avatar\\\/460720160715ef8975b781abd1b6985e55ce2f01567bb6757bebd73e7cf74c97?s=96&d=mm&r=g\",\"contentUrl\":\"https:\\\/\\\/secure.gravatar.com\\\/avatar\\\/460720160715ef8975b781abd1b6985e55ce2f01567bb6757bebd73e7cf74c97?s=96&d=mm&r=g\",\"caption\":\"myVideoMedia\"},\"logo\":{\"@id\":\"https:\\\/\\\/secure.gravatar.com\\\/avatar\\\/460720160715ef8975b781abd1b6985e55ce2f01567bb6757bebd73e7cf74c97?s=96&d=mm&r=g\"},\"description\":\"\\\"The World is a book, and those who do not travel read only a page\\\" - Aurelius Augustinus (354 - 430 AD) Travel is our passion. With our posts and videos we like to inspire people who are planning or preparing for holidays as well as people who simply want to escape from everyday life and dream of faraway countries.\",\"sameAs\":[\"https:\\\/\\\/www.myvideomedia.com\",\"https:\\\/\\\/www.facebook.com\\\/ursula.streit.520\"],\"url\":\"https:\\\/\\\/blog.myvideomedia.com\\\/de\\\/author\\\/traveladm\\\/\"}]}<\/script>\n<!-- \/ Yoast SEO plugin. -->","yoast_head_json":{"title":"Evora - UNESCO Weltkulturerbe in Portugal - Reise Video Blog","description":"Evora, im Herzen Portugals in der Region Alentejo gelegen, war bereits im Neolithikum besiedelt. Sp\u00e4ter wurde Evora von den R\u00f6mer ausgebaut.","robots":{"index":"index","follow":"follow","max-snippet":"max-snippet:-1","max-image-preview":"max-image-preview:large","max-video-preview":"max-video-preview:-1"},"canonical":"https:\/\/blog.myvideomedia.com\/de\/evora-portugal\/","og_locale":"de_DE","og_type":"article","og_title":"Evora - UNESCO Weltkulturerbe in Portugal - Reise Video Blog","og_description":"Evora, im Herzen Portugals in der Region Alentejo gelegen, war bereits im Neolithikum besiedelt. Sp\u00e4ter wurde Evora von den R\u00f6mer ausgebaut.","og_url":"https:\/\/blog.myvideomedia.com\/de\/evora-portugal\/","og_site_name":"Reise Video Blog","article_publisher":"https:\/\/www.facebook.com\/ursula.streit.520","article_author":"https:\/\/www.facebook.com\/ursula.streit.520","article_published_time":"2015-06-22T09:05:18+00:00","article_modified_time":"2022-01-16T09:12:07+00:00","og_image":[{"width":800,"height":583,"url":"https:\/\/blog.myvideomedia.com\/wp-content\/uploads\/2012\/07\/Evora.jpg","type":"image\/jpeg"}],"author":"myVideoMedia","twitter_card":"summary_large_image","twitter_creator":"@myvideomedia","twitter_site":"@myvideomedia","twitter_misc":{"Verfasst von":"myVideoMedia","Gesch\u00e4tzte Lesezeit":"1\u00a0Minute"},"schema":{"@context":"https:\/\/schema.org","@graph":[{"@type":"Article","@id":"https:\/\/blog.myvideomedia.com\/de\/evora-portugal\/#article","isPartOf":{"@id":"https:\/\/blog.myvideomedia.com\/de\/evora-portugal\/"},"author":{"name":"myVideoMedia","@id":"https:\/\/blog.myvideomedia.com\/de\/#\/schema\/person\/87be8fbbed69b1562242448c1c3dcbec"},"headline":"Evora &#8211; UNESCO Weltkulturerbe in Portugal","datePublished":"2015-06-22T09:05:18+00:00","dateModified":"2022-01-16T09:12:07+00:00","mainEntityOfPage":{"@id":"https:\/\/blog.myvideomedia.com\/de\/evora-portugal\/"},"wordCount":203,"commentCount":0,"publisher":{"@id":"https:\/\/blog.myvideomedia.com\/de\/#\/schema\/person\/87be8fbbed69b1562242448c1c3dcbec"},"image":{"@id":"https:\/\/blog.myvideomedia.com\/de\/evora-portugal\/#primaryimage"},"thumbnailUrl":"https:\/\/blog.myvideomedia.com\/wp-content\/uploads\/2012\/07\/Evora.jpg","keywords":["Arch\u00e4ologie","Architektur","Kultur","Stadt","UNESCO Weltkulturerbe"],"articleSection":["Europa","Portugal"],"inLanguage":"de","potentialAction":[{"@type":"CommentAction","name":"Comment","target":["https:\/\/blog.myvideomedia.com\/de\/evora-portugal\/#respond"]}]},{"@type":"WebPage","@id":"https:\/\/blog.myvideomedia.com\/de\/evora-portugal\/","url":"https:\/\/blog.myvideomedia.com\/de\/evora-portugal\/","name":"Evora - UNESCO Weltkulturerbe in Portugal - Reise Video Blog","isPartOf":{"@id":"https:\/\/blog.myvideomedia.com\/de\/#website"},"primaryImageOfPage":{"@id":"https:\/\/blog.myvideomedia.com\/de\/evora-portugal\/#primaryimage"},"image":{"@id":"https:\/\/blog.myvideomedia.com\/de\/evora-portugal\/#primaryimage"},"thumbnailUrl":"https:\/\/blog.myvideomedia.com\/wp-content\/uploads\/2012\/07\/Evora.jpg","datePublished":"2015-06-22T09:05:18+00:00","dateModified":"2022-01-16T09:12:07+00:00","description":"Evora, im Herzen Portugals in der Region Alentejo gelegen, war bereits im Neolithikum besiedelt. Sp\u00e4ter wurde Evora von den R\u00f6mer ausgebaut.","breadcrumb":{"@id":"https:\/\/blog.myvideomedia.com\/de\/evora-portugal\/#breadcrumb"},"inLanguage":"de","potentialAction":[{"@type":"ReadAction","target":["https:\/\/blog.myvideomedia.com\/de\/evora-portugal\/"]}]},{"@type":"ImageObject","inLanguage":"de","@id":"https:\/\/blog.myvideomedia.com\/de\/evora-portugal\/#primaryimage","url":"https:\/\/blog.myvideomedia.com\/wp-content\/uploads\/2012\/07\/Evora.jpg","contentUrl":"https:\/\/blog.myvideomedia.com\/wp-content\/uploads\/2012\/07\/Evora.jpg","width":800,"height":583,"caption":"Evora Portugal"},{"@type":"BreadcrumbList","@id":"https:\/\/blog.myvideomedia.com\/de\/evora-portugal\/#breadcrumb","itemListElement":[{"@type":"ListItem","position":1,"name":"Home","item":"https:\/\/blog.myvideomedia.com\/de\/"},{"@type":"ListItem","position":2,"name":"Evora &#8211; UNESCO Weltkulturerbe in Portugal"}]},{"@type":"WebSite","@id":"https:\/\/blog.myvideomedia.com\/de\/#website","url":"https:\/\/blog.myvideomedia.com\/de\/","name":"Travel Video Blog","description":"myVideoMedia Reisetipps und Reisevideos","publisher":{"@id":"https:\/\/blog.myvideomedia.com\/de\/#\/schema\/person\/87be8fbbed69b1562242448c1c3dcbec"},"potentialAction":[{"@type":"SearchAction","target":{"@type":"EntryPoint","urlTemplate":"https:\/\/blog.myvideomedia.com\/de\/?s={search_term_string}"},"query-input":{"@type":"PropertyValueSpecification","valueRequired":true,"valueName":"search_term_string"}}],"inLanguage":"de"},{"@type":["Person","Organization"],"@id":"https:\/\/blog.myvideomedia.com\/de\/#\/schema\/person\/87be8fbbed69b1562242448c1c3dcbec","name":"myVideoMedia","image":{"@type":"ImageObject","inLanguage":"de","@id":"https:\/\/secure.gravatar.com\/avatar\/460720160715ef8975b781abd1b6985e55ce2f01567bb6757bebd73e7cf74c97?s=96&d=mm&r=g","url":"https:\/\/secure.gravatar.com\/avatar\/460720160715ef8975b781abd1b6985e55ce2f01567bb6757bebd73e7cf74c97?s=96&d=mm&r=g","contentUrl":"https:\/\/secure.gravatar.com\/avatar\/460720160715ef8975b781abd1b6985e55ce2f01567bb6757bebd73e7cf74c97?s=96&d=mm&r=g","caption":"myVideoMedia"},"logo":{"@id":"https:\/\/secure.gravatar.com\/avatar\/460720160715ef8975b781abd1b6985e55ce2f01567bb6757bebd73e7cf74c97?s=96&d=mm&r=g"},"description":"\"The World is a book, and those who do not travel read only a page\" - Aurelius Augustinus (354 - 430 AD) Travel is our passion. With our posts and videos we like to inspire people who are planning or preparing for holidays as well as people who simply want to escape from everyday life and dream of faraway countries.","sameAs":["https:\/\/www.myvideomedia.com","https:\/\/www.facebook.com\/ursula.streit.520"],"url":"https:\/\/blog.myvideomedia.com\/de\/author\/traveladm\/"}]}},"featured_image_src":"https:\/\/blog.myvideomedia.com\/wp-content\/uploads\/2012\/07\/Evora.jpg","featured_image_src_square":"https:\/\/blog.myvideomedia.com\/wp-content\/uploads\/2012\/07\/Evora.jpg","author_info":{"display_name":"myVideoMedia","author_link":"https:\/\/blog.myvideomedia.com\/de\/author\/traveladm\/"},"_links":{"self":[{"href":"https:\/\/blog.myvideomedia.com\/de\/wp-json\/wp\/v2\/posts\/7869","targetHints":{"allow":["GET"]}}],"collection":[{"href":"https:\/\/blog.myvideomedia.com\/de\/wp-json\/wp\/v2\/posts"}],"about":[{"href":"https:\/\/blog.myvideomedia.com\/de\/wp-json\/wp\/v2\/types\/post"}],"author":[{"embeddable":true,"href":"https:\/\/blog.myvideomedia.com\/de\/wp-json\/wp\/v2\/users\/1"}],"replies":[{"embeddable":true,"href":"https:\/\/blog.myvideomedia.com\/de\/wp-json\/wp\/v2\/comments?post=7869"}],"version-history":[{"count":0,"href":"https:\/\/blog.myvideomedia.com\/de\/wp-json\/wp\/v2\/posts\/7869\/revisions"}],"wp:featuredmedia":[{"embeddable":true,"href":"https:\/\/blog.myvideomedia.com\/de\/wp-json\/wp\/v2\/media\/4466"}],"wp:attachment":[{"href":"https:\/\/blog.myvideomedia.com\/de\/wp-json\/wp\/v2\/media?parent=7869"}],"wp:term":[{"taxonomy":"category","embeddable":true,"href":"https:\/\/blog.myvideomedia.com\/de\/wp-json\/wp\/v2\/categories?post=7869"},{"taxonomy":"post_tag","embeddable":true,"href":"https:\/\/blog.myvideomedia.com\/de\/wp-json\/wp\/v2\/tags?post=7869"}],"curies":[{"name":"wp","href":"https:\/\/api.w.org\/{rel}","templated":true}]}}