{"id":8004,"date":"2015-06-24T14:07:33","date_gmt":"2015-06-24T13:07:33","guid":{"rendered":"https:\/\/blog.myvideomedia.com\/?p=8004"},"modified":"2022-01-22T16:44:52","modified_gmt":"2022-01-22T15:44:52","slug":"mystras-peloponnes","status":"publish","type":"post","link":"https:\/\/blog.myvideomedia.com\/de\/mystras-peloponnes\/","title":{"rendered":"Mystras &#8211; Peloponnes"},"content":{"rendered":"\n<p>Mystras &#8211; \u039c\u03c5\u03c3\u03c4\u03c1\u03ac\u03c2 , die ehemalige byzantinische Stadt, liegt auf dem Peloponnes, Griechenland, direkt neben Sparta.<\/p>\n\n\n\n<p>Die Festung wurde 1249 von fr\u00e4nkischen Kreuzfahrern gegr\u00fcndet aber bereits 1259 von byzantinischen Truppen \u00fcbernommen.<\/p>\n\n\n\n<p>In der Folgezeit entwickelte sich rasch unterhalb der Burg ein kulturelles byzantinisches Zentrum, das von ca. 30.000 Menschen bev\u00f6lkert wurde. <\/p>\n\n\n\n<p>Die Meisten stammten aus dem nahegelegenen Sparta, das sich nicht so leicht verteidigen lie\u00df.<\/p>\n\n\n\n<h3 class=\"has-text-align-left wp-block-heading\"><a href=\"https:\/\/youtu.be\/-09rXhnJzdo\" target=\"_blank\" rel=\"noopener nofollow noreferrer\">Hier sehen Sie das zugeh\u00f6rige Video<\/a><\/h3>\n\n\n\n<figure> <div class=\"brlbs-cmpnt-container brlbs-cmpnt-content-blocker brlbs-cmpnt-with-individual-styles\" data-borlabs-cookie-content-blocker-id=\"youtube-content-blocker\" data-borlabs-cookie-content=\"PGlmcmFtZSBzcmM9Imh0dHBzOi8vd3d3LnlvdXR1YmUtbm9jb29raWUuY29tL2VtYmVkLy0wOXJYaG5KemRvIiB3aWR0aD0iNTYwIiBoZWlnaHQ9IjMxNSI+PC9pZnJhbWU+\"><div class=\"brlbs-cmpnt-cb-preset-c brlbs-cmpnt-cb-youtube\"> <div class=\"brlbs-cmpnt-cb-thumbnail\" style=\"background-image: url('https:\/\/blog.myvideomedia.com\/wp-content\/uploads\/borlabs-cookie\/1\/yt_-09rXhnJzdo_hqdefault.jpg')\"><\/div> <div class=\"brlbs-cmpnt-cb-main\"> <div class=\"brlbs-cmpnt-cb-play-button\"><\/div> <div class=\"brlbs-cmpnt-cb-content\"> <p class=\"brlbs-cmpnt-cb-description\">Sie sehen gerade einen Platzhalterinhalt von <strong>YouTube<\/strong>. Um auf den eigentlichen Inhalt zuzugreifen, klicken Sie auf die Schaltfl\u00e4che unten. Bitte beachten Sie, dass dabei Daten an Drittanbieter weitergegeben werden.<\/p> <a class=\"brlbs-cmpnt-cb-provider-toggle\" href=\"#\" data-borlabs-cookie-show-provider-information role=\"button\">Mehr Informationen<\/a> <\/div> <div class=\"brlbs-cmpnt-cb-buttons\"> <a class=\"brlbs-cmpnt-cb-btn\" href=\"#\" data-borlabs-cookie-unblock role=\"button\">Inhalt entsperren<\/a> <a class=\"brlbs-cmpnt-cb-btn\" href=\"#\" data-borlabs-cookie-accept-service role=\"button\" style=\"display: inherit\">Erforderlichen Service akzeptieren und Inhalte entsperren<\/a> <\/div> <\/div> <\/div><\/div><\/figure>\n\n\n\n<p>Hervorgehoben in der sich spiralf\u00f6rmig nach unten ins Tal windenden Stadt ist der Despotenpalast, der in j\u00fcngster Zeit wieder restauriert wird.<\/p>\n\n\n\n<div class=\"wp-block-image\"><figure class=\"aligncenter size-large\"><img loading=\"lazy\" decoding=\"async\" width=\"1260\" height=\"840\" src=\"https:\/\/blog.myvideomedia.com\/wp-content\/uploads\/2013\/06\/Mystras_3782.jpg\" alt=\"Mystras Greece\" class=\"wp-image-26007\" srcset=\"https:\/\/blog.myvideomedia.com\/wp-content\/uploads\/2013\/06\/Mystras_3782.jpg 1260w, https:\/\/blog.myvideomedia.com\/wp-content\/uploads\/2013\/06\/Mystras_3782-600x400.jpg 600w, https:\/\/blog.myvideomedia.com\/wp-content\/uploads\/2013\/06\/Mystras_3782-768x512.jpg 768w\" sizes=\"auto, (max-width: 1260px) 100vw, 1260px\" \/><\/figure><\/div>\n\n\n\n<p>Er war das gr\u00f6\u00dfte Repr\u00e4sentationsgeb\u00e4ude des byzantinischen Reichs au\u00dferhalb von Konstantinopel.<\/p>\n\n\n\n<div class=\"wp-block-image\"><figure class=\"aligncenter\"><img loading=\"lazy\" decoding=\"async\" width=\"699\" height=\"467\" src=\"https:\/\/blog.myvideomedia.com\/wp-content\/uploads\/2013\/06\/gr0139-Mystras.jpg\" alt=\"Ruinen von Mystras\" class=\"wp-image-4104\" srcset=\"https:\/\/blog.myvideomedia.com\/wp-content\/uploads\/2013\/06\/gr0139-Mystras.jpg 699w, https:\/\/blog.myvideomedia.com\/wp-content\/uploads\/2013\/06\/gr0139-Mystras-300x200.jpg 300w\" sizes=\"auto, (max-width: 699px) 100vw, 699px\" \/><\/figure><\/div>\n\n\n\n<p>Eines der Kl\u00f6ster ist noch heute bewohnt. Die Sakralbauten mit ihren teils gut erhaltenen Fresken und die Philosophie als Zentrum der Kultur, festigten den Ruf von Mystras weit \u00fcber den Peloponnes hinaus.<\/p>\n\n\n\n<p>Nachdem bereits 1770 albanische S\u00f6ldner der Osmanen die Stadt verw\u00fcsteten, wurde sie 1825 im griechischen Freiheitskampf so stark zerst\u00f6rt, dass ein Wiederaufbau nicht mehr sinnvoll erschien. Die Bewohner siedelten dann wieder im neu errichteten Sparta.<\/p>\n\n\n\n<p>Seit 1989 z\u00e4hlt Mystras zu den UNESCO-Weltkulturerbest\u00e4tten.<\/p>\n\n\n\n<p>Bitte lesen Sie weiter &gt; <a href=\"https:\/\/blog.myvideomedia.com\/de\/palast-des-nestor\/\" target=\"_blank\" rel=\"noopener noreferrer\">Besuch im Palast des Nestor<\/a><\/p>\n\n\n\n<h3 class=\"has-text-align-center wp-block-heading\">Pin it &#8211; f\u00fcr sp\u00e4ter merken<\/h3>\n\n\n\n<div class=\"wp-block-image\"><figure class=\"aligncenter\"><img loading=\"lazy\" decoding=\"async\" width=\"400\" height=\"600\" src=\"https:\/\/blog.myvideomedia.com\/wp-content\/uploads\/2019\/03\/Mystras-Pelopnnes-400x600.jpg\" alt=\"Mystras Peloponnes\" class=\"wp-image-22891\" srcset=\"https:\/\/blog.myvideomedia.com\/wp-content\/uploads\/2019\/03\/Mystras-Pelopnnes-400x600.jpg 400w, https:\/\/blog.myvideomedia.com\/wp-content\/uploads\/2019\/03\/Mystras-Pelopnnes.jpg 600w\" sizes=\"auto, (max-width: 400px) 100vw, 400px\" \/><\/figure><\/div>\n\n\n\n<p class=\"has-text-align-left\">Text, Fotos und Video: Copyright \u00a9 <a href=\"https:\/\/www.myvideomedia.de\/\" target=\"_blank\" rel=\"noopener noreferrer\">myVideoMedia<\/a><\/p>\n","protected":false},"excerpt":{"rendered":"<p>Mystras &#8211; \u039c\u03c5\u03c3\u03c4\u03c1\u03ac\u03c2 , die ehemalige byzantinische Stadt, liegt auf dem Peloponnes, Griechenland, direkt neben Sparta. Die Festung wurde 1249 von fr\u00e4nkischen Kreuzfahrern gegr\u00fcndet aber bereits 1259 von byzantinischen Truppen \u00fcbernommen. In der Folgezeit entwickelte sich rasch unterhalb der Burg ein kulturelles byzantinisches Zentrum, das von ca. 30.000 Menschen bev\u00f6lkert wurde. Die Meisten stammten aus [&hellip;]<\/p>\n","protected":false},"author":1,"featured_media":26007,"comment_status":"open","ping_status":"closed","sticky":false,"template":"","format":"standard","meta":{"_genesis_hide_title":false,"_genesis_hide_breadcrumbs":false,"_genesis_hide_singular_image":false,"_genesis_hide_footer_widgets":false,"_genesis_custom_body_class":"","_genesis_custom_post_class":"","_genesis_layout":"","footnotes":""},"categories":[1550,506,515],"tags":[446,1532,465,455,476],"class_list":{"0":"post-8004","1":"post","2":"type-post","3":"status-publish","4":"format-standard","5":"has-post-thumbnail","7":"category-europa","8":"category-griechenland","9":"category-peloponnes","10":"tag-archaeologie","11":"tag-geschichte-de","12":"tag-kloster-de","13":"tag-kultur","14":"tag-unesco-weltkulturerbe","15":"entry"},"yoast_head":"<!-- This site is optimized with the Yoast SEO plugin v27.4 - https:\/\/yoast.com\/product\/yoast-seo-wordpress\/ -->\n<title>Mystras - Peloponnes - Griechenland - Reise Video Blog<\/title>\n<meta name=\"description\" content=\"Mystras liegt direkt neben Sparta. 1249 von fr\u00e4nkischen Kreuzfahrern gegr\u00fcndet aber bereits 1259 von byzantinischen Truppen \u00fcbernommen.\" \/>\n<meta name=\"robots\" content=\"index, follow, max-snippet:-1, max-image-preview:large, max-video-preview:-1\" \/>\n<link rel=\"canonical\" href=\"https:\/\/blog.myvideomedia.com\/de\/mystras-peloponnes\/\" \/>\n<meta property=\"og:locale\" content=\"de_DE\" \/>\n<meta property=\"og:type\" content=\"article\" \/>\n<meta property=\"og:title\" content=\"Mystras - Peloponnes - Griechenland - Reise Video Blog\" \/>\n<meta property=\"og:description\" content=\"Mystras liegt direkt neben Sparta. 1249 von fr\u00e4nkischen Kreuzfahrern gegr\u00fcndet aber bereits 1259 von byzantinischen Truppen \u00fcbernommen.\" \/>\n<meta property=\"og:url\" content=\"https:\/\/blog.myvideomedia.com\/de\/mystras-peloponnes\/\" \/>\n<meta property=\"og:site_name\" content=\"Reise Video Blog\" \/>\n<meta property=\"article:publisher\" content=\"https:\/\/www.facebook.com\/ursula.streit.520\" \/>\n<meta property=\"article:author\" content=\"https:\/\/www.facebook.com\/ursula.streit.520\" \/>\n<meta property=\"article:published_time\" content=\"2015-06-24T13:07:33+00:00\" \/>\n<meta property=\"article:modified_time\" content=\"2022-01-22T15:44:52+00:00\" \/>\n<meta property=\"og:image\" content=\"https:\/\/blog.myvideomedia.com\/wp-content\/uploads\/2013\/06\/Mystras_3782.jpg\" \/>\n\t<meta property=\"og:image:width\" content=\"1260\" \/>\n\t<meta property=\"og:image:height\" content=\"840\" \/>\n\t<meta property=\"og:image:type\" content=\"image\/jpeg\" \/>\n<meta name=\"author\" content=\"myVideoMedia\" \/>\n<meta name=\"twitter:card\" content=\"summary_large_image\" \/>\n<meta name=\"twitter:creator\" content=\"@myvideomedia\" \/>\n<meta name=\"twitter:site\" content=\"@myvideomedia\" \/>\n<meta name=\"twitter:label1\" content=\"Verfasst von\" \/>\n\t<meta name=\"twitter:data1\" content=\"myVideoMedia\" \/>\n\t<meta name=\"twitter:label2\" content=\"Gesch\u00e4tzte Lesezeit\" \/>\n\t<meta name=\"twitter:data2\" content=\"2\u00a0Minuten\" \/>\n<script type=\"application\/ld+json\" class=\"yoast-schema-graph\">{\"@context\":\"https:\\\/\\\/schema.org\",\"@graph\":[{\"@type\":\"Article\",\"@id\":\"https:\\\/\\\/blog.myvideomedia.com\\\/de\\\/mystras-peloponnes\\\/#article\",\"isPartOf\":{\"@id\":\"https:\\\/\\\/blog.myvideomedia.com\\\/de\\\/mystras-peloponnes\\\/\"},\"author\":{\"name\":\"myVideoMedia\",\"@id\":\"https:\\\/\\\/blog.myvideomedia.com\\\/de\\\/#\\\/schema\\\/person\\\/87be8fbbed69b1562242448c1c3dcbec\"},\"headline\":\"Mystras &#8211; Peloponnes\",\"datePublished\":\"2015-06-24T13:07:33+00:00\",\"dateModified\":\"2022-01-22T15:44:52+00:00\",\"mainEntityOfPage\":{\"@id\":\"https:\\\/\\\/blog.myvideomedia.com\\\/de\\\/mystras-peloponnes\\\/\"},\"wordCount\":212,\"commentCount\":0,\"publisher\":{\"@id\":\"https:\\\/\\\/blog.myvideomedia.com\\\/de\\\/#\\\/schema\\\/person\\\/87be8fbbed69b1562242448c1c3dcbec\"},\"image\":{\"@id\":\"https:\\\/\\\/blog.myvideomedia.com\\\/de\\\/mystras-peloponnes\\\/#primaryimage\"},\"thumbnailUrl\":\"https:\\\/\\\/blog.myvideomedia.com\\\/wp-content\\\/uploads\\\/2013\\\/06\\\/Mystras_3782.jpg\",\"keywords\":[\"Arch\u00e4ologie\",\"Geschichte\",\"Kloster\",\"Kultur\",\"UNESCO Weltkulturerbe\"],\"articleSection\":[\"Europa\",\"Griechenland\",\"Peloponnes\"],\"inLanguage\":\"de\",\"potentialAction\":[{\"@type\":\"CommentAction\",\"name\":\"Comment\",\"target\":[\"https:\\\/\\\/blog.myvideomedia.com\\\/de\\\/mystras-peloponnes\\\/#respond\"]}]},{\"@type\":\"WebPage\",\"@id\":\"https:\\\/\\\/blog.myvideomedia.com\\\/de\\\/mystras-peloponnes\\\/\",\"url\":\"https:\\\/\\\/blog.myvideomedia.com\\\/de\\\/mystras-peloponnes\\\/\",\"name\":\"Mystras - Peloponnes - Griechenland - Reise Video Blog\",\"isPartOf\":{\"@id\":\"https:\\\/\\\/blog.myvideomedia.com\\\/de\\\/#website\"},\"primaryImageOfPage\":{\"@id\":\"https:\\\/\\\/blog.myvideomedia.com\\\/de\\\/mystras-peloponnes\\\/#primaryimage\"},\"image\":{\"@id\":\"https:\\\/\\\/blog.myvideomedia.com\\\/de\\\/mystras-peloponnes\\\/#primaryimage\"},\"thumbnailUrl\":\"https:\\\/\\\/blog.myvideomedia.com\\\/wp-content\\\/uploads\\\/2013\\\/06\\\/Mystras_3782.jpg\",\"datePublished\":\"2015-06-24T13:07:33+00:00\",\"dateModified\":\"2022-01-22T15:44:52+00:00\",\"description\":\"Mystras liegt direkt neben Sparta. 1249 von fr\u00e4nkischen Kreuzfahrern gegr\u00fcndet aber bereits 1259 von byzantinischen Truppen \u00fcbernommen.\",\"breadcrumb\":{\"@id\":\"https:\\\/\\\/blog.myvideomedia.com\\\/de\\\/mystras-peloponnes\\\/#breadcrumb\"},\"inLanguage\":\"de\",\"potentialAction\":[{\"@type\":\"ReadAction\",\"target\":[\"https:\\\/\\\/blog.myvideomedia.com\\\/de\\\/mystras-peloponnes\\\/\"]}]},{\"@type\":\"ImageObject\",\"inLanguage\":\"de\",\"@id\":\"https:\\\/\\\/blog.myvideomedia.com\\\/de\\\/mystras-peloponnes\\\/#primaryimage\",\"url\":\"https:\\\/\\\/blog.myvideomedia.com\\\/wp-content\\\/uploads\\\/2013\\\/06\\\/Mystras_3782.jpg\",\"contentUrl\":\"https:\\\/\\\/blog.myvideomedia.com\\\/wp-content\\\/uploads\\\/2013\\\/06\\\/Mystras_3782.jpg\",\"width\":1260,\"height\":840,\"caption\":\"Mystras Greece\"},{\"@type\":\"BreadcrumbList\",\"@id\":\"https:\\\/\\\/blog.myvideomedia.com\\\/de\\\/mystras-peloponnes\\\/#breadcrumb\",\"itemListElement\":[{\"@type\":\"ListItem\",\"position\":1,\"name\":\"Home\",\"item\":\"https:\\\/\\\/blog.myvideomedia.com\\\/de\\\/\"},{\"@type\":\"ListItem\",\"position\":2,\"name\":\"Mystras &#8211; Peloponnes\"}]},{\"@type\":\"WebSite\",\"@id\":\"https:\\\/\\\/blog.myvideomedia.com\\\/de\\\/#website\",\"url\":\"https:\\\/\\\/blog.myvideomedia.com\\\/de\\\/\",\"name\":\"Travel Video Blog\",\"description\":\"myVideoMedia Reisetipps und Reisevideos\",\"publisher\":{\"@id\":\"https:\\\/\\\/blog.myvideomedia.com\\\/de\\\/#\\\/schema\\\/person\\\/87be8fbbed69b1562242448c1c3dcbec\"},\"potentialAction\":[{\"@type\":\"SearchAction\",\"target\":{\"@type\":\"EntryPoint\",\"urlTemplate\":\"https:\\\/\\\/blog.myvideomedia.com\\\/de\\\/?s={search_term_string}\"},\"query-input\":{\"@type\":\"PropertyValueSpecification\",\"valueRequired\":true,\"valueName\":\"search_term_string\"}}],\"inLanguage\":\"de\"},{\"@type\":[\"Person\",\"Organization\"],\"@id\":\"https:\\\/\\\/blog.myvideomedia.com\\\/de\\\/#\\\/schema\\\/person\\\/87be8fbbed69b1562242448c1c3dcbec\",\"name\":\"myVideoMedia\",\"image\":{\"@type\":\"ImageObject\",\"inLanguage\":\"de\",\"@id\":\"https:\\\/\\\/secure.gravatar.com\\\/avatar\\\/460720160715ef8975b781abd1b6985e55ce2f01567bb6757bebd73e7cf74c97?s=96&d=mm&r=g\",\"url\":\"https:\\\/\\\/secure.gravatar.com\\\/avatar\\\/460720160715ef8975b781abd1b6985e55ce2f01567bb6757bebd73e7cf74c97?s=96&d=mm&r=g\",\"contentUrl\":\"https:\\\/\\\/secure.gravatar.com\\\/avatar\\\/460720160715ef8975b781abd1b6985e55ce2f01567bb6757bebd73e7cf74c97?s=96&d=mm&r=g\",\"caption\":\"myVideoMedia\"},\"logo\":{\"@id\":\"https:\\\/\\\/secure.gravatar.com\\\/avatar\\\/460720160715ef8975b781abd1b6985e55ce2f01567bb6757bebd73e7cf74c97?s=96&d=mm&r=g\"},\"description\":\"\\\"The World is a book, and those who do not travel read only a page\\\" - Aurelius Augustinus (354 - 430 AD) Travel is our passion. With our posts and videos we like to inspire people who are planning or preparing for holidays as well as people who simply want to escape from everyday life and dream of faraway countries.\",\"sameAs\":[\"https:\\\/\\\/www.myvideomedia.com\",\"https:\\\/\\\/www.facebook.com\\\/ursula.streit.520\"],\"url\":\"https:\\\/\\\/blog.myvideomedia.com\\\/de\\\/author\\\/traveladm\\\/\"}]}<\/script>\n<!-- \/ Yoast SEO plugin. -->","yoast_head_json":{"title":"Mystras - Peloponnes - Griechenland - Reise Video Blog","description":"Mystras liegt direkt neben Sparta. 1249 von fr\u00e4nkischen Kreuzfahrern gegr\u00fcndet aber bereits 1259 von byzantinischen Truppen \u00fcbernommen.","robots":{"index":"index","follow":"follow","max-snippet":"max-snippet:-1","max-image-preview":"max-image-preview:large","max-video-preview":"max-video-preview:-1"},"canonical":"https:\/\/blog.myvideomedia.com\/de\/mystras-peloponnes\/","og_locale":"de_DE","og_type":"article","og_title":"Mystras - Peloponnes - Griechenland - Reise Video Blog","og_description":"Mystras liegt direkt neben Sparta. 1249 von fr\u00e4nkischen Kreuzfahrern gegr\u00fcndet aber bereits 1259 von byzantinischen Truppen \u00fcbernommen.","og_url":"https:\/\/blog.myvideomedia.com\/de\/mystras-peloponnes\/","og_site_name":"Reise Video Blog","article_publisher":"https:\/\/www.facebook.com\/ursula.streit.520","article_author":"https:\/\/www.facebook.com\/ursula.streit.520","article_published_time":"2015-06-24T13:07:33+00:00","article_modified_time":"2022-01-22T15:44:52+00:00","og_image":[{"width":1260,"height":840,"url":"https:\/\/blog.myvideomedia.com\/wp-content\/uploads\/2013\/06\/Mystras_3782.jpg","type":"image\/jpeg"}],"author":"myVideoMedia","twitter_card":"summary_large_image","twitter_creator":"@myvideomedia","twitter_site":"@myvideomedia","twitter_misc":{"Verfasst von":"myVideoMedia","Gesch\u00e4tzte Lesezeit":"2\u00a0Minuten"},"schema":{"@context":"https:\/\/schema.org","@graph":[{"@type":"Article","@id":"https:\/\/blog.myvideomedia.com\/de\/mystras-peloponnes\/#article","isPartOf":{"@id":"https:\/\/blog.myvideomedia.com\/de\/mystras-peloponnes\/"},"author":{"name":"myVideoMedia","@id":"https:\/\/blog.myvideomedia.com\/de\/#\/schema\/person\/87be8fbbed69b1562242448c1c3dcbec"},"headline":"Mystras &#8211; Peloponnes","datePublished":"2015-06-24T13:07:33+00:00","dateModified":"2022-01-22T15:44:52+00:00","mainEntityOfPage":{"@id":"https:\/\/blog.myvideomedia.com\/de\/mystras-peloponnes\/"},"wordCount":212,"commentCount":0,"publisher":{"@id":"https:\/\/blog.myvideomedia.com\/de\/#\/schema\/person\/87be8fbbed69b1562242448c1c3dcbec"},"image":{"@id":"https:\/\/blog.myvideomedia.com\/de\/mystras-peloponnes\/#primaryimage"},"thumbnailUrl":"https:\/\/blog.myvideomedia.com\/wp-content\/uploads\/2013\/06\/Mystras_3782.jpg","keywords":["Arch\u00e4ologie","Geschichte","Kloster","Kultur","UNESCO Weltkulturerbe"],"articleSection":["Europa","Griechenland","Peloponnes"],"inLanguage":"de","potentialAction":[{"@type":"CommentAction","name":"Comment","target":["https:\/\/blog.myvideomedia.com\/de\/mystras-peloponnes\/#respond"]}]},{"@type":"WebPage","@id":"https:\/\/blog.myvideomedia.com\/de\/mystras-peloponnes\/","url":"https:\/\/blog.myvideomedia.com\/de\/mystras-peloponnes\/","name":"Mystras - Peloponnes - Griechenland - Reise Video Blog","isPartOf":{"@id":"https:\/\/blog.myvideomedia.com\/de\/#website"},"primaryImageOfPage":{"@id":"https:\/\/blog.myvideomedia.com\/de\/mystras-peloponnes\/#primaryimage"},"image":{"@id":"https:\/\/blog.myvideomedia.com\/de\/mystras-peloponnes\/#primaryimage"},"thumbnailUrl":"https:\/\/blog.myvideomedia.com\/wp-content\/uploads\/2013\/06\/Mystras_3782.jpg","datePublished":"2015-06-24T13:07:33+00:00","dateModified":"2022-01-22T15:44:52+00:00","description":"Mystras liegt direkt neben Sparta. 1249 von fr\u00e4nkischen Kreuzfahrern gegr\u00fcndet aber bereits 1259 von byzantinischen Truppen \u00fcbernommen.","breadcrumb":{"@id":"https:\/\/blog.myvideomedia.com\/de\/mystras-peloponnes\/#breadcrumb"},"inLanguage":"de","potentialAction":[{"@type":"ReadAction","target":["https:\/\/blog.myvideomedia.com\/de\/mystras-peloponnes\/"]}]},{"@type":"ImageObject","inLanguage":"de","@id":"https:\/\/blog.myvideomedia.com\/de\/mystras-peloponnes\/#primaryimage","url":"https:\/\/blog.myvideomedia.com\/wp-content\/uploads\/2013\/06\/Mystras_3782.jpg","contentUrl":"https:\/\/blog.myvideomedia.com\/wp-content\/uploads\/2013\/06\/Mystras_3782.jpg","width":1260,"height":840,"caption":"Mystras Greece"},{"@type":"BreadcrumbList","@id":"https:\/\/blog.myvideomedia.com\/de\/mystras-peloponnes\/#breadcrumb","itemListElement":[{"@type":"ListItem","position":1,"name":"Home","item":"https:\/\/blog.myvideomedia.com\/de\/"},{"@type":"ListItem","position":2,"name":"Mystras &#8211; Peloponnes"}]},{"@type":"WebSite","@id":"https:\/\/blog.myvideomedia.com\/de\/#website","url":"https:\/\/blog.myvideomedia.com\/de\/","name":"Travel Video Blog","description":"myVideoMedia Reisetipps und Reisevideos","publisher":{"@id":"https:\/\/blog.myvideomedia.com\/de\/#\/schema\/person\/87be8fbbed69b1562242448c1c3dcbec"},"potentialAction":[{"@type":"SearchAction","target":{"@type":"EntryPoint","urlTemplate":"https:\/\/blog.myvideomedia.com\/de\/?s={search_term_string}"},"query-input":{"@type":"PropertyValueSpecification","valueRequired":true,"valueName":"search_term_string"}}],"inLanguage":"de"},{"@type":["Person","Organization"],"@id":"https:\/\/blog.myvideomedia.com\/de\/#\/schema\/person\/87be8fbbed69b1562242448c1c3dcbec","name":"myVideoMedia","image":{"@type":"ImageObject","inLanguage":"de","@id":"https:\/\/secure.gravatar.com\/avatar\/460720160715ef8975b781abd1b6985e55ce2f01567bb6757bebd73e7cf74c97?s=96&d=mm&r=g","url":"https:\/\/secure.gravatar.com\/avatar\/460720160715ef8975b781abd1b6985e55ce2f01567bb6757bebd73e7cf74c97?s=96&d=mm&r=g","contentUrl":"https:\/\/secure.gravatar.com\/avatar\/460720160715ef8975b781abd1b6985e55ce2f01567bb6757bebd73e7cf74c97?s=96&d=mm&r=g","caption":"myVideoMedia"},"logo":{"@id":"https:\/\/secure.gravatar.com\/avatar\/460720160715ef8975b781abd1b6985e55ce2f01567bb6757bebd73e7cf74c97?s=96&d=mm&r=g"},"description":"\"The World is a book, and those who do not travel read only a page\" - Aurelius Augustinus (354 - 430 AD) Travel is our passion. With our posts and videos we like to inspire people who are planning or preparing for holidays as well as people who simply want to escape from everyday life and dream of faraway countries.","sameAs":["https:\/\/www.myvideomedia.com","https:\/\/www.facebook.com\/ursula.streit.520"],"url":"https:\/\/blog.myvideomedia.com\/de\/author\/traveladm\/"}]}},"featured_image_src":"https:\/\/blog.myvideomedia.com\/wp-content\/uploads\/2013\/06\/Mystras_3782.jpg","featured_image_src_square":"https:\/\/blog.myvideomedia.com\/wp-content\/uploads\/2013\/06\/Mystras_3782.jpg","author_info":{"display_name":"myVideoMedia","author_link":"https:\/\/blog.myvideomedia.com\/de\/author\/traveladm\/"},"_links":{"self":[{"href":"https:\/\/blog.myvideomedia.com\/de\/wp-json\/wp\/v2\/posts\/8004","targetHints":{"allow":["GET"]}}],"collection":[{"href":"https:\/\/blog.myvideomedia.com\/de\/wp-json\/wp\/v2\/posts"}],"about":[{"href":"https:\/\/blog.myvideomedia.com\/de\/wp-json\/wp\/v2\/types\/post"}],"author":[{"embeddable":true,"href":"https:\/\/blog.myvideomedia.com\/de\/wp-json\/wp\/v2\/users\/1"}],"replies":[{"embeddable":true,"href":"https:\/\/blog.myvideomedia.com\/de\/wp-json\/wp\/v2\/comments?post=8004"}],"version-history":[{"count":0,"href":"https:\/\/blog.myvideomedia.com\/de\/wp-json\/wp\/v2\/posts\/8004\/revisions"}],"wp:featuredmedia":[{"embeddable":true,"href":"https:\/\/blog.myvideomedia.com\/de\/wp-json\/wp\/v2\/media\/26007"}],"wp:attachment":[{"href":"https:\/\/blog.myvideomedia.com\/de\/wp-json\/wp\/v2\/media?parent=8004"}],"wp:term":[{"taxonomy":"category","embeddable":true,"href":"https:\/\/blog.myvideomedia.com\/de\/wp-json\/wp\/v2\/categories?post=8004"},{"taxonomy":"post_tag","embeddable":true,"href":"https:\/\/blog.myvideomedia.com\/de\/wp-json\/wp\/v2\/tags?post=8004"}],"curies":[{"name":"wp","href":"https:\/\/api.w.org\/{rel}","templated":true}]}}