{"id":8012,"date":"2015-06-25T07:56:56","date_gmt":"2015-06-25T06:56:56","guid":{"rendered":"https:\/\/blog.myvideomedia.com\/?p=8012"},"modified":"2020-07-28T09:21:07","modified_gmt":"2020-07-28T08:21:07","slug":"strand-von-carnac-bretagne","status":"publish","type":"post","link":"https:\/\/blog.myvideomedia.com\/de\/strand-von-carnac-bretagne\/","title":{"rendered":"Strand von Carnac &#8211; Bretagne"},"content":{"rendered":"\n<p>Der Strand von Carnac umfasst die Str\u00e4nde Grande Plage, St.-Colomban, L\u00e9gen\u00e8se, Baumer und Men-Du.<\/p>\n\n\n\n<p>Die ausgezeichneten Str\u00e4nde, sowie die nahegelegenen pr\u00e4historischen <a href=\"https:\/\/blog.myvideomedia.com\/de\/carnac-megalithen\/\">Steinreihen von Carnac<\/a> bringen jedes Jahr viele Touristen nach Carnac.<\/p>\n\n\n\n<div class=\"wp-block-image\"><figure class=\"aligncenter size-large\"><img loading=\"lazy\" decoding=\"async\" width=\"1260\" height=\"709\" src=\"https:\/\/blog.myvideomedia.com\/wp-content\/uploads\/2015\/06\/Carnac_Beach_1030680-1260x709.jpg\" alt=\"Strand von Carnac\" class=\"wp-image-8026\" srcset=\"https:\/\/blog.myvideomedia.com\/wp-content\/uploads\/2015\/06\/Carnac_Beach_1030680-1260x709.jpg 1260w, https:\/\/blog.myvideomedia.com\/wp-content\/uploads\/2015\/06\/Carnac_Beach_1030680-600x338.jpg 600w, https:\/\/blog.myvideomedia.com\/wp-content\/uploads\/2015\/06\/Carnac_Beach_1030680.jpg 1304w\" sizes=\"auto, (max-width: 1260px) 100vw, 1260px\" \/><\/figure><\/div>\n\n\n\n<p>Die S\u00fcdk\u00fcste der Bretagne bietet ein mildes Klima, das in seinen weiten Buchten zum Baden einl\u00e4dt. Die traumhaften Sandstr\u00e4nde verlaufen flach ins Meer und erinnern an Str\u00e4nde in s\u00fcdlicheren Gefilden.<\/p>\n\n\n\n<h3 class=\"has-text-align-center wp-block-heading\"><a href=\"https:\/\/youtu.be\/5AXd9JJjyNA\" target=\"_blank\" rel=\"noopener nofollow noreferrer\">Hier sehen Sie das 4K UHD Video<\/a><\/h3>\n\n\n\n<figure> <div class=\"brlbs-cmpnt-container brlbs-cmpnt-content-blocker brlbs-cmpnt-with-individual-styles\" data-borlabs-cookie-content-blocker-id=\"youtube-content-blocker\" data-borlabs-cookie-content=\"PGlmcmFtZSBzcmM9Imh0dHBzOi8vd3d3LnlvdXR1YmUtbm9jb29raWUuY29tL2VtYmVkLzVBWGQ5SkpqeU5BIiB3aWR0aD0iNjAwIiBoZWlnaHQ9IjMzOCI+PC9pZnJhbWU+\"><div class=\"brlbs-cmpnt-cb-preset-c brlbs-cmpnt-cb-youtube\"> <div class=\"brlbs-cmpnt-cb-thumbnail\" style=\"background-image: url('https:\/\/blog.myvideomedia.com\/wp-content\/uploads\/borlabs-cookie\/1\/yt_5AXd9JJjyNA_hqdefault.jpg')\"><\/div> <div class=\"brlbs-cmpnt-cb-main\"> <div class=\"brlbs-cmpnt-cb-play-button\"><\/div> <div class=\"brlbs-cmpnt-cb-content\"> <p class=\"brlbs-cmpnt-cb-description\">Sie sehen gerade einen Platzhalterinhalt von <strong>YouTube<\/strong>. Um auf den eigentlichen Inhalt zuzugreifen, klicken Sie auf die Schaltfl\u00e4che unten. Bitte beachten Sie, dass dabei Daten an Drittanbieter weitergegeben werden.<\/p> <a class=\"brlbs-cmpnt-cb-provider-toggle\" href=\"#\" data-borlabs-cookie-show-provider-information role=\"button\">Mehr Informationen<\/a> <\/div> <div class=\"brlbs-cmpnt-cb-buttons\"> <a class=\"brlbs-cmpnt-cb-btn\" href=\"#\" data-borlabs-cookie-unblock role=\"button\">Inhalt entsperren<\/a> <a class=\"brlbs-cmpnt-cb-btn\" href=\"#\" data-borlabs-cookie-accept-service role=\"button\" style=\"display: inherit\">Erforderlichen Service akzeptieren und Inhalte entsperren<\/a> <\/div> <\/div> <\/div><\/div><\/figure>\n\n\n\n<p>An den Promenaden wechseln sich mond\u00e4ne Altbauten mit moderner Architektur ab.<\/p>\n\n\n\n<div class=\"wp-block-image\"><figure class=\"aligncenter size-large\"><img loading=\"lazy\" decoding=\"async\" width=\"1260\" height=\"709\" src=\"https:\/\/blog.myvideomedia.com\/wp-content\/uploads\/2015\/06\/Carnac_Beach_1030682-1260x709.jpg\" alt=\"mond\u00e4ne Altbauten\" class=\"wp-image-8032\" srcset=\"https:\/\/blog.myvideomedia.com\/wp-content\/uploads\/2015\/06\/Carnac_Beach_1030682-1260x709.jpg 1260w, https:\/\/blog.myvideomedia.com\/wp-content\/uploads\/2015\/06\/Carnac_Beach_1030682-600x338.jpg 600w, https:\/\/blog.myvideomedia.com\/wp-content\/uploads\/2015\/06\/Carnac_Beach_1030682.jpg 1304w\" sizes=\"auto, (max-width: 1260px) 100vw, 1260px\" \/><\/figure><\/div>\n\n\n\n<p>Viele der Geb\u00e4ude beinhalten Ferienwohnungen, von denen es hier eine ausreichende Zahl gibt.<\/p>\n\n\n\n<div class=\"wp-block-image\"><figure class=\"aligncenter size-large\"><img loading=\"lazy\" decoding=\"async\" width=\"1260\" height=\"709\" src=\"https:\/\/blog.myvideomedia.com\/wp-content\/uploads\/2015\/06\/Carnac_Beach_1030685-1260x709.jpg\" alt=\"moderne Ferienwohnungen\" class=\"wp-image-8028\" srcset=\"https:\/\/blog.myvideomedia.com\/wp-content\/uploads\/2015\/06\/Carnac_Beach_1030685-1260x709.jpg 1260w, https:\/\/blog.myvideomedia.com\/wp-content\/uploads\/2015\/06\/Carnac_Beach_1030685-600x338.jpg 600w, https:\/\/blog.myvideomedia.com\/wp-content\/uploads\/2015\/06\/Carnac_Beach_1030685.jpg 1304w\" sizes=\"auto, (max-width: 1260px) 100vw, 1260px\" \/><\/figure><\/div>\n\n\n\n<p>Schweren Herzens fahren wir weiter, die Zeit dr\u00e4ngt. Gerne h\u00e4tten auch wir am Strand von Carnac&nbsp;ein Bad genommen.<\/p>\n\n\n\n<div class=\"wp-block-image\"><figure class=\"aligncenter size-large\"><img loading=\"lazy\" decoding=\"async\" width=\"1260\" height=\"709\" src=\"https:\/\/blog.myvideomedia.com\/wp-content\/uploads\/2015\/06\/Carnac_Beach_1030686-1260x709.jpg\" alt=\"Strand von Carnac\" class=\"wp-image-8030\" srcset=\"https:\/\/blog.myvideomedia.com\/wp-content\/uploads\/2015\/06\/Carnac_Beach_1030686-1260x709.jpg 1260w, https:\/\/blog.myvideomedia.com\/wp-content\/uploads\/2015\/06\/Carnac_Beach_1030686-600x338.jpg 600w, https:\/\/blog.myvideomedia.com\/wp-content\/uploads\/2015\/06\/Carnac_Beach_1030686.jpg 1304w\" sizes=\"auto, (max-width: 1260px) 100vw, 1260px\" \/><\/figure><\/div>\n\n\n\n<p>Bitte lesen Sie weiter &gt; <a href=\"https:\/\/blog.myvideomedia.com\/de\/le-croisic-salz-guerande\/\">Le Croisic und Salz aus Gu\u00e9rande<\/a><\/p>\n\n\n\n<h3 class=\"has-text-align-center wp-block-heading\">Pin it &#8211; f\u00fcr sp\u00e4ter merken<\/h3>\n\n\n\n<div class=\"wp-block-image\"><figure class=\"aligncenter\"><img loading=\"lazy\" decoding=\"async\" width=\"400\" height=\"600\" src=\"https:\/\/blog.myvideomedia.com\/wp-content\/uploads\/2015\/06\/Carnac-Strand-c-400x600.jpg\" alt=\"Der Strand von Carnac - Bretagne\" class=\"wp-image-18549\" srcset=\"https:\/\/blog.myvideomedia.com\/wp-content\/uploads\/2015\/06\/Carnac-Strand-c-400x600.jpg 400w, https:\/\/blog.myvideomedia.com\/wp-content\/uploads\/2015\/06\/Carnac-Strand-c.jpg 735w\" sizes=\"auto, (max-width: 400px) 100vw, 400px\" \/><\/figure><\/div>\n\n\n\n<p>Text, Fotos und Video: Copyright \u00a9 <a href=\"https:\/\/www.myvideomedia.com\/de\" target=\"_blank\" rel=\"noopener noreferrer\">myVideoMedia<\/a><\/p>\n","protected":false},"excerpt":{"rendered":"<p>Der Strand von Carnac umfasst die Str\u00e4nde Grande Plage, St.-Colomban, L\u00e9gen\u00e8se, Baumer und Men-Du. Die ausgezeichneten Str\u00e4nde, sowie die nahegelegenen pr\u00e4historischen Steinreihen von Carnac bringen jedes Jahr viele Touristen nach Carnac. Die S\u00fcdk\u00fcste der Bretagne bietet ein mildes Klima, das in seinen weiten Buchten zum Baden einl\u00e4dt. Die traumhaften Sandstr\u00e4nde verlaufen flach ins Meer und [&hellip;]<\/p>\n","protected":false},"author":1,"featured_media":8026,"comment_status":"open","ping_status":"closed","sticky":false,"template":"","format":"standard","meta":{"_genesis_hide_title":false,"_genesis_hide_breadcrumbs":false,"_genesis_hide_singular_image":false,"_genesis_hide_footer_widgets":false,"_genesis_custom_body_class":"","_genesis_custom_post_class":"","_genesis_layout":"","footnotes":""},"categories":[615,1550,442],"tags":[447,449],"class_list":{"0":"post-8012","1":"post","2":"type-post","3":"status-publish","4":"format-standard","5":"has-post-thumbnail","7":"category-bretagne","8":"category-europa","9":"category-frankreich","10":"tag-architektur","11":"tag-strand","12":"entry"},"yoast_head":"<!-- This site is optimized with the Yoast SEO plugin v27.4 - https:\/\/yoast.com\/product\/yoast-seo-wordpress\/ -->\n<title>Strand von Carnac - Bretagne - Frankreich - Reise Video Blog<\/title>\n<meta name=\"description\" content=\"Der Strand von Carnac mit den Str\u00e4nden Grande Plage, St.-Colomban, L\u00e9gen\u00e8se, Baumer, sowie Men-Du bringt j\u00e4hrlich viele Touristen hierher.\" \/>\n<meta name=\"robots\" content=\"index, follow, max-snippet:-1, max-image-preview:large, max-video-preview:-1\" \/>\n<link rel=\"canonical\" href=\"https:\/\/blog.myvideomedia.com\/de\/strand-von-carnac-bretagne\/\" \/>\n<meta property=\"og:locale\" content=\"de_DE\" \/>\n<meta property=\"og:type\" content=\"article\" \/>\n<meta property=\"og:title\" content=\"Strand von Carnac - Bretagne - Frankreich - Reise Video Blog\" \/>\n<meta property=\"og:description\" content=\"Der Strand von Carnac mit den Str\u00e4nden Grande Plage, St.-Colomban, L\u00e9gen\u00e8se, Baumer, sowie Men-Du bringt j\u00e4hrlich viele Touristen hierher.\" \/>\n<meta property=\"og:url\" content=\"https:\/\/blog.myvideomedia.com\/de\/strand-von-carnac-bretagne\/\" \/>\n<meta property=\"og:site_name\" content=\"Reise Video Blog\" \/>\n<meta property=\"article:publisher\" content=\"https:\/\/www.facebook.com\/ursula.streit.520\" \/>\n<meta property=\"article:author\" content=\"https:\/\/www.facebook.com\/ursula.streit.520\" \/>\n<meta property=\"article:published_time\" content=\"2015-06-25T06:56:56+00:00\" \/>\n<meta property=\"article:modified_time\" content=\"2020-07-28T08:21:07+00:00\" \/>\n<meta property=\"og:image\" content=\"https:\/\/blog.myvideomedia.com\/wp-content\/uploads\/2015\/06\/Carnac_Beach_1030680.jpg\" \/>\n\t<meta property=\"og:image:width\" content=\"1304\" \/>\n\t<meta property=\"og:image:height\" content=\"734\" \/>\n\t<meta property=\"og:image:type\" content=\"image\/jpeg\" \/>\n<meta name=\"author\" content=\"myVideoMedia\" \/>\n<meta name=\"twitter:card\" content=\"summary_large_image\" \/>\n<meta name=\"twitter:creator\" content=\"@myvideomedia\" \/>\n<meta name=\"twitter:site\" content=\"@myvideomedia\" \/>\n<meta name=\"twitter:label1\" content=\"Verfasst von\" \/>\n\t<meta name=\"twitter:data1\" content=\"myVideoMedia\" \/>\n\t<meta name=\"twitter:label2\" content=\"Gesch\u00e4tzte Lesezeit\" \/>\n\t<meta name=\"twitter:data2\" content=\"1\u00a0Minute\" \/>\n<script type=\"application\/ld+json\" class=\"yoast-schema-graph\">{\"@context\":\"https:\\\/\\\/schema.org\",\"@graph\":[{\"@type\":\"Article\",\"@id\":\"https:\\\/\\\/blog.myvideomedia.com\\\/de\\\/strand-von-carnac-bretagne\\\/#article\",\"isPartOf\":{\"@id\":\"https:\\\/\\\/blog.myvideomedia.com\\\/de\\\/strand-von-carnac-bretagne\\\/\"},\"author\":{\"name\":\"myVideoMedia\",\"@id\":\"https:\\\/\\\/blog.myvideomedia.com\\\/de\\\/#\\\/schema\\\/person\\\/87be8fbbed69b1562242448c1c3dcbec\"},\"headline\":\"Strand von Carnac &#8211; Bretagne\",\"datePublished\":\"2015-06-25T06:56:56+00:00\",\"dateModified\":\"2020-07-28T08:21:07+00:00\",\"mainEntityOfPage\":{\"@id\":\"https:\\\/\\\/blog.myvideomedia.com\\\/de\\\/strand-von-carnac-bretagne\\\/\"},\"wordCount\":159,\"commentCount\":0,\"publisher\":{\"@id\":\"https:\\\/\\\/blog.myvideomedia.com\\\/de\\\/#\\\/schema\\\/person\\\/87be8fbbed69b1562242448c1c3dcbec\"},\"image\":{\"@id\":\"https:\\\/\\\/blog.myvideomedia.com\\\/de\\\/strand-von-carnac-bretagne\\\/#primaryimage\"},\"thumbnailUrl\":\"https:\\\/\\\/blog.myvideomedia.com\\\/wp-content\\\/uploads\\\/2015\\\/06\\\/Carnac_Beach_1030680.jpg\",\"keywords\":[\"Architektur\",\"Strand\"],\"articleSection\":[\"Bretagne\",\"Europa\",\"Frankreich\"],\"inLanguage\":\"de\",\"potentialAction\":[{\"@type\":\"CommentAction\",\"name\":\"Comment\",\"target\":[\"https:\\\/\\\/blog.myvideomedia.com\\\/de\\\/strand-von-carnac-bretagne\\\/#respond\"]}]},{\"@type\":\"WebPage\",\"@id\":\"https:\\\/\\\/blog.myvideomedia.com\\\/de\\\/strand-von-carnac-bretagne\\\/\",\"url\":\"https:\\\/\\\/blog.myvideomedia.com\\\/de\\\/strand-von-carnac-bretagne\\\/\",\"name\":\"Strand von Carnac - Bretagne - Frankreich - Reise Video Blog\",\"isPartOf\":{\"@id\":\"https:\\\/\\\/blog.myvideomedia.com\\\/de\\\/#website\"},\"primaryImageOfPage\":{\"@id\":\"https:\\\/\\\/blog.myvideomedia.com\\\/de\\\/strand-von-carnac-bretagne\\\/#primaryimage\"},\"image\":{\"@id\":\"https:\\\/\\\/blog.myvideomedia.com\\\/de\\\/strand-von-carnac-bretagne\\\/#primaryimage\"},\"thumbnailUrl\":\"https:\\\/\\\/blog.myvideomedia.com\\\/wp-content\\\/uploads\\\/2015\\\/06\\\/Carnac_Beach_1030680.jpg\",\"datePublished\":\"2015-06-25T06:56:56+00:00\",\"dateModified\":\"2020-07-28T08:21:07+00:00\",\"description\":\"Der Strand von Carnac mit den Str\u00e4nden Grande Plage, St.-Colomban, L\u00e9gen\u00e8se, Baumer, sowie Men-Du bringt j\u00e4hrlich viele Touristen hierher.\",\"breadcrumb\":{\"@id\":\"https:\\\/\\\/blog.myvideomedia.com\\\/de\\\/strand-von-carnac-bretagne\\\/#breadcrumb\"},\"inLanguage\":\"de\",\"potentialAction\":[{\"@type\":\"ReadAction\",\"target\":[\"https:\\\/\\\/blog.myvideomedia.com\\\/de\\\/strand-von-carnac-bretagne\\\/\"]}]},{\"@type\":\"ImageObject\",\"inLanguage\":\"de\",\"@id\":\"https:\\\/\\\/blog.myvideomedia.com\\\/de\\\/strand-von-carnac-bretagne\\\/#primaryimage\",\"url\":\"https:\\\/\\\/blog.myvideomedia.com\\\/wp-content\\\/uploads\\\/2015\\\/06\\\/Carnac_Beach_1030680.jpg\",\"contentUrl\":\"https:\\\/\\\/blog.myvideomedia.com\\\/wp-content\\\/uploads\\\/2015\\\/06\\\/Carnac_Beach_1030680.jpg\",\"width\":1304,\"height\":734,\"caption\":\"Strand von Carnac\"},{\"@type\":\"BreadcrumbList\",\"@id\":\"https:\\\/\\\/blog.myvideomedia.com\\\/de\\\/strand-von-carnac-bretagne\\\/#breadcrumb\",\"itemListElement\":[{\"@type\":\"ListItem\",\"position\":1,\"name\":\"Home\",\"item\":\"https:\\\/\\\/blog.myvideomedia.com\\\/de\\\/\"},{\"@type\":\"ListItem\",\"position\":2,\"name\":\"Strand von Carnac &#8211; Bretagne\"}]},{\"@type\":\"WebSite\",\"@id\":\"https:\\\/\\\/blog.myvideomedia.com\\\/de\\\/#website\",\"url\":\"https:\\\/\\\/blog.myvideomedia.com\\\/de\\\/\",\"name\":\"Travel Video Blog\",\"description\":\"myVideoMedia Reisetipps und Reisevideos\",\"publisher\":{\"@id\":\"https:\\\/\\\/blog.myvideomedia.com\\\/de\\\/#\\\/schema\\\/person\\\/87be8fbbed69b1562242448c1c3dcbec\"},\"potentialAction\":[{\"@type\":\"SearchAction\",\"target\":{\"@type\":\"EntryPoint\",\"urlTemplate\":\"https:\\\/\\\/blog.myvideomedia.com\\\/de\\\/?s={search_term_string}\"},\"query-input\":{\"@type\":\"PropertyValueSpecification\",\"valueRequired\":true,\"valueName\":\"search_term_string\"}}],\"inLanguage\":\"de\"},{\"@type\":[\"Person\",\"Organization\"],\"@id\":\"https:\\\/\\\/blog.myvideomedia.com\\\/de\\\/#\\\/schema\\\/person\\\/87be8fbbed69b1562242448c1c3dcbec\",\"name\":\"myVideoMedia\",\"image\":{\"@type\":\"ImageObject\",\"inLanguage\":\"de\",\"@id\":\"https:\\\/\\\/secure.gravatar.com\\\/avatar\\\/460720160715ef8975b781abd1b6985e55ce2f01567bb6757bebd73e7cf74c97?s=96&d=mm&r=g\",\"url\":\"https:\\\/\\\/secure.gravatar.com\\\/avatar\\\/460720160715ef8975b781abd1b6985e55ce2f01567bb6757bebd73e7cf74c97?s=96&d=mm&r=g\",\"contentUrl\":\"https:\\\/\\\/secure.gravatar.com\\\/avatar\\\/460720160715ef8975b781abd1b6985e55ce2f01567bb6757bebd73e7cf74c97?s=96&d=mm&r=g\",\"caption\":\"myVideoMedia\"},\"logo\":{\"@id\":\"https:\\\/\\\/secure.gravatar.com\\\/avatar\\\/460720160715ef8975b781abd1b6985e55ce2f01567bb6757bebd73e7cf74c97?s=96&d=mm&r=g\"},\"description\":\"\\\"The World is a book, and those who do not travel read only a page\\\" - Aurelius Augustinus (354 - 430 AD) Travel is our passion. With our posts and videos we like to inspire people who are planning or preparing for holidays as well as people who simply want to escape from everyday life and dream of faraway countries.\",\"sameAs\":[\"https:\\\/\\\/www.myvideomedia.com\",\"https:\\\/\\\/www.facebook.com\\\/ursula.streit.520\"],\"url\":\"https:\\\/\\\/blog.myvideomedia.com\\\/de\\\/author\\\/traveladm\\\/\"}]}<\/script>\n<!-- \/ Yoast SEO plugin. -->","yoast_head_json":{"title":"Strand von Carnac - Bretagne - Frankreich - Reise Video Blog","description":"Der Strand von Carnac mit den Str\u00e4nden Grande Plage, St.-Colomban, L\u00e9gen\u00e8se, Baumer, sowie Men-Du bringt j\u00e4hrlich viele Touristen hierher.","robots":{"index":"index","follow":"follow","max-snippet":"max-snippet:-1","max-image-preview":"max-image-preview:large","max-video-preview":"max-video-preview:-1"},"canonical":"https:\/\/blog.myvideomedia.com\/de\/strand-von-carnac-bretagne\/","og_locale":"de_DE","og_type":"article","og_title":"Strand von Carnac - Bretagne - Frankreich - Reise Video Blog","og_description":"Der Strand von Carnac mit den Str\u00e4nden Grande Plage, St.-Colomban, L\u00e9gen\u00e8se, Baumer, sowie Men-Du bringt j\u00e4hrlich viele Touristen hierher.","og_url":"https:\/\/blog.myvideomedia.com\/de\/strand-von-carnac-bretagne\/","og_site_name":"Reise Video Blog","article_publisher":"https:\/\/www.facebook.com\/ursula.streit.520","article_author":"https:\/\/www.facebook.com\/ursula.streit.520","article_published_time":"2015-06-25T06:56:56+00:00","article_modified_time":"2020-07-28T08:21:07+00:00","og_image":[{"width":1304,"height":734,"url":"https:\/\/blog.myvideomedia.com\/wp-content\/uploads\/2015\/06\/Carnac_Beach_1030680.jpg","type":"image\/jpeg"}],"author":"myVideoMedia","twitter_card":"summary_large_image","twitter_creator":"@myvideomedia","twitter_site":"@myvideomedia","twitter_misc":{"Verfasst von":"myVideoMedia","Gesch\u00e4tzte Lesezeit":"1\u00a0Minute"},"schema":{"@context":"https:\/\/schema.org","@graph":[{"@type":"Article","@id":"https:\/\/blog.myvideomedia.com\/de\/strand-von-carnac-bretagne\/#article","isPartOf":{"@id":"https:\/\/blog.myvideomedia.com\/de\/strand-von-carnac-bretagne\/"},"author":{"name":"myVideoMedia","@id":"https:\/\/blog.myvideomedia.com\/de\/#\/schema\/person\/87be8fbbed69b1562242448c1c3dcbec"},"headline":"Strand von Carnac &#8211; Bretagne","datePublished":"2015-06-25T06:56:56+00:00","dateModified":"2020-07-28T08:21:07+00:00","mainEntityOfPage":{"@id":"https:\/\/blog.myvideomedia.com\/de\/strand-von-carnac-bretagne\/"},"wordCount":159,"commentCount":0,"publisher":{"@id":"https:\/\/blog.myvideomedia.com\/de\/#\/schema\/person\/87be8fbbed69b1562242448c1c3dcbec"},"image":{"@id":"https:\/\/blog.myvideomedia.com\/de\/strand-von-carnac-bretagne\/#primaryimage"},"thumbnailUrl":"https:\/\/blog.myvideomedia.com\/wp-content\/uploads\/2015\/06\/Carnac_Beach_1030680.jpg","keywords":["Architektur","Strand"],"articleSection":["Bretagne","Europa","Frankreich"],"inLanguage":"de","potentialAction":[{"@type":"CommentAction","name":"Comment","target":["https:\/\/blog.myvideomedia.com\/de\/strand-von-carnac-bretagne\/#respond"]}]},{"@type":"WebPage","@id":"https:\/\/blog.myvideomedia.com\/de\/strand-von-carnac-bretagne\/","url":"https:\/\/blog.myvideomedia.com\/de\/strand-von-carnac-bretagne\/","name":"Strand von Carnac - Bretagne - Frankreich - Reise Video Blog","isPartOf":{"@id":"https:\/\/blog.myvideomedia.com\/de\/#website"},"primaryImageOfPage":{"@id":"https:\/\/blog.myvideomedia.com\/de\/strand-von-carnac-bretagne\/#primaryimage"},"image":{"@id":"https:\/\/blog.myvideomedia.com\/de\/strand-von-carnac-bretagne\/#primaryimage"},"thumbnailUrl":"https:\/\/blog.myvideomedia.com\/wp-content\/uploads\/2015\/06\/Carnac_Beach_1030680.jpg","datePublished":"2015-06-25T06:56:56+00:00","dateModified":"2020-07-28T08:21:07+00:00","description":"Der Strand von Carnac mit den Str\u00e4nden Grande Plage, St.-Colomban, L\u00e9gen\u00e8se, Baumer, sowie Men-Du bringt j\u00e4hrlich viele Touristen hierher.","breadcrumb":{"@id":"https:\/\/blog.myvideomedia.com\/de\/strand-von-carnac-bretagne\/#breadcrumb"},"inLanguage":"de","potentialAction":[{"@type":"ReadAction","target":["https:\/\/blog.myvideomedia.com\/de\/strand-von-carnac-bretagne\/"]}]},{"@type":"ImageObject","inLanguage":"de","@id":"https:\/\/blog.myvideomedia.com\/de\/strand-von-carnac-bretagne\/#primaryimage","url":"https:\/\/blog.myvideomedia.com\/wp-content\/uploads\/2015\/06\/Carnac_Beach_1030680.jpg","contentUrl":"https:\/\/blog.myvideomedia.com\/wp-content\/uploads\/2015\/06\/Carnac_Beach_1030680.jpg","width":1304,"height":734,"caption":"Strand von Carnac"},{"@type":"BreadcrumbList","@id":"https:\/\/blog.myvideomedia.com\/de\/strand-von-carnac-bretagne\/#breadcrumb","itemListElement":[{"@type":"ListItem","position":1,"name":"Home","item":"https:\/\/blog.myvideomedia.com\/de\/"},{"@type":"ListItem","position":2,"name":"Strand von Carnac &#8211; Bretagne"}]},{"@type":"WebSite","@id":"https:\/\/blog.myvideomedia.com\/de\/#website","url":"https:\/\/blog.myvideomedia.com\/de\/","name":"Travel Video Blog","description":"myVideoMedia Reisetipps und Reisevideos","publisher":{"@id":"https:\/\/blog.myvideomedia.com\/de\/#\/schema\/person\/87be8fbbed69b1562242448c1c3dcbec"},"potentialAction":[{"@type":"SearchAction","target":{"@type":"EntryPoint","urlTemplate":"https:\/\/blog.myvideomedia.com\/de\/?s={search_term_string}"},"query-input":{"@type":"PropertyValueSpecification","valueRequired":true,"valueName":"search_term_string"}}],"inLanguage":"de"},{"@type":["Person","Organization"],"@id":"https:\/\/blog.myvideomedia.com\/de\/#\/schema\/person\/87be8fbbed69b1562242448c1c3dcbec","name":"myVideoMedia","image":{"@type":"ImageObject","inLanguage":"de","@id":"https:\/\/secure.gravatar.com\/avatar\/460720160715ef8975b781abd1b6985e55ce2f01567bb6757bebd73e7cf74c97?s=96&d=mm&r=g","url":"https:\/\/secure.gravatar.com\/avatar\/460720160715ef8975b781abd1b6985e55ce2f01567bb6757bebd73e7cf74c97?s=96&d=mm&r=g","contentUrl":"https:\/\/secure.gravatar.com\/avatar\/460720160715ef8975b781abd1b6985e55ce2f01567bb6757bebd73e7cf74c97?s=96&d=mm&r=g","caption":"myVideoMedia"},"logo":{"@id":"https:\/\/secure.gravatar.com\/avatar\/460720160715ef8975b781abd1b6985e55ce2f01567bb6757bebd73e7cf74c97?s=96&d=mm&r=g"},"description":"\"The World is a book, and those who do not travel read only a page\" - Aurelius Augustinus (354 - 430 AD) Travel is our passion. With our posts and videos we like to inspire people who are planning or preparing for holidays as well as people who simply want to escape from everyday life and dream of faraway countries.","sameAs":["https:\/\/www.myvideomedia.com","https:\/\/www.facebook.com\/ursula.streit.520"],"url":"https:\/\/blog.myvideomedia.com\/de\/author\/traveladm\/"}]}},"featured_image_src":"https:\/\/blog.myvideomedia.com\/wp-content\/uploads\/2015\/06\/Carnac_Beach_1030680.jpg","featured_image_src_square":"https:\/\/blog.myvideomedia.com\/wp-content\/uploads\/2015\/06\/Carnac_Beach_1030680.jpg","author_info":{"display_name":"myVideoMedia","author_link":"https:\/\/blog.myvideomedia.com\/de\/author\/traveladm\/"},"_links":{"self":[{"href":"https:\/\/blog.myvideomedia.com\/de\/wp-json\/wp\/v2\/posts\/8012","targetHints":{"allow":["GET"]}}],"collection":[{"href":"https:\/\/blog.myvideomedia.com\/de\/wp-json\/wp\/v2\/posts"}],"about":[{"href":"https:\/\/blog.myvideomedia.com\/de\/wp-json\/wp\/v2\/types\/post"}],"author":[{"embeddable":true,"href":"https:\/\/blog.myvideomedia.com\/de\/wp-json\/wp\/v2\/users\/1"}],"replies":[{"embeddable":true,"href":"https:\/\/blog.myvideomedia.com\/de\/wp-json\/wp\/v2\/comments?post=8012"}],"version-history":[{"count":0,"href":"https:\/\/blog.myvideomedia.com\/de\/wp-json\/wp\/v2\/posts\/8012\/revisions"}],"wp:featuredmedia":[{"embeddable":true,"href":"https:\/\/blog.myvideomedia.com\/de\/wp-json\/wp\/v2\/media\/8026"}],"wp:attachment":[{"href":"https:\/\/blog.myvideomedia.com\/de\/wp-json\/wp\/v2\/media?parent=8012"}],"wp:term":[{"taxonomy":"category","embeddable":true,"href":"https:\/\/blog.myvideomedia.com\/de\/wp-json\/wp\/v2\/categories?post=8012"},{"taxonomy":"post_tag","embeddable":true,"href":"https:\/\/blog.myvideomedia.com\/de\/wp-json\/wp\/v2\/tags?post=8012"}],"curies":[{"name":"wp","href":"https:\/\/api.w.org\/{rel}","templated":true}]}}