{"id":8056,"date":"2015-06-25T16:47:07","date_gmt":"2015-06-25T15:47:07","guid":{"rendered":"https:\/\/blog.myvideomedia.com\/?p=8056"},"modified":"2022-01-16T16:37:38","modified_gmt":"2022-01-16T15:37:38","slug":"grubsee-und-barmsee-bayern","status":"publish","type":"post","link":"https:\/\/blog.myvideomedia.com\/de\/grubsee-und-barmsee-bayern\/","title":{"rendered":"Grubsee und Barmsee &#8211; Bayern"},"content":{"rendered":"\n<p>Der Grubsee und der Barmsee sind zwei naturbelassene Seen \u00f6stlich von Garmisch-Partenkirchen in der Gemeinde Kr\u00fcn in Bayern.<\/p>\n\n\n\n<div class=\"wp-block-image is-style-default\"><figure class=\"aligncenter\"><img loading=\"lazy\" decoding=\"async\" width=\"800\" height=\"450\" src=\"https:\/\/blog.myvideomedia.com\/wp-content\/uploads\/2012\/10\/grubsee.jpg\" alt=\"Grubsee in Bayern\" class=\"wp-image-4397\" srcset=\"https:\/\/blog.myvideomedia.com\/wp-content\/uploads\/2012\/10\/grubsee.jpg 800w, https:\/\/blog.myvideomedia.com\/wp-content\/uploads\/2012\/10\/grubsee-300x168.jpg 300w\" sizes=\"auto, (max-width: 800px) 100vw, 800px\" \/><\/figure><\/div>\n\n\n\n<p>Beide Seen werden im Sommer als Badeseen genutzt.<\/p>\n\n\n\n<h3 class=\"wp-block-heading\"><a href=\"https:\/\/youtu.be\/jX1cl1QHLZM\" target=\"_blank\" rel=\"noopener nofollow\">Hier sehen Sie das Video<\/a><\/h3>\n\n\n\n<figure> <div class=\"brlbs-cmpnt-container brlbs-cmpnt-content-blocker brlbs-cmpnt-with-individual-styles\" data-borlabs-cookie-content-blocker-id=\"youtube-content-blocker\" data-borlabs-cookie-content=\"PGlmcmFtZSBzcmM9Imh0dHBzOi8vd3d3LnlvdXR1YmUtbm9jb29raWUuY29tL2VtYmVkL2pYMWNsMVFITFpNIiB3aWR0aD0iNjAwIiBoZWlnaHQ9IjMzOCI+PC9pZnJhbWU+\"><div class=\"brlbs-cmpnt-cb-preset-c brlbs-cmpnt-cb-youtube\"> <div class=\"brlbs-cmpnt-cb-thumbnail\" style=\"background-image: url('https:\/\/blog.myvideomedia.com\/wp-content\/uploads\/borlabs-cookie\/1\/yt_jX1cl1QHLZM_hqdefault.jpg')\"><\/div> <div class=\"brlbs-cmpnt-cb-main\"> <div class=\"brlbs-cmpnt-cb-play-button\"><\/div> <div class=\"brlbs-cmpnt-cb-content\"> <p class=\"brlbs-cmpnt-cb-description\">Sie sehen gerade einen Platzhalterinhalt von <strong>YouTube<\/strong>. Um auf den eigentlichen Inhalt zuzugreifen, klicken Sie auf die Schaltfl\u00e4che unten. Bitte beachten Sie, dass dabei Daten an Drittanbieter weitergegeben werden.<\/p> <a class=\"brlbs-cmpnt-cb-provider-toggle\" href=\"#\" data-borlabs-cookie-show-provider-information role=\"button\">Mehr Informationen<\/a> <\/div> <div class=\"brlbs-cmpnt-cb-buttons\"> <a class=\"brlbs-cmpnt-cb-btn\" href=\"#\" data-borlabs-cookie-unblock role=\"button\">Inhalt entsperren<\/a> <a class=\"brlbs-cmpnt-cb-btn\" href=\"#\" data-borlabs-cookie-accept-service role=\"button\" style=\"display: inherit\">Erforderlichen Service akzeptieren und Inhalte entsperren<\/a> <\/div> <\/div> <\/div><\/div><\/figure>\n\n\n\n<p>Der gr\u00f6\u00dfere Barmsee l\u00e4dt zu ausgedehnten Spazierg\u00e4ngen und Fahrradausfl\u00fcgen ein. Die unverbauten Ufer, teilweise mit Schilf bewachsen, bieten Flu\u00dfkrebsen eine Heimat.<\/p>\n\n\n\n<div class=\"wp-block-image is-style-default\"><figure class=\"aligncenter\"><img loading=\"lazy\" decoding=\"async\" width=\"800\" height=\"450\" src=\"https:\/\/blog.myvideomedia.com\/wp-content\/uploads\/2012\/10\/barmsee.jpg\" alt=\"Barmsee mit Karwendelgebirge\" class=\"wp-image-4398\" srcset=\"https:\/\/blog.myvideomedia.com\/wp-content\/uploads\/2012\/10\/barmsee.jpg 800w, https:\/\/blog.myvideomedia.com\/wp-content\/uploads\/2012\/10\/barmsee-300x168.jpg 300w\" sizes=\"auto, (max-width: 800px) 100vw, 800px\" \/><\/figure><\/div>\n\n\n\n<p>Auch unsere Husky-H\u00fcndin erfreute sich an dieser friedlichen Natur mit dem Karwendel Gebirge im Hintergrund.<\/p>\n\n\n\n<p>Text, Fotos und Video: Copyright \u00a9 <a href=\"https:\/\/www.myvideomedia.de\/\" target=\"_blank\" rel=\"noopener\">myVideoMedia <\/a><\/p>\n","protected":false},"excerpt":{"rendered":"<p>Der Grubsee und der Barmsee sind zwei naturbelassene Seen \u00f6stlich von Garmisch-Partenkirchen in der Gemeinde Kr\u00fcn in Bayern. Beide Seen werden im Sommer als Badeseen genutzt. Hier sehen Sie das Video Sie sehen gerade einen Platzhalterinhalt von YouTube. Um auf den eigentlichen Inhalt zuzugreifen, klicken Sie auf die Schaltfl\u00e4che unten. Bitte beachten Sie, dass dabei [&hellip;]<\/p>\n","protected":false},"author":1,"featured_media":4397,"comment_status":"open","ping_status":"closed","sticky":false,"template":"","format":"standard","meta":{"_genesis_hide_title":false,"_genesis_hide_breadcrumbs":false,"_genesis_hide_singular_image":false,"_genesis_hide_footer_widgets":false,"_genesis_custom_body_class":"","_genesis_custom_post_class":"","_genesis_layout":"","footnotes":""},"categories":[502,501,1550],"tags":[469,461],"class_list":{"0":"post-8056","1":"post","2":"type-post","3":"status-publish","4":"format-standard","5":"has-post-thumbnail","7":"category-bayern","8":"category-deutschland","9":"category-europa","10":"tag-natur","11":"tag-see","12":"entry"},"yoast_head":"<!-- This site is optimized with the Yoast SEO plugin v27.4 - https:\/\/yoast.com\/product\/yoast-seo-wordpress\/ -->\n<title>Grubsee und Barmsee - Bayern - Reise Video Blog<\/title>\n<meta name=\"description\" content=\"Der Grubsee und der Barmsee sind zwei naturbelassene Seen \u00f6stlich von Garmisch-Partenkirchen. Beide Seen laden im Sommer zum Baden ein.\" \/>\n<meta name=\"robots\" content=\"index, follow, max-snippet:-1, max-image-preview:large, max-video-preview:-1\" \/>\n<link rel=\"canonical\" href=\"https:\/\/blog.myvideomedia.com\/de\/grubsee-und-barmsee-bayern\/\" \/>\n<meta property=\"og:locale\" content=\"de_DE\" \/>\n<meta property=\"og:type\" content=\"article\" \/>\n<meta property=\"og:title\" content=\"Grubsee und Barmsee - Bayern - Reise Video Blog\" \/>\n<meta property=\"og:description\" content=\"Der Grubsee und der Barmsee sind zwei naturbelassene Seen \u00f6stlich von Garmisch-Partenkirchen. Beide Seen laden im Sommer zum Baden ein.\" \/>\n<meta property=\"og:url\" content=\"https:\/\/blog.myvideomedia.com\/de\/grubsee-und-barmsee-bayern\/\" \/>\n<meta property=\"og:site_name\" content=\"Reise Video Blog\" \/>\n<meta property=\"article:publisher\" content=\"https:\/\/www.facebook.com\/ursula.streit.520\" \/>\n<meta property=\"article:author\" content=\"https:\/\/www.facebook.com\/ursula.streit.520\" \/>\n<meta property=\"article:published_time\" content=\"2015-06-25T15:47:07+00:00\" \/>\n<meta property=\"article:modified_time\" content=\"2022-01-16T15:37:38+00:00\" \/>\n<meta property=\"og:image\" content=\"https:\/\/blog.myvideomedia.com\/wp-content\/uploads\/2012\/10\/grubsee.jpg\" \/>\n\t<meta property=\"og:image:width\" content=\"800\" \/>\n\t<meta property=\"og:image:height\" content=\"450\" \/>\n\t<meta property=\"og:image:type\" content=\"image\/jpeg\" \/>\n<meta name=\"author\" content=\"myVideoMedia\" \/>\n<meta name=\"twitter:card\" content=\"summary_large_image\" \/>\n<meta name=\"twitter:creator\" content=\"@myvideomedia\" \/>\n<meta name=\"twitter:site\" content=\"@myvideomedia\" \/>\n<meta name=\"twitter:label1\" content=\"Verfasst von\" \/>\n\t<meta name=\"twitter:data1\" content=\"myVideoMedia\" \/>\n\t<meta name=\"twitter:label2\" content=\"Gesch\u00e4tzte Lesezeit\" \/>\n\t<meta name=\"twitter:data2\" content=\"1\u00a0Minute\" \/>\n<script type=\"application\/ld+json\" class=\"yoast-schema-graph\">{\"@context\":\"https:\\\/\\\/schema.org\",\"@graph\":[{\"@type\":\"Article\",\"@id\":\"https:\\\/\\\/blog.myvideomedia.com\\\/de\\\/grubsee-und-barmsee-bayern\\\/#article\",\"isPartOf\":{\"@id\":\"https:\\\/\\\/blog.myvideomedia.com\\\/de\\\/grubsee-und-barmsee-bayern\\\/\"},\"author\":{\"name\":\"myVideoMedia\",\"@id\":\"https:\\\/\\\/blog.myvideomedia.com\\\/de\\\/#\\\/schema\\\/person\\\/87be8fbbed69b1562242448c1c3dcbec\"},\"headline\":\"Grubsee und Barmsee &#8211; Bayern\",\"datePublished\":\"2015-06-25T15:47:07+00:00\",\"dateModified\":\"2022-01-16T15:37:38+00:00\",\"mainEntityOfPage\":{\"@id\":\"https:\\\/\\\/blog.myvideomedia.com\\\/de\\\/grubsee-und-barmsee-bayern\\\/\"},\"wordCount\":85,\"commentCount\":0,\"publisher\":{\"@id\":\"https:\\\/\\\/blog.myvideomedia.com\\\/de\\\/#\\\/schema\\\/person\\\/87be8fbbed69b1562242448c1c3dcbec\"},\"image\":{\"@id\":\"https:\\\/\\\/blog.myvideomedia.com\\\/de\\\/grubsee-und-barmsee-bayern\\\/#primaryimage\"},\"thumbnailUrl\":\"https:\\\/\\\/blog.myvideomedia.com\\\/wp-content\\\/uploads\\\/2012\\\/10\\\/grubsee.jpg\",\"keywords\":[\"Natur\",\"See\"],\"articleSection\":[\"Bayern\",\"Deutschland\",\"Europa\"],\"inLanguage\":\"de\",\"potentialAction\":[{\"@type\":\"CommentAction\",\"name\":\"Comment\",\"target\":[\"https:\\\/\\\/blog.myvideomedia.com\\\/de\\\/grubsee-und-barmsee-bayern\\\/#respond\"]}]},{\"@type\":\"WebPage\",\"@id\":\"https:\\\/\\\/blog.myvideomedia.com\\\/de\\\/grubsee-und-barmsee-bayern\\\/\",\"url\":\"https:\\\/\\\/blog.myvideomedia.com\\\/de\\\/grubsee-und-barmsee-bayern\\\/\",\"name\":\"Grubsee und Barmsee - Bayern - Reise Video Blog\",\"isPartOf\":{\"@id\":\"https:\\\/\\\/blog.myvideomedia.com\\\/de\\\/#website\"},\"primaryImageOfPage\":{\"@id\":\"https:\\\/\\\/blog.myvideomedia.com\\\/de\\\/grubsee-und-barmsee-bayern\\\/#primaryimage\"},\"image\":{\"@id\":\"https:\\\/\\\/blog.myvideomedia.com\\\/de\\\/grubsee-und-barmsee-bayern\\\/#primaryimage\"},\"thumbnailUrl\":\"https:\\\/\\\/blog.myvideomedia.com\\\/wp-content\\\/uploads\\\/2012\\\/10\\\/grubsee.jpg\",\"datePublished\":\"2015-06-25T15:47:07+00:00\",\"dateModified\":\"2022-01-16T15:37:38+00:00\",\"description\":\"Der Grubsee und der Barmsee sind zwei naturbelassene Seen \u00f6stlich von Garmisch-Partenkirchen. Beide Seen laden im Sommer zum Baden ein.\",\"breadcrumb\":{\"@id\":\"https:\\\/\\\/blog.myvideomedia.com\\\/de\\\/grubsee-und-barmsee-bayern\\\/#breadcrumb\"},\"inLanguage\":\"de\",\"potentialAction\":[{\"@type\":\"ReadAction\",\"target\":[\"https:\\\/\\\/blog.myvideomedia.com\\\/de\\\/grubsee-und-barmsee-bayern\\\/\"]}]},{\"@type\":\"ImageObject\",\"inLanguage\":\"de\",\"@id\":\"https:\\\/\\\/blog.myvideomedia.com\\\/de\\\/grubsee-und-barmsee-bayern\\\/#primaryimage\",\"url\":\"https:\\\/\\\/blog.myvideomedia.com\\\/wp-content\\\/uploads\\\/2012\\\/10\\\/grubsee.jpg\",\"contentUrl\":\"https:\\\/\\\/blog.myvideomedia.com\\\/wp-content\\\/uploads\\\/2012\\\/10\\\/grubsee.jpg\",\"width\":800,\"height\":450,\"caption\":\"Grubsee in Bayern\"},{\"@type\":\"BreadcrumbList\",\"@id\":\"https:\\\/\\\/blog.myvideomedia.com\\\/de\\\/grubsee-und-barmsee-bayern\\\/#breadcrumb\",\"itemListElement\":[{\"@type\":\"ListItem\",\"position\":1,\"name\":\"Home\",\"item\":\"https:\\\/\\\/blog.myvideomedia.com\\\/de\\\/\"},{\"@type\":\"ListItem\",\"position\":2,\"name\":\"Grubsee und Barmsee &#8211; Bayern\"}]},{\"@type\":\"WebSite\",\"@id\":\"https:\\\/\\\/blog.myvideomedia.com\\\/de\\\/#website\",\"url\":\"https:\\\/\\\/blog.myvideomedia.com\\\/de\\\/\",\"name\":\"Travel Video Blog\",\"description\":\"myVideoMedia Reisetipps und Reisevideos\",\"publisher\":{\"@id\":\"https:\\\/\\\/blog.myvideomedia.com\\\/de\\\/#\\\/schema\\\/person\\\/87be8fbbed69b1562242448c1c3dcbec\"},\"potentialAction\":[{\"@type\":\"SearchAction\",\"target\":{\"@type\":\"EntryPoint\",\"urlTemplate\":\"https:\\\/\\\/blog.myvideomedia.com\\\/de\\\/?s={search_term_string}\"},\"query-input\":{\"@type\":\"PropertyValueSpecification\",\"valueRequired\":true,\"valueName\":\"search_term_string\"}}],\"inLanguage\":\"de\"},{\"@type\":[\"Person\",\"Organization\"],\"@id\":\"https:\\\/\\\/blog.myvideomedia.com\\\/de\\\/#\\\/schema\\\/person\\\/87be8fbbed69b1562242448c1c3dcbec\",\"name\":\"myVideoMedia\",\"image\":{\"@type\":\"ImageObject\",\"inLanguage\":\"de\",\"@id\":\"https:\\\/\\\/secure.gravatar.com\\\/avatar\\\/460720160715ef8975b781abd1b6985e55ce2f01567bb6757bebd73e7cf74c97?s=96&d=mm&r=g\",\"url\":\"https:\\\/\\\/secure.gravatar.com\\\/avatar\\\/460720160715ef8975b781abd1b6985e55ce2f01567bb6757bebd73e7cf74c97?s=96&d=mm&r=g\",\"contentUrl\":\"https:\\\/\\\/secure.gravatar.com\\\/avatar\\\/460720160715ef8975b781abd1b6985e55ce2f01567bb6757bebd73e7cf74c97?s=96&d=mm&r=g\",\"caption\":\"myVideoMedia\"},\"logo\":{\"@id\":\"https:\\\/\\\/secure.gravatar.com\\\/avatar\\\/460720160715ef8975b781abd1b6985e55ce2f01567bb6757bebd73e7cf74c97?s=96&d=mm&r=g\"},\"description\":\"\\\"The World is a book, and those who do not travel read only a page\\\" - Aurelius Augustinus (354 - 430 AD) Travel is our passion. With our posts and videos we like to inspire people who are planning or preparing for holidays as well as people who simply want to escape from everyday life and dream of faraway countries.\",\"sameAs\":[\"https:\\\/\\\/www.myvideomedia.com\",\"https:\\\/\\\/www.facebook.com\\\/ursula.streit.520\"],\"url\":\"https:\\\/\\\/blog.myvideomedia.com\\\/de\\\/author\\\/traveladm\\\/\"}]}<\/script>\n<!-- \/ Yoast SEO plugin. -->","yoast_head_json":{"title":"Grubsee und Barmsee - Bayern - Reise Video Blog","description":"Der Grubsee und der Barmsee sind zwei naturbelassene Seen \u00f6stlich von Garmisch-Partenkirchen. Beide Seen laden im Sommer zum Baden ein.","robots":{"index":"index","follow":"follow","max-snippet":"max-snippet:-1","max-image-preview":"max-image-preview:large","max-video-preview":"max-video-preview:-1"},"canonical":"https:\/\/blog.myvideomedia.com\/de\/grubsee-und-barmsee-bayern\/","og_locale":"de_DE","og_type":"article","og_title":"Grubsee und Barmsee - Bayern - Reise Video Blog","og_description":"Der Grubsee und der Barmsee sind zwei naturbelassene Seen \u00f6stlich von Garmisch-Partenkirchen. Beide Seen laden im Sommer zum Baden ein.","og_url":"https:\/\/blog.myvideomedia.com\/de\/grubsee-und-barmsee-bayern\/","og_site_name":"Reise Video Blog","article_publisher":"https:\/\/www.facebook.com\/ursula.streit.520","article_author":"https:\/\/www.facebook.com\/ursula.streit.520","article_published_time":"2015-06-25T15:47:07+00:00","article_modified_time":"2022-01-16T15:37:38+00:00","og_image":[{"width":800,"height":450,"url":"https:\/\/blog.myvideomedia.com\/wp-content\/uploads\/2012\/10\/grubsee.jpg","type":"image\/jpeg"}],"author":"myVideoMedia","twitter_card":"summary_large_image","twitter_creator":"@myvideomedia","twitter_site":"@myvideomedia","twitter_misc":{"Verfasst von":"myVideoMedia","Gesch\u00e4tzte Lesezeit":"1\u00a0Minute"},"schema":{"@context":"https:\/\/schema.org","@graph":[{"@type":"Article","@id":"https:\/\/blog.myvideomedia.com\/de\/grubsee-und-barmsee-bayern\/#article","isPartOf":{"@id":"https:\/\/blog.myvideomedia.com\/de\/grubsee-und-barmsee-bayern\/"},"author":{"name":"myVideoMedia","@id":"https:\/\/blog.myvideomedia.com\/de\/#\/schema\/person\/87be8fbbed69b1562242448c1c3dcbec"},"headline":"Grubsee und Barmsee &#8211; Bayern","datePublished":"2015-06-25T15:47:07+00:00","dateModified":"2022-01-16T15:37:38+00:00","mainEntityOfPage":{"@id":"https:\/\/blog.myvideomedia.com\/de\/grubsee-und-barmsee-bayern\/"},"wordCount":85,"commentCount":0,"publisher":{"@id":"https:\/\/blog.myvideomedia.com\/de\/#\/schema\/person\/87be8fbbed69b1562242448c1c3dcbec"},"image":{"@id":"https:\/\/blog.myvideomedia.com\/de\/grubsee-und-barmsee-bayern\/#primaryimage"},"thumbnailUrl":"https:\/\/blog.myvideomedia.com\/wp-content\/uploads\/2012\/10\/grubsee.jpg","keywords":["Natur","See"],"articleSection":["Bayern","Deutschland","Europa"],"inLanguage":"de","potentialAction":[{"@type":"CommentAction","name":"Comment","target":["https:\/\/blog.myvideomedia.com\/de\/grubsee-und-barmsee-bayern\/#respond"]}]},{"@type":"WebPage","@id":"https:\/\/blog.myvideomedia.com\/de\/grubsee-und-barmsee-bayern\/","url":"https:\/\/blog.myvideomedia.com\/de\/grubsee-und-barmsee-bayern\/","name":"Grubsee und Barmsee - Bayern - Reise Video Blog","isPartOf":{"@id":"https:\/\/blog.myvideomedia.com\/de\/#website"},"primaryImageOfPage":{"@id":"https:\/\/blog.myvideomedia.com\/de\/grubsee-und-barmsee-bayern\/#primaryimage"},"image":{"@id":"https:\/\/blog.myvideomedia.com\/de\/grubsee-und-barmsee-bayern\/#primaryimage"},"thumbnailUrl":"https:\/\/blog.myvideomedia.com\/wp-content\/uploads\/2012\/10\/grubsee.jpg","datePublished":"2015-06-25T15:47:07+00:00","dateModified":"2022-01-16T15:37:38+00:00","description":"Der Grubsee und der Barmsee sind zwei naturbelassene Seen \u00f6stlich von Garmisch-Partenkirchen. Beide Seen laden im Sommer zum Baden ein.","breadcrumb":{"@id":"https:\/\/blog.myvideomedia.com\/de\/grubsee-und-barmsee-bayern\/#breadcrumb"},"inLanguage":"de","potentialAction":[{"@type":"ReadAction","target":["https:\/\/blog.myvideomedia.com\/de\/grubsee-und-barmsee-bayern\/"]}]},{"@type":"ImageObject","inLanguage":"de","@id":"https:\/\/blog.myvideomedia.com\/de\/grubsee-und-barmsee-bayern\/#primaryimage","url":"https:\/\/blog.myvideomedia.com\/wp-content\/uploads\/2012\/10\/grubsee.jpg","contentUrl":"https:\/\/blog.myvideomedia.com\/wp-content\/uploads\/2012\/10\/grubsee.jpg","width":800,"height":450,"caption":"Grubsee in Bayern"},{"@type":"BreadcrumbList","@id":"https:\/\/blog.myvideomedia.com\/de\/grubsee-und-barmsee-bayern\/#breadcrumb","itemListElement":[{"@type":"ListItem","position":1,"name":"Home","item":"https:\/\/blog.myvideomedia.com\/de\/"},{"@type":"ListItem","position":2,"name":"Grubsee und Barmsee &#8211; Bayern"}]},{"@type":"WebSite","@id":"https:\/\/blog.myvideomedia.com\/de\/#website","url":"https:\/\/blog.myvideomedia.com\/de\/","name":"Travel Video Blog","description":"myVideoMedia Reisetipps und Reisevideos","publisher":{"@id":"https:\/\/blog.myvideomedia.com\/de\/#\/schema\/person\/87be8fbbed69b1562242448c1c3dcbec"},"potentialAction":[{"@type":"SearchAction","target":{"@type":"EntryPoint","urlTemplate":"https:\/\/blog.myvideomedia.com\/de\/?s={search_term_string}"},"query-input":{"@type":"PropertyValueSpecification","valueRequired":true,"valueName":"search_term_string"}}],"inLanguage":"de"},{"@type":["Person","Organization"],"@id":"https:\/\/blog.myvideomedia.com\/de\/#\/schema\/person\/87be8fbbed69b1562242448c1c3dcbec","name":"myVideoMedia","image":{"@type":"ImageObject","inLanguage":"de","@id":"https:\/\/secure.gravatar.com\/avatar\/460720160715ef8975b781abd1b6985e55ce2f01567bb6757bebd73e7cf74c97?s=96&d=mm&r=g","url":"https:\/\/secure.gravatar.com\/avatar\/460720160715ef8975b781abd1b6985e55ce2f01567bb6757bebd73e7cf74c97?s=96&d=mm&r=g","contentUrl":"https:\/\/secure.gravatar.com\/avatar\/460720160715ef8975b781abd1b6985e55ce2f01567bb6757bebd73e7cf74c97?s=96&d=mm&r=g","caption":"myVideoMedia"},"logo":{"@id":"https:\/\/secure.gravatar.com\/avatar\/460720160715ef8975b781abd1b6985e55ce2f01567bb6757bebd73e7cf74c97?s=96&d=mm&r=g"},"description":"\"The World is a book, and those who do not travel read only a page\" - Aurelius Augustinus (354 - 430 AD) Travel is our passion. With our posts and videos we like to inspire people who are planning or preparing for holidays as well as people who simply want to escape from everyday life and dream of faraway countries.","sameAs":["https:\/\/www.myvideomedia.com","https:\/\/www.facebook.com\/ursula.streit.520"],"url":"https:\/\/blog.myvideomedia.com\/de\/author\/traveladm\/"}]}},"featured_image_src":"https:\/\/blog.myvideomedia.com\/wp-content\/uploads\/2012\/10\/grubsee.jpg","featured_image_src_square":"https:\/\/blog.myvideomedia.com\/wp-content\/uploads\/2012\/10\/grubsee.jpg","author_info":{"display_name":"myVideoMedia","author_link":"https:\/\/blog.myvideomedia.com\/de\/author\/traveladm\/"},"_links":{"self":[{"href":"https:\/\/blog.myvideomedia.com\/de\/wp-json\/wp\/v2\/posts\/8056","targetHints":{"allow":["GET"]}}],"collection":[{"href":"https:\/\/blog.myvideomedia.com\/de\/wp-json\/wp\/v2\/posts"}],"about":[{"href":"https:\/\/blog.myvideomedia.com\/de\/wp-json\/wp\/v2\/types\/post"}],"author":[{"embeddable":true,"href":"https:\/\/blog.myvideomedia.com\/de\/wp-json\/wp\/v2\/users\/1"}],"replies":[{"embeddable":true,"href":"https:\/\/blog.myvideomedia.com\/de\/wp-json\/wp\/v2\/comments?post=8056"}],"version-history":[{"count":0,"href":"https:\/\/blog.myvideomedia.com\/de\/wp-json\/wp\/v2\/posts\/8056\/revisions"}],"wp:featuredmedia":[{"embeddable":true,"href":"https:\/\/blog.myvideomedia.com\/de\/wp-json\/wp\/v2\/media\/4397"}],"wp:attachment":[{"href":"https:\/\/blog.myvideomedia.com\/de\/wp-json\/wp\/v2\/media?parent=8056"}],"wp:term":[{"taxonomy":"category","embeddable":true,"href":"https:\/\/blog.myvideomedia.com\/de\/wp-json\/wp\/v2\/categories?post=8056"},{"taxonomy":"post_tag","embeddable":true,"href":"https:\/\/blog.myvideomedia.com\/de\/wp-json\/wp\/v2\/tags?post=8056"}],"curies":[{"name":"wp","href":"https:\/\/api.w.org\/{rel}","templated":true}]}}