{"id":8252,"date":"2015-06-30T08:19:31","date_gmt":"2015-06-30T07:19:31","guid":{"rendered":"https:\/\/blog.myvideomedia.com\/?p=8252"},"modified":"2022-01-16T10:19:06","modified_gmt":"2022-01-16T09:19:06","slug":"palacio-nacional-da-pena","status":"publish","type":"post","link":"https:\/\/blog.myvideomedia.com\/de\/palacio-nacional-da-pena\/","title":{"rendered":"Palacio Nacional da Pena &#8211; Portugal"},"content":{"rendered":"\n<p>Oberhalb der portugiesischen Stadt <a href=\"https:\/\/blog.myvideomedia.com\/de\/sintra-portugal\/\">Sintra<\/a> liegt der Pal\u00e1cio Nacional da Pena. Er wurde vom portugiesischen Titulark\u00f6nig Ferdinand II. ab 1840 auf den Resten eines Klosters als Sommerresidenz f\u00fcr die K\u00f6nigsfamilie errichtet. Ferdinand war mit Maria II. aus dem Hause Braganza verheiratet.<\/p>\n\n\n\n<div class=\"wp-block-image is-style-default\"><figure class=\"aligncenter\"><img loading=\"lazy\" decoding=\"async\" width=\"748\" height=\"544\" src=\"https:\/\/blog.myvideomedia.com\/wp-content\/uploads\/2012\/09\/Pena1.jpg\" alt=\"Palacio Nacional da Pena\" class=\"wp-image-4410\" srcset=\"https:\/\/blog.myvideomedia.com\/wp-content\/uploads\/2012\/09\/Pena1.jpg 748w, https:\/\/blog.myvideomedia.com\/wp-content\/uploads\/2012\/09\/Pena1-300x218.jpg 300w\" sizes=\"auto, (max-width: 748px) 100vw, 748px\" \/><\/figure><\/div>\n\n\n\n<p>Unweigerlich f\u00fchlt man sich an Schloss Neuschwanstein in Bayern erinnert, obwohl dieses erst sp\u00e4ter erbaut wurde.<\/p>\n\n\n\n<p>Das Schloss ist vollst\u00e4ndig eingerichtet und kann besichtigt werden. Der Palacio Nacional da Pena ist auf der Liste der UNESCO Weltkulturerbe.<\/p>\n\n\n\n<h3 class=\"wp-block-heading\"><a href=\"https:\/\/youtu.be\/1oTEPs7iOGc\" target=\"_blank\" rel=\"noopener nofollow\">Hier sehen Sie das Video<\/a><\/h3>\n\n\n\n<figure> <div class=\"brlbs-cmpnt-container brlbs-cmpnt-content-blocker brlbs-cmpnt-with-individual-styles\" data-borlabs-cookie-content-blocker-id=\"youtube-content-blocker\" data-borlabs-cookie-content=\"PGlmcmFtZSBzcmM9Imh0dHBzOi8vd3d3LnlvdXR1YmUtbm9jb29raWUuY29tL2VtYmVkLzFvVEVQczdpT0djIiB3aWR0aD0iNjAwIiBoZWlnaHQ9IjMzOCI+PC9pZnJhbWU+\"><div class=\"brlbs-cmpnt-cb-preset-c brlbs-cmpnt-cb-youtube\"> <div class=\"brlbs-cmpnt-cb-thumbnail\" style=\"background-image: url('https:\/\/blog.myvideomedia.com\/wp-content\/uploads\/borlabs-cookie\/1\/yt_1oTEPs7iOGc_hqdefault.jpg')\"><\/div> <div class=\"brlbs-cmpnt-cb-main\"> <div class=\"brlbs-cmpnt-cb-play-button\"><\/div> <div class=\"brlbs-cmpnt-cb-content\"> <p class=\"brlbs-cmpnt-cb-description\">Sie sehen gerade einen Platzhalterinhalt von <strong>YouTube<\/strong>. Um auf den eigentlichen Inhalt zuzugreifen, klicken Sie auf die Schaltfl\u00e4che unten. Bitte beachten Sie, dass dabei Daten an Drittanbieter weitergegeben werden.<\/p> <a class=\"brlbs-cmpnt-cb-provider-toggle\" href=\"#\" data-borlabs-cookie-show-provider-information role=\"button\">Mehr Informationen<\/a> <\/div> <div class=\"brlbs-cmpnt-cb-buttons\"> <a class=\"brlbs-cmpnt-cb-btn\" href=\"#\" data-borlabs-cookie-unblock role=\"button\">Inhalt entsperren<\/a> <a class=\"brlbs-cmpnt-cb-btn\" href=\"#\" data-borlabs-cookie-accept-service role=\"button\" style=\"display: inherit\">Erforderlichen Service akzeptieren und Inhalte entsperren<\/a> <\/div> <\/div> <\/div><\/div><\/figure>\n\n\n\n<p>Ca. 5 km s\u00fcdwestlich liegt das Convento dos Capuchos Sintra, ein ehemaliges Kapuzinerkloster.<\/p>\n\n\n\n<div class=\"wp-block-image is-style-default\"><figure class=\"aligncenter\"><img loading=\"lazy\" decoding=\"async\" width=\"743\" height=\"546\" src=\"https:\/\/blog.myvideomedia.com\/wp-content\/uploads\/2012\/09\/pena-convento.jpg\" alt=\"Convento dos Capuchos Sintra\" class=\"wp-image-4411\" srcset=\"https:\/\/blog.myvideomedia.com\/wp-content\/uploads\/2012\/09\/pena-convento.jpg 743w, https:\/\/blog.myvideomedia.com\/wp-content\/uploads\/2012\/09\/pena-convento-300x220.jpg 300w\" sizes=\"auto, (max-width: 743px) 100vw, 743px\" \/><\/figure><\/div>\n\n\n\n<p>Das Kloster liegt tief im Wald des Nationalparks Sintra-Cascais. Die M\u00f6nche lebten unter spartanischen Verh\u00e4ltnissen in zum Teil in Felsen gehauenen Zellen, von denen einige mit Kork verkleidet waren.<\/p>\n\n\n\n<p>Text, Fotos und Video : Copyright \u00a9 <a href=\"https:\/\/www.myvideomedia.de\/\" target=\"_blank\" rel=\"noopener\">myVideoMedia <\/a><\/p>\n","protected":false},"excerpt":{"rendered":"<p>Oberhalb der portugiesischen Stadt Sintra liegt der Pal\u00e1cio Nacional da Pena. Er wurde vom portugiesischen Titulark\u00f6nig Ferdinand II. ab 1840 auf den Resten eines Klosters als Sommerresidenz f\u00fcr die K\u00f6nigsfamilie errichtet. Ferdinand war mit Maria II. aus dem Hause Braganza verheiratet. Unweigerlich f\u00fchlt man sich an Schloss Neuschwanstein in Bayern erinnert, obwohl dieses erst sp\u00e4ter [&hellip;]<\/p>\n","protected":false},"author":1,"featured_media":4410,"comment_status":"open","ping_status":"closed","sticky":false,"template":"","format":"standard","meta":{"_genesis_hide_title":false,"_genesis_hide_breadcrumbs":false,"_genesis_hide_singular_image":false,"_genesis_hide_footer_widgets":false,"_genesis_custom_body_class":"","_genesis_custom_post_class":"","_genesis_layout":"","footnotes":""},"categories":[1550,525],"tags":[1532,455,469,451,476],"class_list":{"0":"post-8252","1":"post","2":"type-post","3":"status-publish","4":"format-standard","5":"has-post-thumbnail","7":"category-europa","8":"category-portugal_d","9":"tag-geschichte-de","10":"tag-kultur","11":"tag-natur","12":"tag-schloss","13":"tag-unesco-weltkulturerbe","14":"entry"},"yoast_head":"<!-- This site is optimized with the Yoast SEO plugin v27.4 - https:\/\/yoast.com\/product\/yoast-seo-wordpress\/ -->\n<title>Palacio Nacional da Pena - Portugal - Reise Video Blog<\/title>\n<meta name=\"description\" content=\"Oberhalb der portugiesischen Stadt Sintra liegt der Palacio Nacional da Pena und ca. 5 km s\u00fcdwestlich des Kapuzinerkloster\" \/>\n<meta name=\"robots\" content=\"index, follow, max-snippet:-1, max-image-preview:large, max-video-preview:-1\" \/>\n<link rel=\"canonical\" href=\"https:\/\/blog.myvideomedia.com\/de\/palacio-nacional-da-pena\/\" \/>\n<meta property=\"og:locale\" content=\"de_DE\" \/>\n<meta property=\"og:type\" content=\"article\" \/>\n<meta property=\"og:title\" content=\"Palacio Nacional da Pena - Portugal - Reise Video Blog\" \/>\n<meta property=\"og:description\" content=\"Oberhalb der portugiesischen Stadt Sintra liegt der Palacio Nacional da Pena und ca. 5 km s\u00fcdwestlich des Kapuzinerkloster\" \/>\n<meta property=\"og:url\" content=\"https:\/\/blog.myvideomedia.com\/de\/palacio-nacional-da-pena\/\" \/>\n<meta property=\"og:site_name\" content=\"Reise Video Blog\" \/>\n<meta property=\"article:publisher\" content=\"https:\/\/www.facebook.com\/ursula.streit.520\" \/>\n<meta property=\"article:author\" content=\"https:\/\/www.facebook.com\/ursula.streit.520\" \/>\n<meta property=\"article:published_time\" content=\"2015-06-30T07:19:31+00:00\" \/>\n<meta property=\"article:modified_time\" content=\"2022-01-16T09:19:06+00:00\" \/>\n<meta property=\"og:image\" content=\"https:\/\/blog.myvideomedia.com\/wp-content\/uploads\/2012\/09\/Pena1.jpg\" \/>\n\t<meta property=\"og:image:width\" content=\"748\" \/>\n\t<meta property=\"og:image:height\" content=\"544\" \/>\n\t<meta property=\"og:image:type\" content=\"image\/jpeg\" \/>\n<meta name=\"author\" content=\"myVideoMedia\" \/>\n<meta name=\"twitter:card\" content=\"summary_large_image\" \/>\n<meta name=\"twitter:creator\" content=\"@myvideomedia\" \/>\n<meta name=\"twitter:site\" content=\"@myvideomedia\" \/>\n<meta name=\"twitter:label1\" content=\"Verfasst von\" \/>\n\t<meta name=\"twitter:data1\" content=\"myVideoMedia\" \/>\n\t<meta name=\"twitter:label2\" content=\"Gesch\u00e4tzte Lesezeit\" \/>\n\t<meta name=\"twitter:data2\" content=\"2\u00a0Minuten\" \/>\n<script type=\"application\/ld+json\" class=\"yoast-schema-graph\">{\"@context\":\"https:\\\/\\\/schema.org\",\"@graph\":[{\"@type\":\"Article\",\"@id\":\"https:\\\/\\\/blog.myvideomedia.com\\\/de\\\/palacio-nacional-da-pena\\\/#article\",\"isPartOf\":{\"@id\":\"https:\\\/\\\/blog.myvideomedia.com\\\/de\\\/palacio-nacional-da-pena\\\/\"},\"author\":{\"name\":\"myVideoMedia\",\"@id\":\"https:\\\/\\\/blog.myvideomedia.com\\\/de\\\/#\\\/schema\\\/person\\\/87be8fbbed69b1562242448c1c3dcbec\"},\"headline\":\"Palacio Nacional da Pena &#8211; Portugal\",\"datePublished\":\"2015-06-30T07:19:31+00:00\",\"dateModified\":\"2022-01-16T09:19:06+00:00\",\"mainEntityOfPage\":{\"@id\":\"https:\\\/\\\/blog.myvideomedia.com\\\/de\\\/palacio-nacional-da-pena\\\/\"},\"wordCount\":145,\"commentCount\":0,\"publisher\":{\"@id\":\"https:\\\/\\\/blog.myvideomedia.com\\\/de\\\/#\\\/schema\\\/person\\\/87be8fbbed69b1562242448c1c3dcbec\"},\"image\":{\"@id\":\"https:\\\/\\\/blog.myvideomedia.com\\\/de\\\/palacio-nacional-da-pena\\\/#primaryimage\"},\"thumbnailUrl\":\"https:\\\/\\\/blog.myvideomedia.com\\\/wp-content\\\/uploads\\\/2012\\\/09\\\/Pena1.jpg\",\"keywords\":[\"Geschichte\",\"Kultur\",\"Natur\",\"Schloss\",\"UNESCO Weltkulturerbe\"],\"articleSection\":[\"Europa\",\"Portugal\"],\"inLanguage\":\"de\",\"potentialAction\":[{\"@type\":\"CommentAction\",\"name\":\"Comment\",\"target\":[\"https:\\\/\\\/blog.myvideomedia.com\\\/de\\\/palacio-nacional-da-pena\\\/#respond\"]}]},{\"@type\":\"WebPage\",\"@id\":\"https:\\\/\\\/blog.myvideomedia.com\\\/de\\\/palacio-nacional-da-pena\\\/\",\"url\":\"https:\\\/\\\/blog.myvideomedia.com\\\/de\\\/palacio-nacional-da-pena\\\/\",\"name\":\"Palacio Nacional da Pena - Portugal - Reise Video Blog\",\"isPartOf\":{\"@id\":\"https:\\\/\\\/blog.myvideomedia.com\\\/de\\\/#website\"},\"primaryImageOfPage\":{\"@id\":\"https:\\\/\\\/blog.myvideomedia.com\\\/de\\\/palacio-nacional-da-pena\\\/#primaryimage\"},\"image\":{\"@id\":\"https:\\\/\\\/blog.myvideomedia.com\\\/de\\\/palacio-nacional-da-pena\\\/#primaryimage\"},\"thumbnailUrl\":\"https:\\\/\\\/blog.myvideomedia.com\\\/wp-content\\\/uploads\\\/2012\\\/09\\\/Pena1.jpg\",\"datePublished\":\"2015-06-30T07:19:31+00:00\",\"dateModified\":\"2022-01-16T09:19:06+00:00\",\"description\":\"Oberhalb der portugiesischen Stadt Sintra liegt der Palacio Nacional da Pena und ca. 5 km s\u00fcdwestlich des Kapuzinerkloster\",\"breadcrumb\":{\"@id\":\"https:\\\/\\\/blog.myvideomedia.com\\\/de\\\/palacio-nacional-da-pena\\\/#breadcrumb\"},\"inLanguage\":\"de\",\"potentialAction\":[{\"@type\":\"ReadAction\",\"target\":[\"https:\\\/\\\/blog.myvideomedia.com\\\/de\\\/palacio-nacional-da-pena\\\/\"]}]},{\"@type\":\"ImageObject\",\"inLanguage\":\"de\",\"@id\":\"https:\\\/\\\/blog.myvideomedia.com\\\/de\\\/palacio-nacional-da-pena\\\/#primaryimage\",\"url\":\"https:\\\/\\\/blog.myvideomedia.com\\\/wp-content\\\/uploads\\\/2012\\\/09\\\/Pena1.jpg\",\"contentUrl\":\"https:\\\/\\\/blog.myvideomedia.com\\\/wp-content\\\/uploads\\\/2012\\\/09\\\/Pena1.jpg\",\"width\":748,\"height\":544,\"caption\":\"Palacio Nacional da Pena\"},{\"@type\":\"BreadcrumbList\",\"@id\":\"https:\\\/\\\/blog.myvideomedia.com\\\/de\\\/palacio-nacional-da-pena\\\/#breadcrumb\",\"itemListElement\":[{\"@type\":\"ListItem\",\"position\":1,\"name\":\"Home\",\"item\":\"https:\\\/\\\/blog.myvideomedia.com\\\/de\\\/\"},{\"@type\":\"ListItem\",\"position\":2,\"name\":\"Palacio Nacional da Pena &#8211; Portugal\"}]},{\"@type\":\"WebSite\",\"@id\":\"https:\\\/\\\/blog.myvideomedia.com\\\/de\\\/#website\",\"url\":\"https:\\\/\\\/blog.myvideomedia.com\\\/de\\\/\",\"name\":\"Travel Video Blog\",\"description\":\"myVideoMedia Reisetipps und Reisevideos\",\"publisher\":{\"@id\":\"https:\\\/\\\/blog.myvideomedia.com\\\/de\\\/#\\\/schema\\\/person\\\/87be8fbbed69b1562242448c1c3dcbec\"},\"potentialAction\":[{\"@type\":\"SearchAction\",\"target\":{\"@type\":\"EntryPoint\",\"urlTemplate\":\"https:\\\/\\\/blog.myvideomedia.com\\\/de\\\/?s={search_term_string}\"},\"query-input\":{\"@type\":\"PropertyValueSpecification\",\"valueRequired\":true,\"valueName\":\"search_term_string\"}}],\"inLanguage\":\"de\"},{\"@type\":[\"Person\",\"Organization\"],\"@id\":\"https:\\\/\\\/blog.myvideomedia.com\\\/de\\\/#\\\/schema\\\/person\\\/87be8fbbed69b1562242448c1c3dcbec\",\"name\":\"myVideoMedia\",\"image\":{\"@type\":\"ImageObject\",\"inLanguage\":\"de\",\"@id\":\"https:\\\/\\\/secure.gravatar.com\\\/avatar\\\/460720160715ef8975b781abd1b6985e55ce2f01567bb6757bebd73e7cf74c97?s=96&d=mm&r=g\",\"url\":\"https:\\\/\\\/secure.gravatar.com\\\/avatar\\\/460720160715ef8975b781abd1b6985e55ce2f01567bb6757bebd73e7cf74c97?s=96&d=mm&r=g\",\"contentUrl\":\"https:\\\/\\\/secure.gravatar.com\\\/avatar\\\/460720160715ef8975b781abd1b6985e55ce2f01567bb6757bebd73e7cf74c97?s=96&d=mm&r=g\",\"caption\":\"myVideoMedia\"},\"logo\":{\"@id\":\"https:\\\/\\\/secure.gravatar.com\\\/avatar\\\/460720160715ef8975b781abd1b6985e55ce2f01567bb6757bebd73e7cf74c97?s=96&d=mm&r=g\"},\"description\":\"\\\"The World is a book, and those who do not travel read only a page\\\" - Aurelius Augustinus (354 - 430 AD) Travel is our passion. With our posts and videos we like to inspire people who are planning or preparing for holidays as well as people who simply want to escape from everyday life and dream of faraway countries.\",\"sameAs\":[\"https:\\\/\\\/www.myvideomedia.com\",\"https:\\\/\\\/www.facebook.com\\\/ursula.streit.520\"],\"url\":\"https:\\\/\\\/blog.myvideomedia.com\\\/de\\\/author\\\/traveladm\\\/\"}]}<\/script>\n<!-- \/ Yoast SEO plugin. -->","yoast_head_json":{"title":"Palacio Nacional da Pena - Portugal - Reise Video Blog","description":"Oberhalb der portugiesischen Stadt Sintra liegt der Palacio Nacional da Pena und ca. 5 km s\u00fcdwestlich des Kapuzinerkloster","robots":{"index":"index","follow":"follow","max-snippet":"max-snippet:-1","max-image-preview":"max-image-preview:large","max-video-preview":"max-video-preview:-1"},"canonical":"https:\/\/blog.myvideomedia.com\/de\/palacio-nacional-da-pena\/","og_locale":"de_DE","og_type":"article","og_title":"Palacio Nacional da Pena - Portugal - Reise Video Blog","og_description":"Oberhalb der portugiesischen Stadt Sintra liegt der Palacio Nacional da Pena und ca. 5 km s\u00fcdwestlich des Kapuzinerkloster","og_url":"https:\/\/blog.myvideomedia.com\/de\/palacio-nacional-da-pena\/","og_site_name":"Reise Video Blog","article_publisher":"https:\/\/www.facebook.com\/ursula.streit.520","article_author":"https:\/\/www.facebook.com\/ursula.streit.520","article_published_time":"2015-06-30T07:19:31+00:00","article_modified_time":"2022-01-16T09:19:06+00:00","og_image":[{"width":748,"height":544,"url":"https:\/\/blog.myvideomedia.com\/wp-content\/uploads\/2012\/09\/Pena1.jpg","type":"image\/jpeg"}],"author":"myVideoMedia","twitter_card":"summary_large_image","twitter_creator":"@myvideomedia","twitter_site":"@myvideomedia","twitter_misc":{"Verfasst von":"myVideoMedia","Gesch\u00e4tzte Lesezeit":"2\u00a0Minuten"},"schema":{"@context":"https:\/\/schema.org","@graph":[{"@type":"Article","@id":"https:\/\/blog.myvideomedia.com\/de\/palacio-nacional-da-pena\/#article","isPartOf":{"@id":"https:\/\/blog.myvideomedia.com\/de\/palacio-nacional-da-pena\/"},"author":{"name":"myVideoMedia","@id":"https:\/\/blog.myvideomedia.com\/de\/#\/schema\/person\/87be8fbbed69b1562242448c1c3dcbec"},"headline":"Palacio Nacional da Pena &#8211; Portugal","datePublished":"2015-06-30T07:19:31+00:00","dateModified":"2022-01-16T09:19:06+00:00","mainEntityOfPage":{"@id":"https:\/\/blog.myvideomedia.com\/de\/palacio-nacional-da-pena\/"},"wordCount":145,"commentCount":0,"publisher":{"@id":"https:\/\/blog.myvideomedia.com\/de\/#\/schema\/person\/87be8fbbed69b1562242448c1c3dcbec"},"image":{"@id":"https:\/\/blog.myvideomedia.com\/de\/palacio-nacional-da-pena\/#primaryimage"},"thumbnailUrl":"https:\/\/blog.myvideomedia.com\/wp-content\/uploads\/2012\/09\/Pena1.jpg","keywords":["Geschichte","Kultur","Natur","Schloss","UNESCO Weltkulturerbe"],"articleSection":["Europa","Portugal"],"inLanguage":"de","potentialAction":[{"@type":"CommentAction","name":"Comment","target":["https:\/\/blog.myvideomedia.com\/de\/palacio-nacional-da-pena\/#respond"]}]},{"@type":"WebPage","@id":"https:\/\/blog.myvideomedia.com\/de\/palacio-nacional-da-pena\/","url":"https:\/\/blog.myvideomedia.com\/de\/palacio-nacional-da-pena\/","name":"Palacio Nacional da Pena - Portugal - Reise Video Blog","isPartOf":{"@id":"https:\/\/blog.myvideomedia.com\/de\/#website"},"primaryImageOfPage":{"@id":"https:\/\/blog.myvideomedia.com\/de\/palacio-nacional-da-pena\/#primaryimage"},"image":{"@id":"https:\/\/blog.myvideomedia.com\/de\/palacio-nacional-da-pena\/#primaryimage"},"thumbnailUrl":"https:\/\/blog.myvideomedia.com\/wp-content\/uploads\/2012\/09\/Pena1.jpg","datePublished":"2015-06-30T07:19:31+00:00","dateModified":"2022-01-16T09:19:06+00:00","description":"Oberhalb der portugiesischen Stadt Sintra liegt der Palacio Nacional da Pena und ca. 5 km s\u00fcdwestlich des Kapuzinerkloster","breadcrumb":{"@id":"https:\/\/blog.myvideomedia.com\/de\/palacio-nacional-da-pena\/#breadcrumb"},"inLanguage":"de","potentialAction":[{"@type":"ReadAction","target":["https:\/\/blog.myvideomedia.com\/de\/palacio-nacional-da-pena\/"]}]},{"@type":"ImageObject","inLanguage":"de","@id":"https:\/\/blog.myvideomedia.com\/de\/palacio-nacional-da-pena\/#primaryimage","url":"https:\/\/blog.myvideomedia.com\/wp-content\/uploads\/2012\/09\/Pena1.jpg","contentUrl":"https:\/\/blog.myvideomedia.com\/wp-content\/uploads\/2012\/09\/Pena1.jpg","width":748,"height":544,"caption":"Palacio Nacional da Pena"},{"@type":"BreadcrumbList","@id":"https:\/\/blog.myvideomedia.com\/de\/palacio-nacional-da-pena\/#breadcrumb","itemListElement":[{"@type":"ListItem","position":1,"name":"Home","item":"https:\/\/blog.myvideomedia.com\/de\/"},{"@type":"ListItem","position":2,"name":"Palacio Nacional da Pena &#8211; Portugal"}]},{"@type":"WebSite","@id":"https:\/\/blog.myvideomedia.com\/de\/#website","url":"https:\/\/blog.myvideomedia.com\/de\/","name":"Travel Video Blog","description":"myVideoMedia Reisetipps und Reisevideos","publisher":{"@id":"https:\/\/blog.myvideomedia.com\/de\/#\/schema\/person\/87be8fbbed69b1562242448c1c3dcbec"},"potentialAction":[{"@type":"SearchAction","target":{"@type":"EntryPoint","urlTemplate":"https:\/\/blog.myvideomedia.com\/de\/?s={search_term_string}"},"query-input":{"@type":"PropertyValueSpecification","valueRequired":true,"valueName":"search_term_string"}}],"inLanguage":"de"},{"@type":["Person","Organization"],"@id":"https:\/\/blog.myvideomedia.com\/de\/#\/schema\/person\/87be8fbbed69b1562242448c1c3dcbec","name":"myVideoMedia","image":{"@type":"ImageObject","inLanguage":"de","@id":"https:\/\/secure.gravatar.com\/avatar\/460720160715ef8975b781abd1b6985e55ce2f01567bb6757bebd73e7cf74c97?s=96&d=mm&r=g","url":"https:\/\/secure.gravatar.com\/avatar\/460720160715ef8975b781abd1b6985e55ce2f01567bb6757bebd73e7cf74c97?s=96&d=mm&r=g","contentUrl":"https:\/\/secure.gravatar.com\/avatar\/460720160715ef8975b781abd1b6985e55ce2f01567bb6757bebd73e7cf74c97?s=96&d=mm&r=g","caption":"myVideoMedia"},"logo":{"@id":"https:\/\/secure.gravatar.com\/avatar\/460720160715ef8975b781abd1b6985e55ce2f01567bb6757bebd73e7cf74c97?s=96&d=mm&r=g"},"description":"\"The World is a book, and those who do not travel read only a page\" - Aurelius Augustinus (354 - 430 AD) Travel is our passion. With our posts and videos we like to inspire people who are planning or preparing for holidays as well as people who simply want to escape from everyday life and dream of faraway countries.","sameAs":["https:\/\/www.myvideomedia.com","https:\/\/www.facebook.com\/ursula.streit.520"],"url":"https:\/\/blog.myvideomedia.com\/de\/author\/traveladm\/"}]}},"featured_image_src":"https:\/\/blog.myvideomedia.com\/wp-content\/uploads\/2012\/09\/Pena1.jpg","featured_image_src_square":"https:\/\/blog.myvideomedia.com\/wp-content\/uploads\/2012\/09\/Pena1.jpg","author_info":{"display_name":"myVideoMedia","author_link":"https:\/\/blog.myvideomedia.com\/de\/author\/traveladm\/"},"_links":{"self":[{"href":"https:\/\/blog.myvideomedia.com\/de\/wp-json\/wp\/v2\/posts\/8252","targetHints":{"allow":["GET"]}}],"collection":[{"href":"https:\/\/blog.myvideomedia.com\/de\/wp-json\/wp\/v2\/posts"}],"about":[{"href":"https:\/\/blog.myvideomedia.com\/de\/wp-json\/wp\/v2\/types\/post"}],"author":[{"embeddable":true,"href":"https:\/\/blog.myvideomedia.com\/de\/wp-json\/wp\/v2\/users\/1"}],"replies":[{"embeddable":true,"href":"https:\/\/blog.myvideomedia.com\/de\/wp-json\/wp\/v2\/comments?post=8252"}],"version-history":[{"count":0,"href":"https:\/\/blog.myvideomedia.com\/de\/wp-json\/wp\/v2\/posts\/8252\/revisions"}],"wp:featuredmedia":[{"embeddable":true,"href":"https:\/\/blog.myvideomedia.com\/de\/wp-json\/wp\/v2\/media\/4410"}],"wp:attachment":[{"href":"https:\/\/blog.myvideomedia.com\/de\/wp-json\/wp\/v2\/media?parent=8252"}],"wp:term":[{"taxonomy":"category","embeddable":true,"href":"https:\/\/blog.myvideomedia.com\/de\/wp-json\/wp\/v2\/categories?post=8252"},{"taxonomy":"post_tag","embeddable":true,"href":"https:\/\/blog.myvideomedia.com\/de\/wp-json\/wp\/v2\/tags?post=8252"}],"curies":[{"name":"wp","href":"https:\/\/api.w.org\/{rel}","templated":true}]}}