{"id":9277,"date":"2015-08-14T12:34:42","date_gmt":"2015-08-14T11:34:42","guid":{"rendered":"https:\/\/blog.myvideomedia.com\/?p=9277"},"modified":"2020-09-06T16:40:33","modified_gmt":"2020-09-06T15:40:33","slug":"strambotismus-quim-hereu","status":"publish","type":"post","link":"https:\/\/blog.myvideomedia.com\/de\/strambotismus-quim-hereu\/","title":{"rendered":"Dinner und Strambotismus mit Quim Hereu &#8211; ein Erlebnis"},"content":{"rendered":"\n<p>Der Abend im Atelier des katalanischen Malers Quim Hereu war sicherlich unser Top Erlebnis in Katalonien.<\/p>\n\n\n\n<div id=\"ez-toc-container\" class=\"ez-toc-v2_0_82_2 counter-hierarchy ez-toc-counter ez-toc-grey ez-toc-container-direction\">\n<div class=\"ez-toc-title-container\">\n<p class=\"ez-toc-title\" style=\"cursor:inherit\">Inhaltsverzeichnis<\/p>\n<span class=\"ez-toc-title-toggle\"><a href=\"#\" class=\"ez-toc-pull-right ez-toc-btn ez-toc-btn-xs ez-toc-btn-default ez-toc-toggle\" aria-label=\"Toggle Table of Content\"><span class=\"ez-toc-js-icon-con\"><span class=\"\"><span class=\"eztoc-hide\" style=\"display:none;\">Toggle<\/span><span class=\"ez-toc-icon-toggle-span\"><svg style=\"fill: #999;color:#999\" xmlns=\"http:\/\/www.w3.org\/2000\/svg\" class=\"list-377408\" width=\"20px\" height=\"20px\" viewBox=\"0 0 24 24\" fill=\"none\"><path d=\"M6 6H4v2h2V6zm14 0H8v2h12V6zM4 11h2v2H4v-2zm16 0H8v2h12v-2zM4 16h2v2H4v-2zm16 0H8v2h12v-2z\" fill=\"currentColor\"><\/path><\/svg><svg style=\"fill: #999;color:#999\" class=\"arrow-unsorted-368013\" xmlns=\"http:\/\/www.w3.org\/2000\/svg\" width=\"10px\" height=\"10px\" viewBox=\"0 0 24 24\" version=\"1.2\" baseProfile=\"tiny\"><path d=\"M18.2 9.3l-6.2-6.3-6.2 6.3c-.2.2-.3.4-.3.7s.1.5.3.7c.2.2.4.3.7.3h11c.3 0 .5-.1.7-.3.2-.2.3-.5.3-.7s-.1-.5-.3-.7zM5.8 14.7l6.2 6.3 6.2-6.3c.2-.2.3-.5.3-.7s-.1-.5-.3-.7c-.2-.2-.4-.3-.7-.3h-11c-.3 0-.5.1-.7.3-.2.2-.3.5-.3.7s.1.5.3.7z\"\/><\/svg><\/span><\/span><\/span><\/a><\/span><\/div>\n<nav><ul class='ez-toc-list ez-toc-list-level-1 ' ><li class='ez-toc-page-1 ez-toc-heading-level-2'><a class=\"ez-toc-link ez-toc-heading-1\" href=\"https:\/\/blog.myvideomedia.com\/de\/strambotismus-quim-hereu\/#Quim_Hereu\" >Quim Hereu<\/a><\/li><li class='ez-toc-page-1 ez-toc-heading-level-2'><a class=\"ez-toc-link ez-toc-heading-2\" href=\"https:\/\/blog.myvideomedia.com\/de\/strambotismus-quim-hereu\/#Estrambotismo_%E2%80%93_Strambotismus\" >Estrambotismo &#8211; Strambotismus<\/a><ul class='ez-toc-list-level-3' ><li class='ez-toc-heading-level-3'><a class=\"ez-toc-link ez-toc-heading-3\" href=\"https:\/\/blog.myvideomedia.com\/de\/strambotismus-quim-hereu\/#Hier_sehen_Sie_das_4k_UHD_Video\" >Hier sehen Sie das 4k UHD Video<\/a><\/li><\/ul><\/li><li class='ez-toc-page-1 ez-toc-heading-level-2'><a class=\"ez-toc-link ez-toc-heading-4\" href=\"https:\/\/blog.myvideomedia.com\/de\/strambotismus-quim-hereu\/#Im_Atelier_von_Quim\" >Im Atelier von Quim<\/a><\/li><li class='ez-toc-page-1 ez-toc-heading-level-2'><a class=\"ez-toc-link ez-toc-heading-5\" href=\"https:\/\/blog.myvideomedia.com\/de\/strambotismus-quim-hereu\/#Das_Strambotische_Dinner\" >Das Strambotische Dinner<\/a><\/li><\/ul><\/nav><\/div>\n<h2 class=\"wp-block-heading\"><span class=\"ez-toc-section\" id=\"Quim_Hereu\"><\/span>Quim Hereu<span class=\"ez-toc-section-end\"><\/span><\/h2>\n\n\n\n<p><a href=\"http:\/\/www.hereu.net\/\" target=\"_blank\" rel=\"nofollow noopener noreferrer\">Quim Hereu<\/a> ist ein Maler von Weltrang, der als der bedeutendste Vertreter des Strambotism gilt. Seine Werke findet man in gro\u00dfen Privatsammlungen auf der ganzen Welt, vor allem in Mexiko, USA, Frankreich, Indien und Katalonien.<\/p>\n\n\n\n<p>Geboren und aufgewachsen in Empord\u00e0, war f\u00fcr ihn seit seiner Kindheit das Zeichnen von fantastische Wesen in den imagin\u00e4ren Landschaften aus seiner Vorstellung, eine Art Zuflucht. Quim ist eigentlich Ingenieur, \u00fcbte diesen Beruf aber nur kurz aus. 1983 beschloss er Maler zu werden. Die Konkurrenz war gro\u00df, da es in Girona und Katalonien viele kreative K\u00fcnstler gibt. Also ging er erst einmal auf Weltreise um sich von W\u00fcsten, Ruinen, Kulturen und Exotik inspirieren zu lassen.<\/p>\n\n\n\n<div class=\"wp-block-image size-medium wp-image-9239\"><figure class=\"aligncenter\"><img loading=\"lazy\" decoding=\"async\" width=\"600\" height=\"338\" src=\"https:\/\/blog.myvideomedia.com\/wp-content\/uploads\/2015\/08\/Strambotic_Dinner_Spanien_042-600x338.jpg\" alt=\"La coronaci\u00f3 d'Ermessenda\" class=\"wp-image-9239\" srcset=\"https:\/\/blog.myvideomedia.com\/wp-content\/uploads\/2015\/08\/Strambotic_Dinner_Spanien_042-600x338.jpg 600w, https:\/\/blog.myvideomedia.com\/wp-content\/uploads\/2015\/08\/Strambotic_Dinner_Spanien_042-1260x709.jpg 1260w, https:\/\/blog.myvideomedia.com\/wp-content\/uploads\/2015\/08\/Strambotic_Dinner_Spanien_042.jpg 1304w\" sizes=\"auto, (max-width: 600px) 100vw, 600px\" \/><figcaption>La coronaci\u00f3 d&#8217;Ermessenda<\/figcaption><\/figure><\/div>\n\n\n\n<p>Im Jahr 2000 beschloss er nur noch gro\u00dfe Bilder zu malen. Sie sollten so gro\u00df sein, dass sie in seinem Haus nicht Platz h\u00e4tten. Das Ergebnis sind Bilder im Format 6 m x 12 m. Heute ist er verheiratet und hat Kinder. Seine Frau Tania bescheinigt ihm, dass er t\u00e4glich sehr diszipliniert arbeitet (vermutlich ein Relikt seines Ingenieurberufs :-))<\/p>\n\n\n\n<h2 class=\"wp-block-heading\"><span class=\"ez-toc-section\" id=\"Estrambotismo_%E2%80%93_Strambotismus\"><\/span>Estrambotismo &#8211; Strambotismus<span class=\"ez-toc-section-end\"><\/span><\/h2>\n\n\n\n<p>Joan Fuster Gimpera, oder einfach Joan Fuster genannt, verwendete diesen Begriff 1974 das erste Mal. Er war ebenfalls Maler aus Empord\u00e0 und verstarb 2011. Seine Vorbilder waren Dali, Goya und Bosch. Er definierte Estrambotismo als ein kreativen Prozess, bei dem rasch kreative Ideen, auch aus dem Unterbewusstsein, umgesetzt werden. Dinge werden so dargestellt, wie man sie in seiner Phantasie und nicht real sieht.<\/p>\n\n\n\n<p>Fuster:\u201cAlles kann, ohne seine Identit\u00e4t zu verlieren, etwas anderes sein\u201c. Alle Objekte werden bis ins kleinste Detail naturgetreu dargestellt. Das Ergebnis ist eine \u00e4sthetische, originelle und bizarre Welt. Der Betrachter soll in eine andere Welt entf\u00fchrt werden. Eine auf der Realit\u00e4t basierenden Welt, die direkt aus der Vorstellung des K\u00fcnstlers kommt und nicht aus Tr\u00e4umen.<\/p>\n\n\n\n<h3 class=\"has-text-align-center wp-block-heading\"><span class=\"ez-toc-section\" id=\"Hier_sehen_Sie_das_4k_UHD_Video\"><\/span><a href=\"https:\/\/youtu.be\/LsaDh2BQNOA\" target=\"_blank\" rel=\"noopener nofollow noreferrer\">Hier sehen Sie das 4k UHD Video<\/a><span class=\"ez-toc-section-end\"><\/span><\/h3>\n\n\n\n<figure> <div class=\"brlbs-cmpnt-container brlbs-cmpnt-content-blocker brlbs-cmpnt-with-individual-styles\" data-borlabs-cookie-content-blocker-id=\"youtube-content-blocker\" data-borlabs-cookie-content=\"PGlmcmFtZSBzcmM9Imh0dHBzOi8vd3d3LnlvdXR1YmUtbm9jb29raWUuY29tL2VtYmVkL0xzYURoMkJRTk9BIiB3aWR0aD0iNjAwIiBoZWlnaHQ9IjMzOCI+PC9pZnJhbWU+\"><div class=\"brlbs-cmpnt-cb-preset-c brlbs-cmpnt-cb-youtube\"> <div class=\"brlbs-cmpnt-cb-thumbnail\" style=\"background-image: url('https:\/\/blog.myvideomedia.com\/wp-content\/uploads\/borlabs-cookie\/1\/yt_LsaDh2BQNOA_hqdefault.jpg')\"><\/div> <div class=\"brlbs-cmpnt-cb-main\"> <div class=\"brlbs-cmpnt-cb-play-button\"><\/div> <div class=\"brlbs-cmpnt-cb-content\"> <p class=\"brlbs-cmpnt-cb-description\">Sie sehen gerade einen Platzhalterinhalt von <strong>YouTube<\/strong>. Um auf den eigentlichen Inhalt zuzugreifen, klicken Sie auf die Schaltfl\u00e4che unten. Bitte beachten Sie, dass dabei Daten an Drittanbieter weitergegeben werden.<\/p> <a class=\"brlbs-cmpnt-cb-provider-toggle\" href=\"#\" data-borlabs-cookie-show-provider-information role=\"button\">Mehr Informationen<\/a> <\/div> <div class=\"brlbs-cmpnt-cb-buttons\"> <a class=\"brlbs-cmpnt-cb-btn\" href=\"#\" data-borlabs-cookie-unblock role=\"button\">Inhalt entsperren<\/a> <a class=\"brlbs-cmpnt-cb-btn\" href=\"#\" data-borlabs-cookie-accept-service role=\"button\" style=\"display: inherit\">Erforderlichen Service akzeptieren und Inhalte entsperren<\/a> <\/div> <\/div> <\/div><\/div><\/figure>\n\n\n\n<p>Zwischen Joan Fuster und Quim Hereu entwickelte sich rasch eine tiefe Freundschaft und Quim teilte mit Begeisterung die Ideen von Joan Fuster, so dass ihn dieser 2004 testamentarisch als Erbe des Estrambotismo einsetzte. Im Gespr\u00e4ch hat Quim uns noch verraten, dass der \u00f6sterreichische Maler Gustav Klimt ihn sehr inspiriert hat.<\/p>\n\n\n\n<h2 class=\"wp-block-heading\"><span class=\"ez-toc-section\" id=\"Im_Atelier_von_Quim\"><\/span>Im Atelier von Quim<span class=\"ez-toc-section-end\"><\/span><\/h2>\n\n\n\n<p>Am fr\u00fchen Abend erreichen wir die Stra\u00dfe, in dem sich Quims Atelier befindet. Zu unserer \u00dcberraschung ist es eine moderne Industriehalle. Sie ist notwendig, da sie der einzige Ort ist, an dem Quim seine gro\u00dfformatigen Bilder unterbringen kann.<\/p>\n\n\n\n<div class=\"wp-block-image\"><figure class=\"aligncenter\"><img loading=\"lazy\" decoding=\"async\" width=\"600\" height=\"338\" src=\"https:\/\/blog.myvideomedia.com\/wp-content\/uploads\/2015\/08\/Strombotic_Dinner_20150505_213920-600x338.jpg\" alt=\"Atelier Quim Hereu\" class=\"wp-image-9269\" srcset=\"https:\/\/blog.myvideomedia.com\/wp-content\/uploads\/2015\/08\/Strombotic_Dinner_20150505_213920-600x338.jpg 600w, https:\/\/blog.myvideomedia.com\/wp-content\/uploads\/2015\/08\/Strombotic_Dinner_20150505_213920-1260x709.jpg 1260w, https:\/\/blog.myvideomedia.com\/wp-content\/uploads\/2015\/08\/Strombotic_Dinner_20150505_213920.jpg 1304w\" sizes=\"auto, (max-width: 600px) 100vw, 600px\" \/><\/figure><\/div>\n\n\n\n<p>Sofort f\u00e4llt der Blick auf die Stirnseite der Halle, wo Quims neuestes Werk entsteht. Es ist das 2. Bild der <strong>weltg\u00f6\u00dften Strambotismus Trilogie<\/strong>: El Temps \u2013 El Poder \u2013 La Libertat (die Zeit \u2013 die Energie \u2013 die Freiheit).<\/p>\n\n\n\n<div class=\"wp-block-image\"><figure class=\"aligncenter\"><img loading=\"lazy\" decoding=\"async\" width=\"600\" height=\"338\" src=\"https:\/\/blog.myvideomedia.com\/wp-content\/uploads\/2015\/08\/Strambotic_Dinner_Spanien_044-600x338.jpg\" alt=\"Ermessenda\" class=\"wp-image-9273\" srcset=\"https:\/\/blog.myvideomedia.com\/wp-content\/uploads\/2015\/08\/Strambotic_Dinner_Spanien_044-600x338.jpg 600w, https:\/\/blog.myvideomedia.com\/wp-content\/uploads\/2015\/08\/Strambotic_Dinner_Spanien_044-1260x709.jpg 1260w, https:\/\/blog.myvideomedia.com\/wp-content\/uploads\/2015\/08\/Strambotic_Dinner_Spanien_044.jpg 1304w\" sizes=\"auto, (max-width: 600px) 100vw, 600px\" \/><\/figure><\/div>\n\n\n\n<p>Der Untertitel lautet: &#8222;La coronaci\u00f3 d&#8217;Ermessenda ( o 18 elefants embadalits amb les varius d&#8217;un ratol\u00ed ). Im Mittelpunkt sitzt die erste K\u00f6nigin Katalaniens, Ermessenda, auf einem Pferd und blickt auf eine Schnecke in ihrer Hand. Ermessenda hat die Macht \u00fcber alle Objekte und die Zeit.<\/p>\n\n\n\n<p>Ansonsten ist die Halle sp\u00e4rlich eingerichtet. Ein altes Bett, das Quims Gro\u00dfvater geh\u00f6rte, ein kleines Glashaus und eine Reihe von Propangas Heizger\u00e4ten. Auf Nachfragen best\u00e4tigt uns Tania, dass es im Winter sehr kalt und im Sommer sehr hei\u00df ist. Kein Ort an dem man Urlaub machen w\u00fcrde.<\/p>\n\n\n\n<div class=\"wp-block-image size-medium wp-image-9276\"><figure class=\"aligncenter\"><img loading=\"lazy\" decoding=\"async\" width=\"600\" height=\"338\" src=\"https:\/\/blog.myvideomedia.com\/wp-content\/uploads\/2015\/08\/Strambotic_Dinner_Spanien_047-600x338.jpg\" alt=\"Tania\" class=\"wp-image-9276\" srcset=\"https:\/\/blog.myvideomedia.com\/wp-content\/uploads\/2015\/08\/Strambotic_Dinner_Spanien_047-600x338.jpg 600w, https:\/\/blog.myvideomedia.com\/wp-content\/uploads\/2015\/08\/Strambotic_Dinner_Spanien_047-1260x709.jpg 1260w, https:\/\/blog.myvideomedia.com\/wp-content\/uploads\/2015\/08\/Strambotic_Dinner_Spanien_047.jpg 1304w\" sizes=\"auto, (max-width: 600px) 100vw, 600px\" \/><figcaption>Tania<\/figcaption><\/figure><\/div>\n\n\n\n<p>Bevor ein Gem\u00e4lde entsteht wird eine detailgenaue Skizze erstellt. Eine Kopie der Skizze von El Poder ist ausgestellt,<\/p>\n\n\n\n<div class=\"wp-block-image\"><figure class=\"aligncenter\"><img loading=\"lazy\" decoding=\"async\" width=\"600\" height=\"338\" src=\"https:\/\/blog.myvideomedia.com\/wp-content\/uploads\/2015\/08\/Strambotic_Dinner_Spanien_049-600x338.jpg\" alt=\"Skizze von El Poder\" class=\"wp-image-9263\" srcset=\"https:\/\/blog.myvideomedia.com\/wp-content\/uploads\/2015\/08\/Strambotic_Dinner_Spanien_049-600x338.jpg 600w, https:\/\/blog.myvideomedia.com\/wp-content\/uploads\/2015\/08\/Strambotic_Dinner_Spanien_049-1260x709.jpg 1260w, https:\/\/blog.myvideomedia.com\/wp-content\/uploads\/2015\/08\/Strambotic_Dinner_Spanien_049.jpg 1304w\" sizes=\"auto, (max-width: 600px) 100vw, 600px\" \/><\/figure><\/div>\n\n\n\n<p>ebenso eine Photographie von El Temps, dem ersten Bild der Trilogie, das bereits f\u00fcr den Transport nach Mexiko verpackt ist.<\/p>\n\n\n\n<div class=\"wp-block-image\"><figure class=\"aligncenter\"><img loading=\"lazy\" decoding=\"async\" width=\"600\" height=\"338\" src=\"https:\/\/blog.myvideomedia.com\/wp-content\/uploads\/2015\/08\/Strambotic_Dinner_20150505_214102-600x338.jpg\" alt=\"Photographie von El Temps\" class=\"wp-image-9265\" srcset=\"https:\/\/blog.myvideomedia.com\/wp-content\/uploads\/2015\/08\/Strambotic_Dinner_20150505_214102-600x338.jpg 600w, https:\/\/blog.myvideomedia.com\/wp-content\/uploads\/2015\/08\/Strambotic_Dinner_20150505_214102-1260x709.jpg 1260w, https:\/\/blog.myvideomedia.com\/wp-content\/uploads\/2015\/08\/Strambotic_Dinner_20150505_214102.jpg 1304w\" sizes=\"auto, (max-width: 600px) 100vw, 600px\" \/><\/figure><\/div>\n\n\n\n<p>In einer Ecke hat Gonzalo Martinez, Chef Slow Food im <a href=\"http:\/\/espaiboisa.com\/\" target=\"_blank\" rel=\"nofollow noopener noreferrer\">Espai Bois\u00e0<\/a> in Barcelona, eine provisorische K\u00fcche aufgebaut und ist mit der Vorbereitung des Dinners besch\u00e4ftigt.<\/p>\n\n\n\n<div class=\"wp-block-image\"><figure class=\"aligncenter\"><img loading=\"lazy\" decoding=\"async\" width=\"600\" height=\"338\" src=\"https:\/\/blog.myvideomedia.com\/wp-content\/uploads\/2015\/08\/Strambotic_Dinner_Spanien_050-600x338.jpg\" alt=\"K\u00fcchenchef Gonzalo Martinez\" class=\"wp-image-9243\" srcset=\"https:\/\/blog.myvideomedia.com\/wp-content\/uploads\/2015\/08\/Strambotic_Dinner_Spanien_050-600x338.jpg 600w, https:\/\/blog.myvideomedia.com\/wp-content\/uploads\/2015\/08\/Strambotic_Dinner_Spanien_050-1260x709.jpg 1260w, https:\/\/blog.myvideomedia.com\/wp-content\/uploads\/2015\/08\/Strambotic_Dinner_Spanien_050.jpg 1304w\" sizes=\"auto, (max-width: 600px) 100vw, 600px\" \/><\/figure><\/div>\n\n\n\n<p>Die einzelnen G\u00e4nge des Dinners nehmen Bezug auf einzelne Elemente des Bildes.<\/p>\n\n\n\n<p>Ferran Vila Pujol ist der dritte Teil der kulinarischen Trilogie. Ferran vom Restaurant <a href=\"http:\/\/www.labanyeta.com\/\" target=\"_blank\" rel=\"nofollow noopener noreferrer\">La Banyeta<\/a> in Girona, ist einer der f\u00fchrenden Sommeliers in der Region. Er vervollst\u00e4ndigt das Dinner mit den passenden Getr\u00e4nken, die er zum Teil selbst herstellt.<\/p>\n\n\n\n<h2 class=\"wp-block-heading\"><span class=\"ez-toc-section\" id=\"Das_Strambotische_Dinner\"><\/span>Das Strambotische Dinner<span class=\"ez-toc-section-end\"><\/span><\/h2>\n\n\n\n<p>Am Dinner nehmen neben Quim und seiner Frau Tania, Jaume Marin der Marketing Director of the <a href=\"http:\/\/www.costabrava.org\" target=\"_blank\" rel=\"nofollow noopener noreferrer\">Costa Brava Girona Tourist Board<\/a>&nbsp;, Jordi Xargay i Congost, Pr\u00e4sident von <a href=\"http:\/\/www.plaestany.cat\/\" target=\"_blank\" rel=\"nofollow noopener noreferrer\">Consell Comarcal del Pla de l&#8217;Estany<\/a>&nbsp;, Ferran Pujol Vila, Vikki Benito unser Tourguide und zwei weitere Bloggerinnen teil.<\/p>\n\n\n\n<div class=\"wp-block-image size-medium wp-image-9245\"><figure class=\"aligncenter\"><img loading=\"lazy\" decoding=\"async\" width=\"600\" height=\"338\" src=\"https:\/\/blog.myvideomedia.com\/wp-content\/uploads\/2015\/08\/Strambotic_Dinner_Spanien_048-600x338.jpg\" alt=\"Begr\u00fc\u00dfung Strambotisches Dinner\" class=\"wp-image-9245\" srcset=\"https:\/\/blog.myvideomedia.com\/wp-content\/uploads\/2015\/08\/Strambotic_Dinner_Spanien_048-600x338.jpg 600w, https:\/\/blog.myvideomedia.com\/wp-content\/uploads\/2015\/08\/Strambotic_Dinner_Spanien_048-1260x709.jpg 1260w, https:\/\/blog.myvideomedia.com\/wp-content\/uploads\/2015\/08\/Strambotic_Dinner_Spanien_048.jpg 1304w\" sizes=\"auto, (max-width: 600px) 100vw, 600px\" \/><figcaption>Von links nach rechts: Ferran Vila Pujol, Jordi Xargay i Congost, Jaume Marin, Quim Hereu<\/figcaption><\/figure><\/div>\n\n\n\n<p>aume \u00fcbernimmt die Begr\u00fc\u00dfung und interviewt Quim in Katalanisch, was er f\u00fcr uns ins Englische \u00fcbersetzt.<\/p>\n\n\n\n<div class=\"wp-block-image size-medium wp-image-9267\"><figure class=\"aligncenter\"><img loading=\"lazy\" decoding=\"async\" width=\"600\" height=\"338\" src=\"https:\/\/blog.myvideomedia.com\/wp-content\/uploads\/2015\/08\/Strambotic_Dinner_Spanien_043-600x338.jpg\" alt=\"Jaume Marin und Quim Hereu\" class=\"wp-image-9267\" srcset=\"https:\/\/blog.myvideomedia.com\/wp-content\/uploads\/2015\/08\/Strambotic_Dinner_Spanien_043-600x338.jpg 600w, https:\/\/blog.myvideomedia.com\/wp-content\/uploads\/2015\/08\/Strambotic_Dinner_Spanien_043-1260x709.jpg 1260w, https:\/\/blog.myvideomedia.com\/wp-content\/uploads\/2015\/08\/Strambotic_Dinner_Spanien_043.jpg 1304w\" sizes=\"auto, (max-width: 600px) 100vw, 600px\" \/><figcaption>Jaume Marin und Quim Hereu<\/figcaption><\/figure><\/div>\n\n\n\n<p>Mitten in der Halle steht ein festlich gedeckter runder Tisch, an dem die Speisen und Getr\u00e4nke serviert werden, immer mit begleitenden Erl\u00e4uterungen von Chef Gonzalo Martinez und Sommelier Ferran Vila Pugol.<\/p>\n\n\n\n<div class=\"wp-block-image wp-image-9247 size-medium\"><figure class=\"aligncenter\"><img loading=\"lazy\" decoding=\"async\" width=\"600\" height=\"338\" src=\"https:\/\/blog.myvideomedia.com\/wp-content\/uploads\/2015\/08\/Strambotic_Dinner_Spanien_058-600x338.jpg\" alt=\"Gonzalo Martinez\" class=\"wp-image-9247\" srcset=\"https:\/\/blog.myvideomedia.com\/wp-content\/uploads\/2015\/08\/Strambotic_Dinner_Spanien_058-600x338.jpg 600w, https:\/\/blog.myvideomedia.com\/wp-content\/uploads\/2015\/08\/Strambotic_Dinner_Spanien_058-1260x709.jpg 1260w, https:\/\/blog.myvideomedia.com\/wp-content\/uploads\/2015\/08\/Strambotic_Dinner_Spanien_058.jpg 1304w\" sizes=\"auto, (max-width: 600px) 100vw, 600px\" \/><figcaption>K\u00fcchenchef Gonzalo Martinez<\/figcaption><\/figure><\/div>\n\n\n\n<div class=\"wp-block-image wp-image-9249 size-medium\"><figure class=\"aligncenter\"><img loading=\"lazy\" decoding=\"async\" width=\"600\" height=\"338\" src=\"https:\/\/blog.myvideomedia.com\/wp-content\/uploads\/2015\/08\/Strambotic_Dinner_Spanien_059-600x338.jpg\" alt=\"Sommelier Ferran Vila Pujol\" class=\"wp-image-9249\" srcset=\"https:\/\/blog.myvideomedia.com\/wp-content\/uploads\/2015\/08\/Strambotic_Dinner_Spanien_059-600x338.jpg 600w, https:\/\/blog.myvideomedia.com\/wp-content\/uploads\/2015\/08\/Strambotic_Dinner_Spanien_059-1260x709.jpg 1260w, https:\/\/blog.myvideomedia.com\/wp-content\/uploads\/2015\/08\/Strambotic_Dinner_Spanien_059.jpg 1304w\" sizes=\"auto, (max-width: 600px) 100vw, 600px\" \/><figcaption>Sommelier Ferran Vila Pujol<\/figcaption><\/figure><\/div>\n\n\n\n<p><em>\u201cWir waren in der Gesellschaft wahrer Kreativer, die Leidenschaft f\u00fcr ihre jeweilige Kunst und ihre Region zeigten. Ferran kredenzte uns als erstes Getr\u00e4nk ein von ihm aus 3 verschiedenen Hopfenarten gebrautes Bier. Hierbei ist die Textur im Mund wichtiger als der Geruch oder der Geschmack, da sie die Texturen des Lebensmittels mit der Kunst verbindet. Durch den Verzehr der, als Schnecken und Uhr angerichteten Speise, wurde die Darstellung der Schnecken und der Zeit verinnerlicht.<\/em><\/p>\n\n\n\n<p><em>Die Speisen waren gro\u00dfartig: Spinat auf katalanische Art, Pinienkerne, Rosinen Iberischer Schinken, Foie gras und eine winzige Zypresse, immer mit einem Ziel das Thema Kunst und Strambotismus zu verinnerlichen.<\/em><\/p>\n\n\n\n<div class=\"wp-block-image\"><figure class=\"aligncenter\"><img loading=\"lazy\" decoding=\"async\" width=\"600\" height=\"338\" src=\"https:\/\/blog.myvideomedia.com\/wp-content\/uploads\/2015\/08\/Strambotic_Dinner_Spanien_052-600x338.jpg\" alt=\"Strambotic_Dinner_Spanien_052\" class=\"wp-image-9259\" srcset=\"https:\/\/blog.myvideomedia.com\/wp-content\/uploads\/2015\/08\/Strambotic_Dinner_Spanien_052-600x338.jpg 600w, https:\/\/blog.myvideomedia.com\/wp-content\/uploads\/2015\/08\/Strambotic_Dinner_Spanien_052-1260x709.jpg 1260w, https:\/\/blog.myvideomedia.com\/wp-content\/uploads\/2015\/08\/Strambotic_Dinner_Spanien_052.jpg 1304w\" sizes=\"auto, (max-width: 600px) 100vw, 600px\" \/><\/figure><\/div>\n\n\n\n<p><em> Unser zweites Getr\u00e4nk war ein Schaumwein. Hiervon hat Ferran nur 300 Flaschen produziert. Er bildete das Gleichgewicht zum Salz des Schachbretts, einer <\/em>Carpa von Thunfisch und Sardellen und Himbeer Kaviar<em>.<\/em><\/p>\n\n\n\n<div class=\"wp-block-image\"><figure class=\"aligncenter\"><img loading=\"lazy\" decoding=\"async\" width=\"600\" height=\"338\" src=\"https:\/\/blog.myvideomedia.com\/wp-content\/uploads\/2015\/08\/Strambotic_Dinner_Spanien_053-600x338.jpg\" alt=\"Strambotic Dinner\" class=\"wp-image-9255\" srcset=\"https:\/\/blog.myvideomedia.com\/wp-content\/uploads\/2015\/08\/Strambotic_Dinner_Spanien_053-600x338.jpg 600w, https:\/\/blog.myvideomedia.com\/wp-content\/uploads\/2015\/08\/Strambotic_Dinner_Spanien_053-1260x709.jpg 1260w, https:\/\/blog.myvideomedia.com\/wp-content\/uploads\/2015\/08\/Strambotic_Dinner_Spanien_053.jpg 1304w\" sizes=\"auto, (max-width: 600px) 100vw, 600px\" \/><\/figure><\/div>\n\n\n\n<p><em>Vielleicht wird das Zusammenspiel von Kunst und Genuss mit dem dritten Gang am besten visualisiert. Jetzt mussten wir die exquisite Suppe aus einem gl\u00e4sernen Poron trinken. Es wurde eine W\u00fcste interpretiert, aber eine, in der die Turban tragenden Kamelreiter, Poronen statt K\u00f6pfe haben.<\/em><\/p>\n\n\n\n<div class=\"wp-block-image\"><figure class=\"aligncenter\"><img loading=\"lazy\" decoding=\"async\" width=\"600\" height=\"338\" src=\"https:\/\/blog.myvideomedia.com\/wp-content\/uploads\/2015\/08\/Strambotic_Dinner_Spanien_054-600x338.jpg\" alt=\"Quim trinkt Suppe aus Poron\" class=\"wp-image-9253\" srcset=\"https:\/\/blog.myvideomedia.com\/wp-content\/uploads\/2015\/08\/Strambotic_Dinner_Spanien_054-600x338.jpg 600w, https:\/\/blog.myvideomedia.com\/wp-content\/uploads\/2015\/08\/Strambotic_Dinner_Spanien_054-1260x709.jpg 1260w, https:\/\/blog.myvideomedia.com\/wp-content\/uploads\/2015\/08\/Strambotic_Dinner_Spanien_054.jpg 1304w\" sizes=\"auto, (max-width: 600px) 100vw, 600px\" \/><\/figure><\/div>\n\n\n\n<p><em>Das Thema W\u00fcste wurde mit hausgemachten Harissa und Fisch am Spie\u00df fortgesetzt, gepaart mit einem ganz besonderen Wei\u00dfwein aus der Region. W\u00e4hrend des Diners haben wir immer die gleiche Form von Weingl\u00e4sern benutzt. Ferran erkl\u00e4rte, dass in seiner Sommelier Welt die Form des Glases keine Bedeutung hat. Das Getr\u00e4nk wird durch Geruch und Geschmack und nicht durch die Form des Glases definiert. Er erz\u00e4hlte uns auch, dass diese Region von Katalonien eine der wichtigsten Hersteller von Kork ist. W\u00e4hrend die k\u00fcnstlichen Verschl\u00fcsse gut f\u00fcr einen jungen Wein sind, sollte ein \u00e4lterer Wein nur mit Naturkork verschlossen werden. <\/em><\/p>\n\n\n\n<p><em>Unser vierter Gang war eine <\/em>s\u00fc\u00dfe Wurst an schaumigem Kartoffelp\u00fcree<em>. Es waren jedoch keine gew\u00f6hnlichen W\u00fcrste. Jede von ihnen hatte ein Zentrum Ratafia, einen lokaler Kr\u00e4uterlik\u00f6r, und eine Au\u00dfenhaut aus Algen ummantelt von einem d\u00fcnnen Fr\u00fchlingsrollenteig. Die starken Aromen der Wurst wurden mit einem robusten Rotwein aus dem S\u00fcden von Katalonien abgestimmt.<\/em><\/p>\n\n\n\n<div class=\"wp-block-image\"><figure class=\"aligncenter\"><img loading=\"lazy\" decoding=\"async\" width=\"600\" height=\"338\" src=\"https:\/\/blog.myvideomedia.com\/wp-content\/uploads\/2015\/08\/Strambotic_Dinner_Spanien_056-600x338.jpg\" alt=\"s\u00fc\u00dfe Wurst an schaumigem Kartoffelp\u00fcree\" class=\"wp-image-9257\" srcset=\"https:\/\/blog.myvideomedia.com\/wp-content\/uploads\/2015\/08\/Strambotic_Dinner_Spanien_056-600x338.jpg 600w, https:\/\/blog.myvideomedia.com\/wp-content\/uploads\/2015\/08\/Strambotic_Dinner_Spanien_056-1260x709.jpg 1260w, https:\/\/blog.myvideomedia.com\/wp-content\/uploads\/2015\/08\/Strambotic_Dinner_Spanien_056.jpg 1304w\" sizes=\"auto, (max-width: 600px) 100vw, 600px\" \/><\/figure><\/div>\n\n\n\n<p><em>Der vierte Gang wurde gepaart mit dem massiven Gem\u00e4lde unter denen wir alle sitzen. Mittlerweile sch\u00e4tzte ich sicherlich die Bildsprache und die Verbindungen zwischen Kunst und kulinarischem Genuss. Die St\u00e4rke des Pferdes, die Fleischigkeit der Wurst und die Aromen des Rotweins sind alle miteinander verbunden und gehen flie\u00dfend ineinander \u00fcber. Im f\u00fcnften Gang ging es um Katzen und den Apfel-Tempel, und wie die Malerei und der glitzernde Muskatwein war alles stimmig.\u201c <\/em><\/p>\n\n\n\n<div class=\"wp-block-image\"><figure class=\"aligncenter\"><img loading=\"lazy\" decoding=\"async\" width=\"600\" height=\"338\" src=\"https:\/\/blog.myvideomedia.com\/wp-content\/uploads\/2015\/08\/Strambotic_Dinner_Spanien_057-600x338.jpg\" alt=\"Desert Strambotic Dinner\" class=\"wp-image-9251\" srcset=\"https:\/\/blog.myvideomedia.com\/wp-content\/uploads\/2015\/08\/Strambotic_Dinner_Spanien_057-600x338.jpg 600w, https:\/\/blog.myvideomedia.com\/wp-content\/uploads\/2015\/08\/Strambotic_Dinner_Spanien_057-1260x709.jpg 1260w, https:\/\/blog.myvideomedia.com\/wp-content\/uploads\/2015\/08\/Strambotic_Dinner_Spanien_057.jpg 1304w\" sizes=\"auto, (max-width: 600px) 100vw, 600px\" \/><\/figure><\/div>\n\n\n\n<p><em>(Aus dem Englischen, Quelle: <a href=\"http:\/\/www.scarletjonestravels.com\/destinations\/europe\/a-pairing-dinner-and-a-michelin-star-restaurant\/\" target=\"_blank\" rel=\"nofollow noopener noreferrer\">A pairing dinner and a Michelin star restaurant<\/a>)<\/em><\/p>\n\n\n\n<p>Es war ein phantastisch inspirierender Abend, bei dem Kunst, Essens- und Trinkgenuss harmonisch miteinander eine Symbiose bildeten.<\/p>\n\n\n\n<p><strong>Bitte lesen Sie auch &gt;&nbsp;<a href=\"https:\/\/blog.myvideomedia.com\/de\/banyoles-altstadt\/\">Entdeckungstour durch die Altstadt von Banyoles<\/a><\/strong><\/p>\n\n\n\n<p><em>Disclosure : All views and opinions are our own and were not influenced by the invitation!<\/em><\/p>\n\n\n\n<p>Text, Fotos und Video: Copyright \u00a9 <a href=\"https:\/\/www.myvideomedia.com\/de\" target=\"_blank\" rel=\"noopener noreferrer\">myVideoMedia<\/a><\/p>\n","protected":false},"excerpt":{"rendered":"<p>Der Abend im Atelier des katalanischen Malers Quim Hereu war sicherlich unser Top Erlebnis in Katalonien. Quim Hereu Quim Hereu ist ein Maler von Weltrang, der als der bedeutendste Vertreter des Strambotism gilt. Seine Werke findet man in gro\u00dfen Privatsammlungen auf der ganzen Welt, vor allem in Mexiko, USA, Frankreich, Indien und Katalonien. Geboren und [&hellip;]<\/p>\n","protected":false},"author":1,"featured_media":9269,"comment_status":"open","ping_status":"closed","sticky":false,"template":"","format":"standard","meta":{"_genesis_hide_title":false,"_genesis_hide_breadcrumbs":false,"_genesis_hide_singular_image":false,"_genesis_hide_footer_widgets":false,"_genesis_custom_body_class":"","_genesis_custom_post_class":"","_genesis_layout":"","footnotes":""},"categories":[641,1550,622,526],"tags":[650,852,448],"class_list":{"0":"post-9277","1":"post","2":"type-post","3":"status-publish","4":"format-standard","5":"has-post-thumbnail","7":"category-banyoles-de","8":"category-europa","9":"category-katalonien","10":"category-spanien","11":"tag-kunst","12":"tag-kunst-de","13":"tag-sehenswuerdigkeit","14":"entry"},"yoast_head":"<!-- This site is optimized with the Yoast SEO plugin v27.4 - https:\/\/yoast.com\/product\/yoast-seo-wordpress\/ -->\n<title>Dinner und Strambotismus mit Quim Hereu - ein Erlebnis - Spanien<\/title>\n<meta name=\"description\" content=\"Das Dinner mit Quim Hereu, dem weltbekannten katalanischen Maler, war ein Erlebnis. LEsen Sie mehr und schauen Sie das Video\" \/>\n<meta name=\"robots\" content=\"index, follow, max-snippet:-1, max-image-preview:large, max-video-preview:-1\" \/>\n<link rel=\"canonical\" href=\"https:\/\/blog.myvideomedia.com\/de\/strambotismus-quim-hereu\/\" \/>\n<meta property=\"og:locale\" content=\"de_DE\" \/>\n<meta property=\"og:type\" content=\"article\" \/>\n<meta property=\"og:title\" content=\"Dinner und Strambotismus mit Quim Hereu - ein Erlebnis - Spanien\" \/>\n<meta property=\"og:description\" content=\"Das Dinner mit Quim Hereu, dem weltbekannten katalanischen Maler, war ein Erlebnis. LEsen Sie mehr und schauen Sie das Video\" \/>\n<meta property=\"og:url\" content=\"https:\/\/blog.myvideomedia.com\/de\/strambotismus-quim-hereu\/\" \/>\n<meta property=\"og:site_name\" content=\"Reise Video Blog\" \/>\n<meta property=\"article:publisher\" content=\"https:\/\/www.facebook.com\/ursula.streit.520\" \/>\n<meta property=\"article:author\" content=\"https:\/\/www.facebook.com\/ursula.streit.520\" \/>\n<meta property=\"article:published_time\" content=\"2015-08-14T11:34:42+00:00\" \/>\n<meta property=\"article:modified_time\" content=\"2020-09-06T15:40:33+00:00\" \/>\n<meta property=\"og:image\" content=\"https:\/\/blog.myvideomedia.com\/wp-content\/uploads\/2015\/08\/Strombotic_Dinner_20150505_213920.jpg\" \/>\n\t<meta property=\"og:image:width\" content=\"1304\" \/>\n\t<meta property=\"og:image:height\" content=\"734\" \/>\n\t<meta property=\"og:image:type\" content=\"image\/jpeg\" \/>\n<meta name=\"author\" content=\"myVideoMedia\" \/>\n<meta name=\"twitter:card\" content=\"summary_large_image\" \/>\n<meta name=\"twitter:creator\" content=\"@myvideomedia\" \/>\n<meta name=\"twitter:site\" content=\"@myvideomedia\" \/>\n<meta name=\"twitter:label1\" content=\"Verfasst von\" \/>\n\t<meta name=\"twitter:data1\" content=\"myVideoMedia\" \/>\n\t<meta name=\"twitter:label2\" content=\"Gesch\u00e4tzte Lesezeit\" \/>\n\t<meta name=\"twitter:data2\" content=\"6\u00a0Minuten\" \/>\n<script type=\"application\/ld+json\" class=\"yoast-schema-graph\">{\"@context\":\"https:\\\/\\\/schema.org\",\"@graph\":[{\"@type\":\"Article\",\"@id\":\"https:\\\/\\\/blog.myvideomedia.com\\\/de\\\/strambotismus-quim-hereu\\\/#article\",\"isPartOf\":{\"@id\":\"https:\\\/\\\/blog.myvideomedia.com\\\/de\\\/strambotismus-quim-hereu\\\/\"},\"author\":{\"name\":\"myVideoMedia\",\"@id\":\"https:\\\/\\\/blog.myvideomedia.com\\\/de\\\/#\\\/schema\\\/person\\\/87be8fbbed69b1562242448c1c3dcbec\"},\"headline\":\"Dinner und Strambotismus mit Quim Hereu &#8211; ein Erlebnis\",\"datePublished\":\"2015-08-14T11:34:42+00:00\",\"dateModified\":\"2020-09-06T15:40:33+00:00\",\"mainEntityOfPage\":{\"@id\":\"https:\\\/\\\/blog.myvideomedia.com\\\/de\\\/strambotismus-quim-hereu\\\/\"},\"wordCount\":1310,\"commentCount\":2,\"publisher\":{\"@id\":\"https:\\\/\\\/blog.myvideomedia.com\\\/de\\\/#\\\/schema\\\/person\\\/87be8fbbed69b1562242448c1c3dcbec\"},\"image\":{\"@id\":\"https:\\\/\\\/blog.myvideomedia.com\\\/de\\\/strambotismus-quim-hereu\\\/#primaryimage\"},\"thumbnailUrl\":\"https:\\\/\\\/blog.myvideomedia.com\\\/wp-content\\\/uploads\\\/2015\\\/08\\\/Strombotic_Dinner_20150505_213920.jpg\",\"keywords\":[\"Kunst\",\"Kunst\",\"Sehensw\u00fcrdigkeit\"],\"articleSection\":[\"Banyoles\",\"Europa\",\"Katalonien\",\"Spanien\"],\"inLanguage\":\"de\",\"potentialAction\":[{\"@type\":\"CommentAction\",\"name\":\"Comment\",\"target\":[\"https:\\\/\\\/blog.myvideomedia.com\\\/de\\\/strambotismus-quim-hereu\\\/#respond\"]}]},{\"@type\":\"WebPage\",\"@id\":\"https:\\\/\\\/blog.myvideomedia.com\\\/de\\\/strambotismus-quim-hereu\\\/\",\"url\":\"https:\\\/\\\/blog.myvideomedia.com\\\/de\\\/strambotismus-quim-hereu\\\/\",\"name\":\"Dinner und Strambotismus mit Quim Hereu - ein Erlebnis - Spanien\",\"isPartOf\":{\"@id\":\"https:\\\/\\\/blog.myvideomedia.com\\\/de\\\/#website\"},\"primaryImageOfPage\":{\"@id\":\"https:\\\/\\\/blog.myvideomedia.com\\\/de\\\/strambotismus-quim-hereu\\\/#primaryimage\"},\"image\":{\"@id\":\"https:\\\/\\\/blog.myvideomedia.com\\\/de\\\/strambotismus-quim-hereu\\\/#primaryimage\"},\"thumbnailUrl\":\"https:\\\/\\\/blog.myvideomedia.com\\\/wp-content\\\/uploads\\\/2015\\\/08\\\/Strombotic_Dinner_20150505_213920.jpg\",\"datePublished\":\"2015-08-14T11:34:42+00:00\",\"dateModified\":\"2020-09-06T15:40:33+00:00\",\"description\":\"Das Dinner mit Quim Hereu, dem weltbekannten katalanischen Maler, war ein Erlebnis. LEsen Sie mehr und schauen Sie das Video\",\"breadcrumb\":{\"@id\":\"https:\\\/\\\/blog.myvideomedia.com\\\/de\\\/strambotismus-quim-hereu\\\/#breadcrumb\"},\"inLanguage\":\"de\",\"potentialAction\":[{\"@type\":\"ReadAction\",\"target\":[\"https:\\\/\\\/blog.myvideomedia.com\\\/de\\\/strambotismus-quim-hereu\\\/\"]}]},{\"@type\":\"ImageObject\",\"inLanguage\":\"de\",\"@id\":\"https:\\\/\\\/blog.myvideomedia.com\\\/de\\\/strambotismus-quim-hereu\\\/#primaryimage\",\"url\":\"https:\\\/\\\/blog.myvideomedia.com\\\/wp-content\\\/uploads\\\/2015\\\/08\\\/Strombotic_Dinner_20150505_213920.jpg\",\"contentUrl\":\"https:\\\/\\\/blog.myvideomedia.com\\\/wp-content\\\/uploads\\\/2015\\\/08\\\/Strombotic_Dinner_20150505_213920.jpg\",\"width\":1304,\"height\":734,\"caption\":\"Atelier Quim Hereu\"},{\"@type\":\"BreadcrumbList\",\"@id\":\"https:\\\/\\\/blog.myvideomedia.com\\\/de\\\/strambotismus-quim-hereu\\\/#breadcrumb\",\"itemListElement\":[{\"@type\":\"ListItem\",\"position\":1,\"name\":\"Home\",\"item\":\"https:\\\/\\\/blog.myvideomedia.com\\\/de\\\/\"},{\"@type\":\"ListItem\",\"position\":2,\"name\":\"Dinner und Strambotismus mit Quim Hereu &#8211; ein Erlebnis\"}]},{\"@type\":\"WebSite\",\"@id\":\"https:\\\/\\\/blog.myvideomedia.com\\\/de\\\/#website\",\"url\":\"https:\\\/\\\/blog.myvideomedia.com\\\/de\\\/\",\"name\":\"Travel Video Blog\",\"description\":\"myVideoMedia Reisetipps und Reisevideos\",\"publisher\":{\"@id\":\"https:\\\/\\\/blog.myvideomedia.com\\\/de\\\/#\\\/schema\\\/person\\\/87be8fbbed69b1562242448c1c3dcbec\"},\"potentialAction\":[{\"@type\":\"SearchAction\",\"target\":{\"@type\":\"EntryPoint\",\"urlTemplate\":\"https:\\\/\\\/blog.myvideomedia.com\\\/de\\\/?s={search_term_string}\"},\"query-input\":{\"@type\":\"PropertyValueSpecification\",\"valueRequired\":true,\"valueName\":\"search_term_string\"}}],\"inLanguage\":\"de\"},{\"@type\":[\"Person\",\"Organization\"],\"@id\":\"https:\\\/\\\/blog.myvideomedia.com\\\/de\\\/#\\\/schema\\\/person\\\/87be8fbbed69b1562242448c1c3dcbec\",\"name\":\"myVideoMedia\",\"image\":{\"@type\":\"ImageObject\",\"inLanguage\":\"de\",\"@id\":\"https:\\\/\\\/secure.gravatar.com\\\/avatar\\\/460720160715ef8975b781abd1b6985e55ce2f01567bb6757bebd73e7cf74c97?s=96&d=mm&r=g\",\"url\":\"https:\\\/\\\/secure.gravatar.com\\\/avatar\\\/460720160715ef8975b781abd1b6985e55ce2f01567bb6757bebd73e7cf74c97?s=96&d=mm&r=g\",\"contentUrl\":\"https:\\\/\\\/secure.gravatar.com\\\/avatar\\\/460720160715ef8975b781abd1b6985e55ce2f01567bb6757bebd73e7cf74c97?s=96&d=mm&r=g\",\"caption\":\"myVideoMedia\"},\"logo\":{\"@id\":\"https:\\\/\\\/secure.gravatar.com\\\/avatar\\\/460720160715ef8975b781abd1b6985e55ce2f01567bb6757bebd73e7cf74c97?s=96&d=mm&r=g\"},\"description\":\"\\\"The World is a book, and those who do not travel read only a page\\\" - Aurelius Augustinus (354 - 430 AD) Travel is our passion. With our posts and videos we like to inspire people who are planning or preparing for holidays as well as people who simply want to escape from everyday life and dream of faraway countries.\",\"sameAs\":[\"https:\\\/\\\/www.myvideomedia.com\",\"https:\\\/\\\/www.facebook.com\\\/ursula.streit.520\"],\"url\":\"https:\\\/\\\/blog.myvideomedia.com\\\/de\\\/author\\\/traveladm\\\/\"}]}<\/script>\n<!-- \/ Yoast SEO plugin. -->","yoast_head_json":{"title":"Dinner und Strambotismus mit Quim Hereu - ein Erlebnis - Spanien","description":"Das Dinner mit Quim Hereu, dem weltbekannten katalanischen Maler, war ein Erlebnis. LEsen Sie mehr und schauen Sie das Video","robots":{"index":"index","follow":"follow","max-snippet":"max-snippet:-1","max-image-preview":"max-image-preview:large","max-video-preview":"max-video-preview:-1"},"canonical":"https:\/\/blog.myvideomedia.com\/de\/strambotismus-quim-hereu\/","og_locale":"de_DE","og_type":"article","og_title":"Dinner und Strambotismus mit Quim Hereu - ein Erlebnis - Spanien","og_description":"Das Dinner mit Quim Hereu, dem weltbekannten katalanischen Maler, war ein Erlebnis. LEsen Sie mehr und schauen Sie das Video","og_url":"https:\/\/blog.myvideomedia.com\/de\/strambotismus-quim-hereu\/","og_site_name":"Reise Video Blog","article_publisher":"https:\/\/www.facebook.com\/ursula.streit.520","article_author":"https:\/\/www.facebook.com\/ursula.streit.520","article_published_time":"2015-08-14T11:34:42+00:00","article_modified_time":"2020-09-06T15:40:33+00:00","og_image":[{"width":1304,"height":734,"url":"https:\/\/blog.myvideomedia.com\/wp-content\/uploads\/2015\/08\/Strombotic_Dinner_20150505_213920.jpg","type":"image\/jpeg"}],"author":"myVideoMedia","twitter_card":"summary_large_image","twitter_creator":"@myvideomedia","twitter_site":"@myvideomedia","twitter_misc":{"Verfasst von":"myVideoMedia","Gesch\u00e4tzte Lesezeit":"6\u00a0Minuten"},"schema":{"@context":"https:\/\/schema.org","@graph":[{"@type":"Article","@id":"https:\/\/blog.myvideomedia.com\/de\/strambotismus-quim-hereu\/#article","isPartOf":{"@id":"https:\/\/blog.myvideomedia.com\/de\/strambotismus-quim-hereu\/"},"author":{"name":"myVideoMedia","@id":"https:\/\/blog.myvideomedia.com\/de\/#\/schema\/person\/87be8fbbed69b1562242448c1c3dcbec"},"headline":"Dinner und Strambotismus mit Quim Hereu &#8211; ein Erlebnis","datePublished":"2015-08-14T11:34:42+00:00","dateModified":"2020-09-06T15:40:33+00:00","mainEntityOfPage":{"@id":"https:\/\/blog.myvideomedia.com\/de\/strambotismus-quim-hereu\/"},"wordCount":1310,"commentCount":2,"publisher":{"@id":"https:\/\/blog.myvideomedia.com\/de\/#\/schema\/person\/87be8fbbed69b1562242448c1c3dcbec"},"image":{"@id":"https:\/\/blog.myvideomedia.com\/de\/strambotismus-quim-hereu\/#primaryimage"},"thumbnailUrl":"https:\/\/blog.myvideomedia.com\/wp-content\/uploads\/2015\/08\/Strombotic_Dinner_20150505_213920.jpg","keywords":["Kunst","Kunst","Sehensw\u00fcrdigkeit"],"articleSection":["Banyoles","Europa","Katalonien","Spanien"],"inLanguage":"de","potentialAction":[{"@type":"CommentAction","name":"Comment","target":["https:\/\/blog.myvideomedia.com\/de\/strambotismus-quim-hereu\/#respond"]}]},{"@type":"WebPage","@id":"https:\/\/blog.myvideomedia.com\/de\/strambotismus-quim-hereu\/","url":"https:\/\/blog.myvideomedia.com\/de\/strambotismus-quim-hereu\/","name":"Dinner und Strambotismus mit Quim Hereu - ein Erlebnis - Spanien","isPartOf":{"@id":"https:\/\/blog.myvideomedia.com\/de\/#website"},"primaryImageOfPage":{"@id":"https:\/\/blog.myvideomedia.com\/de\/strambotismus-quim-hereu\/#primaryimage"},"image":{"@id":"https:\/\/blog.myvideomedia.com\/de\/strambotismus-quim-hereu\/#primaryimage"},"thumbnailUrl":"https:\/\/blog.myvideomedia.com\/wp-content\/uploads\/2015\/08\/Strombotic_Dinner_20150505_213920.jpg","datePublished":"2015-08-14T11:34:42+00:00","dateModified":"2020-09-06T15:40:33+00:00","description":"Das Dinner mit Quim Hereu, dem weltbekannten katalanischen Maler, war ein Erlebnis. LEsen Sie mehr und schauen Sie das Video","breadcrumb":{"@id":"https:\/\/blog.myvideomedia.com\/de\/strambotismus-quim-hereu\/#breadcrumb"},"inLanguage":"de","potentialAction":[{"@type":"ReadAction","target":["https:\/\/blog.myvideomedia.com\/de\/strambotismus-quim-hereu\/"]}]},{"@type":"ImageObject","inLanguage":"de","@id":"https:\/\/blog.myvideomedia.com\/de\/strambotismus-quim-hereu\/#primaryimage","url":"https:\/\/blog.myvideomedia.com\/wp-content\/uploads\/2015\/08\/Strombotic_Dinner_20150505_213920.jpg","contentUrl":"https:\/\/blog.myvideomedia.com\/wp-content\/uploads\/2015\/08\/Strombotic_Dinner_20150505_213920.jpg","width":1304,"height":734,"caption":"Atelier Quim Hereu"},{"@type":"BreadcrumbList","@id":"https:\/\/blog.myvideomedia.com\/de\/strambotismus-quim-hereu\/#breadcrumb","itemListElement":[{"@type":"ListItem","position":1,"name":"Home","item":"https:\/\/blog.myvideomedia.com\/de\/"},{"@type":"ListItem","position":2,"name":"Dinner und Strambotismus mit Quim Hereu &#8211; ein Erlebnis"}]},{"@type":"WebSite","@id":"https:\/\/blog.myvideomedia.com\/de\/#website","url":"https:\/\/blog.myvideomedia.com\/de\/","name":"Travel Video Blog","description":"myVideoMedia Reisetipps und Reisevideos","publisher":{"@id":"https:\/\/blog.myvideomedia.com\/de\/#\/schema\/person\/87be8fbbed69b1562242448c1c3dcbec"},"potentialAction":[{"@type":"SearchAction","target":{"@type":"EntryPoint","urlTemplate":"https:\/\/blog.myvideomedia.com\/de\/?s={search_term_string}"},"query-input":{"@type":"PropertyValueSpecification","valueRequired":true,"valueName":"search_term_string"}}],"inLanguage":"de"},{"@type":["Person","Organization"],"@id":"https:\/\/blog.myvideomedia.com\/de\/#\/schema\/person\/87be8fbbed69b1562242448c1c3dcbec","name":"myVideoMedia","image":{"@type":"ImageObject","inLanguage":"de","@id":"https:\/\/secure.gravatar.com\/avatar\/460720160715ef8975b781abd1b6985e55ce2f01567bb6757bebd73e7cf74c97?s=96&d=mm&r=g","url":"https:\/\/secure.gravatar.com\/avatar\/460720160715ef8975b781abd1b6985e55ce2f01567bb6757bebd73e7cf74c97?s=96&d=mm&r=g","contentUrl":"https:\/\/secure.gravatar.com\/avatar\/460720160715ef8975b781abd1b6985e55ce2f01567bb6757bebd73e7cf74c97?s=96&d=mm&r=g","caption":"myVideoMedia"},"logo":{"@id":"https:\/\/secure.gravatar.com\/avatar\/460720160715ef8975b781abd1b6985e55ce2f01567bb6757bebd73e7cf74c97?s=96&d=mm&r=g"},"description":"\"The World is a book, and those who do not travel read only a page\" - Aurelius Augustinus (354 - 430 AD) Travel is our passion. With our posts and videos we like to inspire people who are planning or preparing for holidays as well as people who simply want to escape from everyday life and dream of faraway countries.","sameAs":["https:\/\/www.myvideomedia.com","https:\/\/www.facebook.com\/ursula.streit.520"],"url":"https:\/\/blog.myvideomedia.com\/de\/author\/traveladm\/"}]}},"featured_image_src":"https:\/\/blog.myvideomedia.com\/wp-content\/uploads\/2015\/08\/Strombotic_Dinner_20150505_213920.jpg","featured_image_src_square":"https:\/\/blog.myvideomedia.com\/wp-content\/uploads\/2015\/08\/Strombotic_Dinner_20150505_213920.jpg","author_info":{"display_name":"myVideoMedia","author_link":"https:\/\/blog.myvideomedia.com\/de\/author\/traveladm\/"},"_links":{"self":[{"href":"https:\/\/blog.myvideomedia.com\/de\/wp-json\/wp\/v2\/posts\/9277","targetHints":{"allow":["GET"]}}],"collection":[{"href":"https:\/\/blog.myvideomedia.com\/de\/wp-json\/wp\/v2\/posts"}],"about":[{"href":"https:\/\/blog.myvideomedia.com\/de\/wp-json\/wp\/v2\/types\/post"}],"author":[{"embeddable":true,"href":"https:\/\/blog.myvideomedia.com\/de\/wp-json\/wp\/v2\/users\/1"}],"replies":[{"embeddable":true,"href":"https:\/\/blog.myvideomedia.com\/de\/wp-json\/wp\/v2\/comments?post=9277"}],"version-history":[{"count":0,"href":"https:\/\/blog.myvideomedia.com\/de\/wp-json\/wp\/v2\/posts\/9277\/revisions"}],"wp:featuredmedia":[{"embeddable":true,"href":"https:\/\/blog.myvideomedia.com\/de\/wp-json\/wp\/v2\/media\/9269"}],"wp:attachment":[{"href":"https:\/\/blog.myvideomedia.com\/de\/wp-json\/wp\/v2\/media?parent=9277"}],"wp:term":[{"taxonomy":"category","embeddable":true,"href":"https:\/\/blog.myvideomedia.com\/de\/wp-json\/wp\/v2\/categories?post=9277"},{"taxonomy":"post_tag","embeddable":true,"href":"https:\/\/blog.myvideomedia.com\/de\/wp-json\/wp\/v2\/tags?post=9277"}],"curies":[{"name":"wp","href":"https:\/\/api.w.org\/{rel}","templated":true}]}}