{"id":9995,"date":"2015-12-31T11:07:14","date_gmt":"2015-12-31T10:07:14","guid":{"rendered":"https:\/\/blog.myvideomedia.com\/de\/?p=9995"},"modified":"2019-05-12T09:31:04","modified_gmt":"2019-05-12T08:31:04","slug":"spuren-von-ho-chi-minh-hanoi","status":"publish","type":"post","link":"https:\/\/blog.myvideomedia.com\/de\/spuren-von-ho-chi-minh-hanoi\/","title":{"rendered":"Auf den Spuren von Ho Chi Minh in Hanoi"},"content":{"rendered":"<p>Ho Ch\u00ed Minh wurde am 19. Mai 1890 als Sohn eines Lehrers in \u00e4rmlichen Verh\u00e4ltnissen geboren. Doch schon in fr\u00fchester Jugend entwickelte er eine Abneigung gegen die franz\u00f6sischen Kolonialherren.<\/p>\n<p>Eine Bauerndemonstration in Hue, die er als Dolmetscher begleitete, endete im Kugelhagel der franz\u00f6sischen Soldaten. Als Aufr\u00fchrer wurde er von der Schule verwiesen und ging nach Saigon, wo er auf einem Schiff anheuerte um Frankreich kennenzulernen.<\/p>\n<figure id=\"attachment_9972\" aria-describedby=\"caption-attachment-9972\" style=\"width: 600px\" class=\"wp-caption aligncenter\"><img loading=\"lazy\" decoding=\"async\" class=\"size-medium wp-image-9972\" src=\"https:\/\/blog.myvideomedia.com\/wp-content\/uploads\/2015\/12\/Ho_chi_minh_20151112_144914-600x338.jpg\" alt=\"Ho Chi Minh Museum\" width=\"600\" height=\"338\" srcset=\"https:\/\/blog.myvideomedia.com\/wp-content\/uploads\/2015\/12\/Ho_chi_minh_20151112_144914-600x338.jpg 600w, https:\/\/blog.myvideomedia.com\/wp-content\/uploads\/2015\/12\/Ho_chi_minh_20151112_144914-768x432.jpg 768w, https:\/\/blog.myvideomedia.com\/wp-content\/uploads\/2015\/12\/Ho_chi_minh_20151112_144914-1260x709.jpg 1260w, https:\/\/blog.myvideomedia.com\/wp-content\/uploads\/2015\/12\/Ho_chi_minh_20151112_144914.jpg 1304w\" sizes=\"auto, (max-width: 600px) 100vw, 600px\" \/><figcaption id=\"caption-attachment-9972\" class=\"wp-caption-text\">Ho Chi Minh Museum<\/figcaption><\/figure>\n<p>W\u00e4hrend der n\u00e4chsten Jahre besuchte er auch New York, Boston und London, bevor er wieder nach Frankreich zur\u00fcckkehrte. Dort schloss er sich der sozialistischen Partei Frankreichs an. 1918 ver\u00f6ffentlichten er und seine Mitstreiter eine Petition, die mehr Rechte auch f\u00fcr die Kolonien in Indochina forderten. 1920 geh\u00f6rte er zu den Gr\u00fcndungsmitgliedern der kommunistischen Partei Frankreichs.<\/p>\n<p>Nach einem Aufenthalt in Moskau, wo er an der Kommunistischen Universit\u00e4t studierte ging er nach China. An der Whampoa-Milit\u00e4rakademie von Kanton hielt Ho Chi Minh Vortr\u00e4ge \u00fcber Politik.<\/p>\n<p>Sp\u00e4ter war er f\u00fchrender Mitautor einer Anleitung f\u00fcr kommunistische Aufst\u00e4nde. Danach wurde er von den franz\u00f6sischen Kolonialbeh\u00f6rden in Abwesenheit zum Tode verurteilt.<\/p>\n<p>1941 reiste er wieder nach Vietnam und gr\u00fcndete die Viet Minh, die Liga f\u00fcr die Unabh\u00e4ngigkeit Vietnams. Sie k\u00e4mpften gegen die japanischen und franz\u00f6sischen Besatzungsm\u00e4chte. Unterst\u00fctzt von den Nationalchinesen rief Ho Chi Minh am 2. September 1945 in Hanoi die Demokratische Republik Vietnam aus, nachdem die Viet Minh die St\u00e4dte Hanoi, Hue und Saigon eingenommen hatte.<\/p>\n<div id=\"ez-toc-container\" class=\"ez-toc-v2_0_82_2 counter-hierarchy ez-toc-counter ez-toc-grey ez-toc-container-direction\">\n<div class=\"ez-toc-title-container\">\n<p class=\"ez-toc-title\" style=\"cursor:inherit\">Inhaltsverzeichnis<\/p>\n<span class=\"ez-toc-title-toggle\"><a href=\"#\" class=\"ez-toc-pull-right ez-toc-btn ez-toc-btn-xs ez-toc-btn-default ez-toc-toggle\" aria-label=\"Toggle Table of Content\"><span class=\"ez-toc-js-icon-con\"><span class=\"\"><span class=\"eztoc-hide\" style=\"display:none;\">Toggle<\/span><span class=\"ez-toc-icon-toggle-span\"><svg style=\"fill: #999;color:#999\" xmlns=\"http:\/\/www.w3.org\/2000\/svg\" class=\"list-377408\" width=\"20px\" height=\"20px\" viewBox=\"0 0 24 24\" fill=\"none\"><path d=\"M6 6H4v2h2V6zm14 0H8v2h12V6zM4 11h2v2H4v-2zm16 0H8v2h12v-2zM4 16h2v2H4v-2zm16 0H8v2h12v-2z\" fill=\"currentColor\"><\/path><\/svg><svg style=\"fill: #999;color:#999\" class=\"arrow-unsorted-368013\" xmlns=\"http:\/\/www.w3.org\/2000\/svg\" width=\"10px\" height=\"10px\" viewBox=\"0 0 24 24\" version=\"1.2\" baseProfile=\"tiny\"><path d=\"M18.2 9.3l-6.2-6.3-6.2 6.3c-.2.2-.3.4-.3.7s.1.5.3.7c.2.2.4.3.7.3h11c.3 0 .5-.1.7-.3.2-.2.3-.5.3-.7s-.1-.5-.3-.7zM5.8 14.7l6.2 6.3 6.2-6.3c.2-.2.3-.5.3-.7s-.1-.5-.3-.7c-.2-.2-.4-.3-.7-.3h-11c-.3 0-.5.1-.7.3-.2.2-.3.5-.3.7s.1.5.3.7z\"\/><\/svg><\/span><\/span><\/span><\/a><\/span><\/div>\n<nav><ul class='ez-toc-list ez-toc-list-level-1 ' ><ul class='ez-toc-list-level-3' ><li class='ez-toc-heading-level-3'><a class=\"ez-toc-link ez-toc-heading-1\" href=\"https:\/\/blog.myvideomedia.com\/de\/spuren-von-ho-chi-minh-hanoi\/#Hier_sehen_Sie_das_4K_UHD_Video\" >Hier sehen Sie das 4K UHD Video!!!<\/a><\/li><\/ul><\/li><li class='ez-toc-page-1 ez-toc-heading-level-2'><a class=\"ez-toc-link ez-toc-heading-2\" href=\"https:\/\/blog.myvideomedia.com\/de\/spuren-von-ho-chi-minh-hanoi\/#Ho_Chi_Minh_Haus\" >Ho Ch\u00ed Minh Haus<\/a><\/li><li class='ez-toc-page-1 ez-toc-heading-level-2'><a class=\"ez-toc-link ez-toc-heading-3\" href=\"https:\/\/blog.myvideomedia.com\/de\/spuren-von-ho-chi-minh-hanoi\/#Ho_Chi_Minh_Mausoleum\" >Ho Ch\u00ed Minh Mausoleum<\/a><\/li><li class='ez-toc-page-1 ez-toc-heading-level-2'><a class=\"ez-toc-link ez-toc-heading-4\" href=\"https:\/\/blog.myvideomedia.com\/de\/spuren-von-ho-chi-minh-hanoi\/#Ho_Chi_Minh_Museum\" >Ho Ch\u00ed Minh Museum<\/a><\/li><li class='ez-toc-page-1 ez-toc-heading-level-2'><a class=\"ez-toc-link ez-toc-heading-5\" href=\"https:\/\/blog.myvideomedia.com\/de\/spuren-von-ho-chi-minh-hanoi\/#Einsaeulenpagode\" >Eins\u00e4ulenpagode<\/a><ul class='ez-toc-list-level-3' ><li class='ez-toc-heading-level-3'><a class=\"ez-toc-link ez-toc-heading-6\" href=\"https:\/\/blog.myvideomedia.com\/de\/spuren-von-ho-chi-minh-hanoi\/#Pin_it_%E2%80%93_fuer_spaeter_merken\" >Pin it &#8211; f\u00fcr sp\u00e4ter merken<\/a><\/li><\/ul><\/li><\/ul><\/nav><\/div>\n<h3 style=\"text-align: center;\"><span class=\"ez-toc-section\" id=\"Hier_sehen_Sie_das_4K_UHD_Video\"><\/span><a href=\"https:\/\/youtu.be\/trN2xeFLH7k\">Hier sehen Sie das 4K UHD Video!!!<\/a><span class=\"ez-toc-section-end\"><\/span><\/h3>\n<div style=\"text-align: center;\">\n<div class=\"brlbs-cmpnt-container brlbs-cmpnt-content-blocker brlbs-cmpnt-with-individual-styles\" data-borlabs-cookie-content-blocker-id=\"youtube-content-blocker\" data-borlabs-cookie-content=\"PGlmcmFtZSBzcmM9Imh0dHBzOi8vd3d3LnlvdXR1YmUtbm9jb29raWUuY29tL2VtYmVkL3RyTjJ4ZUZMSDdrIiB3aWR0aD0iNjAwIiBoZWlnaHQ9IjMzOCI+PC9pZnJhbWU+\">\n<div class=\"brlbs-cmpnt-cb-preset-c brlbs-cmpnt-cb-youtube\">\n<div class=\"brlbs-cmpnt-cb-thumbnail\" style=\"background-image: url('https:\/\/blog.myvideomedia.com\/wp-content\/uploads\/borlabs-cookie\/1\/yt_trN2xeFLH7k_hqdefault.jpg')\"><\/div>\n<div class=\"brlbs-cmpnt-cb-main\">\n<div class=\"brlbs-cmpnt-cb-play-button\"><\/div>\n<div class=\"brlbs-cmpnt-cb-content\">\n<p class=\"brlbs-cmpnt-cb-description\">Sie sehen gerade einen Platzhalterinhalt von <strong>YouTube<\/strong>. Um auf den eigentlichen Inhalt zuzugreifen, klicken Sie auf die Schaltfl\u00e4che unten. Bitte beachten Sie, dass dabei Daten an Drittanbieter weitergegeben werden.<\/p>\n<p> <a class=\"brlbs-cmpnt-cb-provider-toggle\" href=\"#\" data-borlabs-cookie-show-provider-information role=\"button\">Mehr Informationen<\/a> <\/div>\n<div class=\"brlbs-cmpnt-cb-buttons\"> <a class=\"brlbs-cmpnt-cb-btn\" href=\"#\" data-borlabs-cookie-unblock role=\"button\">Inhalt entsperren<\/a> <a class=\"brlbs-cmpnt-cb-btn\" href=\"#\" data-borlabs-cookie-accept-service role=\"button\" style=\"display: inherit\">Erforderlichen Service akzeptieren und Inhalte entsperren<\/a> <\/div>\n<\/p><\/div>\n<\/p><\/div>\n<\/div>\n<\/div>\n<p>Mit dem Beschuss von Haiphong durch franz\u00f6sische Truppen, dem 6000 Zivilisten zum Opfer fielen, begann der Indochina Krieg, der mit dem Abzug der Franzosen 1954 endete.<\/p>\n<p>Die Genfer Indochina Konferenz brachte einen Waffenstillstand, der eine Zweiteilung Vietnams am 17. Breitengrad vorsah. Nach zwei Jahren sollte eine gesamt-vietnamesische Regierung gew\u00e4hlt werden.<\/p>\n<figure id=\"attachment_9992\" aria-describedby=\"caption-attachment-9992\" style=\"width: 600px\" class=\"wp-caption aligncenter\"><img loading=\"lazy\" decoding=\"async\" class=\"size-medium wp-image-9992\" src=\"https:\/\/blog.myvideomedia.com\/wp-content\/uploads\/2015\/12\/Ho_Chi_Minh_20151112_150114-600x338.jpg\" alt=\"Ho Chi Minh Museum\" width=\"600\" height=\"338\" srcset=\"https:\/\/blog.myvideomedia.com\/wp-content\/uploads\/2015\/12\/Ho_Chi_Minh_20151112_150114-600x338.jpg 600w, https:\/\/blog.myvideomedia.com\/wp-content\/uploads\/2015\/12\/Ho_Chi_Minh_20151112_150114-768x432.jpg 768w, https:\/\/blog.myvideomedia.com\/wp-content\/uploads\/2015\/12\/Ho_Chi_Minh_20151112_150114-1260x709.jpg 1260w, https:\/\/blog.myvideomedia.com\/wp-content\/uploads\/2015\/12\/Ho_Chi_Minh_20151112_150114.jpg 1304w\" sizes=\"auto, (max-width: 600px) 100vw, 600px\" \/><figcaption id=\"caption-attachment-9992\" class=\"wp-caption-text\">Ho Chi Minh Museum<\/figcaption><\/figure>\n<p>Doch die USA sahen sich nie an das Abkommen gebunden und hintertrieben die Wahl, da sie f\u00fcrchteten ganz S\u00fcdostasien w\u00fcrde kommunistisch werden. Ho Chi Minh war immer die treibende Kraft zur Vereinigung Gesamtvietnams.<\/p>\n<p>Als die USA 1965 aktiv in die K\u00e4mpfe eingriffen, was zum Vietnamkrieg f\u00fchrte, plante Ho Chi Minh den Ho-Chi-Minh Pfad \u00fcber Laos.<\/p>\n<p>Das auch als Truong-Son-Stra\u00dfe bekannte Verkehrssystem gew\u00e4hrleistete die milit\u00e4rische Versorgung des S\u00fcdens aus dem Norden gew\u00e4hrleisten. Er starb 1969 und hat die Unabh\u00e4ngigkeit eines vereinten Vietnams nicht erlebt.<\/p>\n<figure id=\"attachment_9994\" aria-describedby=\"caption-attachment-9994\" style=\"width: 600px\" class=\"wp-caption aligncenter\"><img loading=\"lazy\" decoding=\"async\" class=\"wp-image-9994 size-medium\" src=\"https:\/\/blog.myvideomedia.com\/wp-content\/uploads\/2015\/12\/Ho_chi_minh_20151112_150705-600x338.jpg\" alt=\"Ho Chi Minh Museum\" width=\"600\" height=\"338\" srcset=\"https:\/\/blog.myvideomedia.com\/wp-content\/uploads\/2015\/12\/Ho_chi_minh_20151112_150705-600x338.jpg 600w, https:\/\/blog.myvideomedia.com\/wp-content\/uploads\/2015\/12\/Ho_chi_minh_20151112_150705-768x432.jpg 768w, https:\/\/blog.myvideomedia.com\/wp-content\/uploads\/2015\/12\/Ho_chi_minh_20151112_150705-1260x709.jpg 1260w, https:\/\/blog.myvideomedia.com\/wp-content\/uploads\/2015\/12\/Ho_chi_minh_20151112_150705.jpg 1304w\" sizes=\"auto, (max-width: 600px) 100vw, 600px\" \/><figcaption id=\"caption-attachment-9994\" class=\"wp-caption-text\">Ho Chi Minh Museum<\/figcaption><\/figure>\n<p>Sein beharrliches weitsichtiges Engagement f\u00fcr sein Land und seine pers\u00f6nliche Bescheidenheit, die er nicht nur predigte sondern auch vorlebte f\u00fchrte zu einer breiten Beliebtheit beim Volk. So ist es nicht verwunderlich, dass er als Vater der Nation verehrt wird und seine Verehrung bis heute anh\u00e4lt.<\/p>\n\n<h2><span class=\"ez-toc-section\" id=\"Ho_Chi_Minh_Haus\"><\/span>Ho Ch\u00ed Minh Haus<span class=\"ez-toc-section-end\"><\/span><\/h2>\n<p>Direkt neben dem Regierungsgeb\u00e4ude, das die Franzosen im Kolonialstil errichten lie\u00dfen, wohnte und arbeitete Ho Chi Minh in mehreren kleinen spartanisch eingerichteten Zimmern.<\/p>\n<p><img loading=\"lazy\" decoding=\"async\" class=\"aligncenter size-medium wp-image-9978\" src=\"https:\/\/blog.myvideomedia.com\/wp-content\/uploads\/2015\/12\/Ho_chi_minh_20151112_161411-600x338.jpg\" alt=\"Ho Chi Minh Haus - Hanoi\" width=\"600\" height=\"338\" srcset=\"https:\/\/blog.myvideomedia.com\/wp-content\/uploads\/2015\/12\/Ho_chi_minh_20151112_161411-600x338.jpg 600w, https:\/\/blog.myvideomedia.com\/wp-content\/uploads\/2015\/12\/Ho_chi_minh_20151112_161411-768x432.jpg 768w, https:\/\/blog.myvideomedia.com\/wp-content\/uploads\/2015\/12\/Ho_chi_minh_20151112_161411-1260x709.jpg 1260w, https:\/\/blog.myvideomedia.com\/wp-content\/uploads\/2015\/12\/Ho_chi_minh_20151112_161411.jpg 1304w\" sizes=\"auto, (max-width: 600px) 100vw, 600px\" \/><\/p>\n<p>Durch die Fenster k\u00f6nnen diese heute besichtigt werden.<\/p>\n<p><img loading=\"lazy\" decoding=\"async\" class=\"aligncenter size-medium wp-image-9980\" src=\"https:\/\/blog.myvideomedia.com\/wp-content\/uploads\/2015\/12\/Ho_Chi_Minh_20151112_160022-600x338.jpg\" alt=\"Ho Chi Minh Haus - Hanoi\" width=\"600\" height=\"338\" srcset=\"https:\/\/blog.myvideomedia.com\/wp-content\/uploads\/2015\/12\/Ho_Chi_Minh_20151112_160022-600x338.jpg 600w, https:\/\/blog.myvideomedia.com\/wp-content\/uploads\/2015\/12\/Ho_Chi_Minh_20151112_160022-768x432.jpg 768w, https:\/\/blog.myvideomedia.com\/wp-content\/uploads\/2015\/12\/Ho_Chi_Minh_20151112_160022-1260x709.jpg 1260w, https:\/\/blog.myvideomedia.com\/wp-content\/uploads\/2015\/12\/Ho_Chi_Minh_20151112_160022.jpg 1304w\" sizes=\"auto, (max-width: 600px) 100vw, 600px\" \/><\/p>\n<p>Das Anwesen liegt an einem kleinen Teich in wundersch\u00f6ner Lage.<\/p>\n<p>Sp\u00e4ter lie\u00df sich Ho Chi Minh auf der anderen Seite des Sees ein neues Haus errichten. Es ist eher als klein zu bezeichnen.<\/p>\n<p><img loading=\"lazy\" decoding=\"async\" class=\"aligncenter size-medium wp-image-9982\" src=\"https:\/\/blog.myvideomedia.com\/wp-content\/uploads\/2015\/12\/Ho_chi_minh_20151112_161327-600x338.jpg\" alt=\"Ho Chi Minh Haus - Hanoi\" width=\"600\" height=\"338\" srcset=\"https:\/\/blog.myvideomedia.com\/wp-content\/uploads\/2015\/12\/Ho_chi_minh_20151112_161327-600x338.jpg 600w, https:\/\/blog.myvideomedia.com\/wp-content\/uploads\/2015\/12\/Ho_chi_minh_20151112_161327-768x432.jpg 768w, https:\/\/blog.myvideomedia.com\/wp-content\/uploads\/2015\/12\/Ho_chi_minh_20151112_161327-1260x709.jpg 1260w, https:\/\/blog.myvideomedia.com\/wp-content\/uploads\/2015\/12\/Ho_chi_minh_20151112_161327.jpg 1304w\" sizes=\"auto, (max-width: 600px) 100vw, 600px\" \/><\/p>\n<p>Transparente Glasw\u00e4nde geben \u00fcberall von au\u00dfen Einblick. Im Erdgeschoss ist ein Konferenzraum eingerichtet.<\/p>\n<p>Im ersten Stock liegen der Wohn- und Schlafbereich, sowie ein kleines B\u00fcro.<\/p>\n<p><img loading=\"lazy\" decoding=\"async\" class=\"aligncenter size-medium wp-image-9984\" src=\"https:\/\/blog.myvideomedia.com\/wp-content\/uploads\/2015\/12\/Ho_chi_minh_20151112_160839-600x338.jpg\" alt=\"Ho Chi Minh Haus - Hanoi\" width=\"600\" height=\"338\" srcset=\"https:\/\/blog.myvideomedia.com\/wp-content\/uploads\/2015\/12\/Ho_chi_minh_20151112_160839-600x338.jpg 600w, https:\/\/blog.myvideomedia.com\/wp-content\/uploads\/2015\/12\/Ho_chi_minh_20151112_160839-768x432.jpg 768w, https:\/\/blog.myvideomedia.com\/wp-content\/uploads\/2015\/12\/Ho_chi_minh_20151112_160839-1260x709.jpg 1260w, https:\/\/blog.myvideomedia.com\/wp-content\/uploads\/2015\/12\/Ho_chi_minh_20151112_160839.jpg 1304w\" sizes=\"auto, (max-width: 600px) 100vw, 600px\" \/><\/p>\n<p>Neben dem Geb\u00e4ude gibt es noch einen kleinen Pavillon der als G\u00e4steunterkunft diente. Auch hier wird durch die Fenster \u00fcberall ein Einblick gew\u00e4hrt.<\/p>\n<h2><span class=\"ez-toc-section\" id=\"Ho_Chi_Minh_Mausoleum\"><\/span>Ho Ch\u00ed Minh Mausoleum<span class=\"ez-toc-section-end\"><\/span><\/h2>\n<p>Am Rand eines gro\u00dfen Exerzierplatzes (Quang truong Ba Dinh) wurde f\u00fcr Ho Chi Minh ein Mausoleum im Stil vom Stalin Mausoleum am Roten Platz in Moskau errichtet.<\/p>\n<p>Es widerspricht seinem letzten Willen, da er verbrannt werden wollte und seine Asche \u00fcber Vietnam verteilt werden sollte.<\/p>\n<p><img loading=\"lazy\" decoding=\"async\" class=\"aligncenter size-medium wp-image-9976\" src=\"https:\/\/blog.myvideomedia.com\/wp-content\/uploads\/2015\/12\/Ho_Chi_Minh_20151112_143633-600x338.jpg\" alt=\"Ho Chi Minh Mausoleum - Hanoi\" width=\"600\" height=\"338\" srcset=\"https:\/\/blog.myvideomedia.com\/wp-content\/uploads\/2015\/12\/Ho_Chi_Minh_20151112_143633-600x338.jpg 600w, https:\/\/blog.myvideomedia.com\/wp-content\/uploads\/2015\/12\/Ho_Chi_Minh_20151112_143633-768x432.jpg 768w, https:\/\/blog.myvideomedia.com\/wp-content\/uploads\/2015\/12\/Ho_Chi_Minh_20151112_143633-1260x709.jpg 1260w, https:\/\/blog.myvideomedia.com\/wp-content\/uploads\/2015\/12\/Ho_Chi_Minh_20151112_143633.jpg 1304w\" sizes=\"auto, (max-width: 600px) 100vw, 600px\" \/><\/p>\n<h2><span class=\"ez-toc-section\" id=\"Ho_Chi_Minh_Museum\"><\/span>Ho Ch\u00ed Minh Museum<span class=\"ez-toc-section-end\"><\/span><\/h2>\n<p>Nicht weit entfernt hat man Ho Chi Minh zu Ehren ein kolossales Museum errichtet.<\/p>\n<p><img loading=\"lazy\" decoding=\"async\" class=\"aligncenter size-medium wp-image-9986\" src=\"https:\/\/blog.myvideomedia.com\/wp-content\/uploads\/2015\/12\/Ho_chi_minh_20151112_143955-600x338.jpg\" alt=\"Ho Chi Minh Museum\" width=\"600\" height=\"338\" srcset=\"https:\/\/blog.myvideomedia.com\/wp-content\/uploads\/2015\/12\/Ho_chi_minh_20151112_143955-600x338.jpg 600w, https:\/\/blog.myvideomedia.com\/wp-content\/uploads\/2015\/12\/Ho_chi_minh_20151112_143955-768x432.jpg 768w, https:\/\/blog.myvideomedia.com\/wp-content\/uploads\/2015\/12\/Ho_chi_minh_20151112_143955-1260x709.jpg 1260w, https:\/\/blog.myvideomedia.com\/wp-content\/uploads\/2015\/12\/Ho_chi_minh_20151112_143955.jpg 1304w\" sizes=\"auto, (max-width: 600px) 100vw, 600px\" \/><\/p>\n<p>Neben symbolischen Darstellungen von Stationen seines Lebens, wie z.B. sein Elternhaus findet man hier umfangreiche Schriftst\u00fccke \u00fcber sein Wirken.<\/p>\n<p>Zeitungsausschnitte und Originaldokumente, sowie umfangreiches Bildmaterial.<\/p>\n<p><img loading=\"lazy\" decoding=\"async\" class=\"aligncenter size-medium wp-image-9988\" src=\"https:\/\/blog.myvideomedia.com\/wp-content\/uploads\/2015\/12\/Ho_chi_minh_20151112_145323-600x338.jpg\" alt=\"Schreibtisch von Ho Chi Minhs Vater\" width=\"600\" height=\"338\" srcset=\"https:\/\/blog.myvideomedia.com\/wp-content\/uploads\/2015\/12\/Ho_chi_minh_20151112_145323-600x338.jpg 600w, https:\/\/blog.myvideomedia.com\/wp-content\/uploads\/2015\/12\/Ho_chi_minh_20151112_145323-768x432.jpg 768w, https:\/\/blog.myvideomedia.com\/wp-content\/uploads\/2015\/12\/Ho_chi_minh_20151112_145323-1260x709.jpg 1260w, https:\/\/blog.myvideomedia.com\/wp-content\/uploads\/2015\/12\/Ho_chi_minh_20151112_145323.jpg 1304w\" sizes=\"auto, (max-width: 600px) 100vw, 600px\" \/><\/p>\n<p>Sehenswert sind aber vor allem Originalfilme, die auf Bildschirmen ausgestrahlt werden.<\/p>\n<h2><span class=\"ez-toc-section\" id=\"Einsaeulenpagode\"><\/span>Eins\u00e4ulenpagode<span class=\"ez-toc-section-end\"><\/span><\/h2>\n<p>Neben dem Museum ist ein kleiner Tempel zu finden, die Eins\u00e4ulenpagode (Ch\u00f9a M\u1ed9t C\u1ed9t). Sie ist eine der \u00e4ltesten Pagoden von Hanoi\u00a0und ein Wahrzeichen der Stadt.<\/p>\n<p><img loading=\"lazy\" decoding=\"async\" class=\"aligncenter size-medium wp-image-9974\" src=\"https:\/\/blog.myvideomedia.com\/wp-content\/uploads\/2015\/12\/Ho_chi_Minh_Vietnam-13-600x338.jpg\" alt=\"Eins\u00e4ulenpagode Hanoi\" width=\"600\" height=\"338\" srcset=\"https:\/\/blog.myvideomedia.com\/wp-content\/uploads\/2015\/12\/Ho_chi_Minh_Vietnam-13-600x338.jpg 600w, https:\/\/blog.myvideomedia.com\/wp-content\/uploads\/2015\/12\/Ho_chi_Minh_Vietnam-13-768x432.jpg 768w, https:\/\/blog.myvideomedia.com\/wp-content\/uploads\/2015\/12\/Ho_chi_Minh_Vietnam-13-1260x709.jpg 1260w, https:\/\/blog.myvideomedia.com\/wp-content\/uploads\/2015\/12\/Ho_chi_Minh_Vietnam-13.jpg 1304w\" sizes=\"auto, (max-width: 600px) 100vw, 600px\" \/><\/p>\n<p>Sie wurde 1049 von K\u00f6nig Ly Thai Tong errichtet und stand urspr\u00fcnglich auf einem Pfahl, der aber 1954 nicht mehr zu retten war und durch eine Betons\u00e4ule ersetzt wurde.<\/p>\n<p>Bitte lesen Sie weiter &gt; <a href=\"https:\/\/blog.myvideomedia.com\/de\/literaturtempel-hanoi\/\">Literaturtempel in Hanoi<\/a><\/p>\n<h3 style=\"text-align: center;\"><span class=\"ez-toc-section\" id=\"Pin_it_%E2%80%93_fuer_spaeter_merken\"><\/span>Pin it &#8211; f\u00fcr sp\u00e4ter merken<span class=\"ez-toc-section-end\"><\/span><\/h3>\n<p><img loading=\"lazy\" decoding=\"async\" class=\"aligncenter size-medium wp-image-17305\" src=\"https:\/\/blog.myvideomedia.com\/wp-content\/uploads\/2015\/12\/Auf-den-Spuren-von-Ho-Chi-Minh-c-400x600.jpg\" alt=\"Auf den Spuren von Ho Chi Minh \" width=\"400\" height=\"600\" srcset=\"https:\/\/blog.myvideomedia.com\/wp-content\/uploads\/2015\/12\/Auf-den-Spuren-von-Ho-Chi-Minh-c-400x600.jpg 400w, https:\/\/blog.myvideomedia.com\/wp-content\/uploads\/2015\/12\/Auf-den-Spuren-von-Ho-Chi-Minh-c.jpg 735w\" sizes=\"auto, (max-width: 400px) 100vw, 400px\" \/><\/p>\n<p>Text, Fotos und Video: Copyright \u00a9 <a title=\"Videoproduktion\" href=\"https:\/\/www.myvideomedia.com\/de\" target=\"_blank\" rel=\"noopener noreferrer\">myVideoMedia<\/a><\/p>\n","protected":false},"excerpt":{"rendered":"<p>Ho Ch\u00ed Minh wurde am 19. Mai 1890 als Sohn eines Lehrers in \u00e4rmlichen Verh\u00e4ltnissen geboren. Doch schon in fr\u00fchester Jugend entwickelte er eine Abneigung gegen die franz\u00f6sischen Kolonialherren. Eine Bauerndemonstration in Hue, die er als Dolmetscher begleitete, endete im Kugelhagel der franz\u00f6sischen Soldaten. Als Aufr\u00fchrer wurde er von der Schule verwiesen und ging nach [&hellip;]<\/p>\n","protected":false},"author":1,"featured_media":9986,"comment_status":"closed","ping_status":"closed","sticky":false,"template":"","format":"standard","meta":{"_genesis_hide_title":false,"_genesis_hide_breadcrumbs":false,"_genesis_hide_singular_image":false,"_genesis_hide_footer_widgets":false,"_genesis_custom_body_class":"","_genesis_custom_post_class":"","_genesis_layout":"","footnotes":""},"categories":[488,686,684],"tags":[1532,747,467,448],"class_list":{"0":"post-9995","1":"post","2":"type-post","3":"status-publish","4":"format-standard","5":"has-post-thumbnail","7":"category-asien","8":"category-hanoi-de","9":"category-vietnam-de","10":"tag-geschichte-de","11":"tag-ho-chi-minh-de","12":"tag-museum-de","13":"tag-sehenswuerdigkeit","14":"entry"},"yoast_head":"<!-- This site is optimized with the Yoast SEO plugin v27.4 - https:\/\/yoast.com\/product\/yoast-seo-wordpress\/ -->\n<title>Auf den Spuren von Ho Chi Minh in Hanoi - Vietnam - Reise Video Blog<\/title>\n<meta name=\"description\" content=\"Ho Chi Minh&#039;s beharrliches weitsichtiges Engagement f\u00fcr sein Land und seine pers\u00f6nliche Bescheidenheit f\u00fchrte zu einer breiten Beliebtheit beim Volk.\" \/>\n<meta name=\"robots\" content=\"index, follow, max-snippet:-1, max-image-preview:large, max-video-preview:-1\" \/>\n<link rel=\"canonical\" href=\"https:\/\/blog.myvideomedia.com\/de\/spuren-von-ho-chi-minh-hanoi\/\" \/>\n<meta property=\"og:locale\" content=\"de_DE\" \/>\n<meta property=\"og:type\" content=\"article\" \/>\n<meta property=\"og:title\" content=\"Auf den Spuren von Ho Chi Minh in Hanoi - Vietnam - Reise Video Blog\" \/>\n<meta property=\"og:description\" content=\"Ho Chi Minh&#039;s beharrliches weitsichtiges Engagement f\u00fcr sein Land und seine pers\u00f6nliche Bescheidenheit f\u00fchrte zu einer breiten Beliebtheit beim Volk.\" \/>\n<meta property=\"og:url\" content=\"https:\/\/blog.myvideomedia.com\/de\/spuren-von-ho-chi-minh-hanoi\/\" \/>\n<meta property=\"og:site_name\" content=\"Reise Video Blog\" \/>\n<meta property=\"article:publisher\" content=\"https:\/\/www.facebook.com\/ursula.streit.520\" \/>\n<meta property=\"article:author\" content=\"https:\/\/www.facebook.com\/ursula.streit.520\" \/>\n<meta property=\"article:published_time\" content=\"2015-12-31T10:07:14+00:00\" \/>\n<meta property=\"article:modified_time\" content=\"2019-05-12T08:31:04+00:00\" \/>\n<meta property=\"og:image\" content=\"https:\/\/blog.myvideomedia.com\/wp-content\/uploads\/2015\/12\/Ho_chi_minh_20151112_143955.jpg\" \/>\n\t<meta property=\"og:image:width\" content=\"1304\" \/>\n\t<meta property=\"og:image:height\" content=\"734\" \/>\n\t<meta property=\"og:image:type\" content=\"image\/jpeg\" \/>\n<meta name=\"author\" content=\"myVideoMedia\" \/>\n<meta name=\"twitter:card\" content=\"summary_large_image\" \/>\n<meta name=\"twitter:creator\" content=\"@myvideomedia\" \/>\n<meta name=\"twitter:site\" content=\"@myvideomedia\" \/>\n<meta name=\"twitter:label1\" content=\"Verfasst von\" \/>\n\t<meta name=\"twitter:data1\" content=\"myVideoMedia\" \/>\n\t<meta name=\"twitter:label2\" content=\"Gesch\u00e4tzte Lesezeit\" \/>\n\t<meta name=\"twitter:data2\" content=\"4\u00a0Minuten\" \/>\n<script type=\"application\/ld+json\" class=\"yoast-schema-graph\">{\"@context\":\"https:\\\/\\\/schema.org\",\"@graph\":[{\"@type\":\"Article\",\"@id\":\"https:\\\/\\\/blog.myvideomedia.com\\\/de\\\/spuren-von-ho-chi-minh-hanoi\\\/#article\",\"isPartOf\":{\"@id\":\"https:\\\/\\\/blog.myvideomedia.com\\\/de\\\/spuren-von-ho-chi-minh-hanoi\\\/\"},\"author\":{\"name\":\"myVideoMedia\",\"@id\":\"https:\\\/\\\/blog.myvideomedia.com\\\/de\\\/#\\\/schema\\\/person\\\/87be8fbbed69b1562242448c1c3dcbec\"},\"headline\":\"Auf den Spuren von Ho Chi Minh in Hanoi\",\"datePublished\":\"2015-12-31T10:07:14+00:00\",\"dateModified\":\"2019-05-12T08:31:04+00:00\",\"mainEntityOfPage\":{\"@id\":\"https:\\\/\\\/blog.myvideomedia.com\\\/de\\\/spuren-von-ho-chi-minh-hanoi\\\/\"},\"wordCount\":809,\"publisher\":{\"@id\":\"https:\\\/\\\/blog.myvideomedia.com\\\/de\\\/#\\\/schema\\\/person\\\/87be8fbbed69b1562242448c1c3dcbec\"},\"image\":{\"@id\":\"https:\\\/\\\/blog.myvideomedia.com\\\/de\\\/spuren-von-ho-chi-minh-hanoi\\\/#primaryimage\"},\"thumbnailUrl\":\"https:\\\/\\\/blog.myvideomedia.com\\\/wp-content\\\/uploads\\\/2015\\\/12\\\/Ho_chi_minh_20151112_143955.jpg\",\"keywords\":[\"Geschichte\",\"Ho Chi Minh\",\"Museum\",\"Sehensw\u00fcrdigkeit\"],\"articleSection\":[\"Asien\",\"Hanoi\",\"Vietnam\"],\"inLanguage\":\"de\"},{\"@type\":\"WebPage\",\"@id\":\"https:\\\/\\\/blog.myvideomedia.com\\\/de\\\/spuren-von-ho-chi-minh-hanoi\\\/\",\"url\":\"https:\\\/\\\/blog.myvideomedia.com\\\/de\\\/spuren-von-ho-chi-minh-hanoi\\\/\",\"name\":\"Auf den Spuren von Ho Chi Minh in Hanoi - Vietnam - Reise Video Blog\",\"isPartOf\":{\"@id\":\"https:\\\/\\\/blog.myvideomedia.com\\\/de\\\/#website\"},\"primaryImageOfPage\":{\"@id\":\"https:\\\/\\\/blog.myvideomedia.com\\\/de\\\/spuren-von-ho-chi-minh-hanoi\\\/#primaryimage\"},\"image\":{\"@id\":\"https:\\\/\\\/blog.myvideomedia.com\\\/de\\\/spuren-von-ho-chi-minh-hanoi\\\/#primaryimage\"},\"thumbnailUrl\":\"https:\\\/\\\/blog.myvideomedia.com\\\/wp-content\\\/uploads\\\/2015\\\/12\\\/Ho_chi_minh_20151112_143955.jpg\",\"datePublished\":\"2015-12-31T10:07:14+00:00\",\"dateModified\":\"2019-05-12T08:31:04+00:00\",\"description\":\"Ho Chi Minh's beharrliches weitsichtiges Engagement f\u00fcr sein Land und seine pers\u00f6nliche Bescheidenheit f\u00fchrte zu einer breiten Beliebtheit beim Volk.\",\"breadcrumb\":{\"@id\":\"https:\\\/\\\/blog.myvideomedia.com\\\/de\\\/spuren-von-ho-chi-minh-hanoi\\\/#breadcrumb\"},\"inLanguage\":\"de\",\"potentialAction\":[{\"@type\":\"ReadAction\",\"target\":[\"https:\\\/\\\/blog.myvideomedia.com\\\/de\\\/spuren-von-ho-chi-minh-hanoi\\\/\"]}]},{\"@type\":\"ImageObject\",\"inLanguage\":\"de\",\"@id\":\"https:\\\/\\\/blog.myvideomedia.com\\\/de\\\/spuren-von-ho-chi-minh-hanoi\\\/#primaryimage\",\"url\":\"https:\\\/\\\/blog.myvideomedia.com\\\/wp-content\\\/uploads\\\/2015\\\/12\\\/Ho_chi_minh_20151112_143955.jpg\",\"contentUrl\":\"https:\\\/\\\/blog.myvideomedia.com\\\/wp-content\\\/uploads\\\/2015\\\/12\\\/Ho_chi_minh_20151112_143955.jpg\",\"width\":1304,\"height\":734,\"caption\":\"Ho Chi Minh Museum\"},{\"@type\":\"BreadcrumbList\",\"@id\":\"https:\\\/\\\/blog.myvideomedia.com\\\/de\\\/spuren-von-ho-chi-minh-hanoi\\\/#breadcrumb\",\"itemListElement\":[{\"@type\":\"ListItem\",\"position\":1,\"name\":\"Home\",\"item\":\"https:\\\/\\\/blog.myvideomedia.com\\\/de\\\/\"},{\"@type\":\"ListItem\",\"position\":2,\"name\":\"Auf den Spuren von Ho Chi Minh in Hanoi\"}]},{\"@type\":\"WebSite\",\"@id\":\"https:\\\/\\\/blog.myvideomedia.com\\\/de\\\/#website\",\"url\":\"https:\\\/\\\/blog.myvideomedia.com\\\/de\\\/\",\"name\":\"Travel Video Blog\",\"description\":\"myVideoMedia Reisetipps und Reisevideos\",\"publisher\":{\"@id\":\"https:\\\/\\\/blog.myvideomedia.com\\\/de\\\/#\\\/schema\\\/person\\\/87be8fbbed69b1562242448c1c3dcbec\"},\"potentialAction\":[{\"@type\":\"SearchAction\",\"target\":{\"@type\":\"EntryPoint\",\"urlTemplate\":\"https:\\\/\\\/blog.myvideomedia.com\\\/de\\\/?s={search_term_string}\"},\"query-input\":{\"@type\":\"PropertyValueSpecification\",\"valueRequired\":true,\"valueName\":\"search_term_string\"}}],\"inLanguage\":\"de\"},{\"@type\":[\"Person\",\"Organization\"],\"@id\":\"https:\\\/\\\/blog.myvideomedia.com\\\/de\\\/#\\\/schema\\\/person\\\/87be8fbbed69b1562242448c1c3dcbec\",\"name\":\"myVideoMedia\",\"image\":{\"@type\":\"ImageObject\",\"inLanguage\":\"de\",\"@id\":\"https:\\\/\\\/secure.gravatar.com\\\/avatar\\\/460720160715ef8975b781abd1b6985e55ce2f01567bb6757bebd73e7cf74c97?s=96&d=mm&r=g\",\"url\":\"https:\\\/\\\/secure.gravatar.com\\\/avatar\\\/460720160715ef8975b781abd1b6985e55ce2f01567bb6757bebd73e7cf74c97?s=96&d=mm&r=g\",\"contentUrl\":\"https:\\\/\\\/secure.gravatar.com\\\/avatar\\\/460720160715ef8975b781abd1b6985e55ce2f01567bb6757bebd73e7cf74c97?s=96&d=mm&r=g\",\"caption\":\"myVideoMedia\"},\"logo\":{\"@id\":\"https:\\\/\\\/secure.gravatar.com\\\/avatar\\\/460720160715ef8975b781abd1b6985e55ce2f01567bb6757bebd73e7cf74c97?s=96&d=mm&r=g\"},\"description\":\"\\\"The World is a book, and those who do not travel read only a page\\\" - Aurelius Augustinus (354 - 430 AD) Travel is our passion. With our posts and videos we like to inspire people who are planning or preparing for holidays as well as people who simply want to escape from everyday life and dream of faraway countries.\",\"sameAs\":[\"https:\\\/\\\/www.myvideomedia.com\",\"https:\\\/\\\/www.facebook.com\\\/ursula.streit.520\"],\"url\":\"https:\\\/\\\/blog.myvideomedia.com\\\/de\\\/author\\\/traveladm\\\/\"}]}<\/script>\n<!-- \/ Yoast SEO plugin. -->","yoast_head_json":{"title":"Auf den Spuren von Ho Chi Minh in Hanoi - Vietnam - Reise Video Blog","description":"Ho Chi Minh's beharrliches weitsichtiges Engagement f\u00fcr sein Land und seine pers\u00f6nliche Bescheidenheit f\u00fchrte zu einer breiten Beliebtheit beim Volk.","robots":{"index":"index","follow":"follow","max-snippet":"max-snippet:-1","max-image-preview":"max-image-preview:large","max-video-preview":"max-video-preview:-1"},"canonical":"https:\/\/blog.myvideomedia.com\/de\/spuren-von-ho-chi-minh-hanoi\/","og_locale":"de_DE","og_type":"article","og_title":"Auf den Spuren von Ho Chi Minh in Hanoi - Vietnam - Reise Video Blog","og_description":"Ho Chi Minh's beharrliches weitsichtiges Engagement f\u00fcr sein Land und seine pers\u00f6nliche Bescheidenheit f\u00fchrte zu einer breiten Beliebtheit beim Volk.","og_url":"https:\/\/blog.myvideomedia.com\/de\/spuren-von-ho-chi-minh-hanoi\/","og_site_name":"Reise Video Blog","article_publisher":"https:\/\/www.facebook.com\/ursula.streit.520","article_author":"https:\/\/www.facebook.com\/ursula.streit.520","article_published_time":"2015-12-31T10:07:14+00:00","article_modified_time":"2019-05-12T08:31:04+00:00","og_image":[{"width":1304,"height":734,"url":"https:\/\/blog.myvideomedia.com\/wp-content\/uploads\/2015\/12\/Ho_chi_minh_20151112_143955.jpg","type":"image\/jpeg"}],"author":"myVideoMedia","twitter_card":"summary_large_image","twitter_creator":"@myvideomedia","twitter_site":"@myvideomedia","twitter_misc":{"Verfasst von":"myVideoMedia","Gesch\u00e4tzte Lesezeit":"4\u00a0Minuten"},"schema":{"@context":"https:\/\/schema.org","@graph":[{"@type":"Article","@id":"https:\/\/blog.myvideomedia.com\/de\/spuren-von-ho-chi-minh-hanoi\/#article","isPartOf":{"@id":"https:\/\/blog.myvideomedia.com\/de\/spuren-von-ho-chi-minh-hanoi\/"},"author":{"name":"myVideoMedia","@id":"https:\/\/blog.myvideomedia.com\/de\/#\/schema\/person\/87be8fbbed69b1562242448c1c3dcbec"},"headline":"Auf den Spuren von Ho Chi Minh in Hanoi","datePublished":"2015-12-31T10:07:14+00:00","dateModified":"2019-05-12T08:31:04+00:00","mainEntityOfPage":{"@id":"https:\/\/blog.myvideomedia.com\/de\/spuren-von-ho-chi-minh-hanoi\/"},"wordCount":809,"publisher":{"@id":"https:\/\/blog.myvideomedia.com\/de\/#\/schema\/person\/87be8fbbed69b1562242448c1c3dcbec"},"image":{"@id":"https:\/\/blog.myvideomedia.com\/de\/spuren-von-ho-chi-minh-hanoi\/#primaryimage"},"thumbnailUrl":"https:\/\/blog.myvideomedia.com\/wp-content\/uploads\/2015\/12\/Ho_chi_minh_20151112_143955.jpg","keywords":["Geschichte","Ho Chi Minh","Museum","Sehensw\u00fcrdigkeit"],"articleSection":["Asien","Hanoi","Vietnam"],"inLanguage":"de"},{"@type":"WebPage","@id":"https:\/\/blog.myvideomedia.com\/de\/spuren-von-ho-chi-minh-hanoi\/","url":"https:\/\/blog.myvideomedia.com\/de\/spuren-von-ho-chi-minh-hanoi\/","name":"Auf den Spuren von Ho Chi Minh in Hanoi - Vietnam - Reise Video Blog","isPartOf":{"@id":"https:\/\/blog.myvideomedia.com\/de\/#website"},"primaryImageOfPage":{"@id":"https:\/\/blog.myvideomedia.com\/de\/spuren-von-ho-chi-minh-hanoi\/#primaryimage"},"image":{"@id":"https:\/\/blog.myvideomedia.com\/de\/spuren-von-ho-chi-minh-hanoi\/#primaryimage"},"thumbnailUrl":"https:\/\/blog.myvideomedia.com\/wp-content\/uploads\/2015\/12\/Ho_chi_minh_20151112_143955.jpg","datePublished":"2015-12-31T10:07:14+00:00","dateModified":"2019-05-12T08:31:04+00:00","description":"Ho Chi Minh's beharrliches weitsichtiges Engagement f\u00fcr sein Land und seine pers\u00f6nliche Bescheidenheit f\u00fchrte zu einer breiten Beliebtheit beim Volk.","breadcrumb":{"@id":"https:\/\/blog.myvideomedia.com\/de\/spuren-von-ho-chi-minh-hanoi\/#breadcrumb"},"inLanguage":"de","potentialAction":[{"@type":"ReadAction","target":["https:\/\/blog.myvideomedia.com\/de\/spuren-von-ho-chi-minh-hanoi\/"]}]},{"@type":"ImageObject","inLanguage":"de","@id":"https:\/\/blog.myvideomedia.com\/de\/spuren-von-ho-chi-minh-hanoi\/#primaryimage","url":"https:\/\/blog.myvideomedia.com\/wp-content\/uploads\/2015\/12\/Ho_chi_minh_20151112_143955.jpg","contentUrl":"https:\/\/blog.myvideomedia.com\/wp-content\/uploads\/2015\/12\/Ho_chi_minh_20151112_143955.jpg","width":1304,"height":734,"caption":"Ho Chi Minh Museum"},{"@type":"BreadcrumbList","@id":"https:\/\/blog.myvideomedia.com\/de\/spuren-von-ho-chi-minh-hanoi\/#breadcrumb","itemListElement":[{"@type":"ListItem","position":1,"name":"Home","item":"https:\/\/blog.myvideomedia.com\/de\/"},{"@type":"ListItem","position":2,"name":"Auf den Spuren von Ho Chi Minh in Hanoi"}]},{"@type":"WebSite","@id":"https:\/\/blog.myvideomedia.com\/de\/#website","url":"https:\/\/blog.myvideomedia.com\/de\/","name":"Travel Video Blog","description":"myVideoMedia Reisetipps und Reisevideos","publisher":{"@id":"https:\/\/blog.myvideomedia.com\/de\/#\/schema\/person\/87be8fbbed69b1562242448c1c3dcbec"},"potentialAction":[{"@type":"SearchAction","target":{"@type":"EntryPoint","urlTemplate":"https:\/\/blog.myvideomedia.com\/de\/?s={search_term_string}"},"query-input":{"@type":"PropertyValueSpecification","valueRequired":true,"valueName":"search_term_string"}}],"inLanguage":"de"},{"@type":["Person","Organization"],"@id":"https:\/\/blog.myvideomedia.com\/de\/#\/schema\/person\/87be8fbbed69b1562242448c1c3dcbec","name":"myVideoMedia","image":{"@type":"ImageObject","inLanguage":"de","@id":"https:\/\/secure.gravatar.com\/avatar\/460720160715ef8975b781abd1b6985e55ce2f01567bb6757bebd73e7cf74c97?s=96&d=mm&r=g","url":"https:\/\/secure.gravatar.com\/avatar\/460720160715ef8975b781abd1b6985e55ce2f01567bb6757bebd73e7cf74c97?s=96&d=mm&r=g","contentUrl":"https:\/\/secure.gravatar.com\/avatar\/460720160715ef8975b781abd1b6985e55ce2f01567bb6757bebd73e7cf74c97?s=96&d=mm&r=g","caption":"myVideoMedia"},"logo":{"@id":"https:\/\/secure.gravatar.com\/avatar\/460720160715ef8975b781abd1b6985e55ce2f01567bb6757bebd73e7cf74c97?s=96&d=mm&r=g"},"description":"\"The World is a book, and those who do not travel read only a page\" - Aurelius Augustinus (354 - 430 AD) Travel is our passion. With our posts and videos we like to inspire people who are planning or preparing for holidays as well as people who simply want to escape from everyday life and dream of faraway countries.","sameAs":["https:\/\/www.myvideomedia.com","https:\/\/www.facebook.com\/ursula.streit.520"],"url":"https:\/\/blog.myvideomedia.com\/de\/author\/traveladm\/"}]}},"featured_image_src":"https:\/\/blog.myvideomedia.com\/wp-content\/uploads\/2015\/12\/Ho_chi_minh_20151112_143955.jpg","featured_image_src_square":"https:\/\/blog.myvideomedia.com\/wp-content\/uploads\/2015\/12\/Ho_chi_minh_20151112_143955.jpg","author_info":{"display_name":"myVideoMedia","author_link":"https:\/\/blog.myvideomedia.com\/de\/author\/traveladm\/"},"_links":{"self":[{"href":"https:\/\/blog.myvideomedia.com\/de\/wp-json\/wp\/v2\/posts\/9995","targetHints":{"allow":["GET"]}}],"collection":[{"href":"https:\/\/blog.myvideomedia.com\/de\/wp-json\/wp\/v2\/posts"}],"about":[{"href":"https:\/\/blog.myvideomedia.com\/de\/wp-json\/wp\/v2\/types\/post"}],"author":[{"embeddable":true,"href":"https:\/\/blog.myvideomedia.com\/de\/wp-json\/wp\/v2\/users\/1"}],"replies":[{"embeddable":true,"href":"https:\/\/blog.myvideomedia.com\/de\/wp-json\/wp\/v2\/comments?post=9995"}],"version-history":[{"count":0,"href":"https:\/\/blog.myvideomedia.com\/de\/wp-json\/wp\/v2\/posts\/9995\/revisions"}],"wp:featuredmedia":[{"embeddable":true,"href":"https:\/\/blog.myvideomedia.com\/de\/wp-json\/wp\/v2\/media\/9986"}],"wp:attachment":[{"href":"https:\/\/blog.myvideomedia.com\/de\/wp-json\/wp\/v2\/media?parent=9995"}],"wp:term":[{"taxonomy":"category","embeddable":true,"href":"https:\/\/blog.myvideomedia.com\/de\/wp-json\/wp\/v2\/categories?post=9995"},{"taxonomy":"post_tag","embeddable":true,"href":"https:\/\/blog.myvideomedia.com\/de\/wp-json\/wp\/v2\/tags?post=9995"}],"curies":[{"name":"wp","href":"https:\/\/api.w.org\/{rel}","templated":true}]}}